{"id":645,"date":"2025-03-03T21:33:00","date_gmt":"2025-03-04T03:33:00","guid":{"rendered":"https:\/\/creston.com.mx\/?p=645"},"modified":"2025-03-04T22:36:19","modified_gmt":"2025-03-05T04:36:19","slug":"no-soy-el-candidato-del-gobernador-sma","status":"publish","type":"post","link":"https:\/\/creston.com.mx\/index.php\/03\/no-soy-el-candidato-del-gobernador-sma\/politica\/2025\/","title":{"rendered":"No soy el candidato del gobernador: SMA"},"content":{"rendered":"\n<p>.<\/p>\n\n\n\n<p class=\"has-medium-font-size\"><strong><em>Apoy\u00e9 la Ley Antinepotismo, no tengo problemas, seguir\u00e9 trabajando por Zacatecas, expres\u00f3 el Senador de la Rep\u00fablica.<\/em><\/strong><\/p>\n\n\n\n<p>.<\/p>\n\n\n\n<p>\u201cYo no soy el candidato del gobernador, \u00e9l tiene una candidata\u201d, pero no tengo problema, si la Ley Antinepotismo sufre cambios por parte de los diputados federales para que sea aplicada en el 2027 no tengo problemas, nosotros seguiremos trabajando. \u201cEn pol\u00edtica hay que estar preparado para ser, pero, m\u00e1s para no ser, lo tengo claro\u201d.<\/p>\n\n\n\n<p>\u201cClaro que aspiro a gobernar a Zacatecas, pero, insisto, si la reforma a la Ley Antinepotismo, que falta sea aprobada por la C\u00e1mara de Diputados sufre cambios y no me permite buscar la candidatura para el 2027, voy a respetar la decisi\u00f3n, lo mejor es esperar los tiempos, igual y hay alguna sorpresa\u201d, expres\u00f3.<\/p>\n\n\n\n<p>Sobre los pronunciamientos que han emitido el gobernador David Monreal y el diputado federal Ricardo Monreal, de que no es correcto de que participe, que no se ve bien que un familiar directo busque ser candidato en el 2027, Sa\u00fal Monreal \u00c1vila fue enf\u00e1tico en se\u00f1alar que respeta las opiniones de sus hermanos, \u201cyo tengo mi propia opini\u00f3n al respecto, porque como dec\u00eda Reyes Heroles, el que respira, aspira y el que no aspira, entonces, expira y yo no quiero eso para\u201d.<\/p>\n\n\n\n<p>\u201cNo es la primera vez, ni ser\u00e1 la \u00faltima que seamos atacados como familia, lo que alguna gente no entiende, es que, somos una familia pol\u00edtica no de ahora, sino desde hace varias d\u00e9cadas, muchos tenemos esa esencia heredara de nuestro padre Don Felipe Monreal, seguramente los ataques seguir\u00e1n, estamos muy acostumbrados\u201d, reconoci\u00f3 el Senador por Zacatecas.<\/p>\n\n\n\n<p>A pregunta expresa de los medios de comunicaci\u00f3n, sobre cu\u00e1l es su opini\u00f3n de la huelga y, si algunos maestros lo han buscado para que intervenga en la soluci\u00f3n, el senador Monreal dijo: \u201crespeto a quienes ahora est\u00e1n en huelga, incluso, soy acad\u00e9mico de la BUAZ, pero no, no me ha buscado ning\u00fan docente, ojal\u00e1 y ya pronto se resuelve est\u00e1 lucha que libran los docentes, porque la sociedad tambi\u00e9n lo est\u00e1 exigiendo\u201d. <\/p>\n\n\n\n<p>Finalmente, el Senador de MORENA por Zacatecas, -el m\u00e1s votado en la historia pol\u00edtica de la entidad-, dej\u00f3 muy claro: yo no soy el candidato del gobernador, \u00e9l (David) trae a una candidata, mientras tanto, esper\u00e9 los tiempos, mientras seguir\u00e1 recorriendo el estado para informar como lo compromet\u00ed\u201d.<\/p>\n","protected":false},"excerpt":{"rendered":"<p>. Apoy\u00e9 la Ley Antinepotismo, no tengo problemas, seguir\u00e9 trabajando por Zacatecas, expres\u00f3 el Senador de la Rep\u00fablica. . \u201cYo no soy el candidato del gobernador, \u00e9l tiene una candidata\u201d,&hellip; <\/p>\n","protected":false},"author":1,"featured_media":646,"comment_status":"open","ping_status":"closed","sticky":false,"template":"","format":"standard","meta":{"_jetpack_memberships_contains_paid_content":false,"footnotes":""},"categories":[2],"tags":[],"class_list":["post-645","post","type-post","status-publish","format-standard","has-post-thumbnail","hentry","category-politica"],"yoast_head":"<!-- This site is optimized with the Yoast SEO plugin v24.2 - https:\/\/yoast.com\/wordpress\/plugins\/seo\/ -->\n<title>No soy el candidato del gobernador: SMA - Peri\u00f3dico Digital de Zacatecas<\/title>\n<meta name=\"robots\" content=\"index, follow, max-snippet:-1, max-image-preview:large, max-video-preview:-1\" \/>\n<link rel=\"canonical\" href=\"https:\/\/creston.com.mx\/index.php\/03\/no-soy-el-candidato-del-gobernador-sma\/politica\/2025\/\" \/>\n<meta property=\"og:locale\" content=\"es_ES\" \/>\n<meta property=\"og:type\" content=\"article\" \/>\n<meta property=\"og:title\" content=\"No soy el candidato del gobernador: SMA - Peri\u00f3dico Digital de Zacatecas\" \/>\n<meta property=\"og:description\" content=\". Apoy\u00e9 la Ley Antinepotismo, no tengo problemas, seguir\u00e9 trabajando por Zacatecas, expres\u00f3 el Senador de la Rep\u00fablica. . \u201cYo no soy el candidato del gobernador, \u00e9l tiene una candidata\u201d,&hellip;\" \/>\n<meta property=\"og:url\" content=\"https:\/\/creston.com.mx\/index.php\/03\/no-soy-el-candidato-del-gobernador-sma\/politica\/2025\/\" \/>\n<meta property=\"og:site_name\" content=\"Peri\u00f3dico Digital de Zacatecas\" \/>\n<meta property=\"article:published_time\" content=\"2025-03-04T03:33:00+00:00\" \/>\n<meta property=\"article:modified_time\" content=\"2025-03-05T04:36:19+00:00\" \/>\n<meta property=\"og:image\" content=\"https:\/\/creston.com.mx\/wp-content\/uploads\/2025\/03\/IMG-20250303-WA0006.jpg\" \/>\n\t<meta property=\"og:image:width\" content=\"1156\" \/>\n\t<meta property=\"og:image:height\" content=\"761\" \/>\n\t<meta property=\"og:image:type\" content=\"image\/jpeg\" \/>\n<meta name=\"author\" content=\"Periodico Creston\" \/>\n<meta name=\"twitter:card\" content=\"summary_large_image\" \/>\n<meta name=\"twitter:label1\" content=\"Escrito por\" \/>\n\t<meta name=\"twitter:data1\" content=\"Periodico Creston\" \/>\n\t<meta name=\"twitter:label2\" content=\"Tiempo de lectura\" \/>\n\t<meta name=\"twitter:data2\" content=\"2 minutos\" \/>\n<script type=\"application\/ld+json\" class=\"yoast-schema-graph\">{\"@context\":\"https:\/\/schema.org\",\"@graph\":[{\"@type\":\"Article\",\"@id\":\"https:\/\/creston.com.mx\/index.php\/03\/no-soy-el-candidato-del-gobernador-sma\/politica\/2025\/#article\",\"isPartOf\":{\"@id\":\"https:\/\/creston.com.mx\/index.php\/03\/no-soy-el-candidato-del-gobernador-sma\/politica\/2025\/\"},\"author\":{\"name\":\"Periodico Creston\",\"@id\":\"https:\/\/creston.com.mx\/#\/schema\/person\/01f2ce9e289bc5300c759925ef768c1d\"},\"headline\":\"No soy el candidato del gobernador: SMA\",\"datePublished\":\"2025-03-04T03:33:00+00:00\",\"dateModified\":\"2025-03-05T04:36:19+00:00\",\"mainEntityOfPage\":{\"@id\":\"https:\/\/creston.com.mx\/index.php\/03\/no-soy-el-candidato-del-gobernador-sma\/politica\/2025\/\"},\"wordCount\":414,\"commentCount\":0,\"publisher\":{\"@id\":\"https:\/\/creston.com.mx\/#organization\"},\"image\":{\"@id\":\"https:\/\/creston.com.mx\/index.php\/03\/no-soy-el-candidato-del-gobernador-sma\/politica\/2025\/#primaryimage\"},\"thumbnailUrl\":\"https:\/\/creston.com.mx\/wp-content\/uploads\/2025\/03\/IMG-20250303-WA0006.jpg\",\"articleSection\":[\"Pol\u00edtica\"],\"inLanguage\":\"es\",\"potentialAction\":[{\"@type\":\"CommentAction\",\"name\":\"Comment\",\"target\":[\"https:\/\/creston.com.mx\/index.php\/03\/no-soy-el-candidato-del-gobernador-sma\/politica\/2025\/#respond\"]}]},{\"@type\":\"WebPage\",\"@id\":\"https:\/\/creston.com.mx\/index.php\/03\/no-soy-el-candidato-del-gobernador-sma\/politica\/2025\/\",\"url\":\"https:\/\/creston.com.mx\/index.php\/03\/no-soy-el-candidato-del-gobernador-sma\/politica\/2025\/\",\"name\":\"No soy el candidato del gobernador: SMA - Peri\u00f3dico Digital de Zacatecas\",\"isPartOf\":{\"@id\":\"https:\/\/creston.com.mx\/#website\"},\"primaryImageOfPage\":{\"@id\":\"https:\/\/creston.com.mx\/index.php\/03\/no-soy-el-candidato-del-gobernador-sma\/politica\/2025\/#primaryimage\"},\"image\":{\"@id\":\"https:\/\/creston.com.mx\/index.php\/03\/no-soy-el-candidato-del-gobernador-sma\/politica\/2025\/#primaryimage\"},\"thumbnailUrl\":\"https:\/\/creston.com.mx\/wp-content\/uploads\/2025\/03\/IMG-20250303-WA0006.jpg\",\"datePublished\":\"2025-03-04T03:33:00+00:00\",\"dateModified\":\"2025-03-05T04:36:19+00:00\",\"breadcrumb\":{\"@id\":\"https:\/\/creston.com.mx\/index.php\/03\/no-soy-el-candidato-del-gobernador-sma\/politica\/2025\/#breadcrumb\"},\"inLanguage\":\"es\",\"potentialAction\":[{\"@type\":\"ReadAction\",\"target\":[\"https:\/\/creston.com.mx\/index.php\/03\/no-soy-el-candidato-del-gobernador-sma\/politica\/2025\/\"]}]},{\"@type\":\"ImageObject\",\"inLanguage\":\"es\",\"@id\":\"https:\/\/creston.com.mx\/index.php\/03\/no-soy-el-candidato-del-gobernador-sma\/politica\/2025\/#primaryimage\",\"url\":\"https:\/\/creston.com.mx\/wp-content\/uploads\/2025\/03\/IMG-20250303-WA0006.jpg\",\"contentUrl\":\"https:\/\/creston.com.mx\/wp-content\/uploads\/2025\/03\/IMG-20250303-WA0006.jpg\",\"width\":1156,\"height\":761},{\"@type\":\"BreadcrumbList\",\"@id\":\"https:\/\/creston.com.mx\/index.php\/03\/no-soy-el-candidato-del-gobernador-sma\/politica\/2025\/#breadcrumb\",\"itemListElement\":[{\"@type\":\"ListItem\",\"position\":1,\"name\":\"Portada\",\"item\":\"https:\/\/creston.com.mx\/\"},{\"@type\":\"ListItem\",\"position\":2,\"name\":\"No soy el candidato del gobernador: SMA\"}]},{\"@type\":\"WebSite\",\"@id\":\"https:\/\/creston.com.mx\/#website\",\"url\":\"https:\/\/creston.com.mx\/\",\"name\":\"Peri\u00f3dico Digital de Zacatecas\",\"description\":\"\",\"publisher\":{\"@id\":\"https:\/\/creston.com.mx\/#organization\"},\"potentialAction\":[{\"@type\":\"SearchAction\",\"target\":{\"@type\":\"EntryPoint\",\"urlTemplate\":\"https:\/\/creston.com.mx\/?s={search_term_string}\"},\"query-input\":{\"@type\":\"PropertyValueSpecification\",\"valueRequired\":true,\"valueName\":\"search_term_string\"}}],\"inLanguage\":\"es\"},{\"@type\":\"Organization\",\"@id\":\"https:\/\/creston.com.mx\/#organization\",\"name\":\"Peri\u00f3dico Digital de Zacatecas\",\"url\":\"https:\/\/creston.com.mx\/\",\"logo\":{\"@type\":\"ImageObject\",\"inLanguage\":\"es\",\"@id\":\"https:\/\/creston.com.mx\/#\/schema\/logo\/image\/\",\"url\":\"https:\/\/creston.com.mx\/wp-content\/uploads\/2026\/02\/cropped-Logo-Creston2.jpg\",\"contentUrl\":\"https:\/\/creston.com.mx\/wp-content\/uploads\/2026\/02\/cropped-Logo-Creston2.jpg\",\"width\":503,\"height\":194,\"caption\":\"Peri\u00f3dico Digital  de Zacatecas\"},\"image\":{\"@id\":\"https:\/\/creston.com.mx\/#\/schema\/logo\/image\/\"}},{\"@type\":\"Person\",\"@id\":\"https:\/\/creston.com.mx\/#\/schema\/person\/01f2ce9e289bc5300c759925ef768c1d\",\"name\":\"Periodico Creston\",\"image\":{\"@type\":\"ImageObject\",\"inLanguage\":\"es\",\"@id\":\"https:\/\/creston.com.mx\/#\/schema\/person\/image\/\",\"url\":\"https:\/\/secure.gravatar.com\/avatar\/c91eac1cf0d45897b6d294d474aa7713a194d460be0aaf72157553d050cda1c1?s=96&d=mm&r=g\",\"contentUrl\":\"https:\/\/secure.gravatar.com\/avatar\/c91eac1cf0d45897b6d294d474aa7713a194d460be0aaf72157553d050cda1c1?s=96&d=mm&r=g\",\"caption\":\"Periodico Creston\"},\"sameAs\":[\"https:\/\/creston.com.mx\"],\"url\":\"https:\/\/creston.com.mx\/index.php\/author\/cstnalja96\/\"}]}<\/script>\n<!-- \/ Yoast SEO plugin. -->","yoast_head_json":{"title":"No soy el candidato del gobernador: SMA - Peri\u00f3dico Digital de Zacatecas","robots":{"index":"index","follow":"follow","max-snippet":"max-snippet:-1","max-image-preview":"max-image-preview:large","max-video-preview":"max-video-preview:-1"},"canonical":"https:\/\/creston.com.mx\/index.php\/03\/no-soy-el-candidato-del-gobernador-sma\/politica\/2025\/","og_locale":"es_ES","og_type":"article","og_title":"No soy el candidato del gobernador: SMA - Peri\u00f3dico Digital de Zacatecas","og_description":". Apoy\u00e9 la Ley Antinepotismo, no tengo problemas, seguir\u00e9 trabajando por Zacatecas, expres\u00f3 el Senador de la Rep\u00fablica. . \u201cYo no soy el candidato del gobernador, \u00e9l tiene una candidata\u201d,&hellip;","og_url":"https:\/\/creston.com.mx\/index.php\/03\/no-soy-el-candidato-del-gobernador-sma\/politica\/2025\/","og_site_name":"Peri\u00f3dico Digital de Zacatecas","article_published_time":"2025-03-04T03:33:00+00:00","article_modified_time":"2025-03-05T04:36:19+00:00","og_image":[{"width":1156,"height":761,"url":"https:\/\/creston.com.mx\/wp-content\/uploads\/2025\/03\/IMG-20250303-WA0006.jpg","type":"image\/jpeg"}],"author":"Periodico Creston","twitter_card":"summary_large_image","twitter_misc":{"Escrito por":"Periodico Creston","Tiempo de lectura":"2 minutos"},"schema":{"@context":"https:\/\/schema.org","@graph":[{"@type":"Article","@id":"https:\/\/creston.com.mx\/index.php\/03\/no-soy-el-candidato-del-gobernador-sma\/politica\/2025\/#article","isPartOf":{"@id":"https:\/\/creston.com.mx\/index.php\/03\/no-soy-el-candidato-del-gobernador-sma\/politica\/2025\/"},"author":{"name":"Periodico Creston","@id":"https:\/\/creston.com.mx\/#\/schema\/person\/01f2ce9e289bc5300c759925ef768c1d"},"headline":"No soy el candidato del gobernador: SMA","datePublished":"2025-03-04T03:33:00+00:00","dateModified":"2025-03-05T04:36:19+00:00","mainEntityOfPage":{"@id":"https:\/\/creston.com.mx\/index.php\/03\/no-soy-el-candidato-del-gobernador-sma\/politica\/2025\/"},"wordCount":414,"commentCount":0,"publisher":{"@id":"https:\/\/creston.com.mx\/#organization"},"image":{"@id":"https:\/\/creston.com.mx\/index.php\/03\/no-soy-el-candidato-del-gobernador-sma\/politica\/2025\/#primaryimage"},"thumbnailUrl":"https:\/\/creston.com.mx\/wp-content\/uploads\/2025\/03\/IMG-20250303-WA0006.jpg","articleSection":["Pol\u00edtica"],"inLanguage":"es","potentialAction":[{"@type":"CommentAction","name":"Comment","target":["https:\/\/creston.com.mx\/index.php\/03\/no-soy-el-candidato-del-gobernador-sma\/politica\/2025\/#respond"]}]},{"@type":"WebPage","@id":"https:\/\/creston.com.mx\/index.php\/03\/no-soy-el-candidato-del-gobernador-sma\/politica\/2025\/","url":"https:\/\/creston.com.mx\/index.php\/03\/no-soy-el-candidato-del-gobernador-sma\/politica\/2025\/","name":"No soy el candidato del gobernador: SMA - Peri\u00f3dico Digital de Zacatecas","isPartOf":{"@id":"https:\/\/creston.com.mx\/#website"},"primaryImageOfPage":{"@id":"https:\/\/creston.com.mx\/index.php\/03\/no-soy-el-candidato-del-gobernador-sma\/politica\/2025\/#primaryimage"},"image":{"@id":"https:\/\/creston.com.mx\/index.php\/03\/no-soy-el-candidato-del-gobernador-sma\/politica\/2025\/#primaryimage"},"thumbnailUrl":"https:\/\/creston.com.mx\/wp-content\/uploads\/2025\/03\/IMG-20250303-WA0006.jpg","datePublished":"2025-03-04T03:33:00+00:00","dateModified":"2025-03-05T04:36:19+00:00","breadcrumb":{"@id":"https:\/\/creston.com.mx\/index.php\/03\/no-soy-el-candidato-del-gobernador-sma\/politica\/2025\/#breadcrumb"},"inLanguage":"es","potentialAction":[{"@type":"ReadAction","target":["https:\/\/creston.com.mx\/index.php\/03\/no-soy-el-candidato-del-gobernador-sma\/politica\/2025\/"]}]},{"@type":"ImageObject","inLanguage":"es","@id":"https:\/\/creston.com.mx\/index.php\/03\/no-soy-el-candidato-del-gobernador-sma\/politica\/2025\/#primaryimage","url":"https:\/\/creston.com.mx\/wp-content\/uploads\/2025\/03\/IMG-20250303-WA0006.jpg","contentUrl":"https:\/\/creston.com.mx\/wp-content\/uploads\/2025\/03\/IMG-20250303-WA0006.jpg","width":1156,"height":761},{"@type":"BreadcrumbList","@id":"https:\/\/creston.com.mx\/index.php\/03\/no-soy-el-candidato-del-gobernador-sma\/politica\/2025\/#breadcrumb","itemListElement":[{"@type":"ListItem","position":1,"name":"Portada","item":"https:\/\/creston.com.mx\/"},{"@type":"ListItem","position":2,"name":"No soy el candidato del gobernador: SMA"}]},{"@type":"WebSite","@id":"https:\/\/creston.com.mx\/#website","url":"https:\/\/creston.com.mx\/","name":"Peri\u00f3dico Digital de Zacatecas","description":"","publisher":{"@id":"https:\/\/creston.com.mx\/#organization"},"potentialAction":[{"@type":"SearchAction","target":{"@type":"EntryPoint","urlTemplate":"https:\/\/creston.com.mx\/?s={search_term_string}"},"query-input":{"@type":"PropertyValueSpecification","valueRequired":true,"valueName":"search_term_string"}}],"inLanguage":"es"},{"@type":"Organization","@id":"https:\/\/creston.com.mx\/#organization","name":"Peri\u00f3dico Digital de Zacatecas","url":"https:\/\/creston.com.mx\/","logo":{"@type":"ImageObject","inLanguage":"es","@id":"https:\/\/creston.com.mx\/#\/schema\/logo\/image\/","url":"https:\/\/creston.com.mx\/wp-content\/uploads\/2026\/02\/cropped-Logo-Creston2.jpg","contentUrl":"https:\/\/creston.com.mx\/wp-content\/uploads\/2026\/02\/cropped-Logo-Creston2.jpg","width":503,"height":194,"caption":"Peri\u00f3dico Digital  de Zacatecas"},"image":{"@id":"https:\/\/creston.com.mx\/#\/schema\/logo\/image\/"}},{"@type":"Person","@id":"https:\/\/creston.com.mx\/#\/schema\/person\/01f2ce9e289bc5300c759925ef768c1d","name":"Periodico Creston","image":{"@type":"ImageObject","inLanguage":"es","@id":"https:\/\/creston.com.mx\/#\/schema\/person\/image\/","url":"https:\/\/secure.gravatar.com\/avatar\/c91eac1cf0d45897b6d294d474aa7713a194d460be0aaf72157553d050cda1c1?s=96&d=mm&r=g","contentUrl":"https:\/\/secure.gravatar.com\/avatar\/c91eac1cf0d45897b6d294d474aa7713a194d460be0aaf72157553d050cda1c1?s=96&d=mm&r=g","caption":"Periodico Creston"},"sameAs":["https:\/\/creston.com.mx"],"url":"https:\/\/creston.com.mx\/index.php\/author\/cstnalja96\/"}]}},"jetpack_sharing_enabled":true,"jetpack_featured_media_url":"https:\/\/creston.com.mx\/wp-content\/uploads\/2025\/03\/IMG-20250303-WA0006.jpg","_links":{"self":[{"href":"https:\/\/creston.com.mx\/index.php\/wp-json\/wp\/v2\/posts\/645","targetHints":{"allow":["GET"]}}],"collection":[{"href":"https:\/\/creston.com.mx\/index.php\/wp-json\/wp\/v2\/posts"}],"about":[{"href":"https:\/\/creston.com.mx\/index.php\/wp-json\/wp\/v2\/types\/post"}],"author":[{"embeddable":true,"href":"https:\/\/creston.com.mx\/index.php\/wp-json\/wp\/v2\/users\/1"}],"replies":[{"embeddable":true,"href":"https:\/\/creston.com.mx\/index.php\/wp-json\/wp\/v2\/comments?post=645"}],"version-history":[{"count":2,"href":"https:\/\/creston.com.mx\/index.php\/wp-json\/wp\/v2\/posts\/645\/revisions"}],"predecessor-version":[{"id":649,"href":"https:\/\/creston.com.mx\/index.php\/wp-json\/wp\/v2\/posts\/645\/revisions\/649"}],"wp:featuredmedia":[{"embeddable":true,"href":"https:\/\/creston.com.mx\/index.php\/wp-json\/wp\/v2\/media\/646"}],"wp:attachment":[{"href":"https:\/\/creston.com.mx\/index.php\/wp-json\/wp\/v2\/media?parent=645"}],"wp:term":[{"taxonomy":"category","embeddable":true,"href":"https:\/\/creston.com.mx\/index.php\/wp-json\/wp\/v2\/categories?post=645"},{"taxonomy":"post_tag","embeddable":true,"href":"https:\/\/creston.com.mx\/index.php\/wp-json\/wp\/v2\/tags?post=645"}],"curies":[{"name":"wp","href":"https:\/\/api.w.org\/{rel}","templated":true}]}}