{"id":641,"date":"2025-03-03T21:26:00","date_gmt":"2025-03-04T03:26:00","guid":{"rendered":"https:\/\/creston.com.mx\/?p=641"},"modified":"2025-03-04T22:29:06","modified_gmt":"2025-03-05T04:29:06","slug":"gonzalez-y-rodarte-con-medallas-en-centroamericanos-y-del-caribe","status":"publish","type":"post","link":"https:\/\/creston.com.mx\/index.php\/03\/gonzalez-y-rodarte-con-medallas-en-centroamericanos-y-del-caribe\/deportes\/2025\/","title":{"rendered":"Gonz\u00e1lez y Rodarte con medallas en Centroamericanos y del Caribe"},"content":{"rendered":"\n<p>.<\/p>\n\n\n\n<p class=\"has-medium-font-size\"><strong><em>Festejan Gonz\u00e1lez y Rodarte preseas en la c\u00faspide del podio de Juegos Centroamericanos y del Caribe BMX Guatemala.<\/em><\/strong><\/p>\n\n\n\n<p>.<\/p>\n\n\n\n<p>Metztli Elizabeth Gonz\u00e1lez M\u00e9ndez y Edgar Rodarte Mart\u00ednez contribuyen con tres medallas de oro y una de plata a la Selecci\u00f3n Nacional de M\u00e9xico, que particip\u00f3 en Juegos Centroamericanos y del Caribe de Ciclismo BMX Guatemala 2025.<\/p>\n\n\n\n<p>La delegaci\u00f3n azteca, con la incursi\u00f3n de pedalistas zacatecanos, tuvo decorosa actuaci\u00f3n, al conquistar 15 preseas (cinco doradas, cinco plateadas y cinco bronc\u00edneas), ante los mejores exponentes de la regi\u00f3n.<\/p>\n\n\n\n<p>En el primer d\u00eda de competencia, Metztli Elizabeth Gonz\u00e1lez M\u00e9ndez escal\u00f3 lo m\u00e1s alto del podio de vencedoras, en la categor\u00eda juvenil, tal y como lo hizo Abby Sierra M\u00e1rquez Gil, en clase 15-16 a\u00f1os de edad.<\/p>\n\n\n\n<p>Por su parte, Edgar \u201cEl Pollito\u201d Rodarte, en Sub 23, se adue\u00f1\u00f3 de la plata en la primera sesi\u00f3n, en la que Nicole Jim\u00e9nez Roch\u00edn y Paulo Cardoso Rosendo Escamilla tambi\u00e9n se situaron en la segunda posici\u00f3n de la clasificaci\u00f3n general, en sus respectivas categor\u00edas.<\/p>\n\n\n\n<p>Con bronce se quedaron, en la primera jornada competitiva, Jos\u00e9 Luis Arizmendi L\u00f3pez, Mariana Huerta y Kevin Mireles Suazo; estos dos \u00faltimos tambi\u00e9n escalaron el tercer pelda\u00f1o en la sesi\u00f3n dominical, en tanto que Paulo Cardoso Rosendo Escamilla y Nicole Jim\u00e9nez Roch\u00edn se quedaron con la plata, tal y como sucedi\u00f3 en la competencia sabatina.<\/p>\n\n\n\n<p>Edgar Rodarte Mart\u00ednez, Metztli Elizabeth Gonz\u00e1lez M\u00e9ndez y Abby Sierra M\u00e1rquez Gil cerraron los Juegos Centroamericanos y del Caribe de Ciclismo BMX Guatemala 2025, colg\u00e1ndose la medalla de oro.<\/p>\n\n\n\n<p>\u201cEl Pollito\u201d Rodarte, en la versi\u00f3n XXIV San Salvador 2023, hab\u00eda ganado la presea bronc\u00ednea, por lo que, se prepar\u00f3 f\u00edsica y mentalmente, para escribir nuevos cap\u00edtulos en el curr\u00edculum personal y en la historia de Fresnillo, Zacatecas y M\u00e9xico. <\/p>\n\n\n\n<figure class=\"wp-block-image\"><img fetchpriority=\"high\" decoding=\"async\" width=\"1080\" height=\"608\" src=\"https:\/\/creston.com.mx\/wp-content\/uploads\/2025\/03\/IMG-20250302-WA0036.jpg\" alt=\"\" class=\"wp-image-642\" srcset=\"https:\/\/creston.com.mx\/wp-content\/uploads\/2025\/03\/IMG-20250302-WA0036.jpg 1080w, https:\/\/creston.com.mx\/wp-content\/uploads\/2025\/03\/IMG-20250302-WA0036-300x169.jpg 300w, https:\/\/creston.com.mx\/wp-content\/uploads\/2025\/03\/IMG-20250302-WA0036-1024x576.jpg 1024w, https:\/\/creston.com.mx\/wp-content\/uploads\/2025\/03\/IMG-20250302-WA0036-768x432.jpg 768w\" sizes=\"(max-width: 1080px) 100vw, 1080px\" \/><\/figure>\n\n\n\n<p>Con esos br\u00edos se present\u00f3 tambi\u00e9n la guadalupense Metztli Elizabeth Gonz\u00e1lez M\u00e9ndez, quien demostr\u00f3 sus cualidades y pericia para situarse en la c\u00faspide por doble ocasi\u00f3n, dentro de la clase juvenil.<\/p>\n","protected":false},"excerpt":{"rendered":"<p>. Festejan Gonz\u00e1lez y Rodarte preseas en la c\u00faspide del podio de Juegos Centroamericanos y del Caribe BMX Guatemala. . Metztli Elizabeth Gonz\u00e1lez M\u00e9ndez y Edgar Rodarte Mart\u00ednez contribuyen con&hellip; <\/p>\n","protected":false},"author":1,"featured_media":643,"comment_status":"open","ping_status":"closed","sticky":false,"template":"","format":"standard","meta":{"_jetpack_memberships_contains_paid_content":false,"footnotes":""},"categories":[5],"tags":[],"class_list":["post-641","post","type-post","status-publish","format-standard","has-post-thumbnail","hentry","category-deportes"],"yoast_head":"<!-- This site is optimized with the Yoast SEO plugin v24.2 - https:\/\/yoast.com\/wordpress\/plugins\/seo\/ -->\n<title>Gonz\u00e1lez y Rodarte con medallas en Centroamericanos y del Caribe - Peri\u00f3dico Digital de Zacatecas<\/title>\n<meta name=\"robots\" content=\"index, follow, max-snippet:-1, max-image-preview:large, max-video-preview:-1\" \/>\n<link rel=\"canonical\" href=\"https:\/\/creston.com.mx\/index.php\/03\/gonzalez-y-rodarte-con-medallas-en-centroamericanos-y-del-caribe\/deportes\/2025\/\" \/>\n<meta property=\"og:locale\" content=\"es_ES\" \/>\n<meta property=\"og:type\" content=\"article\" \/>\n<meta property=\"og:title\" content=\"Gonz\u00e1lez y Rodarte con medallas en Centroamericanos y del Caribe - Peri\u00f3dico Digital de Zacatecas\" \/>\n<meta property=\"og:description\" content=\". Festejan Gonz\u00e1lez y Rodarte preseas en la c\u00faspide del podio de Juegos Centroamericanos y del Caribe BMX Guatemala. . Metztli Elizabeth Gonz\u00e1lez M\u00e9ndez y Edgar Rodarte Mart\u00ednez contribuyen con&hellip;\" \/>\n<meta property=\"og:url\" content=\"https:\/\/creston.com.mx\/index.php\/03\/gonzalez-y-rodarte-con-medallas-en-centroamericanos-y-del-caribe\/deportes\/2025\/\" \/>\n<meta property=\"og:site_name\" content=\"Peri\u00f3dico Digital de Zacatecas\" \/>\n<meta property=\"article:published_time\" content=\"2025-03-04T03:26:00+00:00\" \/>\n<meta property=\"article:modified_time\" content=\"2025-03-05T04:29:06+00:00\" \/>\n<meta property=\"og:image\" content=\"https:\/\/creston.com.mx\/wp-content\/uploads\/2025\/03\/IMG-20250302-WA0035.jpg\" \/>\n\t<meta property=\"og:image:width\" content=\"995\" \/>\n\t<meta property=\"og:image:height\" content=\"1110\" \/>\n\t<meta property=\"og:image:type\" content=\"image\/jpeg\" \/>\n<meta name=\"author\" content=\"Periodico Creston\" \/>\n<meta name=\"twitter:card\" content=\"summary_large_image\" \/>\n<meta name=\"twitter:label1\" content=\"Escrito por\" \/>\n\t<meta name=\"twitter:data1\" content=\"Periodico Creston\" \/>\n\t<meta name=\"twitter:label2\" content=\"Tiempo de lectura\" \/>\n\t<meta name=\"twitter:data2\" content=\"2 minutos\" \/>\n<script type=\"application\/ld+json\" class=\"yoast-schema-graph\">{\"@context\":\"https:\/\/schema.org\",\"@graph\":[{\"@type\":\"Article\",\"@id\":\"https:\/\/creston.com.mx\/index.php\/03\/gonzalez-y-rodarte-con-medallas-en-centroamericanos-y-del-caribe\/deportes\/2025\/#article\",\"isPartOf\":{\"@id\":\"https:\/\/creston.com.mx\/index.php\/03\/gonzalez-y-rodarte-con-medallas-en-centroamericanos-y-del-caribe\/deportes\/2025\/\"},\"author\":{\"name\":\"Periodico Creston\",\"@id\":\"https:\/\/creston.com.mx\/#\/schema\/person\/01f2ce9e289bc5300c759925ef768c1d\"},\"headline\":\"Gonz\u00e1lez y Rodarte con medallas en Centroamericanos y del Caribe\",\"datePublished\":\"2025-03-04T03:26:00+00:00\",\"dateModified\":\"2025-03-05T04:29:06+00:00\",\"mainEntityOfPage\":{\"@id\":\"https:\/\/creston.com.mx\/index.php\/03\/gonzalez-y-rodarte-con-medallas-en-centroamericanos-y-del-caribe\/deportes\/2025\/\"},\"wordCount\":378,\"commentCount\":0,\"publisher\":{\"@id\":\"https:\/\/creston.com.mx\/#organization\"},\"image\":{\"@id\":\"https:\/\/creston.com.mx\/index.php\/03\/gonzalez-y-rodarte-con-medallas-en-centroamericanos-y-del-caribe\/deportes\/2025\/#primaryimage\"},\"thumbnailUrl\":\"https:\/\/creston.com.mx\/wp-content\/uploads\/2025\/03\/IMG-20250302-WA0035.jpg\",\"articleSection\":[\"Deportes\"],\"inLanguage\":\"es\",\"potentialAction\":[{\"@type\":\"CommentAction\",\"name\":\"Comment\",\"target\":[\"https:\/\/creston.com.mx\/index.php\/03\/gonzalez-y-rodarte-con-medallas-en-centroamericanos-y-del-caribe\/deportes\/2025\/#respond\"]}]},{\"@type\":\"WebPage\",\"@id\":\"https:\/\/creston.com.mx\/index.php\/03\/gonzalez-y-rodarte-con-medallas-en-centroamericanos-y-del-caribe\/deportes\/2025\/\",\"url\":\"https:\/\/creston.com.mx\/index.php\/03\/gonzalez-y-rodarte-con-medallas-en-centroamericanos-y-del-caribe\/deportes\/2025\/\",\"name\":\"Gonz\u00e1lez y Rodarte con medallas en Centroamericanos y del Caribe - Peri\u00f3dico Digital de Zacatecas\",\"isPartOf\":{\"@id\":\"https:\/\/creston.com.mx\/#website\"},\"primaryImageOfPage\":{\"@id\":\"https:\/\/creston.com.mx\/index.php\/03\/gonzalez-y-rodarte-con-medallas-en-centroamericanos-y-del-caribe\/deportes\/2025\/#primaryimage\"},\"image\":{\"@id\":\"https:\/\/creston.com.mx\/index.php\/03\/gonzalez-y-rodarte-con-medallas-en-centroamericanos-y-del-caribe\/deportes\/2025\/#primaryimage\"},\"thumbnailUrl\":\"https:\/\/creston.com.mx\/wp-content\/uploads\/2025\/03\/IMG-20250302-WA0035.jpg\",\"datePublished\":\"2025-03-04T03:26:00+00:00\",\"dateModified\":\"2025-03-05T04:29:06+00:00\",\"breadcrumb\":{\"@id\":\"https:\/\/creston.com.mx\/index.php\/03\/gonzalez-y-rodarte-con-medallas-en-centroamericanos-y-del-caribe\/deportes\/2025\/#breadcrumb\"},\"inLanguage\":\"es\",\"potentialAction\":[{\"@type\":\"ReadAction\",\"target\":[\"https:\/\/creston.com.mx\/index.php\/03\/gonzalez-y-rodarte-con-medallas-en-centroamericanos-y-del-caribe\/deportes\/2025\/\"]}]},{\"@type\":\"ImageObject\",\"inLanguage\":\"es\",\"@id\":\"https:\/\/creston.com.mx\/index.php\/03\/gonzalez-y-rodarte-con-medallas-en-centroamericanos-y-del-caribe\/deportes\/2025\/#primaryimage\",\"url\":\"https:\/\/creston.com.mx\/wp-content\/uploads\/2025\/03\/IMG-20250302-WA0035.jpg\",\"contentUrl\":\"https:\/\/creston.com.mx\/wp-content\/uploads\/2025\/03\/IMG-20250302-WA0035.jpg\",\"width\":995,\"height\":1110},{\"@type\":\"BreadcrumbList\",\"@id\":\"https:\/\/creston.com.mx\/index.php\/03\/gonzalez-y-rodarte-con-medallas-en-centroamericanos-y-del-caribe\/deportes\/2025\/#breadcrumb\",\"itemListElement\":[{\"@type\":\"ListItem\",\"position\":1,\"name\":\"Portada\",\"item\":\"https:\/\/creston.com.mx\/\"},{\"@type\":\"ListItem\",\"position\":2,\"name\":\"Gonz\u00e1lez y Rodarte con medallas en Centroamericanos y del Caribe\"}]},{\"@type\":\"WebSite\",\"@id\":\"https:\/\/creston.com.mx\/#website\",\"url\":\"https:\/\/creston.com.mx\/\",\"name\":\"Peri\u00f3dico Digital de Zacatecas\",\"description\":\"\",\"publisher\":{\"@id\":\"https:\/\/creston.com.mx\/#organization\"},\"potentialAction\":[{\"@type\":\"SearchAction\",\"target\":{\"@type\":\"EntryPoint\",\"urlTemplate\":\"https:\/\/creston.com.mx\/?s={search_term_string}\"},\"query-input\":{\"@type\":\"PropertyValueSpecification\",\"valueRequired\":true,\"valueName\":\"search_term_string\"}}],\"inLanguage\":\"es\"},{\"@type\":\"Organization\",\"@id\":\"https:\/\/creston.com.mx\/#organization\",\"name\":\"Peri\u00f3dico Digital de Zacatecas\",\"url\":\"https:\/\/creston.com.mx\/\",\"logo\":{\"@type\":\"ImageObject\",\"inLanguage\":\"es\",\"@id\":\"https:\/\/creston.com.mx\/#\/schema\/logo\/image\/\",\"url\":\"https:\/\/creston.com.mx\/wp-content\/uploads\/2026\/02\/cropped-Logo-Creston2.jpg\",\"contentUrl\":\"https:\/\/creston.com.mx\/wp-content\/uploads\/2026\/02\/cropped-Logo-Creston2.jpg\",\"width\":503,\"height\":194,\"caption\":\"Peri\u00f3dico Digital  de Zacatecas\"},\"image\":{\"@id\":\"https:\/\/creston.com.mx\/#\/schema\/logo\/image\/\"}},{\"@type\":\"Person\",\"@id\":\"https:\/\/creston.com.mx\/#\/schema\/person\/01f2ce9e289bc5300c759925ef768c1d\",\"name\":\"Periodico Creston\",\"image\":{\"@type\":\"ImageObject\",\"inLanguage\":\"es\",\"@id\":\"https:\/\/creston.com.mx\/#\/schema\/person\/image\/\",\"url\":\"https:\/\/secure.gravatar.com\/avatar\/c91eac1cf0d45897b6d294d474aa7713a194d460be0aaf72157553d050cda1c1?s=96&d=mm&r=g\",\"contentUrl\":\"https:\/\/secure.gravatar.com\/avatar\/c91eac1cf0d45897b6d294d474aa7713a194d460be0aaf72157553d050cda1c1?s=96&d=mm&r=g\",\"caption\":\"Periodico Creston\"},\"sameAs\":[\"https:\/\/creston.com.mx\"],\"url\":\"https:\/\/creston.com.mx\/index.php\/author\/cstnalja96\/\"}]}<\/script>\n<!-- \/ Yoast SEO plugin. -->","yoast_head_json":{"title":"Gonz\u00e1lez y Rodarte con medallas en Centroamericanos y del Caribe - Peri\u00f3dico Digital de Zacatecas","robots":{"index":"index","follow":"follow","max-snippet":"max-snippet:-1","max-image-preview":"max-image-preview:large","max-video-preview":"max-video-preview:-1"},"canonical":"https:\/\/creston.com.mx\/index.php\/03\/gonzalez-y-rodarte-con-medallas-en-centroamericanos-y-del-caribe\/deportes\/2025\/","og_locale":"es_ES","og_type":"article","og_title":"Gonz\u00e1lez y Rodarte con medallas en Centroamericanos y del Caribe - Peri\u00f3dico Digital de Zacatecas","og_description":". Festejan Gonz\u00e1lez y Rodarte preseas en la c\u00faspide del podio de Juegos Centroamericanos y del Caribe BMX Guatemala. . Metztli Elizabeth Gonz\u00e1lez M\u00e9ndez y Edgar Rodarte Mart\u00ednez contribuyen con&hellip;","og_url":"https:\/\/creston.com.mx\/index.php\/03\/gonzalez-y-rodarte-con-medallas-en-centroamericanos-y-del-caribe\/deportes\/2025\/","og_site_name":"Peri\u00f3dico Digital de Zacatecas","article_published_time":"2025-03-04T03:26:00+00:00","article_modified_time":"2025-03-05T04:29:06+00:00","og_image":[{"width":995,"height":1110,"url":"https:\/\/creston.com.mx\/wp-content\/uploads\/2025\/03\/IMG-20250302-WA0035.jpg","type":"image\/jpeg"}],"author":"Periodico Creston","twitter_card":"summary_large_image","twitter_misc":{"Escrito por":"Periodico Creston","Tiempo de lectura":"2 minutos"},"schema":{"@context":"https:\/\/schema.org","@graph":[{"@type":"Article","@id":"https:\/\/creston.com.mx\/index.php\/03\/gonzalez-y-rodarte-con-medallas-en-centroamericanos-y-del-caribe\/deportes\/2025\/#article","isPartOf":{"@id":"https:\/\/creston.com.mx\/index.php\/03\/gonzalez-y-rodarte-con-medallas-en-centroamericanos-y-del-caribe\/deportes\/2025\/"},"author":{"name":"Periodico Creston","@id":"https:\/\/creston.com.mx\/#\/schema\/person\/01f2ce9e289bc5300c759925ef768c1d"},"headline":"Gonz\u00e1lez y Rodarte con medallas en Centroamericanos y del Caribe","datePublished":"2025-03-04T03:26:00+00:00","dateModified":"2025-03-05T04:29:06+00:00","mainEntityOfPage":{"@id":"https:\/\/creston.com.mx\/index.php\/03\/gonzalez-y-rodarte-con-medallas-en-centroamericanos-y-del-caribe\/deportes\/2025\/"},"wordCount":378,"commentCount":0,"publisher":{"@id":"https:\/\/creston.com.mx\/#organization"},"image":{"@id":"https:\/\/creston.com.mx\/index.php\/03\/gonzalez-y-rodarte-con-medallas-en-centroamericanos-y-del-caribe\/deportes\/2025\/#primaryimage"},"thumbnailUrl":"https:\/\/creston.com.mx\/wp-content\/uploads\/2025\/03\/IMG-20250302-WA0035.jpg","articleSection":["Deportes"],"inLanguage":"es","potentialAction":[{"@type":"CommentAction","name":"Comment","target":["https:\/\/creston.com.mx\/index.php\/03\/gonzalez-y-rodarte-con-medallas-en-centroamericanos-y-del-caribe\/deportes\/2025\/#respond"]}]},{"@type":"WebPage","@id":"https:\/\/creston.com.mx\/index.php\/03\/gonzalez-y-rodarte-con-medallas-en-centroamericanos-y-del-caribe\/deportes\/2025\/","url":"https:\/\/creston.com.mx\/index.php\/03\/gonzalez-y-rodarte-con-medallas-en-centroamericanos-y-del-caribe\/deportes\/2025\/","name":"Gonz\u00e1lez y Rodarte con medallas en Centroamericanos y del Caribe - Peri\u00f3dico Digital de Zacatecas","isPartOf":{"@id":"https:\/\/creston.com.mx\/#website"},"primaryImageOfPage":{"@id":"https:\/\/creston.com.mx\/index.php\/03\/gonzalez-y-rodarte-con-medallas-en-centroamericanos-y-del-caribe\/deportes\/2025\/#primaryimage"},"image":{"@id":"https:\/\/creston.com.mx\/index.php\/03\/gonzalez-y-rodarte-con-medallas-en-centroamericanos-y-del-caribe\/deportes\/2025\/#primaryimage"},"thumbnailUrl":"https:\/\/creston.com.mx\/wp-content\/uploads\/2025\/03\/IMG-20250302-WA0035.jpg","datePublished":"2025-03-04T03:26:00+00:00","dateModified":"2025-03-05T04:29:06+00:00","breadcrumb":{"@id":"https:\/\/creston.com.mx\/index.php\/03\/gonzalez-y-rodarte-con-medallas-en-centroamericanos-y-del-caribe\/deportes\/2025\/#breadcrumb"},"inLanguage":"es","potentialAction":[{"@type":"ReadAction","target":["https:\/\/creston.com.mx\/index.php\/03\/gonzalez-y-rodarte-con-medallas-en-centroamericanos-y-del-caribe\/deportes\/2025\/"]}]},{"@type":"ImageObject","inLanguage":"es","@id":"https:\/\/creston.com.mx\/index.php\/03\/gonzalez-y-rodarte-con-medallas-en-centroamericanos-y-del-caribe\/deportes\/2025\/#primaryimage","url":"https:\/\/creston.com.mx\/wp-content\/uploads\/2025\/03\/IMG-20250302-WA0035.jpg","contentUrl":"https:\/\/creston.com.mx\/wp-content\/uploads\/2025\/03\/IMG-20250302-WA0035.jpg","width":995,"height":1110},{"@type":"BreadcrumbList","@id":"https:\/\/creston.com.mx\/index.php\/03\/gonzalez-y-rodarte-con-medallas-en-centroamericanos-y-del-caribe\/deportes\/2025\/#breadcrumb","itemListElement":[{"@type":"ListItem","position":1,"name":"Portada","item":"https:\/\/creston.com.mx\/"},{"@type":"ListItem","position":2,"name":"Gonz\u00e1lez y Rodarte con medallas en Centroamericanos y del Caribe"}]},{"@type":"WebSite","@id":"https:\/\/creston.com.mx\/#website","url":"https:\/\/creston.com.mx\/","name":"Peri\u00f3dico Digital de Zacatecas","description":"","publisher":{"@id":"https:\/\/creston.com.mx\/#organization"},"potentialAction":[{"@type":"SearchAction","target":{"@type":"EntryPoint","urlTemplate":"https:\/\/creston.com.mx\/?s={search_term_string}"},"query-input":{"@type":"PropertyValueSpecification","valueRequired":true,"valueName":"search_term_string"}}],"inLanguage":"es"},{"@type":"Organization","@id":"https:\/\/creston.com.mx\/#organization","name":"Peri\u00f3dico Digital de Zacatecas","url":"https:\/\/creston.com.mx\/","logo":{"@type":"ImageObject","inLanguage":"es","@id":"https:\/\/creston.com.mx\/#\/schema\/logo\/image\/","url":"https:\/\/creston.com.mx\/wp-content\/uploads\/2026\/02\/cropped-Logo-Creston2.jpg","contentUrl":"https:\/\/creston.com.mx\/wp-content\/uploads\/2026\/02\/cropped-Logo-Creston2.jpg","width":503,"height":194,"caption":"Peri\u00f3dico Digital  de Zacatecas"},"image":{"@id":"https:\/\/creston.com.mx\/#\/schema\/logo\/image\/"}},{"@type":"Person","@id":"https:\/\/creston.com.mx\/#\/schema\/person\/01f2ce9e289bc5300c759925ef768c1d","name":"Periodico Creston","image":{"@type":"ImageObject","inLanguage":"es","@id":"https:\/\/creston.com.mx\/#\/schema\/person\/image\/","url":"https:\/\/secure.gravatar.com\/avatar\/c91eac1cf0d45897b6d294d474aa7713a194d460be0aaf72157553d050cda1c1?s=96&d=mm&r=g","contentUrl":"https:\/\/secure.gravatar.com\/avatar\/c91eac1cf0d45897b6d294d474aa7713a194d460be0aaf72157553d050cda1c1?s=96&d=mm&r=g","caption":"Periodico Creston"},"sameAs":["https:\/\/creston.com.mx"],"url":"https:\/\/creston.com.mx\/index.php\/author\/cstnalja96\/"}]}},"jetpack_sharing_enabled":true,"jetpack_featured_media_url":"https:\/\/creston.com.mx\/wp-content\/uploads\/2025\/03\/IMG-20250302-WA0035.jpg","_links":{"self":[{"href":"https:\/\/creston.com.mx\/index.php\/wp-json\/wp\/v2\/posts\/641","targetHints":{"allow":["GET"]}}],"collection":[{"href":"https:\/\/creston.com.mx\/index.php\/wp-json\/wp\/v2\/posts"}],"about":[{"href":"https:\/\/creston.com.mx\/index.php\/wp-json\/wp\/v2\/types\/post"}],"author":[{"embeddable":true,"href":"https:\/\/creston.com.mx\/index.php\/wp-json\/wp\/v2\/users\/1"}],"replies":[{"embeddable":true,"href":"https:\/\/creston.com.mx\/index.php\/wp-json\/wp\/v2\/comments?post=641"}],"version-history":[{"count":1,"href":"https:\/\/creston.com.mx\/index.php\/wp-json\/wp\/v2\/posts\/641\/revisions"}],"predecessor-version":[{"id":644,"href":"https:\/\/creston.com.mx\/index.php\/wp-json\/wp\/v2\/posts\/641\/revisions\/644"}],"wp:featuredmedia":[{"embeddable":true,"href":"https:\/\/creston.com.mx\/index.php\/wp-json\/wp\/v2\/media\/643"}],"wp:attachment":[{"href":"https:\/\/creston.com.mx\/index.php\/wp-json\/wp\/v2\/media?parent=641"}],"wp:term":[{"taxonomy":"category","embeddable":true,"href":"https:\/\/creston.com.mx\/index.php\/wp-json\/wp\/v2\/categories?post=641"},{"taxonomy":"post_tag","embeddable":true,"href":"https:\/\/creston.com.mx\/index.php\/wp-json\/wp\/v2\/tags?post=641"}],"curies":[{"name":"wp","href":"https:\/\/api.w.org\/{rel}","templated":true}]}}