{"id":474,"date":"2025-02-11T22:42:36","date_gmt":"2025-02-12T04:42:36","guid":{"rendered":"https:\/\/creston.com.mx\/?p=474"},"modified":"2025-02-11T22:42:39","modified_gmt":"2025-02-12T04:42:39","slug":"las-alcaldias-de-zacatecas-y-cuauhtemoc-se-hermanan-por-un-futuro-mejor","status":"publish","type":"post","link":"https:\/\/creston.com.mx\/index.php\/02\/las-alcaldias-de-zacatecas-y-cuauhtemoc-se-hermanan-por-un-futuro-mejor\/estado\/2025\/","title":{"rendered":"Las Alcald\u00edas de Zacatecas y Cuauht\u00e9moc se hermanan por un futuro mejor"},"content":{"rendered":"\n<p>.<\/p>\n\n\n\n<p class=\"has-medium-font-size\"><strong><em>Suman esfuerzos en materia de Derechos Humanos, desarrollo econ\u00f3mico y tur\u00edstico. Trabajar\u00e1n por la no repetici\u00f3n de los actos de reprensi\u00f3n cometidos el pasado 8 de marzo.<\/em><\/strong><\/p>\n\n\n\n<p>.<\/p>\n\n\n\n<p>Luego de que en San L\u00e1zaro se aprobara por mayor\u00eda calificada el hermanamiento entre Zacatecas Capital y la alcald\u00eda Cuauht\u00e9moc, se ha impulsado un pacto de trabajo constante que permita potenciar la riqueza hist\u00f3rica y cultural de ambas ciudades, pues, trabajar\u00e1n en materia de Derechos Humanos, Desarrollo Comercial y Tur\u00edstico.<\/p>\n\n\n\n<p>En conferencia de prensa el presidente Municipal de Zacatecas, Miguel Varela y la alcaldesa de Cuauht\u00e9moc Alessandra Rojo de la Vega, destacaron que m\u00e1s all\u00e1 de un acto simb\u00f3lico implica trabajar en la construcci\u00f3n de un futuro mejor para todas y todos y consolidar una agenda s\u00f3lida.<\/p>\n\n\n\n<p>Alessandra Rojo resalt\u00f3 la importancia de garantizar el derecho a una vida libre de violencia para las mujeres de Zacatecas tras los lamentables hechos suscitados el pasado 8 de marzo cuando el gobierno estatal y municipal orden\u00f3 la representaci\u00f3n y tortura de mujeres que participaban en la tradicional marcha feminista que se realiza a\u00f1o con a\u00f1o.<\/p>\n\n\n\n<figure class=\"wp-block-image\"><img fetchpriority=\"high\" decoding=\"async\" width=\"2560\" height=\"1709\" src=\"https:\/\/creston.com.mx\/wp-content\/uploads\/2025\/02\/IMG-20250211-WA0041-scaled.jpg\" alt=\"\" class=\"wp-image-476\" srcset=\"https:\/\/creston.com.mx\/wp-content\/uploads\/2025\/02\/IMG-20250211-WA0041-scaled.jpg 2560w, https:\/\/creston.com.mx\/wp-content\/uploads\/2025\/02\/IMG-20250211-WA0041-300x200.jpg 300w, https:\/\/creston.com.mx\/wp-content\/uploads\/2025\/02\/IMG-20250211-WA0041-1024x683.jpg 1024w, https:\/\/creston.com.mx\/wp-content\/uploads\/2025\/02\/IMG-20250211-WA0041-768x513.jpg 768w, https:\/\/creston.com.mx\/wp-content\/uploads\/2025\/02\/IMG-20250211-WA0041-1536x1025.jpg 1536w, https:\/\/creston.com.mx\/wp-content\/uploads\/2025\/02\/IMG-20250211-WA0041-2048x1367.jpg 2048w\" sizes=\"(max-width: 2560px) 100vw, 2560px\" \/><\/figure>\n\n\n\n<p>Destac\u00f3 adem\u00e1s que desde la Alcald\u00eda Cuauht\u00e9moc estar\u00e1n trabajando por la no repetici\u00f3n de actos tan lamentables como los registrados el a\u00f1o pasado. <\/p>\n\n\n\n<p>Por su parte el alcalde capitalino Miguel Varela, agradeci\u00f3 la anfitrion\u00eda y se comprometi\u00f3 a trabajar codo con codo para sumar al desarrollo de ambos municipios empatando y coordinando programas y casos de \u00e9xito.<\/p>\n","protected":false},"excerpt":{"rendered":"<p>. Suman esfuerzos en materia de Derechos Humanos, desarrollo econ\u00f3mico y tur\u00edstico. Trabajar\u00e1n por la no repetici\u00f3n de los actos de reprensi\u00f3n cometidos el pasado 8 de marzo. . Luego&hellip; <\/p>\n","protected":false},"author":1,"featured_media":475,"comment_status":"open","ping_status":"closed","sticky":false,"template":"","format":"standard","meta":{"_jetpack_memberships_contains_paid_content":false,"footnotes":""},"categories":[1],"tags":[],"class_list":["post-474","post","type-post","status-publish","format-standard","has-post-thumbnail","hentry","category-estado"],"yoast_head":"<!-- This site is optimized with the Yoast SEO plugin v24.2 - https:\/\/yoast.com\/wordpress\/plugins\/seo\/ -->\n<title>Las Alcald\u00edas de Zacatecas y Cuauht\u00e9moc se hermanan por un futuro mejor - Peri\u00f3dico Digital de Zacatecas<\/title>\n<meta name=\"robots\" content=\"index, follow, max-snippet:-1, max-image-preview:large, max-video-preview:-1\" \/>\n<link rel=\"canonical\" href=\"https:\/\/creston.com.mx\/index.php\/02\/las-alcaldias-de-zacatecas-y-cuauhtemoc-se-hermanan-por-un-futuro-mejor\/estado\/2025\/\" \/>\n<meta property=\"og:locale\" content=\"es_ES\" \/>\n<meta property=\"og:type\" content=\"article\" \/>\n<meta property=\"og:title\" content=\"Las Alcald\u00edas de Zacatecas y Cuauht\u00e9moc se hermanan por un futuro mejor - Peri\u00f3dico Digital de Zacatecas\" \/>\n<meta property=\"og:description\" content=\". Suman esfuerzos en materia de Derechos Humanos, desarrollo econ\u00f3mico y tur\u00edstico. Trabajar\u00e1n por la no repetici\u00f3n de los actos de reprensi\u00f3n cometidos el pasado 8 de marzo. . Luego&hellip;\" \/>\n<meta property=\"og:url\" content=\"https:\/\/creston.com.mx\/index.php\/02\/las-alcaldias-de-zacatecas-y-cuauhtemoc-se-hermanan-por-un-futuro-mejor\/estado\/2025\/\" \/>\n<meta property=\"og:site_name\" content=\"Peri\u00f3dico Digital de Zacatecas\" \/>\n<meta property=\"article:published_time\" content=\"2025-02-12T04:42:36+00:00\" \/>\n<meta property=\"article:modified_time\" content=\"2025-02-12T04:42:39+00:00\" \/>\n<meta property=\"og:image\" content=\"https:\/\/creston.com.mx\/wp-content\/uploads\/2025\/02\/IMG-20250211-WA0043-scaled.jpg\" \/>\n\t<meta property=\"og:image:width\" content=\"2560\" \/>\n\t<meta property=\"og:image:height\" content=\"1709\" \/>\n\t<meta property=\"og:image:type\" content=\"image\/jpeg\" \/>\n<meta name=\"author\" content=\"Periodico Creston\" \/>\n<meta name=\"twitter:card\" content=\"summary_large_image\" \/>\n<meta name=\"twitter:label1\" content=\"Escrito por\" \/>\n\t<meta name=\"twitter:data1\" content=\"Periodico Creston\" \/>\n\t<meta name=\"twitter:label2\" content=\"Tiempo de lectura\" \/>\n\t<meta name=\"twitter:data2\" content=\"2 minutos\" \/>\n<script type=\"application\/ld+json\" class=\"yoast-schema-graph\">{\"@context\":\"https:\/\/schema.org\",\"@graph\":[{\"@type\":\"Article\",\"@id\":\"https:\/\/creston.com.mx\/index.php\/02\/las-alcaldias-de-zacatecas-y-cuauhtemoc-se-hermanan-por-un-futuro-mejor\/estado\/2025\/#article\",\"isPartOf\":{\"@id\":\"https:\/\/creston.com.mx\/index.php\/02\/las-alcaldias-de-zacatecas-y-cuauhtemoc-se-hermanan-por-un-futuro-mejor\/estado\/2025\/\"},\"author\":{\"name\":\"Periodico Creston\",\"@id\":\"https:\/\/creston.com.mx\/#\/schema\/person\/01f2ce9e289bc5300c759925ef768c1d\"},\"headline\":\"Las Alcald\u00edas de Zacatecas y Cuauht\u00e9moc se hermanan por un futuro mejor\",\"datePublished\":\"2025-02-12T04:42:36+00:00\",\"dateModified\":\"2025-02-12T04:42:39+00:00\",\"mainEntityOfPage\":{\"@id\":\"https:\/\/creston.com.mx\/index.php\/02\/las-alcaldias-de-zacatecas-y-cuauhtemoc-se-hermanan-por-un-futuro-mejor\/estado\/2025\/\"},\"wordCount\":276,\"commentCount\":0,\"publisher\":{\"@id\":\"https:\/\/creston.com.mx\/#organization\"},\"image\":{\"@id\":\"https:\/\/creston.com.mx\/index.php\/02\/las-alcaldias-de-zacatecas-y-cuauhtemoc-se-hermanan-por-un-futuro-mejor\/estado\/2025\/#primaryimage\"},\"thumbnailUrl\":\"https:\/\/creston.com.mx\/wp-content\/uploads\/2025\/02\/IMG-20250211-WA0043-scaled.jpg\",\"articleSection\":[\"Estado\"],\"inLanguage\":\"es\",\"potentialAction\":[{\"@type\":\"CommentAction\",\"name\":\"Comment\",\"target\":[\"https:\/\/creston.com.mx\/index.php\/02\/las-alcaldias-de-zacatecas-y-cuauhtemoc-se-hermanan-por-un-futuro-mejor\/estado\/2025\/#respond\"]}]},{\"@type\":\"WebPage\",\"@id\":\"https:\/\/creston.com.mx\/index.php\/02\/las-alcaldias-de-zacatecas-y-cuauhtemoc-se-hermanan-por-un-futuro-mejor\/estado\/2025\/\",\"url\":\"https:\/\/creston.com.mx\/index.php\/02\/las-alcaldias-de-zacatecas-y-cuauhtemoc-se-hermanan-por-un-futuro-mejor\/estado\/2025\/\",\"name\":\"Las Alcald\u00edas de Zacatecas y Cuauht\u00e9moc se hermanan por un futuro mejor - Peri\u00f3dico Digital de Zacatecas\",\"isPartOf\":{\"@id\":\"https:\/\/creston.com.mx\/#website\"},\"primaryImageOfPage\":{\"@id\":\"https:\/\/creston.com.mx\/index.php\/02\/las-alcaldias-de-zacatecas-y-cuauhtemoc-se-hermanan-por-un-futuro-mejor\/estado\/2025\/#primaryimage\"},\"image\":{\"@id\":\"https:\/\/creston.com.mx\/index.php\/02\/las-alcaldias-de-zacatecas-y-cuauhtemoc-se-hermanan-por-un-futuro-mejor\/estado\/2025\/#primaryimage\"},\"thumbnailUrl\":\"https:\/\/creston.com.mx\/wp-content\/uploads\/2025\/02\/IMG-20250211-WA0043-scaled.jpg\",\"datePublished\":\"2025-02-12T04:42:36+00:00\",\"dateModified\":\"2025-02-12T04:42:39+00:00\",\"breadcrumb\":{\"@id\":\"https:\/\/creston.com.mx\/index.php\/02\/las-alcaldias-de-zacatecas-y-cuauhtemoc-se-hermanan-por-un-futuro-mejor\/estado\/2025\/#breadcrumb\"},\"inLanguage\":\"es\",\"potentialAction\":[{\"@type\":\"ReadAction\",\"target\":[\"https:\/\/creston.com.mx\/index.php\/02\/las-alcaldias-de-zacatecas-y-cuauhtemoc-se-hermanan-por-un-futuro-mejor\/estado\/2025\/\"]}]},{\"@type\":\"ImageObject\",\"inLanguage\":\"es\",\"@id\":\"https:\/\/creston.com.mx\/index.php\/02\/las-alcaldias-de-zacatecas-y-cuauhtemoc-se-hermanan-por-un-futuro-mejor\/estado\/2025\/#primaryimage\",\"url\":\"https:\/\/creston.com.mx\/wp-content\/uploads\/2025\/02\/IMG-20250211-WA0043-scaled.jpg\",\"contentUrl\":\"https:\/\/creston.com.mx\/wp-content\/uploads\/2025\/02\/IMG-20250211-WA0043-scaled.jpg\",\"width\":2560,\"height\":1709},{\"@type\":\"BreadcrumbList\",\"@id\":\"https:\/\/creston.com.mx\/index.php\/02\/las-alcaldias-de-zacatecas-y-cuauhtemoc-se-hermanan-por-un-futuro-mejor\/estado\/2025\/#breadcrumb\",\"itemListElement\":[{\"@type\":\"ListItem\",\"position\":1,\"name\":\"Portada\",\"item\":\"https:\/\/creston.com.mx\/\"},{\"@type\":\"ListItem\",\"position\":2,\"name\":\"Las Alcald\u00edas de Zacatecas y Cuauht\u00e9moc se hermanan por un futuro mejor\"}]},{\"@type\":\"WebSite\",\"@id\":\"https:\/\/creston.com.mx\/#website\",\"url\":\"https:\/\/creston.com.mx\/\",\"name\":\"Peri\u00f3dico Digital de Zacatecas\",\"description\":\"\",\"publisher\":{\"@id\":\"https:\/\/creston.com.mx\/#organization\"},\"potentialAction\":[{\"@type\":\"SearchAction\",\"target\":{\"@type\":\"EntryPoint\",\"urlTemplate\":\"https:\/\/creston.com.mx\/?s={search_term_string}\"},\"query-input\":{\"@type\":\"PropertyValueSpecification\",\"valueRequired\":true,\"valueName\":\"search_term_string\"}}],\"inLanguage\":\"es\"},{\"@type\":\"Organization\",\"@id\":\"https:\/\/creston.com.mx\/#organization\",\"name\":\"Peri\u00f3dico Digital de Zacatecas\",\"url\":\"https:\/\/creston.com.mx\/\",\"logo\":{\"@type\":\"ImageObject\",\"inLanguage\":\"es\",\"@id\":\"https:\/\/creston.com.mx\/#\/schema\/logo\/image\/\",\"url\":\"https:\/\/creston.com.mx\/wp-content\/uploads\/2026\/02\/cropped-Logo-Creston2.jpg\",\"contentUrl\":\"https:\/\/creston.com.mx\/wp-content\/uploads\/2026\/02\/cropped-Logo-Creston2.jpg\",\"width\":503,\"height\":194,\"caption\":\"Peri\u00f3dico Digital  de Zacatecas\"},\"image\":{\"@id\":\"https:\/\/creston.com.mx\/#\/schema\/logo\/image\/\"}},{\"@type\":\"Person\",\"@id\":\"https:\/\/creston.com.mx\/#\/schema\/person\/01f2ce9e289bc5300c759925ef768c1d\",\"name\":\"Periodico Creston\",\"image\":{\"@type\":\"ImageObject\",\"inLanguage\":\"es\",\"@id\":\"https:\/\/creston.com.mx\/#\/schema\/person\/image\/\",\"url\":\"https:\/\/secure.gravatar.com\/avatar\/c91eac1cf0d45897b6d294d474aa7713a194d460be0aaf72157553d050cda1c1?s=96&d=mm&r=g\",\"contentUrl\":\"https:\/\/secure.gravatar.com\/avatar\/c91eac1cf0d45897b6d294d474aa7713a194d460be0aaf72157553d050cda1c1?s=96&d=mm&r=g\",\"caption\":\"Periodico Creston\"},\"sameAs\":[\"https:\/\/creston.com.mx\"],\"url\":\"https:\/\/creston.com.mx\/index.php\/author\/cstnalja96\/\"}]}<\/script>\n<!-- \/ Yoast SEO plugin. -->","yoast_head_json":{"title":"Las Alcald\u00edas de Zacatecas y Cuauht\u00e9moc se hermanan por un futuro mejor - Peri\u00f3dico Digital de Zacatecas","robots":{"index":"index","follow":"follow","max-snippet":"max-snippet:-1","max-image-preview":"max-image-preview:large","max-video-preview":"max-video-preview:-1"},"canonical":"https:\/\/creston.com.mx\/index.php\/02\/las-alcaldias-de-zacatecas-y-cuauhtemoc-se-hermanan-por-un-futuro-mejor\/estado\/2025\/","og_locale":"es_ES","og_type":"article","og_title":"Las Alcald\u00edas de Zacatecas y Cuauht\u00e9moc se hermanan por un futuro mejor - Peri\u00f3dico Digital de Zacatecas","og_description":". Suman esfuerzos en materia de Derechos Humanos, desarrollo econ\u00f3mico y tur\u00edstico. Trabajar\u00e1n por la no repetici\u00f3n de los actos de reprensi\u00f3n cometidos el pasado 8 de marzo. . Luego&hellip;","og_url":"https:\/\/creston.com.mx\/index.php\/02\/las-alcaldias-de-zacatecas-y-cuauhtemoc-se-hermanan-por-un-futuro-mejor\/estado\/2025\/","og_site_name":"Peri\u00f3dico Digital de Zacatecas","article_published_time":"2025-02-12T04:42:36+00:00","article_modified_time":"2025-02-12T04:42:39+00:00","og_image":[{"width":2560,"height":1709,"url":"https:\/\/creston.com.mx\/wp-content\/uploads\/2025\/02\/IMG-20250211-WA0043-scaled.jpg","type":"image\/jpeg"}],"author":"Periodico Creston","twitter_card":"summary_large_image","twitter_misc":{"Escrito por":"Periodico Creston","Tiempo de lectura":"2 minutos"},"schema":{"@context":"https:\/\/schema.org","@graph":[{"@type":"Article","@id":"https:\/\/creston.com.mx\/index.php\/02\/las-alcaldias-de-zacatecas-y-cuauhtemoc-se-hermanan-por-un-futuro-mejor\/estado\/2025\/#article","isPartOf":{"@id":"https:\/\/creston.com.mx\/index.php\/02\/las-alcaldias-de-zacatecas-y-cuauhtemoc-se-hermanan-por-un-futuro-mejor\/estado\/2025\/"},"author":{"name":"Periodico Creston","@id":"https:\/\/creston.com.mx\/#\/schema\/person\/01f2ce9e289bc5300c759925ef768c1d"},"headline":"Las Alcald\u00edas de Zacatecas y Cuauht\u00e9moc se hermanan por un futuro mejor","datePublished":"2025-02-12T04:42:36+00:00","dateModified":"2025-02-12T04:42:39+00:00","mainEntityOfPage":{"@id":"https:\/\/creston.com.mx\/index.php\/02\/las-alcaldias-de-zacatecas-y-cuauhtemoc-se-hermanan-por-un-futuro-mejor\/estado\/2025\/"},"wordCount":276,"commentCount":0,"publisher":{"@id":"https:\/\/creston.com.mx\/#organization"},"image":{"@id":"https:\/\/creston.com.mx\/index.php\/02\/las-alcaldias-de-zacatecas-y-cuauhtemoc-se-hermanan-por-un-futuro-mejor\/estado\/2025\/#primaryimage"},"thumbnailUrl":"https:\/\/creston.com.mx\/wp-content\/uploads\/2025\/02\/IMG-20250211-WA0043-scaled.jpg","articleSection":["Estado"],"inLanguage":"es","potentialAction":[{"@type":"CommentAction","name":"Comment","target":["https:\/\/creston.com.mx\/index.php\/02\/las-alcaldias-de-zacatecas-y-cuauhtemoc-se-hermanan-por-un-futuro-mejor\/estado\/2025\/#respond"]}]},{"@type":"WebPage","@id":"https:\/\/creston.com.mx\/index.php\/02\/las-alcaldias-de-zacatecas-y-cuauhtemoc-se-hermanan-por-un-futuro-mejor\/estado\/2025\/","url":"https:\/\/creston.com.mx\/index.php\/02\/las-alcaldias-de-zacatecas-y-cuauhtemoc-se-hermanan-por-un-futuro-mejor\/estado\/2025\/","name":"Las Alcald\u00edas de Zacatecas y Cuauht\u00e9moc se hermanan por un futuro mejor - Peri\u00f3dico Digital de Zacatecas","isPartOf":{"@id":"https:\/\/creston.com.mx\/#website"},"primaryImageOfPage":{"@id":"https:\/\/creston.com.mx\/index.php\/02\/las-alcaldias-de-zacatecas-y-cuauhtemoc-se-hermanan-por-un-futuro-mejor\/estado\/2025\/#primaryimage"},"image":{"@id":"https:\/\/creston.com.mx\/index.php\/02\/las-alcaldias-de-zacatecas-y-cuauhtemoc-se-hermanan-por-un-futuro-mejor\/estado\/2025\/#primaryimage"},"thumbnailUrl":"https:\/\/creston.com.mx\/wp-content\/uploads\/2025\/02\/IMG-20250211-WA0043-scaled.jpg","datePublished":"2025-02-12T04:42:36+00:00","dateModified":"2025-02-12T04:42:39+00:00","breadcrumb":{"@id":"https:\/\/creston.com.mx\/index.php\/02\/las-alcaldias-de-zacatecas-y-cuauhtemoc-se-hermanan-por-un-futuro-mejor\/estado\/2025\/#breadcrumb"},"inLanguage":"es","potentialAction":[{"@type":"ReadAction","target":["https:\/\/creston.com.mx\/index.php\/02\/las-alcaldias-de-zacatecas-y-cuauhtemoc-se-hermanan-por-un-futuro-mejor\/estado\/2025\/"]}]},{"@type":"ImageObject","inLanguage":"es","@id":"https:\/\/creston.com.mx\/index.php\/02\/las-alcaldias-de-zacatecas-y-cuauhtemoc-se-hermanan-por-un-futuro-mejor\/estado\/2025\/#primaryimage","url":"https:\/\/creston.com.mx\/wp-content\/uploads\/2025\/02\/IMG-20250211-WA0043-scaled.jpg","contentUrl":"https:\/\/creston.com.mx\/wp-content\/uploads\/2025\/02\/IMG-20250211-WA0043-scaled.jpg","width":2560,"height":1709},{"@type":"BreadcrumbList","@id":"https:\/\/creston.com.mx\/index.php\/02\/las-alcaldias-de-zacatecas-y-cuauhtemoc-se-hermanan-por-un-futuro-mejor\/estado\/2025\/#breadcrumb","itemListElement":[{"@type":"ListItem","position":1,"name":"Portada","item":"https:\/\/creston.com.mx\/"},{"@type":"ListItem","position":2,"name":"Las Alcald\u00edas de Zacatecas y Cuauht\u00e9moc se hermanan por un futuro mejor"}]},{"@type":"WebSite","@id":"https:\/\/creston.com.mx\/#website","url":"https:\/\/creston.com.mx\/","name":"Peri\u00f3dico Digital de Zacatecas","description":"","publisher":{"@id":"https:\/\/creston.com.mx\/#organization"},"potentialAction":[{"@type":"SearchAction","target":{"@type":"EntryPoint","urlTemplate":"https:\/\/creston.com.mx\/?s={search_term_string}"},"query-input":{"@type":"PropertyValueSpecification","valueRequired":true,"valueName":"search_term_string"}}],"inLanguage":"es"},{"@type":"Organization","@id":"https:\/\/creston.com.mx\/#organization","name":"Peri\u00f3dico Digital de Zacatecas","url":"https:\/\/creston.com.mx\/","logo":{"@type":"ImageObject","inLanguage":"es","@id":"https:\/\/creston.com.mx\/#\/schema\/logo\/image\/","url":"https:\/\/creston.com.mx\/wp-content\/uploads\/2026\/02\/cropped-Logo-Creston2.jpg","contentUrl":"https:\/\/creston.com.mx\/wp-content\/uploads\/2026\/02\/cropped-Logo-Creston2.jpg","width":503,"height":194,"caption":"Peri\u00f3dico Digital  de Zacatecas"},"image":{"@id":"https:\/\/creston.com.mx\/#\/schema\/logo\/image\/"}},{"@type":"Person","@id":"https:\/\/creston.com.mx\/#\/schema\/person\/01f2ce9e289bc5300c759925ef768c1d","name":"Periodico Creston","image":{"@type":"ImageObject","inLanguage":"es","@id":"https:\/\/creston.com.mx\/#\/schema\/person\/image\/","url":"https:\/\/secure.gravatar.com\/avatar\/c91eac1cf0d45897b6d294d474aa7713a194d460be0aaf72157553d050cda1c1?s=96&d=mm&r=g","contentUrl":"https:\/\/secure.gravatar.com\/avatar\/c91eac1cf0d45897b6d294d474aa7713a194d460be0aaf72157553d050cda1c1?s=96&d=mm&r=g","caption":"Periodico Creston"},"sameAs":["https:\/\/creston.com.mx"],"url":"https:\/\/creston.com.mx\/index.php\/author\/cstnalja96\/"}]}},"jetpack_sharing_enabled":true,"jetpack_featured_media_url":"https:\/\/creston.com.mx\/wp-content\/uploads\/2025\/02\/IMG-20250211-WA0043-scaled.jpg","_links":{"self":[{"href":"https:\/\/creston.com.mx\/index.php\/wp-json\/wp\/v2\/posts\/474","targetHints":{"allow":["GET"]}}],"collection":[{"href":"https:\/\/creston.com.mx\/index.php\/wp-json\/wp\/v2\/posts"}],"about":[{"href":"https:\/\/creston.com.mx\/index.php\/wp-json\/wp\/v2\/types\/post"}],"author":[{"embeddable":true,"href":"https:\/\/creston.com.mx\/index.php\/wp-json\/wp\/v2\/users\/1"}],"replies":[{"embeddable":true,"href":"https:\/\/creston.com.mx\/index.php\/wp-json\/wp\/v2\/comments?post=474"}],"version-history":[{"count":1,"href":"https:\/\/creston.com.mx\/index.php\/wp-json\/wp\/v2\/posts\/474\/revisions"}],"predecessor-version":[{"id":477,"href":"https:\/\/creston.com.mx\/index.php\/wp-json\/wp\/v2\/posts\/474\/revisions\/477"}],"wp:featuredmedia":[{"embeddable":true,"href":"https:\/\/creston.com.mx\/index.php\/wp-json\/wp\/v2\/media\/475"}],"wp:attachment":[{"href":"https:\/\/creston.com.mx\/index.php\/wp-json\/wp\/v2\/media?parent=474"}],"wp:term":[{"taxonomy":"category","embeddable":true,"href":"https:\/\/creston.com.mx\/index.php\/wp-json\/wp\/v2\/categories?post=474"},{"taxonomy":"post_tag","embeddable":true,"href":"https:\/\/creston.com.mx\/index.php\/wp-json\/wp\/v2\/tags?post=474"}],"curies":[{"name":"wp","href":"https:\/\/api.w.org\/{rel}","templated":true}]}}