{"id":471,"date":"2025-02-11T22:35:10","date_gmt":"2025-02-12T04:35:10","guid":{"rendered":"https:\/\/creston.com.mx\/?p=471"},"modified":"2025-02-11T22:35:14","modified_gmt":"2025-02-12T04:35:14","slug":"va-pri-por-la-creacion-de-un-zar-antidrogas","status":"publish","type":"post","link":"https:\/\/creston.com.mx\/index.php\/02\/va-pri-por-la-creacion-de-un-zar-antidrogas\/politica\/2025\/","title":{"rendered":"Va PRI por la creaci\u00f3n de un \u201cZar Antidrogas\u201d"},"content":{"rendered":"\n<p>.<\/p>\n\n\n\n<p class=\"has-medium-font-size\"><strong><em>Se debe combatir la producci\u00f3n, consumo y exportaci\u00f3n del Fentalino, afirma el l\u00edder pri\u00edsta, Carlos Pe\u00f1a Badillo.<\/em><\/strong><\/p>\n\n\n\n<p>.<\/p>\n\n\n\n<p>El Presidente del Comit\u00e9 Directivo Estatal (CDE) del Partido Revolucionario Institucional (PRI), Carlos Pe\u00f1a Badillo mostr\u00f3 su respaldo a la iniciativa de crear la figura del \u201cCoordinador del combate contra las drogas sint\u00e9ticas y el fentanilo\u201d, conocido com\u00fanmente como un Zar Antidrogas, presentada por el dirigente nacional del tricolor, Alejandro Moreno C\u00e1rdenas.<\/p>\n\n\n\n<p>En conferencia de prensa, Pe\u00f1a Badillo sostuvo que esta iniciativa para crear la figura de \u201cZar Antidrogas\u201d, se hace para combatir la producci\u00f3n, consumo y exportaci\u00f3n del Fentalino, opiode sint\u00e9tico altamente adictivo que ha ocasionado una grave crisis de seguridad en el pa\u00eds.<\/p>\n\n\n\n<p>Mencion\u00f3 que M\u00e9xico es el principal exportador de Fentanilo a Estados Unidos y su consumo se expande por el territorio nacional, librando una guerra entre c\u00e1rteles. Por lo que lament\u00f3 que el gobierno de Morena no se preocupe en enfrentar la realidad y combatir el crimen organizado.<\/p>\n\n\n\n<p>La respuesta del gobierno deja algo muy claro: Morena no quiere actuar y protege a los grupos delictivos, dijo.<\/p>\n\n\n\n<p>El Presidente del PRI en Zacatecas, Carlos Pe\u00f1a Badillo enfatiz\u00f3 que el gobierno mexicano ha fallado en su tarea de mantener la paz y la seguridad en M\u00e9xico, en vez de concentrar esfuerzos en desmantelar operaciones ilegales y dar con los responsables, denota su intenci\u00f3n de ser omisos en las acciones en materia de seguridad y combate al tr\u00e1fico de drogas, en aras de proteger a los grupos delictivos. Dio a conocer que la creaci\u00f3n de la figura de \u201cZar Antidrogas\u201d, permitir\u00e1 al gobierno federal designar a un responsable que se haga cargo de manera espec\u00edfica, del combate contra el fentanilo y otras drogas sint\u00e9ticas, un funcionario que tenga atribuci\u00f3n para coordinarse con otras dependencias, \u00f3rdenes de gobierno y con la Fiscal\u00eda General de la Rep\u00fablica, as\u00ed como, establecer comunicaci\u00f3n y coordinaci\u00f3n institucional con autoridades de Canad\u00e1 y Estados Unidos de Am\u00e9rica, a fin de crear una estrategia s\u00f3lida que d\u00e9 verdaderos resultados.<\/p>\n","protected":false},"excerpt":{"rendered":"<p>. Se debe combatir la producci\u00f3n, consumo y exportaci\u00f3n del Fentalino, afirma el l\u00edder pri\u00edsta, Carlos Pe\u00f1a Badillo. . El Presidente del Comit\u00e9 Directivo Estatal (CDE) del Partido Revolucionario Institucional&hellip; <\/p>\n","protected":false},"author":1,"featured_media":472,"comment_status":"open","ping_status":"closed","sticky":false,"template":"","format":"standard","meta":{"_jetpack_memberships_contains_paid_content":false,"footnotes":""},"categories":[2],"tags":[],"class_list":["post-471","post","type-post","status-publish","format-standard","has-post-thumbnail","hentry","category-politica"],"yoast_head":"<!-- This site is optimized with the Yoast SEO plugin v24.2 - https:\/\/yoast.com\/wordpress\/plugins\/seo\/ -->\n<title>Va PRI por la creaci\u00f3n de un \u201cZar Antidrogas\u201d - Peri\u00f3dico Digital de Zacatecas<\/title>\n<meta name=\"robots\" content=\"index, follow, max-snippet:-1, max-image-preview:large, max-video-preview:-1\" \/>\n<link rel=\"canonical\" href=\"https:\/\/creston.com.mx\/index.php\/02\/va-pri-por-la-creacion-de-un-zar-antidrogas\/politica\/2025\/\" \/>\n<meta property=\"og:locale\" content=\"es_ES\" \/>\n<meta property=\"og:type\" content=\"article\" \/>\n<meta property=\"og:title\" content=\"Va PRI por la creaci\u00f3n de un \u201cZar Antidrogas\u201d - Peri\u00f3dico Digital de Zacatecas\" \/>\n<meta property=\"og:description\" content=\". Se debe combatir la producci\u00f3n, consumo y exportaci\u00f3n del Fentalino, afirma el l\u00edder pri\u00edsta, Carlos Pe\u00f1a Badillo. . El Presidente del Comit\u00e9 Directivo Estatal (CDE) del Partido Revolucionario Institucional&hellip;\" \/>\n<meta property=\"og:url\" content=\"https:\/\/creston.com.mx\/index.php\/02\/va-pri-por-la-creacion-de-un-zar-antidrogas\/politica\/2025\/\" \/>\n<meta property=\"og:site_name\" content=\"Peri\u00f3dico Digital de Zacatecas\" \/>\n<meta property=\"article:published_time\" content=\"2025-02-12T04:35:10+00:00\" \/>\n<meta property=\"article:modified_time\" content=\"2025-02-12T04:35:14+00:00\" \/>\n<meta property=\"og:image\" content=\"https:\/\/creston.com.mx\/wp-content\/uploads\/2025\/02\/Img_8093a6f8.jpg\" \/>\n\t<meta property=\"og:image:width\" content=\"1280\" \/>\n\t<meta property=\"og:image:height\" content=\"855\" \/>\n\t<meta property=\"og:image:type\" content=\"image\/jpeg\" \/>\n<meta name=\"author\" content=\"Periodico Creston\" \/>\n<meta name=\"twitter:card\" content=\"summary_large_image\" \/>\n<meta name=\"twitter:label1\" content=\"Escrito por\" \/>\n\t<meta name=\"twitter:data1\" content=\"Periodico Creston\" \/>\n\t<meta name=\"twitter:label2\" content=\"Tiempo de lectura\" \/>\n\t<meta name=\"twitter:data2\" content=\"2 minutos\" \/>\n<script type=\"application\/ld+json\" class=\"yoast-schema-graph\">{\"@context\":\"https:\/\/schema.org\",\"@graph\":[{\"@type\":\"Article\",\"@id\":\"https:\/\/creston.com.mx\/index.php\/02\/va-pri-por-la-creacion-de-un-zar-antidrogas\/politica\/2025\/#article\",\"isPartOf\":{\"@id\":\"https:\/\/creston.com.mx\/index.php\/02\/va-pri-por-la-creacion-de-un-zar-antidrogas\/politica\/2025\/\"},\"author\":{\"name\":\"Periodico Creston\",\"@id\":\"https:\/\/creston.com.mx\/#\/schema\/person\/01f2ce9e289bc5300c759925ef768c1d\"},\"headline\":\"Va PRI por la creaci\u00f3n de un \u201cZar Antidrogas\u201d\",\"datePublished\":\"2025-02-12T04:35:10+00:00\",\"dateModified\":\"2025-02-12T04:35:14+00:00\",\"mainEntityOfPage\":{\"@id\":\"https:\/\/creston.com.mx\/index.php\/02\/va-pri-por-la-creacion-de-un-zar-antidrogas\/politica\/2025\/\"},\"wordCount\":371,\"commentCount\":0,\"publisher\":{\"@id\":\"https:\/\/creston.com.mx\/#organization\"},\"image\":{\"@id\":\"https:\/\/creston.com.mx\/index.php\/02\/va-pri-por-la-creacion-de-un-zar-antidrogas\/politica\/2025\/#primaryimage\"},\"thumbnailUrl\":\"https:\/\/creston.com.mx\/wp-content\/uploads\/2025\/02\/Img_8093a6f8.jpg\",\"articleSection\":[\"Pol\u00edtica\"],\"inLanguage\":\"es\",\"potentialAction\":[{\"@type\":\"CommentAction\",\"name\":\"Comment\",\"target\":[\"https:\/\/creston.com.mx\/index.php\/02\/va-pri-por-la-creacion-de-un-zar-antidrogas\/politica\/2025\/#respond\"]}]},{\"@type\":\"WebPage\",\"@id\":\"https:\/\/creston.com.mx\/index.php\/02\/va-pri-por-la-creacion-de-un-zar-antidrogas\/politica\/2025\/\",\"url\":\"https:\/\/creston.com.mx\/index.php\/02\/va-pri-por-la-creacion-de-un-zar-antidrogas\/politica\/2025\/\",\"name\":\"Va PRI por la creaci\u00f3n de un \u201cZar Antidrogas\u201d - Peri\u00f3dico Digital de Zacatecas\",\"isPartOf\":{\"@id\":\"https:\/\/creston.com.mx\/#website\"},\"primaryImageOfPage\":{\"@id\":\"https:\/\/creston.com.mx\/index.php\/02\/va-pri-por-la-creacion-de-un-zar-antidrogas\/politica\/2025\/#primaryimage\"},\"image\":{\"@id\":\"https:\/\/creston.com.mx\/index.php\/02\/va-pri-por-la-creacion-de-un-zar-antidrogas\/politica\/2025\/#primaryimage\"},\"thumbnailUrl\":\"https:\/\/creston.com.mx\/wp-content\/uploads\/2025\/02\/Img_8093a6f8.jpg\",\"datePublished\":\"2025-02-12T04:35:10+00:00\",\"dateModified\":\"2025-02-12T04:35:14+00:00\",\"breadcrumb\":{\"@id\":\"https:\/\/creston.com.mx\/index.php\/02\/va-pri-por-la-creacion-de-un-zar-antidrogas\/politica\/2025\/#breadcrumb\"},\"inLanguage\":\"es\",\"potentialAction\":[{\"@type\":\"ReadAction\",\"target\":[\"https:\/\/creston.com.mx\/index.php\/02\/va-pri-por-la-creacion-de-un-zar-antidrogas\/politica\/2025\/\"]}]},{\"@type\":\"ImageObject\",\"inLanguage\":\"es\",\"@id\":\"https:\/\/creston.com.mx\/index.php\/02\/va-pri-por-la-creacion-de-un-zar-antidrogas\/politica\/2025\/#primaryimage\",\"url\":\"https:\/\/creston.com.mx\/wp-content\/uploads\/2025\/02\/Img_8093a6f8.jpg\",\"contentUrl\":\"https:\/\/creston.com.mx\/wp-content\/uploads\/2025\/02\/Img_8093a6f8.jpg\",\"width\":1280,\"height\":855},{\"@type\":\"BreadcrumbList\",\"@id\":\"https:\/\/creston.com.mx\/index.php\/02\/va-pri-por-la-creacion-de-un-zar-antidrogas\/politica\/2025\/#breadcrumb\",\"itemListElement\":[{\"@type\":\"ListItem\",\"position\":1,\"name\":\"Portada\",\"item\":\"https:\/\/creston.com.mx\/\"},{\"@type\":\"ListItem\",\"position\":2,\"name\":\"Va PRI por la creaci\u00f3n de un \u201cZar Antidrogas\u201d\"}]},{\"@type\":\"WebSite\",\"@id\":\"https:\/\/creston.com.mx\/#website\",\"url\":\"https:\/\/creston.com.mx\/\",\"name\":\"Peri\u00f3dico Digital de Zacatecas\",\"description\":\"\",\"publisher\":{\"@id\":\"https:\/\/creston.com.mx\/#organization\"},\"potentialAction\":[{\"@type\":\"SearchAction\",\"target\":{\"@type\":\"EntryPoint\",\"urlTemplate\":\"https:\/\/creston.com.mx\/?s={search_term_string}\"},\"query-input\":{\"@type\":\"PropertyValueSpecification\",\"valueRequired\":true,\"valueName\":\"search_term_string\"}}],\"inLanguage\":\"es\"},{\"@type\":\"Organization\",\"@id\":\"https:\/\/creston.com.mx\/#organization\",\"name\":\"Peri\u00f3dico Digital de Zacatecas\",\"url\":\"https:\/\/creston.com.mx\/\",\"logo\":{\"@type\":\"ImageObject\",\"inLanguage\":\"es\",\"@id\":\"https:\/\/creston.com.mx\/#\/schema\/logo\/image\/\",\"url\":\"https:\/\/creston.com.mx\/wp-content\/uploads\/2026\/02\/cropped-Logo-Creston2.jpg\",\"contentUrl\":\"https:\/\/creston.com.mx\/wp-content\/uploads\/2026\/02\/cropped-Logo-Creston2.jpg\",\"width\":503,\"height\":194,\"caption\":\"Peri\u00f3dico Digital  de Zacatecas\"},\"image\":{\"@id\":\"https:\/\/creston.com.mx\/#\/schema\/logo\/image\/\"}},{\"@type\":\"Person\",\"@id\":\"https:\/\/creston.com.mx\/#\/schema\/person\/01f2ce9e289bc5300c759925ef768c1d\",\"name\":\"Periodico Creston\",\"image\":{\"@type\":\"ImageObject\",\"inLanguage\":\"es\",\"@id\":\"https:\/\/creston.com.mx\/#\/schema\/person\/image\/\",\"url\":\"https:\/\/secure.gravatar.com\/avatar\/c91eac1cf0d45897b6d294d474aa7713a194d460be0aaf72157553d050cda1c1?s=96&d=mm&r=g\",\"contentUrl\":\"https:\/\/secure.gravatar.com\/avatar\/c91eac1cf0d45897b6d294d474aa7713a194d460be0aaf72157553d050cda1c1?s=96&d=mm&r=g\",\"caption\":\"Periodico Creston\"},\"sameAs\":[\"https:\/\/creston.com.mx\"],\"url\":\"https:\/\/creston.com.mx\/index.php\/author\/cstnalja96\/\"}]}<\/script>\n<!-- \/ Yoast SEO plugin. -->","yoast_head_json":{"title":"Va PRI por la creaci\u00f3n de un \u201cZar Antidrogas\u201d - Peri\u00f3dico Digital de Zacatecas","robots":{"index":"index","follow":"follow","max-snippet":"max-snippet:-1","max-image-preview":"max-image-preview:large","max-video-preview":"max-video-preview:-1"},"canonical":"https:\/\/creston.com.mx\/index.php\/02\/va-pri-por-la-creacion-de-un-zar-antidrogas\/politica\/2025\/","og_locale":"es_ES","og_type":"article","og_title":"Va PRI por la creaci\u00f3n de un \u201cZar Antidrogas\u201d - Peri\u00f3dico Digital de Zacatecas","og_description":". Se debe combatir la producci\u00f3n, consumo y exportaci\u00f3n del Fentalino, afirma el l\u00edder pri\u00edsta, Carlos Pe\u00f1a Badillo. . El Presidente del Comit\u00e9 Directivo Estatal (CDE) del Partido Revolucionario Institucional&hellip;","og_url":"https:\/\/creston.com.mx\/index.php\/02\/va-pri-por-la-creacion-de-un-zar-antidrogas\/politica\/2025\/","og_site_name":"Peri\u00f3dico Digital de Zacatecas","article_published_time":"2025-02-12T04:35:10+00:00","article_modified_time":"2025-02-12T04:35:14+00:00","og_image":[{"width":1280,"height":855,"url":"https:\/\/creston.com.mx\/wp-content\/uploads\/2025\/02\/Img_8093a6f8.jpg","type":"image\/jpeg"}],"author":"Periodico Creston","twitter_card":"summary_large_image","twitter_misc":{"Escrito por":"Periodico Creston","Tiempo de lectura":"2 minutos"},"schema":{"@context":"https:\/\/schema.org","@graph":[{"@type":"Article","@id":"https:\/\/creston.com.mx\/index.php\/02\/va-pri-por-la-creacion-de-un-zar-antidrogas\/politica\/2025\/#article","isPartOf":{"@id":"https:\/\/creston.com.mx\/index.php\/02\/va-pri-por-la-creacion-de-un-zar-antidrogas\/politica\/2025\/"},"author":{"name":"Periodico Creston","@id":"https:\/\/creston.com.mx\/#\/schema\/person\/01f2ce9e289bc5300c759925ef768c1d"},"headline":"Va PRI por la creaci\u00f3n de un \u201cZar Antidrogas\u201d","datePublished":"2025-02-12T04:35:10+00:00","dateModified":"2025-02-12T04:35:14+00:00","mainEntityOfPage":{"@id":"https:\/\/creston.com.mx\/index.php\/02\/va-pri-por-la-creacion-de-un-zar-antidrogas\/politica\/2025\/"},"wordCount":371,"commentCount":0,"publisher":{"@id":"https:\/\/creston.com.mx\/#organization"},"image":{"@id":"https:\/\/creston.com.mx\/index.php\/02\/va-pri-por-la-creacion-de-un-zar-antidrogas\/politica\/2025\/#primaryimage"},"thumbnailUrl":"https:\/\/creston.com.mx\/wp-content\/uploads\/2025\/02\/Img_8093a6f8.jpg","articleSection":["Pol\u00edtica"],"inLanguage":"es","potentialAction":[{"@type":"CommentAction","name":"Comment","target":["https:\/\/creston.com.mx\/index.php\/02\/va-pri-por-la-creacion-de-un-zar-antidrogas\/politica\/2025\/#respond"]}]},{"@type":"WebPage","@id":"https:\/\/creston.com.mx\/index.php\/02\/va-pri-por-la-creacion-de-un-zar-antidrogas\/politica\/2025\/","url":"https:\/\/creston.com.mx\/index.php\/02\/va-pri-por-la-creacion-de-un-zar-antidrogas\/politica\/2025\/","name":"Va PRI por la creaci\u00f3n de un \u201cZar Antidrogas\u201d - Peri\u00f3dico Digital de Zacatecas","isPartOf":{"@id":"https:\/\/creston.com.mx\/#website"},"primaryImageOfPage":{"@id":"https:\/\/creston.com.mx\/index.php\/02\/va-pri-por-la-creacion-de-un-zar-antidrogas\/politica\/2025\/#primaryimage"},"image":{"@id":"https:\/\/creston.com.mx\/index.php\/02\/va-pri-por-la-creacion-de-un-zar-antidrogas\/politica\/2025\/#primaryimage"},"thumbnailUrl":"https:\/\/creston.com.mx\/wp-content\/uploads\/2025\/02\/Img_8093a6f8.jpg","datePublished":"2025-02-12T04:35:10+00:00","dateModified":"2025-02-12T04:35:14+00:00","breadcrumb":{"@id":"https:\/\/creston.com.mx\/index.php\/02\/va-pri-por-la-creacion-de-un-zar-antidrogas\/politica\/2025\/#breadcrumb"},"inLanguage":"es","potentialAction":[{"@type":"ReadAction","target":["https:\/\/creston.com.mx\/index.php\/02\/va-pri-por-la-creacion-de-un-zar-antidrogas\/politica\/2025\/"]}]},{"@type":"ImageObject","inLanguage":"es","@id":"https:\/\/creston.com.mx\/index.php\/02\/va-pri-por-la-creacion-de-un-zar-antidrogas\/politica\/2025\/#primaryimage","url":"https:\/\/creston.com.mx\/wp-content\/uploads\/2025\/02\/Img_8093a6f8.jpg","contentUrl":"https:\/\/creston.com.mx\/wp-content\/uploads\/2025\/02\/Img_8093a6f8.jpg","width":1280,"height":855},{"@type":"BreadcrumbList","@id":"https:\/\/creston.com.mx\/index.php\/02\/va-pri-por-la-creacion-de-un-zar-antidrogas\/politica\/2025\/#breadcrumb","itemListElement":[{"@type":"ListItem","position":1,"name":"Portada","item":"https:\/\/creston.com.mx\/"},{"@type":"ListItem","position":2,"name":"Va PRI por la creaci\u00f3n de un \u201cZar Antidrogas\u201d"}]},{"@type":"WebSite","@id":"https:\/\/creston.com.mx\/#website","url":"https:\/\/creston.com.mx\/","name":"Peri\u00f3dico Digital de Zacatecas","description":"","publisher":{"@id":"https:\/\/creston.com.mx\/#organization"},"potentialAction":[{"@type":"SearchAction","target":{"@type":"EntryPoint","urlTemplate":"https:\/\/creston.com.mx\/?s={search_term_string}"},"query-input":{"@type":"PropertyValueSpecification","valueRequired":true,"valueName":"search_term_string"}}],"inLanguage":"es"},{"@type":"Organization","@id":"https:\/\/creston.com.mx\/#organization","name":"Peri\u00f3dico Digital de Zacatecas","url":"https:\/\/creston.com.mx\/","logo":{"@type":"ImageObject","inLanguage":"es","@id":"https:\/\/creston.com.mx\/#\/schema\/logo\/image\/","url":"https:\/\/creston.com.mx\/wp-content\/uploads\/2026\/02\/cropped-Logo-Creston2.jpg","contentUrl":"https:\/\/creston.com.mx\/wp-content\/uploads\/2026\/02\/cropped-Logo-Creston2.jpg","width":503,"height":194,"caption":"Peri\u00f3dico Digital  de Zacatecas"},"image":{"@id":"https:\/\/creston.com.mx\/#\/schema\/logo\/image\/"}},{"@type":"Person","@id":"https:\/\/creston.com.mx\/#\/schema\/person\/01f2ce9e289bc5300c759925ef768c1d","name":"Periodico Creston","image":{"@type":"ImageObject","inLanguage":"es","@id":"https:\/\/creston.com.mx\/#\/schema\/person\/image\/","url":"https:\/\/secure.gravatar.com\/avatar\/c91eac1cf0d45897b6d294d474aa7713a194d460be0aaf72157553d050cda1c1?s=96&d=mm&r=g","contentUrl":"https:\/\/secure.gravatar.com\/avatar\/c91eac1cf0d45897b6d294d474aa7713a194d460be0aaf72157553d050cda1c1?s=96&d=mm&r=g","caption":"Periodico Creston"},"sameAs":["https:\/\/creston.com.mx"],"url":"https:\/\/creston.com.mx\/index.php\/author\/cstnalja96\/"}]}},"jetpack_sharing_enabled":true,"jetpack_featured_media_url":"https:\/\/creston.com.mx\/wp-content\/uploads\/2025\/02\/Img_8093a6f8.jpg","_links":{"self":[{"href":"https:\/\/creston.com.mx\/index.php\/wp-json\/wp\/v2\/posts\/471","targetHints":{"allow":["GET"]}}],"collection":[{"href":"https:\/\/creston.com.mx\/index.php\/wp-json\/wp\/v2\/posts"}],"about":[{"href":"https:\/\/creston.com.mx\/index.php\/wp-json\/wp\/v2\/types\/post"}],"author":[{"embeddable":true,"href":"https:\/\/creston.com.mx\/index.php\/wp-json\/wp\/v2\/users\/1"}],"replies":[{"embeddable":true,"href":"https:\/\/creston.com.mx\/index.php\/wp-json\/wp\/v2\/comments?post=471"}],"version-history":[{"count":1,"href":"https:\/\/creston.com.mx\/index.php\/wp-json\/wp\/v2\/posts\/471\/revisions"}],"predecessor-version":[{"id":473,"href":"https:\/\/creston.com.mx\/index.php\/wp-json\/wp\/v2\/posts\/471\/revisions\/473"}],"wp:featuredmedia":[{"embeddable":true,"href":"https:\/\/creston.com.mx\/index.php\/wp-json\/wp\/v2\/media\/472"}],"wp:attachment":[{"href":"https:\/\/creston.com.mx\/index.php\/wp-json\/wp\/v2\/media?parent=471"}],"wp:term":[{"taxonomy":"category","embeddable":true,"href":"https:\/\/creston.com.mx\/index.php\/wp-json\/wp\/v2\/categories?post=471"},{"taxonomy":"post_tag","embeddable":true,"href":"https:\/\/creston.com.mx\/index.php\/wp-json\/wp\/v2\/tags?post=471"}],"curies":[{"name":"wp","href":"https:\/\/api.w.org\/{rel}","templated":true}]}}