{"id":458,"date":"2025-02-10T23:40:38","date_gmt":"2025-02-11T05:40:38","guid":{"rendered":"https:\/\/creston.com.mx\/?p=458"},"modified":"2025-02-11T16:16:25","modified_gmt":"2025-02-11T22:16:25","slug":"reformas-no-afectara-mi-carrera-politica-sma","status":"publish","type":"post","link":"https:\/\/creston.com.mx\/index.php\/02\/reformas-no-afectara-mi-carrera-politica-sma\/politica\/2025\/","title":{"rendered":"Reformas no afectar\u00e1 mi carrera pol\u00edtica: SMA"},"content":{"rendered":"\n<p>.<\/p>\n\n\n\n<p class=\"has-medium-font-size\"><strong><em>Estamos de acuerdo en anular la reelecci\u00f3n y el nepotismo, \u201clo he dicho, no soy un ambicioso vulgar\u201d, sentenci\u00f3 el senador.<\/em><\/strong><\/p>\n\n\n\n<p>.<\/p>\n\n\n\n<p>Sa\u00fal Monreal \u00c1vila, senador de la Rep\u00fablica de MORENA por Zacatecas dej\u00f3 claro que respaldar\u00e1 las reformas que anulan la reelecci\u00f3n y el nepotismo, anunciadas el 5 de febrero, en Quer\u00e9taro, por la presidenta Claudia Sheinbaum Pardo.<\/p>\n\n\n\n<p>\u201cQue no quede duda, estamos de acuerdo en ambas reformas, ya que lleguen al Senado ser\u00e1n analizadas, discutidas y en su caso aprobadas, no tengo ning\u00fan problema, lo que estamos esperando es conocer el verdadero esp\u00edritu de cada una de ellas, para su entrada en vigor, a partir de ah\u00ed tomaremos una decisi\u00f3n\u201d.<\/p>\n\n\n\n<p>\u201cMe han estado llamando muchos amigos y amigas del estado, de los sectores productivos, quienes han confiado en mi trabajo, en mi persona, incluso, he recibido tambi\u00e9n varias llamadas de medios nacionales para preguntarme cu\u00e1l es mi opini\u00f3n sobre las dos reformas que anunci\u00f3 la doctora Sheinbaum, en Quer\u00e9taro, que anulan la reelecci\u00f3n y el nepotismo, la respuesta ha sido la misma, vamos a respaldar las reformas, cuando lleguen al Senado las leeremos con calma y fijaremos una posici\u00f3n m\u00e1s clara, pero ya con todo el conocimiento de causa\u201d, expres\u00f3 Monreal \u00c1vila.<\/p>\n\n\n\n<p>Y continu\u00f3 el legislador \u201cEn repetidas ocasiones lo he dicho sobre mis aspiraciones a la gubernatura: no soy un ambicioso vulgar, justo ahora, tengo una responsabilidad como Senador de la Rep\u00fablica, estoy preocupado y ocupado en que caminen las 20 iniciativas que ingresamos sobre distintos temas, t\u00f3picos en bien de distintos sectores del pa\u00eds, en temas coyunturales para bien de la sociedad mexicana\u201d.<\/p>\n\n\n\n<p>Tengo entendido, dijo Sa\u00fal Monreal, la propia presidenta Sheinbaum estaba analizando justo los tiempos para la entrada en vigor de las reformas, con su equipo t\u00e9cnico-jur\u00eddico, porque hay muchos estados donde habr\u00eda esos casos de nepotismo. \u201cYo no tengo problema, en todo caso, mi trayectoria en la pol\u00edtica est\u00e1 de manifiesto\u201d.<\/p>\n\n\n\n<p>Record\u00f3 su trabajo \u201cA m\u00ed nadie me ha regalado nada, tengo m\u00e1s de 25 a\u00f1os en la pol\u00edtica, en donde he experimentado derrotas y victorias, as\u00ed es la pol\u00edtica, as\u00ed son las circunstancias y condiciones de quienes nos dedicamos a la pol\u00edtica y vivimos de ella\u201d.<\/p>\n\n\n\n<p>\u201cEsto tiene que ver con los momentos y definiciones pol\u00edticas que vendr\u00e1n en un futuro, por eso digo, en estos momentos, mi responsabilidad mayor est\u00e1 en el Senado de la Rep\u00fablica, estamos trabajando fuerte y estoy regresando a los municipios para informar, es por eso, que ante las dudas la gente que nos aprecia nos habla para saber de mi persona qu\u00e9 viene\u201d, se\u00f1al\u00f3 el Senador.<\/p>\n\n\n\n<figure class=\"wp-block-image\"><img fetchpriority=\"high\" decoding=\"async\" width=\"2172\" height=\"1318\" src=\"https:\/\/creston.com.mx\/wp-content\/uploads\/2025\/02\/IMG-20250210-WA0004-scaled-e1739252400529.jpg\" alt=\"\" class=\"wp-image-459\" srcset=\"https:\/\/creston.com.mx\/wp-content\/uploads\/2025\/02\/IMG-20250210-WA0004-scaled-e1739252400529.jpg 2172w, https:\/\/creston.com.mx\/wp-content\/uploads\/2025\/02\/IMG-20250210-WA0004-scaled-e1739252400529-300x182.jpg 300w, https:\/\/creston.com.mx\/wp-content\/uploads\/2025\/02\/IMG-20250210-WA0004-scaled-e1739252400529-1024x621.jpg 1024w, https:\/\/creston.com.mx\/wp-content\/uploads\/2025\/02\/IMG-20250210-WA0004-scaled-e1739252400529-768x466.jpg 768w, https:\/\/creston.com.mx\/wp-content\/uploads\/2025\/02\/IMG-20250210-WA0004-scaled-e1739252400529-1536x932.jpg 1536w, https:\/\/creston.com.mx\/wp-content\/uploads\/2025\/02\/IMG-20250210-WA0004-scaled-e1739252400529-2048x1243.jpg 2048w\" sizes=\"(max-width: 2172px) 100vw, 2172px\" \/><\/figure>\n\n\n\n<p><strong><em>RESPALDAMOS A LA PRESIDENTA <\/em><\/strong><\/p>\n\n\n\n<p>En conclusi\u00f3n, el Senador Sa\u00fal Monreal \u00c1vila termin\u00f3 diciendo: \u201cvamos a respaldar como lo hemos venido haciendo a la presidenta, la doctora Claudia Sheinbaum Pardo, hoy m\u00e1s que nunca requiere de la ayuda de los senadores de MORENA y partidos aliados, estamos a la espera de sus iniciativas para leerlas e interpretarlas de manera correcta, por lo dem\u00e1s, no se nos va la vida, trabajo hay en el Senado y mucho\u201d.<\/p>\n","protected":false},"excerpt":{"rendered":"<p>. Estamos de acuerdo en anular la reelecci\u00f3n y el nepotismo, \u201clo he dicho, no soy un ambicioso vulgar\u201d, sentenci\u00f3 el senador. . Sa\u00fal Monreal \u00c1vila, senador de la Rep\u00fablica&hellip; <\/p>\n","protected":false},"author":1,"featured_media":470,"comment_status":"open","ping_status":"closed","sticky":false,"template":"","format":"standard","meta":{"_jetpack_memberships_contains_paid_content":false,"footnotes":""},"categories":[2],"tags":[],"class_list":["post-458","post","type-post","status-publish","format-standard","has-post-thumbnail","hentry","category-politica"],"yoast_head":"<!-- This site is optimized with the Yoast SEO plugin v24.2 - https:\/\/yoast.com\/wordpress\/plugins\/seo\/ -->\n<title>Reformas no afectar\u00e1 mi carrera pol\u00edtica: SMA - Peri\u00f3dico Digital de Zacatecas<\/title>\n<meta name=\"robots\" content=\"index, follow, max-snippet:-1, max-image-preview:large, max-video-preview:-1\" \/>\n<link rel=\"canonical\" href=\"https:\/\/creston.com.mx\/index.php\/02\/reformas-no-afectara-mi-carrera-politica-sma\/politica\/2025\/\" \/>\n<meta property=\"og:locale\" content=\"es_ES\" \/>\n<meta property=\"og:type\" content=\"article\" \/>\n<meta property=\"og:title\" content=\"Reformas no afectar\u00e1 mi carrera pol\u00edtica: SMA - Peri\u00f3dico Digital de Zacatecas\" \/>\n<meta property=\"og:description\" content=\". Estamos de acuerdo en anular la reelecci\u00f3n y el nepotismo, \u201clo he dicho, no soy un ambicioso vulgar\u201d, sentenci\u00f3 el senador. . Sa\u00fal Monreal \u00c1vila, senador de la Rep\u00fablica&hellip;\" \/>\n<meta property=\"og:url\" content=\"https:\/\/creston.com.mx\/index.php\/02\/reformas-no-afectara-mi-carrera-politica-sma\/politica\/2025\/\" \/>\n<meta property=\"og:site_name\" content=\"Peri\u00f3dico Digital de Zacatecas\" \/>\n<meta property=\"article:published_time\" content=\"2025-02-11T05:40:38+00:00\" \/>\n<meta property=\"article:modified_time\" content=\"2025-02-11T22:16:25+00:00\" \/>\n<meta property=\"og:image\" content=\"https:\/\/creston.com.mx\/wp-content\/uploads\/2025\/02\/DSCN9958-scaled.jpg\" \/>\n\t<meta property=\"og:image:width\" content=\"2560\" \/>\n\t<meta property=\"og:image:height\" content=\"1773\" \/>\n\t<meta property=\"og:image:type\" content=\"image\/jpeg\" \/>\n<meta name=\"author\" content=\"Periodico Creston\" \/>\n<meta name=\"twitter:card\" content=\"summary_large_image\" \/>\n<meta name=\"twitter:label1\" content=\"Escrito por\" \/>\n\t<meta name=\"twitter:data1\" content=\"Periodico Creston\" \/>\n\t<meta name=\"twitter:label2\" content=\"Tiempo de lectura\" \/>\n\t<meta name=\"twitter:data2\" content=\"3 minutos\" \/>\n<script type=\"application\/ld+json\" class=\"yoast-schema-graph\">{\"@context\":\"https:\/\/schema.org\",\"@graph\":[{\"@type\":\"Article\",\"@id\":\"https:\/\/creston.com.mx\/index.php\/02\/reformas-no-afectara-mi-carrera-politica-sma\/politica\/2025\/#article\",\"isPartOf\":{\"@id\":\"https:\/\/creston.com.mx\/index.php\/02\/reformas-no-afectara-mi-carrera-politica-sma\/politica\/2025\/\"},\"author\":{\"name\":\"Periodico Creston\",\"@id\":\"https:\/\/creston.com.mx\/#\/schema\/person\/01f2ce9e289bc5300c759925ef768c1d\"},\"headline\":\"Reformas no afectar\u00e1 mi carrera pol\u00edtica: SMA\",\"datePublished\":\"2025-02-11T05:40:38+00:00\",\"dateModified\":\"2025-02-11T22:16:25+00:00\",\"mainEntityOfPage\":{\"@id\":\"https:\/\/creston.com.mx\/index.php\/02\/reformas-no-afectara-mi-carrera-politica-sma\/politica\/2025\/\"},\"wordCount\":546,\"commentCount\":0,\"publisher\":{\"@id\":\"https:\/\/creston.com.mx\/#organization\"},\"image\":{\"@id\":\"https:\/\/creston.com.mx\/index.php\/02\/reformas-no-afectara-mi-carrera-politica-sma\/politica\/2025\/#primaryimage\"},\"thumbnailUrl\":\"https:\/\/creston.com.mx\/wp-content\/uploads\/2025\/02\/DSCN9958-scaled.jpg\",\"articleSection\":[\"Pol\u00edtica\"],\"inLanguage\":\"es\",\"potentialAction\":[{\"@type\":\"CommentAction\",\"name\":\"Comment\",\"target\":[\"https:\/\/creston.com.mx\/index.php\/02\/reformas-no-afectara-mi-carrera-politica-sma\/politica\/2025\/#respond\"]}]},{\"@type\":\"WebPage\",\"@id\":\"https:\/\/creston.com.mx\/index.php\/02\/reformas-no-afectara-mi-carrera-politica-sma\/politica\/2025\/\",\"url\":\"https:\/\/creston.com.mx\/index.php\/02\/reformas-no-afectara-mi-carrera-politica-sma\/politica\/2025\/\",\"name\":\"Reformas no afectar\u00e1 mi carrera pol\u00edtica: SMA - Peri\u00f3dico Digital de Zacatecas\",\"isPartOf\":{\"@id\":\"https:\/\/creston.com.mx\/#website\"},\"primaryImageOfPage\":{\"@id\":\"https:\/\/creston.com.mx\/index.php\/02\/reformas-no-afectara-mi-carrera-politica-sma\/politica\/2025\/#primaryimage\"},\"image\":{\"@id\":\"https:\/\/creston.com.mx\/index.php\/02\/reformas-no-afectara-mi-carrera-politica-sma\/politica\/2025\/#primaryimage\"},\"thumbnailUrl\":\"https:\/\/creston.com.mx\/wp-content\/uploads\/2025\/02\/DSCN9958-scaled.jpg\",\"datePublished\":\"2025-02-11T05:40:38+00:00\",\"dateModified\":\"2025-02-11T22:16:25+00:00\",\"breadcrumb\":{\"@id\":\"https:\/\/creston.com.mx\/index.php\/02\/reformas-no-afectara-mi-carrera-politica-sma\/politica\/2025\/#breadcrumb\"},\"inLanguage\":\"es\",\"potentialAction\":[{\"@type\":\"ReadAction\",\"target\":[\"https:\/\/creston.com.mx\/index.php\/02\/reformas-no-afectara-mi-carrera-politica-sma\/politica\/2025\/\"]}]},{\"@type\":\"ImageObject\",\"inLanguage\":\"es\",\"@id\":\"https:\/\/creston.com.mx\/index.php\/02\/reformas-no-afectara-mi-carrera-politica-sma\/politica\/2025\/#primaryimage\",\"url\":\"https:\/\/creston.com.mx\/wp-content\/uploads\/2025\/02\/DSCN9958-scaled.jpg\",\"contentUrl\":\"https:\/\/creston.com.mx\/wp-content\/uploads\/2025\/02\/DSCN9958-scaled.jpg\",\"width\":2560,\"height\":1773},{\"@type\":\"BreadcrumbList\",\"@id\":\"https:\/\/creston.com.mx\/index.php\/02\/reformas-no-afectara-mi-carrera-politica-sma\/politica\/2025\/#breadcrumb\",\"itemListElement\":[{\"@type\":\"ListItem\",\"position\":1,\"name\":\"Portada\",\"item\":\"https:\/\/creston.com.mx\/\"},{\"@type\":\"ListItem\",\"position\":2,\"name\":\"Reformas no afectar\u00e1 mi carrera pol\u00edtica: SMA\"}]},{\"@type\":\"WebSite\",\"@id\":\"https:\/\/creston.com.mx\/#website\",\"url\":\"https:\/\/creston.com.mx\/\",\"name\":\"Peri\u00f3dico Digital de Zacatecas\",\"description\":\"\",\"publisher\":{\"@id\":\"https:\/\/creston.com.mx\/#organization\"},\"potentialAction\":[{\"@type\":\"SearchAction\",\"target\":{\"@type\":\"EntryPoint\",\"urlTemplate\":\"https:\/\/creston.com.mx\/?s={search_term_string}\"},\"query-input\":{\"@type\":\"PropertyValueSpecification\",\"valueRequired\":true,\"valueName\":\"search_term_string\"}}],\"inLanguage\":\"es\"},{\"@type\":\"Organization\",\"@id\":\"https:\/\/creston.com.mx\/#organization\",\"name\":\"Peri\u00f3dico Digital de Zacatecas\",\"url\":\"https:\/\/creston.com.mx\/\",\"logo\":{\"@type\":\"ImageObject\",\"inLanguage\":\"es\",\"@id\":\"https:\/\/creston.com.mx\/#\/schema\/logo\/image\/\",\"url\":\"https:\/\/creston.com.mx\/wp-content\/uploads\/2026\/02\/cropped-Logo-Creston2.jpg\",\"contentUrl\":\"https:\/\/creston.com.mx\/wp-content\/uploads\/2026\/02\/cropped-Logo-Creston2.jpg\",\"width\":503,\"height\":194,\"caption\":\"Peri\u00f3dico Digital  de Zacatecas\"},\"image\":{\"@id\":\"https:\/\/creston.com.mx\/#\/schema\/logo\/image\/\"}},{\"@type\":\"Person\",\"@id\":\"https:\/\/creston.com.mx\/#\/schema\/person\/01f2ce9e289bc5300c759925ef768c1d\",\"name\":\"Periodico Creston\",\"image\":{\"@type\":\"ImageObject\",\"inLanguage\":\"es\",\"@id\":\"https:\/\/creston.com.mx\/#\/schema\/person\/image\/\",\"url\":\"https:\/\/secure.gravatar.com\/avatar\/c91eac1cf0d45897b6d294d474aa7713a194d460be0aaf72157553d050cda1c1?s=96&d=mm&r=g\",\"contentUrl\":\"https:\/\/secure.gravatar.com\/avatar\/c91eac1cf0d45897b6d294d474aa7713a194d460be0aaf72157553d050cda1c1?s=96&d=mm&r=g\",\"caption\":\"Periodico Creston\"},\"sameAs\":[\"https:\/\/creston.com.mx\"],\"url\":\"https:\/\/creston.com.mx\/index.php\/author\/cstnalja96\/\"}]}<\/script>\n<!-- \/ Yoast SEO plugin. -->","yoast_head_json":{"title":"Reformas no afectar\u00e1 mi carrera pol\u00edtica: SMA - Peri\u00f3dico Digital de Zacatecas","robots":{"index":"index","follow":"follow","max-snippet":"max-snippet:-1","max-image-preview":"max-image-preview:large","max-video-preview":"max-video-preview:-1"},"canonical":"https:\/\/creston.com.mx\/index.php\/02\/reformas-no-afectara-mi-carrera-politica-sma\/politica\/2025\/","og_locale":"es_ES","og_type":"article","og_title":"Reformas no afectar\u00e1 mi carrera pol\u00edtica: SMA - Peri\u00f3dico Digital de Zacatecas","og_description":". Estamos de acuerdo en anular la reelecci\u00f3n y el nepotismo, \u201clo he dicho, no soy un ambicioso vulgar\u201d, sentenci\u00f3 el senador. . Sa\u00fal Monreal \u00c1vila, senador de la Rep\u00fablica&hellip;","og_url":"https:\/\/creston.com.mx\/index.php\/02\/reformas-no-afectara-mi-carrera-politica-sma\/politica\/2025\/","og_site_name":"Peri\u00f3dico Digital de Zacatecas","article_published_time":"2025-02-11T05:40:38+00:00","article_modified_time":"2025-02-11T22:16:25+00:00","og_image":[{"width":2560,"height":1773,"url":"https:\/\/creston.com.mx\/wp-content\/uploads\/2025\/02\/DSCN9958-scaled.jpg","type":"image\/jpeg"}],"author":"Periodico Creston","twitter_card":"summary_large_image","twitter_misc":{"Escrito por":"Periodico Creston","Tiempo de lectura":"3 minutos"},"schema":{"@context":"https:\/\/schema.org","@graph":[{"@type":"Article","@id":"https:\/\/creston.com.mx\/index.php\/02\/reformas-no-afectara-mi-carrera-politica-sma\/politica\/2025\/#article","isPartOf":{"@id":"https:\/\/creston.com.mx\/index.php\/02\/reformas-no-afectara-mi-carrera-politica-sma\/politica\/2025\/"},"author":{"name":"Periodico Creston","@id":"https:\/\/creston.com.mx\/#\/schema\/person\/01f2ce9e289bc5300c759925ef768c1d"},"headline":"Reformas no afectar\u00e1 mi carrera pol\u00edtica: SMA","datePublished":"2025-02-11T05:40:38+00:00","dateModified":"2025-02-11T22:16:25+00:00","mainEntityOfPage":{"@id":"https:\/\/creston.com.mx\/index.php\/02\/reformas-no-afectara-mi-carrera-politica-sma\/politica\/2025\/"},"wordCount":546,"commentCount":0,"publisher":{"@id":"https:\/\/creston.com.mx\/#organization"},"image":{"@id":"https:\/\/creston.com.mx\/index.php\/02\/reformas-no-afectara-mi-carrera-politica-sma\/politica\/2025\/#primaryimage"},"thumbnailUrl":"https:\/\/creston.com.mx\/wp-content\/uploads\/2025\/02\/DSCN9958-scaled.jpg","articleSection":["Pol\u00edtica"],"inLanguage":"es","potentialAction":[{"@type":"CommentAction","name":"Comment","target":["https:\/\/creston.com.mx\/index.php\/02\/reformas-no-afectara-mi-carrera-politica-sma\/politica\/2025\/#respond"]}]},{"@type":"WebPage","@id":"https:\/\/creston.com.mx\/index.php\/02\/reformas-no-afectara-mi-carrera-politica-sma\/politica\/2025\/","url":"https:\/\/creston.com.mx\/index.php\/02\/reformas-no-afectara-mi-carrera-politica-sma\/politica\/2025\/","name":"Reformas no afectar\u00e1 mi carrera pol\u00edtica: SMA - Peri\u00f3dico Digital de Zacatecas","isPartOf":{"@id":"https:\/\/creston.com.mx\/#website"},"primaryImageOfPage":{"@id":"https:\/\/creston.com.mx\/index.php\/02\/reformas-no-afectara-mi-carrera-politica-sma\/politica\/2025\/#primaryimage"},"image":{"@id":"https:\/\/creston.com.mx\/index.php\/02\/reformas-no-afectara-mi-carrera-politica-sma\/politica\/2025\/#primaryimage"},"thumbnailUrl":"https:\/\/creston.com.mx\/wp-content\/uploads\/2025\/02\/DSCN9958-scaled.jpg","datePublished":"2025-02-11T05:40:38+00:00","dateModified":"2025-02-11T22:16:25+00:00","breadcrumb":{"@id":"https:\/\/creston.com.mx\/index.php\/02\/reformas-no-afectara-mi-carrera-politica-sma\/politica\/2025\/#breadcrumb"},"inLanguage":"es","potentialAction":[{"@type":"ReadAction","target":["https:\/\/creston.com.mx\/index.php\/02\/reformas-no-afectara-mi-carrera-politica-sma\/politica\/2025\/"]}]},{"@type":"ImageObject","inLanguage":"es","@id":"https:\/\/creston.com.mx\/index.php\/02\/reformas-no-afectara-mi-carrera-politica-sma\/politica\/2025\/#primaryimage","url":"https:\/\/creston.com.mx\/wp-content\/uploads\/2025\/02\/DSCN9958-scaled.jpg","contentUrl":"https:\/\/creston.com.mx\/wp-content\/uploads\/2025\/02\/DSCN9958-scaled.jpg","width":2560,"height":1773},{"@type":"BreadcrumbList","@id":"https:\/\/creston.com.mx\/index.php\/02\/reformas-no-afectara-mi-carrera-politica-sma\/politica\/2025\/#breadcrumb","itemListElement":[{"@type":"ListItem","position":1,"name":"Portada","item":"https:\/\/creston.com.mx\/"},{"@type":"ListItem","position":2,"name":"Reformas no afectar\u00e1 mi carrera pol\u00edtica: SMA"}]},{"@type":"WebSite","@id":"https:\/\/creston.com.mx\/#website","url":"https:\/\/creston.com.mx\/","name":"Peri\u00f3dico Digital de Zacatecas","description":"","publisher":{"@id":"https:\/\/creston.com.mx\/#organization"},"potentialAction":[{"@type":"SearchAction","target":{"@type":"EntryPoint","urlTemplate":"https:\/\/creston.com.mx\/?s={search_term_string}"},"query-input":{"@type":"PropertyValueSpecification","valueRequired":true,"valueName":"search_term_string"}}],"inLanguage":"es"},{"@type":"Organization","@id":"https:\/\/creston.com.mx\/#organization","name":"Peri\u00f3dico Digital de Zacatecas","url":"https:\/\/creston.com.mx\/","logo":{"@type":"ImageObject","inLanguage":"es","@id":"https:\/\/creston.com.mx\/#\/schema\/logo\/image\/","url":"https:\/\/creston.com.mx\/wp-content\/uploads\/2026\/02\/cropped-Logo-Creston2.jpg","contentUrl":"https:\/\/creston.com.mx\/wp-content\/uploads\/2026\/02\/cropped-Logo-Creston2.jpg","width":503,"height":194,"caption":"Peri\u00f3dico Digital  de Zacatecas"},"image":{"@id":"https:\/\/creston.com.mx\/#\/schema\/logo\/image\/"}},{"@type":"Person","@id":"https:\/\/creston.com.mx\/#\/schema\/person\/01f2ce9e289bc5300c759925ef768c1d","name":"Periodico Creston","image":{"@type":"ImageObject","inLanguage":"es","@id":"https:\/\/creston.com.mx\/#\/schema\/person\/image\/","url":"https:\/\/secure.gravatar.com\/avatar\/c91eac1cf0d45897b6d294d474aa7713a194d460be0aaf72157553d050cda1c1?s=96&d=mm&r=g","contentUrl":"https:\/\/secure.gravatar.com\/avatar\/c91eac1cf0d45897b6d294d474aa7713a194d460be0aaf72157553d050cda1c1?s=96&d=mm&r=g","caption":"Periodico Creston"},"sameAs":["https:\/\/creston.com.mx"],"url":"https:\/\/creston.com.mx\/index.php\/author\/cstnalja96\/"}]}},"jetpack_sharing_enabled":true,"jetpack_featured_media_url":"https:\/\/creston.com.mx\/wp-content\/uploads\/2025\/02\/DSCN9958-scaled.jpg","_links":{"self":[{"href":"https:\/\/creston.com.mx\/index.php\/wp-json\/wp\/v2\/posts\/458","targetHints":{"allow":["GET"]}}],"collection":[{"href":"https:\/\/creston.com.mx\/index.php\/wp-json\/wp\/v2\/posts"}],"about":[{"href":"https:\/\/creston.com.mx\/index.php\/wp-json\/wp\/v2\/types\/post"}],"author":[{"embeddable":true,"href":"https:\/\/creston.com.mx\/index.php\/wp-json\/wp\/v2\/users\/1"}],"replies":[{"embeddable":true,"href":"https:\/\/creston.com.mx\/index.php\/wp-json\/wp\/v2\/comments?post=458"}],"version-history":[{"count":1,"href":"https:\/\/creston.com.mx\/index.php\/wp-json\/wp\/v2\/posts\/458\/revisions"}],"predecessor-version":[{"id":461,"href":"https:\/\/creston.com.mx\/index.php\/wp-json\/wp\/v2\/posts\/458\/revisions\/461"}],"wp:featuredmedia":[{"embeddable":true,"href":"https:\/\/creston.com.mx\/index.php\/wp-json\/wp\/v2\/media\/470"}],"wp:attachment":[{"href":"https:\/\/creston.com.mx\/index.php\/wp-json\/wp\/v2\/media?parent=458"}],"wp:term":[{"taxonomy":"category","embeddable":true,"href":"https:\/\/creston.com.mx\/index.php\/wp-json\/wp\/v2\/categories?post=458"},{"taxonomy":"post_tag","embeddable":true,"href":"https:\/\/creston.com.mx\/index.php\/wp-json\/wp\/v2\/tags?post=458"}],"curies":[{"name":"wp","href":"https:\/\/api.w.org\/{rel}","templated":true}]}}