{"id":424,"date":"2025-02-07T23:11:15","date_gmt":"2025-02-08T05:11:15","guid":{"rendered":"https:\/\/creston.com.mx\/?p=424"},"modified":"2025-02-07T23:11:16","modified_gmt":"2025-02-08T05:11:16","slug":"egresan-doce-especialistas-en-patrimonio-y-cultura-de-la-paz","status":"publish","type":"post","link":"https:\/\/creston.com.mx\/index.php\/02\/egresan-doce-especialistas-en-patrimonio-y-cultura-de-la-paz\/informacion-general\/2025\/","title":{"rendered":"Egresan doce especialistas en patrimonio y cultura de la paz"},"content":{"rendered":"\n<p>.<\/p>\n\n\n\n<p class=\"has-medium-font-size\"><strong><em>Se grad\u00faan de la segunda generaci\u00f3n del Doctorado en Humanidades con especialidad en Patrimonio y Cultura de la Paz.<\/em><\/strong><\/p>\n\n\n\n<p>.<\/p>\n\n\n\n<p>Teniendo como escenario el Foyer del Teatro Fernando Calder\u00f3n, autoridades gubernamentales y universitarias hicieron la entrega de documentos a 12 integrantes de la segunda generaci\u00f3n 2021-2024 del programa del Doctorado en Humanidades con Especialidad en Patrimonio y Cultura de la Paz, perteneciente a la Unidad Acad\u00e9mica de Historia (UAH) de la M\u00e1xima Casa de Estudios de la entidad.<\/p>\n\n\n\n<p>El secretario general de la Universidad Aut\u00f3noma de Zacatecas (UAZ), \u00c1ngel Rom\u00e1n Guti\u00e9rrez, se\u00f1al\u00f3 que este gran logro es parte de la formaci\u00f3n acad\u00e9mica y el desarrollo de la vida personal en materia de educaci\u00f3n que por tres a\u00f1os han llevado los graduados.<\/p>\n\n\n\n<p>\u201cDos aspectos fundamentales para su profesionalizaci\u00f3n, uno es precisamente ense\u00f1ar en el aula, transmitir el conocimiento, es decir, compartir lo que uno a lo largo de la vida profesional ha aprendido con&nbsp; las experiencias, y el otro es analizar la soluci\u00f3n de problemas por medio de las intervenciones en estos espacios para la construcci\u00f3n tambi\u00e9n de una cultura que nos lleve a la mejora de problemas\u201d, extern\u00f3 el integrante de la administraci\u00f3n central.<\/p>\n\n\n\n<p>Indic\u00f3 que como segunda generaci\u00f3n \u201cser\u00e1n los que van a replicar este conocimiento a la sociedad hacia las dependencias, instituciones y los grupos con las bases de este doctorado, comprendiendo que el ser humano y nuestra especie humana tienen una caracter\u00edstica y una condici\u00f3n que es hacer el bien, pero tambi\u00e9n generar el conflicto\u201d.<\/p>\n\n\n\n<p>Felicit\u00f3 a los egresados de la segunda generaci\u00f3n del programa del Doctorado en Humanidades integrada por: Melissa Balderas, Carlos Flores, Isela Guadalupe Garc\u00e9s, Alfredo Ju\u00e1rez, Edgar Eloy Ju\u00e1rez, Carolina L\u00f3pez, Mar\u00eda Gricel Moreno, Mar\u00eda de los \u00c1ngeles Moreno, C\u00e9sar Augusto P\u00e9rez, Karen Pinedo, Carolina Posada y Olga Nereida S\u00e1nchez.<\/p>\n\n\n\n<figure class=\"wp-block-image\"><img fetchpriority=\"high\" decoding=\"async\" width=\"1600\" height=\"1066\" src=\"https:\/\/creston.com.mx\/wp-content\/uploads\/2025\/02\/IMG-20250207-WA0071.jpg\" alt=\"\" class=\"wp-image-425\" srcset=\"https:\/\/creston.com.mx\/wp-content\/uploads\/2025\/02\/IMG-20250207-WA0071.jpg 1600w, https:\/\/creston.com.mx\/wp-content\/uploads\/2025\/02\/IMG-20250207-WA0071-300x200.jpg 300w, https:\/\/creston.com.mx\/wp-content\/uploads\/2025\/02\/IMG-20250207-WA0071-1024x682.jpg 1024w, https:\/\/creston.com.mx\/wp-content\/uploads\/2025\/02\/IMG-20250207-WA0071-768x512.jpg 768w, https:\/\/creston.com.mx\/wp-content\/uploads\/2025\/02\/IMG-20250207-WA0071-1536x1023.jpg 1536w\" sizes=\"(max-width: 1600px) 100vw, 1600px\" \/><\/figure>\n\n\n\n<p>Por su parte la directora de la Unidad Acad\u00e9mica de Historia, Elizabeth del Carmen Flores Olague, vers\u00f3 sobre el esfuerzo que los doctorantes realizaron para culminar sus estudios, y tambi\u00e9n sobre la importancia de contar con el apoyo del personal capacitado de docentes investigadores que tiene este programa conformado por: Imelda Ortiz, Laura Gemma Flores, Olga Guadalupe Vera, Leonardo Santoyo y Jorge Mart\u00ednez.<\/p>\n\n\n\n<p> Finalmente, la egresada Mar\u00eda de los \u00c1ngeles Moreno Padilla, en representaci\u00f3n de la generaci\u00f3n,\u00a0 afirm\u00f3 a sus compa\u00f1eros que este programa es un llamado a que como especialistas en cultura de paz, se conviertan en personas activistas y justas, que construyan un mejor presente y un gran futuro.<\/p>\n","protected":false},"excerpt":{"rendered":"<p>. Se grad\u00faan de la segunda generaci\u00f3n del Doctorado en Humanidades con especialidad en Patrimonio y Cultura de la Paz. . Teniendo como escenario el Foyer del Teatro Fernando Calder\u00f3n,&hellip; <\/p>\n","protected":false},"author":1,"featured_media":426,"comment_status":"open","ping_status":"closed","sticky":false,"template":"","format":"standard","meta":{"_jetpack_memberships_contains_paid_content":false,"footnotes":""},"categories":[4],"tags":[],"class_list":["post-424","post","type-post","status-publish","format-standard","has-post-thumbnail","hentry","category-informacion-general"],"yoast_head":"<!-- This site is optimized with the Yoast SEO plugin v24.2 - https:\/\/yoast.com\/wordpress\/plugins\/seo\/ -->\n<title>Egresan doce especialistas en patrimonio y cultura de la paz - Peri\u00f3dico Digital de Zacatecas<\/title>\n<meta name=\"robots\" content=\"index, follow, max-snippet:-1, max-image-preview:large, max-video-preview:-1\" \/>\n<link rel=\"canonical\" href=\"https:\/\/creston.com.mx\/index.php\/02\/egresan-doce-especialistas-en-patrimonio-y-cultura-de-la-paz\/informacion-general\/2025\/\" \/>\n<meta property=\"og:locale\" content=\"es_ES\" \/>\n<meta property=\"og:type\" content=\"article\" \/>\n<meta property=\"og:title\" content=\"Egresan doce especialistas en patrimonio y cultura de la paz - Peri\u00f3dico Digital de Zacatecas\" \/>\n<meta property=\"og:description\" content=\". Se grad\u00faan de la segunda generaci\u00f3n del Doctorado en Humanidades con especialidad en Patrimonio y Cultura de la Paz. . Teniendo como escenario el Foyer del Teatro Fernando Calder\u00f3n,&hellip;\" \/>\n<meta property=\"og:url\" content=\"https:\/\/creston.com.mx\/index.php\/02\/egresan-doce-especialistas-en-patrimonio-y-cultura-de-la-paz\/informacion-general\/2025\/\" \/>\n<meta property=\"og:site_name\" content=\"Peri\u00f3dico Digital de Zacatecas\" \/>\n<meta property=\"article:published_time\" content=\"2025-02-08T05:11:15+00:00\" \/>\n<meta property=\"article:modified_time\" content=\"2025-02-08T05:11:16+00:00\" \/>\n<meta property=\"og:image\" content=\"https:\/\/creston.com.mx\/wp-content\/uploads\/2025\/02\/IMG-20250207-WA0079.jpg\" \/>\n\t<meta property=\"og:image:width\" content=\"1600\" \/>\n\t<meta property=\"og:image:height\" content=\"1066\" \/>\n\t<meta property=\"og:image:type\" content=\"image\/jpeg\" \/>\n<meta name=\"author\" content=\"Periodico Creston\" \/>\n<meta name=\"twitter:card\" content=\"summary_large_image\" \/>\n<meta name=\"twitter:label1\" content=\"Escrito por\" \/>\n\t<meta name=\"twitter:data1\" content=\"Periodico Creston\" \/>\n\t<meta name=\"twitter:label2\" content=\"Tiempo de lectura\" \/>\n\t<meta name=\"twitter:data2\" content=\"3 minutos\" \/>\n<script type=\"application\/ld+json\" class=\"yoast-schema-graph\">{\"@context\":\"https:\/\/schema.org\",\"@graph\":[{\"@type\":\"Article\",\"@id\":\"https:\/\/creston.com.mx\/index.php\/02\/egresan-doce-especialistas-en-patrimonio-y-cultura-de-la-paz\/informacion-general\/2025\/#article\",\"isPartOf\":{\"@id\":\"https:\/\/creston.com.mx\/index.php\/02\/egresan-doce-especialistas-en-patrimonio-y-cultura-de-la-paz\/informacion-general\/2025\/\"},\"author\":{\"name\":\"Periodico Creston\",\"@id\":\"https:\/\/creston.com.mx\/#\/schema\/person\/01f2ce9e289bc5300c759925ef768c1d\"},\"headline\":\"Egresan doce especialistas en patrimonio y cultura de la paz\",\"datePublished\":\"2025-02-08T05:11:15+00:00\",\"dateModified\":\"2025-02-08T05:11:16+00:00\",\"mainEntityOfPage\":{\"@id\":\"https:\/\/creston.com.mx\/index.php\/02\/egresan-doce-especialistas-en-patrimonio-y-cultura-de-la-paz\/informacion-general\/2025\/\"},\"wordCount\":459,\"commentCount\":0,\"publisher\":{\"@id\":\"https:\/\/creston.com.mx\/#organization\"},\"image\":{\"@id\":\"https:\/\/creston.com.mx\/index.php\/02\/egresan-doce-especialistas-en-patrimonio-y-cultura-de-la-paz\/informacion-general\/2025\/#primaryimage\"},\"thumbnailUrl\":\"https:\/\/creston.com.mx\/wp-content\/uploads\/2025\/02\/IMG-20250207-WA0079.jpg\",\"articleSection\":[\"Informaci\u00f3n General\"],\"inLanguage\":\"es\",\"potentialAction\":[{\"@type\":\"CommentAction\",\"name\":\"Comment\",\"target\":[\"https:\/\/creston.com.mx\/index.php\/02\/egresan-doce-especialistas-en-patrimonio-y-cultura-de-la-paz\/informacion-general\/2025\/#respond\"]}]},{\"@type\":\"WebPage\",\"@id\":\"https:\/\/creston.com.mx\/index.php\/02\/egresan-doce-especialistas-en-patrimonio-y-cultura-de-la-paz\/informacion-general\/2025\/\",\"url\":\"https:\/\/creston.com.mx\/index.php\/02\/egresan-doce-especialistas-en-patrimonio-y-cultura-de-la-paz\/informacion-general\/2025\/\",\"name\":\"Egresan doce especialistas en patrimonio y cultura de la paz - Peri\u00f3dico Digital de Zacatecas\",\"isPartOf\":{\"@id\":\"https:\/\/creston.com.mx\/#website\"},\"primaryImageOfPage\":{\"@id\":\"https:\/\/creston.com.mx\/index.php\/02\/egresan-doce-especialistas-en-patrimonio-y-cultura-de-la-paz\/informacion-general\/2025\/#primaryimage\"},\"image\":{\"@id\":\"https:\/\/creston.com.mx\/index.php\/02\/egresan-doce-especialistas-en-patrimonio-y-cultura-de-la-paz\/informacion-general\/2025\/#primaryimage\"},\"thumbnailUrl\":\"https:\/\/creston.com.mx\/wp-content\/uploads\/2025\/02\/IMG-20250207-WA0079.jpg\",\"datePublished\":\"2025-02-08T05:11:15+00:00\",\"dateModified\":\"2025-02-08T05:11:16+00:00\",\"breadcrumb\":{\"@id\":\"https:\/\/creston.com.mx\/index.php\/02\/egresan-doce-especialistas-en-patrimonio-y-cultura-de-la-paz\/informacion-general\/2025\/#breadcrumb\"},\"inLanguage\":\"es\",\"potentialAction\":[{\"@type\":\"ReadAction\",\"target\":[\"https:\/\/creston.com.mx\/index.php\/02\/egresan-doce-especialistas-en-patrimonio-y-cultura-de-la-paz\/informacion-general\/2025\/\"]}]},{\"@type\":\"ImageObject\",\"inLanguage\":\"es\",\"@id\":\"https:\/\/creston.com.mx\/index.php\/02\/egresan-doce-especialistas-en-patrimonio-y-cultura-de-la-paz\/informacion-general\/2025\/#primaryimage\",\"url\":\"https:\/\/creston.com.mx\/wp-content\/uploads\/2025\/02\/IMG-20250207-WA0079.jpg\",\"contentUrl\":\"https:\/\/creston.com.mx\/wp-content\/uploads\/2025\/02\/IMG-20250207-WA0079.jpg\",\"width\":1600,\"height\":1066},{\"@type\":\"BreadcrumbList\",\"@id\":\"https:\/\/creston.com.mx\/index.php\/02\/egresan-doce-especialistas-en-patrimonio-y-cultura-de-la-paz\/informacion-general\/2025\/#breadcrumb\",\"itemListElement\":[{\"@type\":\"ListItem\",\"position\":1,\"name\":\"Portada\",\"item\":\"https:\/\/creston.com.mx\/\"},{\"@type\":\"ListItem\",\"position\":2,\"name\":\"Egresan doce especialistas en patrimonio y cultura de la paz\"}]},{\"@type\":\"WebSite\",\"@id\":\"https:\/\/creston.com.mx\/#website\",\"url\":\"https:\/\/creston.com.mx\/\",\"name\":\"Peri\u00f3dico Digital de Zacatecas\",\"description\":\"\",\"publisher\":{\"@id\":\"https:\/\/creston.com.mx\/#organization\"},\"potentialAction\":[{\"@type\":\"SearchAction\",\"target\":{\"@type\":\"EntryPoint\",\"urlTemplate\":\"https:\/\/creston.com.mx\/?s={search_term_string}\"},\"query-input\":{\"@type\":\"PropertyValueSpecification\",\"valueRequired\":true,\"valueName\":\"search_term_string\"}}],\"inLanguage\":\"es\"},{\"@type\":\"Organization\",\"@id\":\"https:\/\/creston.com.mx\/#organization\",\"name\":\"Peri\u00f3dico Digital de Zacatecas\",\"url\":\"https:\/\/creston.com.mx\/\",\"logo\":{\"@type\":\"ImageObject\",\"inLanguage\":\"es\",\"@id\":\"https:\/\/creston.com.mx\/#\/schema\/logo\/image\/\",\"url\":\"https:\/\/creston.com.mx\/wp-content\/uploads\/2026\/02\/cropped-Logo-Creston2.jpg\",\"contentUrl\":\"https:\/\/creston.com.mx\/wp-content\/uploads\/2026\/02\/cropped-Logo-Creston2.jpg\",\"width\":503,\"height\":194,\"caption\":\"Peri\u00f3dico Digital  de Zacatecas\"},\"image\":{\"@id\":\"https:\/\/creston.com.mx\/#\/schema\/logo\/image\/\"}},{\"@type\":\"Person\",\"@id\":\"https:\/\/creston.com.mx\/#\/schema\/person\/01f2ce9e289bc5300c759925ef768c1d\",\"name\":\"Periodico Creston\",\"image\":{\"@type\":\"ImageObject\",\"inLanguage\":\"es\",\"@id\":\"https:\/\/creston.com.mx\/#\/schema\/person\/image\/\",\"url\":\"https:\/\/secure.gravatar.com\/avatar\/c91eac1cf0d45897b6d294d474aa7713a194d460be0aaf72157553d050cda1c1?s=96&d=mm&r=g\",\"contentUrl\":\"https:\/\/secure.gravatar.com\/avatar\/c91eac1cf0d45897b6d294d474aa7713a194d460be0aaf72157553d050cda1c1?s=96&d=mm&r=g\",\"caption\":\"Periodico Creston\"},\"sameAs\":[\"https:\/\/creston.com.mx\"],\"url\":\"https:\/\/creston.com.mx\/index.php\/author\/cstnalja96\/\"}]}<\/script>\n<!-- \/ Yoast SEO plugin. -->","yoast_head_json":{"title":"Egresan doce especialistas en patrimonio y cultura de la paz - Peri\u00f3dico Digital de Zacatecas","robots":{"index":"index","follow":"follow","max-snippet":"max-snippet:-1","max-image-preview":"max-image-preview:large","max-video-preview":"max-video-preview:-1"},"canonical":"https:\/\/creston.com.mx\/index.php\/02\/egresan-doce-especialistas-en-patrimonio-y-cultura-de-la-paz\/informacion-general\/2025\/","og_locale":"es_ES","og_type":"article","og_title":"Egresan doce especialistas en patrimonio y cultura de la paz - Peri\u00f3dico Digital de Zacatecas","og_description":". Se grad\u00faan de la segunda generaci\u00f3n del Doctorado en Humanidades con especialidad en Patrimonio y Cultura de la Paz. . Teniendo como escenario el Foyer del Teatro Fernando Calder\u00f3n,&hellip;","og_url":"https:\/\/creston.com.mx\/index.php\/02\/egresan-doce-especialistas-en-patrimonio-y-cultura-de-la-paz\/informacion-general\/2025\/","og_site_name":"Peri\u00f3dico Digital de Zacatecas","article_published_time":"2025-02-08T05:11:15+00:00","article_modified_time":"2025-02-08T05:11:16+00:00","og_image":[{"width":1600,"height":1066,"url":"https:\/\/creston.com.mx\/wp-content\/uploads\/2025\/02\/IMG-20250207-WA0079.jpg","type":"image\/jpeg"}],"author":"Periodico Creston","twitter_card":"summary_large_image","twitter_misc":{"Escrito por":"Periodico Creston","Tiempo de lectura":"3 minutos"},"schema":{"@context":"https:\/\/schema.org","@graph":[{"@type":"Article","@id":"https:\/\/creston.com.mx\/index.php\/02\/egresan-doce-especialistas-en-patrimonio-y-cultura-de-la-paz\/informacion-general\/2025\/#article","isPartOf":{"@id":"https:\/\/creston.com.mx\/index.php\/02\/egresan-doce-especialistas-en-patrimonio-y-cultura-de-la-paz\/informacion-general\/2025\/"},"author":{"name":"Periodico Creston","@id":"https:\/\/creston.com.mx\/#\/schema\/person\/01f2ce9e289bc5300c759925ef768c1d"},"headline":"Egresan doce especialistas en patrimonio y cultura de la paz","datePublished":"2025-02-08T05:11:15+00:00","dateModified":"2025-02-08T05:11:16+00:00","mainEntityOfPage":{"@id":"https:\/\/creston.com.mx\/index.php\/02\/egresan-doce-especialistas-en-patrimonio-y-cultura-de-la-paz\/informacion-general\/2025\/"},"wordCount":459,"commentCount":0,"publisher":{"@id":"https:\/\/creston.com.mx\/#organization"},"image":{"@id":"https:\/\/creston.com.mx\/index.php\/02\/egresan-doce-especialistas-en-patrimonio-y-cultura-de-la-paz\/informacion-general\/2025\/#primaryimage"},"thumbnailUrl":"https:\/\/creston.com.mx\/wp-content\/uploads\/2025\/02\/IMG-20250207-WA0079.jpg","articleSection":["Informaci\u00f3n General"],"inLanguage":"es","potentialAction":[{"@type":"CommentAction","name":"Comment","target":["https:\/\/creston.com.mx\/index.php\/02\/egresan-doce-especialistas-en-patrimonio-y-cultura-de-la-paz\/informacion-general\/2025\/#respond"]}]},{"@type":"WebPage","@id":"https:\/\/creston.com.mx\/index.php\/02\/egresan-doce-especialistas-en-patrimonio-y-cultura-de-la-paz\/informacion-general\/2025\/","url":"https:\/\/creston.com.mx\/index.php\/02\/egresan-doce-especialistas-en-patrimonio-y-cultura-de-la-paz\/informacion-general\/2025\/","name":"Egresan doce especialistas en patrimonio y cultura de la paz - Peri\u00f3dico Digital de Zacatecas","isPartOf":{"@id":"https:\/\/creston.com.mx\/#website"},"primaryImageOfPage":{"@id":"https:\/\/creston.com.mx\/index.php\/02\/egresan-doce-especialistas-en-patrimonio-y-cultura-de-la-paz\/informacion-general\/2025\/#primaryimage"},"image":{"@id":"https:\/\/creston.com.mx\/index.php\/02\/egresan-doce-especialistas-en-patrimonio-y-cultura-de-la-paz\/informacion-general\/2025\/#primaryimage"},"thumbnailUrl":"https:\/\/creston.com.mx\/wp-content\/uploads\/2025\/02\/IMG-20250207-WA0079.jpg","datePublished":"2025-02-08T05:11:15+00:00","dateModified":"2025-02-08T05:11:16+00:00","breadcrumb":{"@id":"https:\/\/creston.com.mx\/index.php\/02\/egresan-doce-especialistas-en-patrimonio-y-cultura-de-la-paz\/informacion-general\/2025\/#breadcrumb"},"inLanguage":"es","potentialAction":[{"@type":"ReadAction","target":["https:\/\/creston.com.mx\/index.php\/02\/egresan-doce-especialistas-en-patrimonio-y-cultura-de-la-paz\/informacion-general\/2025\/"]}]},{"@type":"ImageObject","inLanguage":"es","@id":"https:\/\/creston.com.mx\/index.php\/02\/egresan-doce-especialistas-en-patrimonio-y-cultura-de-la-paz\/informacion-general\/2025\/#primaryimage","url":"https:\/\/creston.com.mx\/wp-content\/uploads\/2025\/02\/IMG-20250207-WA0079.jpg","contentUrl":"https:\/\/creston.com.mx\/wp-content\/uploads\/2025\/02\/IMG-20250207-WA0079.jpg","width":1600,"height":1066},{"@type":"BreadcrumbList","@id":"https:\/\/creston.com.mx\/index.php\/02\/egresan-doce-especialistas-en-patrimonio-y-cultura-de-la-paz\/informacion-general\/2025\/#breadcrumb","itemListElement":[{"@type":"ListItem","position":1,"name":"Portada","item":"https:\/\/creston.com.mx\/"},{"@type":"ListItem","position":2,"name":"Egresan doce especialistas en patrimonio y cultura de la paz"}]},{"@type":"WebSite","@id":"https:\/\/creston.com.mx\/#website","url":"https:\/\/creston.com.mx\/","name":"Peri\u00f3dico Digital de Zacatecas","description":"","publisher":{"@id":"https:\/\/creston.com.mx\/#organization"},"potentialAction":[{"@type":"SearchAction","target":{"@type":"EntryPoint","urlTemplate":"https:\/\/creston.com.mx\/?s={search_term_string}"},"query-input":{"@type":"PropertyValueSpecification","valueRequired":true,"valueName":"search_term_string"}}],"inLanguage":"es"},{"@type":"Organization","@id":"https:\/\/creston.com.mx\/#organization","name":"Peri\u00f3dico Digital de Zacatecas","url":"https:\/\/creston.com.mx\/","logo":{"@type":"ImageObject","inLanguage":"es","@id":"https:\/\/creston.com.mx\/#\/schema\/logo\/image\/","url":"https:\/\/creston.com.mx\/wp-content\/uploads\/2026\/02\/cropped-Logo-Creston2.jpg","contentUrl":"https:\/\/creston.com.mx\/wp-content\/uploads\/2026\/02\/cropped-Logo-Creston2.jpg","width":503,"height":194,"caption":"Peri\u00f3dico Digital  de Zacatecas"},"image":{"@id":"https:\/\/creston.com.mx\/#\/schema\/logo\/image\/"}},{"@type":"Person","@id":"https:\/\/creston.com.mx\/#\/schema\/person\/01f2ce9e289bc5300c759925ef768c1d","name":"Periodico Creston","image":{"@type":"ImageObject","inLanguage":"es","@id":"https:\/\/creston.com.mx\/#\/schema\/person\/image\/","url":"https:\/\/secure.gravatar.com\/avatar\/c91eac1cf0d45897b6d294d474aa7713a194d460be0aaf72157553d050cda1c1?s=96&d=mm&r=g","contentUrl":"https:\/\/secure.gravatar.com\/avatar\/c91eac1cf0d45897b6d294d474aa7713a194d460be0aaf72157553d050cda1c1?s=96&d=mm&r=g","caption":"Periodico Creston"},"sameAs":["https:\/\/creston.com.mx"],"url":"https:\/\/creston.com.mx\/index.php\/author\/cstnalja96\/"}]}},"jetpack_sharing_enabled":true,"jetpack_featured_media_url":"https:\/\/creston.com.mx\/wp-content\/uploads\/2025\/02\/IMG-20250207-WA0079.jpg","_links":{"self":[{"href":"https:\/\/creston.com.mx\/index.php\/wp-json\/wp\/v2\/posts\/424","targetHints":{"allow":["GET"]}}],"collection":[{"href":"https:\/\/creston.com.mx\/index.php\/wp-json\/wp\/v2\/posts"}],"about":[{"href":"https:\/\/creston.com.mx\/index.php\/wp-json\/wp\/v2\/types\/post"}],"author":[{"embeddable":true,"href":"https:\/\/creston.com.mx\/index.php\/wp-json\/wp\/v2\/users\/1"}],"replies":[{"embeddable":true,"href":"https:\/\/creston.com.mx\/index.php\/wp-json\/wp\/v2\/comments?post=424"}],"version-history":[{"count":1,"href":"https:\/\/creston.com.mx\/index.php\/wp-json\/wp\/v2\/posts\/424\/revisions"}],"predecessor-version":[{"id":427,"href":"https:\/\/creston.com.mx\/index.php\/wp-json\/wp\/v2\/posts\/424\/revisions\/427"}],"wp:featuredmedia":[{"embeddable":true,"href":"https:\/\/creston.com.mx\/index.php\/wp-json\/wp\/v2\/media\/426"}],"wp:attachment":[{"href":"https:\/\/creston.com.mx\/index.php\/wp-json\/wp\/v2\/media?parent=424"}],"wp:term":[{"taxonomy":"category","embeddable":true,"href":"https:\/\/creston.com.mx\/index.php\/wp-json\/wp\/v2\/categories?post=424"},{"taxonomy":"post_tag","embeddable":true,"href":"https:\/\/creston.com.mx\/index.php\/wp-json\/wp\/v2\/tags?post=424"}],"curies":[{"name":"wp","href":"https:\/\/api.w.org\/{rel}","templated":true}]}}