{"id":409,"date":"2025-02-06T22:17:58","date_gmt":"2025-02-07T04:17:58","guid":{"rendered":"https:\/\/creston.com.mx\/?p=409"},"modified":"2025-02-06T22:31:08","modified_gmt":"2025-02-07T04:31:08","slug":"saul-monreal-presenta-20-iniciativas-al-inicio-del-periodo-legislativo","status":"publish","type":"post","link":"https:\/\/creston.com.mx\/index.php\/02\/saul-monreal-presenta-20-iniciativas-al-inicio-del-periodo-legislativo\/politica\/2025\/","title":{"rendered":"Sa\u00fal Monreal presenta 20 iniciativas al inicio del periodo legislativo"},"content":{"rendered":"\n<p>.<\/p>\n\n\n\n<p class=\"has-medium-font-size\"><strong><em>Se posiciona como el legislador m\u00e1s productivo. Dijo que \u201cseguir\u00e9 combinando mi labor legislativa con la visita a los municipios\u201d.<\/em><\/strong><\/p>\n\n\n\n<p>.<\/p>\n\n\n\n<p>En el marco de la apertura de los trabajos legislativos del Segundo Per\u00edodo Ordinario de Sesiones del Primer A\u00f1o, el senador Sa\u00fal Monreal \u00c1vila ha presentado un impresionante paquete de m\u00e1s de 20 iniciativas y un Punto de Acuerdo, consolid\u00e1ndose como uno de los senadores m\u00e1s productivos de la actual legislatura.&nbsp;<\/p>\n\n\n\n<p>Durante su intervenci\u00f3n en el Senado, Monreal \u00c1vila destac\u00f3 que estas propuestas est\u00e1n dise\u00f1adas para mejorar la calidad de vida de las y los mexicanos, abordando temas fundamentales como el bienestar social, la paridad salarial, los derechos laborales, el endurecimiento de penas contra la violencia digital hacia mujeres, la sostenibilidad y la transparencia.&nbsp;<\/p>\n\n\n\n<p>Entre las iniciativas presentadas se encuentran el reconocimiento de la personalidad jur\u00eddica, la regulaci\u00f3n de los animales de servicio y apoyo emocional, la guarda y custodia compartida, la paridad salarial, la prohibici\u00f3n del bur\u00f3 laboral, el control de espacios para fumar, la protecci\u00f3n de datos en redes sociales, la prohibici\u00f3n de la subcontrataci\u00f3n de personal de limpieza y la armonizaci\u00f3n al Poder Judicial. &nbsp;<\/p>\n\n\n\n<p>Monreal tambi\u00e9n subray\u00f3 la importancia de fortalecer la relaci\u00f3n entre M\u00e9xico y Estados Unidos para impulsar el comercio, la cooperaci\u00f3n en materia de seguridad y la protecci\u00f3n de los derechos de los mexicanos en el exterior.&nbsp;<\/p>\n\n\n\n<p>Uno de los temas centrales de su agenda es la reforma en materia de vivienda, que busca garantizar el acceso a un patrimonio digno para las familias mexicanas, con bases constitucionales de transparencia y combate a la corrupci\u00f3n. La propuesta contempla la ampliaci\u00f3n de cr\u00e9ditos con sentido social, la incorporaci\u00f3n del arrendamiento social y el fortalecimiento de los derechos de los trabajadores, quienes durante a\u00f1os fueron afectados por pol\u00edticas neoliberales.&nbsp;<\/p>\n\n\n\n<p>El senador hizo un llamado a la oposici\u00f3n para actuar con responsabilidad y dejar de enga\u00f1ar a las y los trabajadores, ya que esta reforma representa una necesidad urgente para garantizar justicia social y estabilidad para las familias mexicanas.&nbsp;<\/p>\n\n\n\n<p>Monreal \u00c1vila confi\u00f3 en contar con el respaldo de su grupo parlamentario de Morena para convertir estas iniciativas en realidad y continuar avanzando en la construcci\u00f3n de un pa\u00eds m\u00e1s justo, equitativo y pr\u00f3spero. La destacada labor de Sa\u00fal Monreal no solo refleja su firme compromiso con el progreso de Zacatecas y de M\u00e9xico, sino tambi\u00e9n su capacidad para generar cambios significativos a trav\u00e9s del trabajo legislativo y la gesti\u00f3n de pol\u00edticas p\u00fablicas.<\/p>\n","protected":false},"excerpt":{"rendered":"<p>. Se posiciona como el legislador m\u00e1s productivo. Dijo que \u201cseguir\u00e9 combinando mi labor legislativa con la visita a los municipios\u201d. . En el marco de la apertura de los&hellip; <\/p>\n","protected":false},"author":1,"featured_media":410,"comment_status":"open","ping_status":"closed","sticky":false,"template":"","format":"standard","meta":{"_jetpack_memberships_contains_paid_content":false,"footnotes":""},"categories":[2],"tags":[],"class_list":["post-409","post","type-post","status-publish","format-standard","has-post-thumbnail","hentry","category-politica"],"yoast_head":"<!-- This site is optimized with the Yoast SEO plugin v24.2 - https:\/\/yoast.com\/wordpress\/plugins\/seo\/ -->\n<title>Sa\u00fal Monreal presenta 20 iniciativas al inicio del periodo legislativo - Peri\u00f3dico Digital de Zacatecas<\/title>\n<meta name=\"robots\" content=\"index, follow, max-snippet:-1, max-image-preview:large, max-video-preview:-1\" \/>\n<link rel=\"canonical\" href=\"https:\/\/creston.com.mx\/index.php\/02\/saul-monreal-presenta-20-iniciativas-al-inicio-del-periodo-legislativo\/politica\/2025\/\" \/>\n<meta property=\"og:locale\" content=\"es_ES\" \/>\n<meta property=\"og:type\" content=\"article\" \/>\n<meta property=\"og:title\" content=\"Sa\u00fal Monreal presenta 20 iniciativas al inicio del periodo legislativo - Peri\u00f3dico Digital de Zacatecas\" \/>\n<meta property=\"og:description\" content=\". Se posiciona como el legislador m\u00e1s productivo. Dijo que \u201cseguir\u00e9 combinando mi labor legislativa con la visita a los municipios\u201d. . En el marco de la apertura de los&hellip;\" \/>\n<meta property=\"og:url\" content=\"https:\/\/creston.com.mx\/index.php\/02\/saul-monreal-presenta-20-iniciativas-al-inicio-del-periodo-legislativo\/politica\/2025\/\" \/>\n<meta property=\"og:site_name\" content=\"Peri\u00f3dico Digital de Zacatecas\" \/>\n<meta property=\"article:published_time\" content=\"2025-02-07T04:17:58+00:00\" \/>\n<meta property=\"article:modified_time\" content=\"2025-02-07T04:31:08+00:00\" \/>\n<meta property=\"og:image\" content=\"https:\/\/creston.com.mx\/wp-content\/uploads\/2025\/02\/IMG-20250206-WA0022-scaled.jpg\" \/>\n\t<meta property=\"og:image:width\" content=\"2560\" \/>\n\t<meta property=\"og:image:height\" content=\"1706\" \/>\n\t<meta property=\"og:image:type\" content=\"image\/jpeg\" \/>\n<meta name=\"author\" content=\"Periodico Creston\" \/>\n<meta name=\"twitter:card\" content=\"summary_large_image\" \/>\n<meta name=\"twitter:label1\" content=\"Escrito por\" \/>\n\t<meta name=\"twitter:data1\" content=\"Periodico Creston\" \/>\n\t<meta name=\"twitter:label2\" content=\"Tiempo de lectura\" \/>\n\t<meta name=\"twitter:data2\" content=\"3 minutos\" \/>\n<script type=\"application\/ld+json\" class=\"yoast-schema-graph\">{\"@context\":\"https:\/\/schema.org\",\"@graph\":[{\"@type\":\"Article\",\"@id\":\"https:\/\/creston.com.mx\/index.php\/02\/saul-monreal-presenta-20-iniciativas-al-inicio-del-periodo-legislativo\/politica\/2025\/#article\",\"isPartOf\":{\"@id\":\"https:\/\/creston.com.mx\/index.php\/02\/saul-monreal-presenta-20-iniciativas-al-inicio-del-periodo-legislativo\/politica\/2025\/\"},\"author\":{\"name\":\"Periodico Creston\",\"@id\":\"https:\/\/creston.com.mx\/#\/schema\/person\/01f2ce9e289bc5300c759925ef768c1d\"},\"headline\":\"Sa\u00fal Monreal presenta 20 iniciativas al inicio del periodo legislativo\",\"datePublished\":\"2025-02-07T04:17:58+00:00\",\"dateModified\":\"2025-02-07T04:31:08+00:00\",\"mainEntityOfPage\":{\"@id\":\"https:\/\/creston.com.mx\/index.php\/02\/saul-monreal-presenta-20-iniciativas-al-inicio-del-periodo-legislativo\/politica\/2025\/\"},\"wordCount\":461,\"commentCount\":0,\"publisher\":{\"@id\":\"https:\/\/creston.com.mx\/#organization\"},\"image\":{\"@id\":\"https:\/\/creston.com.mx\/index.php\/02\/saul-monreal-presenta-20-iniciativas-al-inicio-del-periodo-legislativo\/politica\/2025\/#primaryimage\"},\"thumbnailUrl\":\"https:\/\/creston.com.mx\/wp-content\/uploads\/2025\/02\/IMG-20250206-WA0022-scaled.jpg\",\"articleSection\":[\"Pol\u00edtica\"],\"inLanguage\":\"es\",\"potentialAction\":[{\"@type\":\"CommentAction\",\"name\":\"Comment\",\"target\":[\"https:\/\/creston.com.mx\/index.php\/02\/saul-monreal-presenta-20-iniciativas-al-inicio-del-periodo-legislativo\/politica\/2025\/#respond\"]}]},{\"@type\":\"WebPage\",\"@id\":\"https:\/\/creston.com.mx\/index.php\/02\/saul-monreal-presenta-20-iniciativas-al-inicio-del-periodo-legislativo\/politica\/2025\/\",\"url\":\"https:\/\/creston.com.mx\/index.php\/02\/saul-monreal-presenta-20-iniciativas-al-inicio-del-periodo-legislativo\/politica\/2025\/\",\"name\":\"Sa\u00fal Monreal presenta 20 iniciativas al inicio del periodo legislativo - Peri\u00f3dico Digital de Zacatecas\",\"isPartOf\":{\"@id\":\"https:\/\/creston.com.mx\/#website\"},\"primaryImageOfPage\":{\"@id\":\"https:\/\/creston.com.mx\/index.php\/02\/saul-monreal-presenta-20-iniciativas-al-inicio-del-periodo-legislativo\/politica\/2025\/#primaryimage\"},\"image\":{\"@id\":\"https:\/\/creston.com.mx\/index.php\/02\/saul-monreal-presenta-20-iniciativas-al-inicio-del-periodo-legislativo\/politica\/2025\/#primaryimage\"},\"thumbnailUrl\":\"https:\/\/creston.com.mx\/wp-content\/uploads\/2025\/02\/IMG-20250206-WA0022-scaled.jpg\",\"datePublished\":\"2025-02-07T04:17:58+00:00\",\"dateModified\":\"2025-02-07T04:31:08+00:00\",\"breadcrumb\":{\"@id\":\"https:\/\/creston.com.mx\/index.php\/02\/saul-monreal-presenta-20-iniciativas-al-inicio-del-periodo-legislativo\/politica\/2025\/#breadcrumb\"},\"inLanguage\":\"es\",\"potentialAction\":[{\"@type\":\"ReadAction\",\"target\":[\"https:\/\/creston.com.mx\/index.php\/02\/saul-monreal-presenta-20-iniciativas-al-inicio-del-periodo-legislativo\/politica\/2025\/\"]}]},{\"@type\":\"ImageObject\",\"inLanguage\":\"es\",\"@id\":\"https:\/\/creston.com.mx\/index.php\/02\/saul-monreal-presenta-20-iniciativas-al-inicio-del-periodo-legislativo\/politica\/2025\/#primaryimage\",\"url\":\"https:\/\/creston.com.mx\/wp-content\/uploads\/2025\/02\/IMG-20250206-WA0022-scaled.jpg\",\"contentUrl\":\"https:\/\/creston.com.mx\/wp-content\/uploads\/2025\/02\/IMG-20250206-WA0022-scaled.jpg\",\"width\":2560,\"height\":1706},{\"@type\":\"BreadcrumbList\",\"@id\":\"https:\/\/creston.com.mx\/index.php\/02\/saul-monreal-presenta-20-iniciativas-al-inicio-del-periodo-legislativo\/politica\/2025\/#breadcrumb\",\"itemListElement\":[{\"@type\":\"ListItem\",\"position\":1,\"name\":\"Portada\",\"item\":\"https:\/\/creston.com.mx\/\"},{\"@type\":\"ListItem\",\"position\":2,\"name\":\"Sa\u00fal Monreal presenta 20 iniciativas al inicio del periodo legislativo\"}]},{\"@type\":\"WebSite\",\"@id\":\"https:\/\/creston.com.mx\/#website\",\"url\":\"https:\/\/creston.com.mx\/\",\"name\":\"Peri\u00f3dico Digital de Zacatecas\",\"description\":\"\",\"publisher\":{\"@id\":\"https:\/\/creston.com.mx\/#organization\"},\"potentialAction\":[{\"@type\":\"SearchAction\",\"target\":{\"@type\":\"EntryPoint\",\"urlTemplate\":\"https:\/\/creston.com.mx\/?s={search_term_string}\"},\"query-input\":{\"@type\":\"PropertyValueSpecification\",\"valueRequired\":true,\"valueName\":\"search_term_string\"}}],\"inLanguage\":\"es\"},{\"@type\":\"Organization\",\"@id\":\"https:\/\/creston.com.mx\/#organization\",\"name\":\"Peri\u00f3dico Digital de Zacatecas\",\"url\":\"https:\/\/creston.com.mx\/\",\"logo\":{\"@type\":\"ImageObject\",\"inLanguage\":\"es\",\"@id\":\"https:\/\/creston.com.mx\/#\/schema\/logo\/image\/\",\"url\":\"https:\/\/creston.com.mx\/wp-content\/uploads\/2026\/02\/cropped-Logo-Creston2.jpg\",\"contentUrl\":\"https:\/\/creston.com.mx\/wp-content\/uploads\/2026\/02\/cropped-Logo-Creston2.jpg\",\"width\":503,\"height\":194,\"caption\":\"Peri\u00f3dico Digital  de Zacatecas\"},\"image\":{\"@id\":\"https:\/\/creston.com.mx\/#\/schema\/logo\/image\/\"}},{\"@type\":\"Person\",\"@id\":\"https:\/\/creston.com.mx\/#\/schema\/person\/01f2ce9e289bc5300c759925ef768c1d\",\"name\":\"Periodico Creston\",\"image\":{\"@type\":\"ImageObject\",\"inLanguage\":\"es\",\"@id\":\"https:\/\/creston.com.mx\/#\/schema\/person\/image\/\",\"url\":\"https:\/\/secure.gravatar.com\/avatar\/c91eac1cf0d45897b6d294d474aa7713a194d460be0aaf72157553d050cda1c1?s=96&d=mm&r=g\",\"contentUrl\":\"https:\/\/secure.gravatar.com\/avatar\/c91eac1cf0d45897b6d294d474aa7713a194d460be0aaf72157553d050cda1c1?s=96&d=mm&r=g\",\"caption\":\"Periodico Creston\"},\"sameAs\":[\"https:\/\/creston.com.mx\"],\"url\":\"https:\/\/creston.com.mx\/index.php\/author\/cstnalja96\/\"}]}<\/script>\n<!-- \/ Yoast SEO plugin. -->","yoast_head_json":{"title":"Sa\u00fal Monreal presenta 20 iniciativas al inicio del periodo legislativo - Peri\u00f3dico Digital de Zacatecas","robots":{"index":"index","follow":"follow","max-snippet":"max-snippet:-1","max-image-preview":"max-image-preview:large","max-video-preview":"max-video-preview:-1"},"canonical":"https:\/\/creston.com.mx\/index.php\/02\/saul-monreal-presenta-20-iniciativas-al-inicio-del-periodo-legislativo\/politica\/2025\/","og_locale":"es_ES","og_type":"article","og_title":"Sa\u00fal Monreal presenta 20 iniciativas al inicio del periodo legislativo - Peri\u00f3dico Digital de Zacatecas","og_description":". Se posiciona como el legislador m\u00e1s productivo. Dijo que \u201cseguir\u00e9 combinando mi labor legislativa con la visita a los municipios\u201d. . En el marco de la apertura de los&hellip;","og_url":"https:\/\/creston.com.mx\/index.php\/02\/saul-monreal-presenta-20-iniciativas-al-inicio-del-periodo-legislativo\/politica\/2025\/","og_site_name":"Peri\u00f3dico Digital de Zacatecas","article_published_time":"2025-02-07T04:17:58+00:00","article_modified_time":"2025-02-07T04:31:08+00:00","og_image":[{"width":2560,"height":1706,"url":"https:\/\/creston.com.mx\/wp-content\/uploads\/2025\/02\/IMG-20250206-WA0022-scaled.jpg","type":"image\/jpeg"}],"author":"Periodico Creston","twitter_card":"summary_large_image","twitter_misc":{"Escrito por":"Periodico Creston","Tiempo de lectura":"3 minutos"},"schema":{"@context":"https:\/\/schema.org","@graph":[{"@type":"Article","@id":"https:\/\/creston.com.mx\/index.php\/02\/saul-monreal-presenta-20-iniciativas-al-inicio-del-periodo-legislativo\/politica\/2025\/#article","isPartOf":{"@id":"https:\/\/creston.com.mx\/index.php\/02\/saul-monreal-presenta-20-iniciativas-al-inicio-del-periodo-legislativo\/politica\/2025\/"},"author":{"name":"Periodico Creston","@id":"https:\/\/creston.com.mx\/#\/schema\/person\/01f2ce9e289bc5300c759925ef768c1d"},"headline":"Sa\u00fal Monreal presenta 20 iniciativas al inicio del periodo legislativo","datePublished":"2025-02-07T04:17:58+00:00","dateModified":"2025-02-07T04:31:08+00:00","mainEntityOfPage":{"@id":"https:\/\/creston.com.mx\/index.php\/02\/saul-monreal-presenta-20-iniciativas-al-inicio-del-periodo-legislativo\/politica\/2025\/"},"wordCount":461,"commentCount":0,"publisher":{"@id":"https:\/\/creston.com.mx\/#organization"},"image":{"@id":"https:\/\/creston.com.mx\/index.php\/02\/saul-monreal-presenta-20-iniciativas-al-inicio-del-periodo-legislativo\/politica\/2025\/#primaryimage"},"thumbnailUrl":"https:\/\/creston.com.mx\/wp-content\/uploads\/2025\/02\/IMG-20250206-WA0022-scaled.jpg","articleSection":["Pol\u00edtica"],"inLanguage":"es","potentialAction":[{"@type":"CommentAction","name":"Comment","target":["https:\/\/creston.com.mx\/index.php\/02\/saul-monreal-presenta-20-iniciativas-al-inicio-del-periodo-legislativo\/politica\/2025\/#respond"]}]},{"@type":"WebPage","@id":"https:\/\/creston.com.mx\/index.php\/02\/saul-monreal-presenta-20-iniciativas-al-inicio-del-periodo-legislativo\/politica\/2025\/","url":"https:\/\/creston.com.mx\/index.php\/02\/saul-monreal-presenta-20-iniciativas-al-inicio-del-periodo-legislativo\/politica\/2025\/","name":"Sa\u00fal Monreal presenta 20 iniciativas al inicio del periodo legislativo - Peri\u00f3dico Digital de Zacatecas","isPartOf":{"@id":"https:\/\/creston.com.mx\/#website"},"primaryImageOfPage":{"@id":"https:\/\/creston.com.mx\/index.php\/02\/saul-monreal-presenta-20-iniciativas-al-inicio-del-periodo-legislativo\/politica\/2025\/#primaryimage"},"image":{"@id":"https:\/\/creston.com.mx\/index.php\/02\/saul-monreal-presenta-20-iniciativas-al-inicio-del-periodo-legislativo\/politica\/2025\/#primaryimage"},"thumbnailUrl":"https:\/\/creston.com.mx\/wp-content\/uploads\/2025\/02\/IMG-20250206-WA0022-scaled.jpg","datePublished":"2025-02-07T04:17:58+00:00","dateModified":"2025-02-07T04:31:08+00:00","breadcrumb":{"@id":"https:\/\/creston.com.mx\/index.php\/02\/saul-monreal-presenta-20-iniciativas-al-inicio-del-periodo-legislativo\/politica\/2025\/#breadcrumb"},"inLanguage":"es","potentialAction":[{"@type":"ReadAction","target":["https:\/\/creston.com.mx\/index.php\/02\/saul-monreal-presenta-20-iniciativas-al-inicio-del-periodo-legislativo\/politica\/2025\/"]}]},{"@type":"ImageObject","inLanguage":"es","@id":"https:\/\/creston.com.mx\/index.php\/02\/saul-monreal-presenta-20-iniciativas-al-inicio-del-periodo-legislativo\/politica\/2025\/#primaryimage","url":"https:\/\/creston.com.mx\/wp-content\/uploads\/2025\/02\/IMG-20250206-WA0022-scaled.jpg","contentUrl":"https:\/\/creston.com.mx\/wp-content\/uploads\/2025\/02\/IMG-20250206-WA0022-scaled.jpg","width":2560,"height":1706},{"@type":"BreadcrumbList","@id":"https:\/\/creston.com.mx\/index.php\/02\/saul-monreal-presenta-20-iniciativas-al-inicio-del-periodo-legislativo\/politica\/2025\/#breadcrumb","itemListElement":[{"@type":"ListItem","position":1,"name":"Portada","item":"https:\/\/creston.com.mx\/"},{"@type":"ListItem","position":2,"name":"Sa\u00fal Monreal presenta 20 iniciativas al inicio del periodo legislativo"}]},{"@type":"WebSite","@id":"https:\/\/creston.com.mx\/#website","url":"https:\/\/creston.com.mx\/","name":"Peri\u00f3dico Digital de Zacatecas","description":"","publisher":{"@id":"https:\/\/creston.com.mx\/#organization"},"potentialAction":[{"@type":"SearchAction","target":{"@type":"EntryPoint","urlTemplate":"https:\/\/creston.com.mx\/?s={search_term_string}"},"query-input":{"@type":"PropertyValueSpecification","valueRequired":true,"valueName":"search_term_string"}}],"inLanguage":"es"},{"@type":"Organization","@id":"https:\/\/creston.com.mx\/#organization","name":"Peri\u00f3dico Digital de Zacatecas","url":"https:\/\/creston.com.mx\/","logo":{"@type":"ImageObject","inLanguage":"es","@id":"https:\/\/creston.com.mx\/#\/schema\/logo\/image\/","url":"https:\/\/creston.com.mx\/wp-content\/uploads\/2026\/02\/cropped-Logo-Creston2.jpg","contentUrl":"https:\/\/creston.com.mx\/wp-content\/uploads\/2026\/02\/cropped-Logo-Creston2.jpg","width":503,"height":194,"caption":"Peri\u00f3dico Digital  de Zacatecas"},"image":{"@id":"https:\/\/creston.com.mx\/#\/schema\/logo\/image\/"}},{"@type":"Person","@id":"https:\/\/creston.com.mx\/#\/schema\/person\/01f2ce9e289bc5300c759925ef768c1d","name":"Periodico Creston","image":{"@type":"ImageObject","inLanguage":"es","@id":"https:\/\/creston.com.mx\/#\/schema\/person\/image\/","url":"https:\/\/secure.gravatar.com\/avatar\/c91eac1cf0d45897b6d294d474aa7713a194d460be0aaf72157553d050cda1c1?s=96&d=mm&r=g","contentUrl":"https:\/\/secure.gravatar.com\/avatar\/c91eac1cf0d45897b6d294d474aa7713a194d460be0aaf72157553d050cda1c1?s=96&d=mm&r=g","caption":"Periodico Creston"},"sameAs":["https:\/\/creston.com.mx"],"url":"https:\/\/creston.com.mx\/index.php\/author\/cstnalja96\/"}]}},"jetpack_sharing_enabled":true,"jetpack_featured_media_url":"https:\/\/creston.com.mx\/wp-content\/uploads\/2025\/02\/IMG-20250206-WA0022-scaled.jpg","_links":{"self":[{"href":"https:\/\/creston.com.mx\/index.php\/wp-json\/wp\/v2\/posts\/409","targetHints":{"allow":["GET"]}}],"collection":[{"href":"https:\/\/creston.com.mx\/index.php\/wp-json\/wp\/v2\/posts"}],"about":[{"href":"https:\/\/creston.com.mx\/index.php\/wp-json\/wp\/v2\/types\/post"}],"author":[{"embeddable":true,"href":"https:\/\/creston.com.mx\/index.php\/wp-json\/wp\/v2\/users\/1"}],"replies":[{"embeddable":true,"href":"https:\/\/creston.com.mx\/index.php\/wp-json\/wp\/v2\/comments?post=409"}],"version-history":[{"count":1,"href":"https:\/\/creston.com.mx\/index.php\/wp-json\/wp\/v2\/posts\/409\/revisions"}],"predecessor-version":[{"id":411,"href":"https:\/\/creston.com.mx\/index.php\/wp-json\/wp\/v2\/posts\/409\/revisions\/411"}],"wp:featuredmedia":[{"embeddable":true,"href":"https:\/\/creston.com.mx\/index.php\/wp-json\/wp\/v2\/media\/410"}],"wp:attachment":[{"href":"https:\/\/creston.com.mx\/index.php\/wp-json\/wp\/v2\/media?parent=409"}],"wp:term":[{"taxonomy":"category","embeddable":true,"href":"https:\/\/creston.com.mx\/index.php\/wp-json\/wp\/v2\/categories?post=409"},{"taxonomy":"post_tag","embeddable":true,"href":"https:\/\/creston.com.mx\/index.php\/wp-json\/wp\/v2\/tags?post=409"}],"curies":[{"name":"wp","href":"https:\/\/api.w.org\/{rel}","templated":true}]}}