{"id":405,"date":"2025-02-06T22:12:31","date_gmt":"2025-02-07T04:12:31","guid":{"rendered":"https:\/\/creston.com.mx\/?p=405"},"modified":"2025-02-06T22:12:32","modified_gmt":"2025-02-07T04:12:32","slug":"inauguran-sala-de-atencion-integral-para-mujeres","status":"publish","type":"post","link":"https:\/\/creston.com.mx\/index.php\/02\/inauguran-sala-de-atencion-integral-para-mujeres\/estado\/2025\/","title":{"rendered":"Inauguran sala de atenci\u00f3n integral para mujeres"},"content":{"rendered":"\n<p>.<\/p>\n\n\n\n<p class=\"has-medium-font-size\"><strong><em>Estar\u00e1n brindando clases de Pilates y yoga a las usar\u00edas, est\u00e1 enfocado para un mejor desarrollo prenatal cuidando la salud y la integridad de mujeres embarazadas.<\/em><\/strong><\/p>\n\n\n\n<p>.<\/p>\n\n\n\n<p>El Presidente Municipal, Miguel Varela Pinedo, en compa\u00f1\u00eda de su esposa, la Presidenta Honor\u00edfica, Karla Estrada, hicieron el corte inaugural de la sala de Pilates para ejercicios funcionales dirigidos principalmente a mujeres embarazadas.<\/p>\n\n\n\n<p>Cabe resaltar que este proyecto que fue iniciativa de la Presidenta Honor\u00edfica, Karla Estrada, quien tiene como principal objetivo brindar atenci\u00f3n integral a este sector de la poblaci\u00f3n que ayude a tener un mejor estado de salud y al mismo tiempo reducir la aparici\u00f3n de complicaciones durante el embarazo.<\/p>\n\n\n\n<p>El espacio donde se ubica esta sala anteriormente era utilizado como bodega y se encontraba en condiciones de abandono, por lo que se hizo una remodelaci\u00f3n integral para adaptar el espacio a las necesidades de las clases que se impartir\u00e1n.<\/p>\n\n\n\n<p>Durante su mensaje, el presidente indic\u00f3 que \u201cel DIF capital es la parte m\u00e1s noble del ayuntamiento que dirige con tanto amor y entusiasmo mi esposa Karla y esto es solo el inicio porque seguiremos trabajando pensando siempre a favor de quienes menos tienen y m\u00e1s lo necesitan\u201d dijo.<\/p>\n\n\n\n<p>Es importante resaltar que el Pilates es una de las actividades m\u00e1s recomendadas, sin embargo, debe estar autorizada por el ginec\u00f3logo obstetra que lleva el control de la gestaci\u00f3n.<\/p>\n\n\n\n<p>Entre los beneficios de practicarla durante el embarazo se encuentra mantener un buen estado f\u00edsico, mejorar el sue\u00f1o, el humor y la energ\u00eda; ayuda en el control de la ganancia de peso, prevenir o reducir ciertas molestias y dolores de pelvis o espalda, preparar para el parto y favorecer la recuperaci\u00f3n postparto tras el nacimiento del beb\u00e9.<\/p>\n\n\n\n<p>En su mensaje, Karla Estrada expres\u00f3 que \u201cdesde que iniciamos con la remodelaci\u00f3n de este espacio esperamos este momento con entusiasmo, y hoy, por fin, podemos abrir las puertas de un lugar preparado con tanto cari\u00f1o y dedicaci\u00f3n para impartir las clases que marquen la diferencia en su d\u00eda\u201d.<\/p>\n\n\n\n<p>\u201cAqu\u00ed les vamos a ofrecer un espacio en el que no solo tendr\u00e1n la mejor atenci\u00f3n, sino tambi\u00e9n el ambiente ideal para desarrollar sus habilidades f\u00edsicas, espirituales, porque el Pilates tambi\u00e9n nos ayuda a conectar con nuestro cuerpo, a relajarnos y a liberar tensiones\u201d.<\/p>\n\n\n\n<p>Por su parte Mitzia Pel\u00e1ez, directora de DIF capital, coment\u00f3 que esta sala cuenta con el equipo necesario para brindar atenci\u00f3n en \u00f3ptimas condiciones, \u201cpara nosotros es fundamental brindarles acompa\u00f1amiento en este proceso tan bonito que est\u00e1n viviendo y que sientan toda la confianza, seguridad y apoyo que les brindamos en DIF capital\u201d.<\/p>\n\n\n\n<p>\u201cEsperamos contar con la asistencia de todas ustedes para que sean parte de este bonito proyecto que con todo el coraz\u00f3n creamos y que les traer\u00e1 muchos beneficios positivos para facilitar su parto y favorecer la recuperaci\u00f3n postparto, tras el nacimiento de su beb\u00e9\u201d, concluy\u00f3.<\/p>\n\n\n\n<figure class=\"wp-block-image\"><img fetchpriority=\"high\" decoding=\"async\" width=\"1280\" height=\"854\" src=\"https:\/\/creston.com.mx\/wp-content\/uploads\/2025\/02\/IMG-20250206-WA0030.jpg\" alt=\"\" class=\"wp-image-407\" srcset=\"https:\/\/creston.com.mx\/wp-content\/uploads\/2025\/02\/IMG-20250206-WA0030.jpg 1280w, https:\/\/creston.com.mx\/wp-content\/uploads\/2025\/02\/IMG-20250206-WA0030-300x200.jpg 300w, https:\/\/creston.com.mx\/wp-content\/uploads\/2025\/02\/IMG-20250206-WA0030-1024x683.jpg 1024w, https:\/\/creston.com.mx\/wp-content\/uploads\/2025\/02\/IMG-20250206-WA0030-768x512.jpg 768w\" sizes=\"(max-width: 1280px) 100vw, 1280px\" \/><\/figure>\n\n\n\n<p>En este sentido, la regidora Jessica Astrid Jayme Maga\u00f1a, reconoci\u00f3 que este es una gran iniciativa ya que \u201clos lugares que ofrecen este tipo de servicio, manejan cuotas elevadas y gracias a este proyecto las mujeres embarazadas podr\u00e1n contar con este servicio de la manera m\u00e1s accesible\u201d.<\/p>\n\n\n\n<p>&nbsp;Inform\u00f3 adem\u00e1s que los horarios de atenci\u00f3n de esta sala se establecer\u00e1n de acuerdo a las necesidades de las usuarias que requieran de este servicio. De este modo, Miguel Varela reafirm\u00f3 su compromiso de continuar impulsando m\u00e1s acciones y creando espacios a favor de las familias zacatecanas. Acciones que con dedicaci\u00f3n y creatividad son puestas en marcha por la presidenta Karla Estrada y todo el equipo DIF de la capital.<\/p>\n","protected":false},"excerpt":{"rendered":"<p>. Estar\u00e1n brindando clases de Pilates y yoga a las usar\u00edas, est\u00e1 enfocado para un mejor desarrollo prenatal cuidando la salud y la integridad de mujeres embarazadas. . El Presidente&hellip; <\/p>\n","protected":false},"author":1,"featured_media":406,"comment_status":"open","ping_status":"closed","sticky":false,"template":"","format":"standard","meta":{"_jetpack_memberships_contains_paid_content":false,"footnotes":""},"categories":[1],"tags":[],"class_list":["post-405","post","type-post","status-publish","format-standard","has-post-thumbnail","hentry","category-estado"],"yoast_head":"<!-- This site is optimized with the Yoast SEO plugin v24.2 - https:\/\/yoast.com\/wordpress\/plugins\/seo\/ -->\n<title>Inauguran sala de atenci\u00f3n integral para mujeres - Peri\u00f3dico Digital de Zacatecas<\/title>\n<meta name=\"robots\" content=\"index, follow, max-snippet:-1, max-image-preview:large, max-video-preview:-1\" \/>\n<link rel=\"canonical\" href=\"https:\/\/creston.com.mx\/index.php\/02\/inauguran-sala-de-atencion-integral-para-mujeres\/estado\/2025\/\" \/>\n<meta property=\"og:locale\" content=\"es_ES\" \/>\n<meta property=\"og:type\" content=\"article\" \/>\n<meta property=\"og:title\" content=\"Inauguran sala de atenci\u00f3n integral para mujeres - Peri\u00f3dico Digital de Zacatecas\" \/>\n<meta property=\"og:description\" content=\". Estar\u00e1n brindando clases de Pilates y yoga a las usar\u00edas, est\u00e1 enfocado para un mejor desarrollo prenatal cuidando la salud y la integridad de mujeres embarazadas. . El Presidente&hellip;\" \/>\n<meta property=\"og:url\" content=\"https:\/\/creston.com.mx\/index.php\/02\/inauguran-sala-de-atencion-integral-para-mujeres\/estado\/2025\/\" \/>\n<meta property=\"og:site_name\" content=\"Peri\u00f3dico Digital de Zacatecas\" \/>\n<meta property=\"article:published_time\" content=\"2025-02-07T04:12:31+00:00\" \/>\n<meta property=\"article:modified_time\" content=\"2025-02-07T04:12:32+00:00\" \/>\n<meta property=\"og:image\" content=\"https:\/\/creston.com.mx\/wp-content\/uploads\/2025\/02\/IMG-20250206-WA0026.jpg\" \/>\n\t<meta property=\"og:image:width\" content=\"1280\" \/>\n\t<meta property=\"og:image:height\" content=\"853\" \/>\n\t<meta property=\"og:image:type\" content=\"image\/jpeg\" \/>\n<meta name=\"author\" content=\"Periodico Creston\" \/>\n<meta name=\"twitter:card\" content=\"summary_large_image\" \/>\n<meta name=\"twitter:label1\" content=\"Escrito por\" \/>\n\t<meta name=\"twitter:data1\" content=\"Periodico Creston\" \/>\n\t<meta name=\"twitter:label2\" content=\"Tiempo de lectura\" \/>\n\t<meta name=\"twitter:data2\" content=\"4 minutos\" \/>\n<script type=\"application\/ld+json\" class=\"yoast-schema-graph\">{\"@context\":\"https:\/\/schema.org\",\"@graph\":[{\"@type\":\"Article\",\"@id\":\"https:\/\/creston.com.mx\/index.php\/02\/inauguran-sala-de-atencion-integral-para-mujeres\/estado\/2025\/#article\",\"isPartOf\":{\"@id\":\"https:\/\/creston.com.mx\/index.php\/02\/inauguran-sala-de-atencion-integral-para-mujeres\/estado\/2025\/\"},\"author\":{\"name\":\"Periodico Creston\",\"@id\":\"https:\/\/creston.com.mx\/#\/schema\/person\/01f2ce9e289bc5300c759925ef768c1d\"},\"headline\":\"Inauguran sala de atenci\u00f3n integral para mujeres\",\"datePublished\":\"2025-02-07T04:12:31+00:00\",\"dateModified\":\"2025-02-07T04:12:32+00:00\",\"mainEntityOfPage\":{\"@id\":\"https:\/\/creston.com.mx\/index.php\/02\/inauguran-sala-de-atencion-integral-para-mujeres\/estado\/2025\/\"},\"wordCount\":642,\"commentCount\":0,\"publisher\":{\"@id\":\"https:\/\/creston.com.mx\/#organization\"},\"image\":{\"@id\":\"https:\/\/creston.com.mx\/index.php\/02\/inauguran-sala-de-atencion-integral-para-mujeres\/estado\/2025\/#primaryimage\"},\"thumbnailUrl\":\"https:\/\/creston.com.mx\/wp-content\/uploads\/2025\/02\/IMG-20250206-WA0026.jpg\",\"articleSection\":[\"Estado\"],\"inLanguage\":\"es\",\"potentialAction\":[{\"@type\":\"CommentAction\",\"name\":\"Comment\",\"target\":[\"https:\/\/creston.com.mx\/index.php\/02\/inauguran-sala-de-atencion-integral-para-mujeres\/estado\/2025\/#respond\"]}]},{\"@type\":\"WebPage\",\"@id\":\"https:\/\/creston.com.mx\/index.php\/02\/inauguran-sala-de-atencion-integral-para-mujeres\/estado\/2025\/\",\"url\":\"https:\/\/creston.com.mx\/index.php\/02\/inauguran-sala-de-atencion-integral-para-mujeres\/estado\/2025\/\",\"name\":\"Inauguran sala de atenci\u00f3n integral para mujeres - Peri\u00f3dico Digital de Zacatecas\",\"isPartOf\":{\"@id\":\"https:\/\/creston.com.mx\/#website\"},\"primaryImageOfPage\":{\"@id\":\"https:\/\/creston.com.mx\/index.php\/02\/inauguran-sala-de-atencion-integral-para-mujeres\/estado\/2025\/#primaryimage\"},\"image\":{\"@id\":\"https:\/\/creston.com.mx\/index.php\/02\/inauguran-sala-de-atencion-integral-para-mujeres\/estado\/2025\/#primaryimage\"},\"thumbnailUrl\":\"https:\/\/creston.com.mx\/wp-content\/uploads\/2025\/02\/IMG-20250206-WA0026.jpg\",\"datePublished\":\"2025-02-07T04:12:31+00:00\",\"dateModified\":\"2025-02-07T04:12:32+00:00\",\"breadcrumb\":{\"@id\":\"https:\/\/creston.com.mx\/index.php\/02\/inauguran-sala-de-atencion-integral-para-mujeres\/estado\/2025\/#breadcrumb\"},\"inLanguage\":\"es\",\"potentialAction\":[{\"@type\":\"ReadAction\",\"target\":[\"https:\/\/creston.com.mx\/index.php\/02\/inauguran-sala-de-atencion-integral-para-mujeres\/estado\/2025\/\"]}]},{\"@type\":\"ImageObject\",\"inLanguage\":\"es\",\"@id\":\"https:\/\/creston.com.mx\/index.php\/02\/inauguran-sala-de-atencion-integral-para-mujeres\/estado\/2025\/#primaryimage\",\"url\":\"https:\/\/creston.com.mx\/wp-content\/uploads\/2025\/02\/IMG-20250206-WA0026.jpg\",\"contentUrl\":\"https:\/\/creston.com.mx\/wp-content\/uploads\/2025\/02\/IMG-20250206-WA0026.jpg\",\"width\":1280,\"height\":853},{\"@type\":\"BreadcrumbList\",\"@id\":\"https:\/\/creston.com.mx\/index.php\/02\/inauguran-sala-de-atencion-integral-para-mujeres\/estado\/2025\/#breadcrumb\",\"itemListElement\":[{\"@type\":\"ListItem\",\"position\":1,\"name\":\"Portada\",\"item\":\"https:\/\/creston.com.mx\/\"},{\"@type\":\"ListItem\",\"position\":2,\"name\":\"Inauguran sala de atenci\u00f3n integral para mujeres\"}]},{\"@type\":\"WebSite\",\"@id\":\"https:\/\/creston.com.mx\/#website\",\"url\":\"https:\/\/creston.com.mx\/\",\"name\":\"Peri\u00f3dico Digital de Zacatecas\",\"description\":\"\",\"publisher\":{\"@id\":\"https:\/\/creston.com.mx\/#organization\"},\"potentialAction\":[{\"@type\":\"SearchAction\",\"target\":{\"@type\":\"EntryPoint\",\"urlTemplate\":\"https:\/\/creston.com.mx\/?s={search_term_string}\"},\"query-input\":{\"@type\":\"PropertyValueSpecification\",\"valueRequired\":true,\"valueName\":\"search_term_string\"}}],\"inLanguage\":\"es\"},{\"@type\":\"Organization\",\"@id\":\"https:\/\/creston.com.mx\/#organization\",\"name\":\"Peri\u00f3dico Digital de Zacatecas\",\"url\":\"https:\/\/creston.com.mx\/\",\"logo\":{\"@type\":\"ImageObject\",\"inLanguage\":\"es\",\"@id\":\"https:\/\/creston.com.mx\/#\/schema\/logo\/image\/\",\"url\":\"https:\/\/creston.com.mx\/wp-content\/uploads\/2026\/02\/cropped-Logo-Creston2.jpg\",\"contentUrl\":\"https:\/\/creston.com.mx\/wp-content\/uploads\/2026\/02\/cropped-Logo-Creston2.jpg\",\"width\":503,\"height\":194,\"caption\":\"Peri\u00f3dico Digital  de Zacatecas\"},\"image\":{\"@id\":\"https:\/\/creston.com.mx\/#\/schema\/logo\/image\/\"}},{\"@type\":\"Person\",\"@id\":\"https:\/\/creston.com.mx\/#\/schema\/person\/01f2ce9e289bc5300c759925ef768c1d\",\"name\":\"Periodico Creston\",\"image\":{\"@type\":\"ImageObject\",\"inLanguage\":\"es\",\"@id\":\"https:\/\/creston.com.mx\/#\/schema\/person\/image\/\",\"url\":\"https:\/\/secure.gravatar.com\/avatar\/c91eac1cf0d45897b6d294d474aa7713a194d460be0aaf72157553d050cda1c1?s=96&d=mm&r=g\",\"contentUrl\":\"https:\/\/secure.gravatar.com\/avatar\/c91eac1cf0d45897b6d294d474aa7713a194d460be0aaf72157553d050cda1c1?s=96&d=mm&r=g\",\"caption\":\"Periodico Creston\"},\"sameAs\":[\"https:\/\/creston.com.mx\"],\"url\":\"https:\/\/creston.com.mx\/index.php\/author\/cstnalja96\/\"}]}<\/script>\n<!-- \/ Yoast SEO plugin. -->","yoast_head_json":{"title":"Inauguran sala de atenci\u00f3n integral para mujeres - Peri\u00f3dico Digital de Zacatecas","robots":{"index":"index","follow":"follow","max-snippet":"max-snippet:-1","max-image-preview":"max-image-preview:large","max-video-preview":"max-video-preview:-1"},"canonical":"https:\/\/creston.com.mx\/index.php\/02\/inauguran-sala-de-atencion-integral-para-mujeres\/estado\/2025\/","og_locale":"es_ES","og_type":"article","og_title":"Inauguran sala de atenci\u00f3n integral para mujeres - Peri\u00f3dico Digital de Zacatecas","og_description":". Estar\u00e1n brindando clases de Pilates y yoga a las usar\u00edas, est\u00e1 enfocado para un mejor desarrollo prenatal cuidando la salud y la integridad de mujeres embarazadas. . El Presidente&hellip;","og_url":"https:\/\/creston.com.mx\/index.php\/02\/inauguran-sala-de-atencion-integral-para-mujeres\/estado\/2025\/","og_site_name":"Peri\u00f3dico Digital de Zacatecas","article_published_time":"2025-02-07T04:12:31+00:00","article_modified_time":"2025-02-07T04:12:32+00:00","og_image":[{"width":1280,"height":853,"url":"https:\/\/creston.com.mx\/wp-content\/uploads\/2025\/02\/IMG-20250206-WA0026.jpg","type":"image\/jpeg"}],"author":"Periodico Creston","twitter_card":"summary_large_image","twitter_misc":{"Escrito por":"Periodico Creston","Tiempo de lectura":"4 minutos"},"schema":{"@context":"https:\/\/schema.org","@graph":[{"@type":"Article","@id":"https:\/\/creston.com.mx\/index.php\/02\/inauguran-sala-de-atencion-integral-para-mujeres\/estado\/2025\/#article","isPartOf":{"@id":"https:\/\/creston.com.mx\/index.php\/02\/inauguran-sala-de-atencion-integral-para-mujeres\/estado\/2025\/"},"author":{"name":"Periodico Creston","@id":"https:\/\/creston.com.mx\/#\/schema\/person\/01f2ce9e289bc5300c759925ef768c1d"},"headline":"Inauguran sala de atenci\u00f3n integral para mujeres","datePublished":"2025-02-07T04:12:31+00:00","dateModified":"2025-02-07T04:12:32+00:00","mainEntityOfPage":{"@id":"https:\/\/creston.com.mx\/index.php\/02\/inauguran-sala-de-atencion-integral-para-mujeres\/estado\/2025\/"},"wordCount":642,"commentCount":0,"publisher":{"@id":"https:\/\/creston.com.mx\/#organization"},"image":{"@id":"https:\/\/creston.com.mx\/index.php\/02\/inauguran-sala-de-atencion-integral-para-mujeres\/estado\/2025\/#primaryimage"},"thumbnailUrl":"https:\/\/creston.com.mx\/wp-content\/uploads\/2025\/02\/IMG-20250206-WA0026.jpg","articleSection":["Estado"],"inLanguage":"es","potentialAction":[{"@type":"CommentAction","name":"Comment","target":["https:\/\/creston.com.mx\/index.php\/02\/inauguran-sala-de-atencion-integral-para-mujeres\/estado\/2025\/#respond"]}]},{"@type":"WebPage","@id":"https:\/\/creston.com.mx\/index.php\/02\/inauguran-sala-de-atencion-integral-para-mujeres\/estado\/2025\/","url":"https:\/\/creston.com.mx\/index.php\/02\/inauguran-sala-de-atencion-integral-para-mujeres\/estado\/2025\/","name":"Inauguran sala de atenci\u00f3n integral para mujeres - Peri\u00f3dico Digital de Zacatecas","isPartOf":{"@id":"https:\/\/creston.com.mx\/#website"},"primaryImageOfPage":{"@id":"https:\/\/creston.com.mx\/index.php\/02\/inauguran-sala-de-atencion-integral-para-mujeres\/estado\/2025\/#primaryimage"},"image":{"@id":"https:\/\/creston.com.mx\/index.php\/02\/inauguran-sala-de-atencion-integral-para-mujeres\/estado\/2025\/#primaryimage"},"thumbnailUrl":"https:\/\/creston.com.mx\/wp-content\/uploads\/2025\/02\/IMG-20250206-WA0026.jpg","datePublished":"2025-02-07T04:12:31+00:00","dateModified":"2025-02-07T04:12:32+00:00","breadcrumb":{"@id":"https:\/\/creston.com.mx\/index.php\/02\/inauguran-sala-de-atencion-integral-para-mujeres\/estado\/2025\/#breadcrumb"},"inLanguage":"es","potentialAction":[{"@type":"ReadAction","target":["https:\/\/creston.com.mx\/index.php\/02\/inauguran-sala-de-atencion-integral-para-mujeres\/estado\/2025\/"]}]},{"@type":"ImageObject","inLanguage":"es","@id":"https:\/\/creston.com.mx\/index.php\/02\/inauguran-sala-de-atencion-integral-para-mujeres\/estado\/2025\/#primaryimage","url":"https:\/\/creston.com.mx\/wp-content\/uploads\/2025\/02\/IMG-20250206-WA0026.jpg","contentUrl":"https:\/\/creston.com.mx\/wp-content\/uploads\/2025\/02\/IMG-20250206-WA0026.jpg","width":1280,"height":853},{"@type":"BreadcrumbList","@id":"https:\/\/creston.com.mx\/index.php\/02\/inauguran-sala-de-atencion-integral-para-mujeres\/estado\/2025\/#breadcrumb","itemListElement":[{"@type":"ListItem","position":1,"name":"Portada","item":"https:\/\/creston.com.mx\/"},{"@type":"ListItem","position":2,"name":"Inauguran sala de atenci\u00f3n integral para mujeres"}]},{"@type":"WebSite","@id":"https:\/\/creston.com.mx\/#website","url":"https:\/\/creston.com.mx\/","name":"Peri\u00f3dico Digital de Zacatecas","description":"","publisher":{"@id":"https:\/\/creston.com.mx\/#organization"},"potentialAction":[{"@type":"SearchAction","target":{"@type":"EntryPoint","urlTemplate":"https:\/\/creston.com.mx\/?s={search_term_string}"},"query-input":{"@type":"PropertyValueSpecification","valueRequired":true,"valueName":"search_term_string"}}],"inLanguage":"es"},{"@type":"Organization","@id":"https:\/\/creston.com.mx\/#organization","name":"Peri\u00f3dico Digital de Zacatecas","url":"https:\/\/creston.com.mx\/","logo":{"@type":"ImageObject","inLanguage":"es","@id":"https:\/\/creston.com.mx\/#\/schema\/logo\/image\/","url":"https:\/\/creston.com.mx\/wp-content\/uploads\/2026\/02\/cropped-Logo-Creston2.jpg","contentUrl":"https:\/\/creston.com.mx\/wp-content\/uploads\/2026\/02\/cropped-Logo-Creston2.jpg","width":503,"height":194,"caption":"Peri\u00f3dico Digital  de Zacatecas"},"image":{"@id":"https:\/\/creston.com.mx\/#\/schema\/logo\/image\/"}},{"@type":"Person","@id":"https:\/\/creston.com.mx\/#\/schema\/person\/01f2ce9e289bc5300c759925ef768c1d","name":"Periodico Creston","image":{"@type":"ImageObject","inLanguage":"es","@id":"https:\/\/creston.com.mx\/#\/schema\/person\/image\/","url":"https:\/\/secure.gravatar.com\/avatar\/c91eac1cf0d45897b6d294d474aa7713a194d460be0aaf72157553d050cda1c1?s=96&d=mm&r=g","contentUrl":"https:\/\/secure.gravatar.com\/avatar\/c91eac1cf0d45897b6d294d474aa7713a194d460be0aaf72157553d050cda1c1?s=96&d=mm&r=g","caption":"Periodico Creston"},"sameAs":["https:\/\/creston.com.mx"],"url":"https:\/\/creston.com.mx\/index.php\/author\/cstnalja96\/"}]}},"jetpack_sharing_enabled":true,"jetpack_featured_media_url":"https:\/\/creston.com.mx\/wp-content\/uploads\/2025\/02\/IMG-20250206-WA0026.jpg","_links":{"self":[{"href":"https:\/\/creston.com.mx\/index.php\/wp-json\/wp\/v2\/posts\/405","targetHints":{"allow":["GET"]}}],"collection":[{"href":"https:\/\/creston.com.mx\/index.php\/wp-json\/wp\/v2\/posts"}],"about":[{"href":"https:\/\/creston.com.mx\/index.php\/wp-json\/wp\/v2\/types\/post"}],"author":[{"embeddable":true,"href":"https:\/\/creston.com.mx\/index.php\/wp-json\/wp\/v2\/users\/1"}],"replies":[{"embeddable":true,"href":"https:\/\/creston.com.mx\/index.php\/wp-json\/wp\/v2\/comments?post=405"}],"version-history":[{"count":1,"href":"https:\/\/creston.com.mx\/index.php\/wp-json\/wp\/v2\/posts\/405\/revisions"}],"predecessor-version":[{"id":408,"href":"https:\/\/creston.com.mx\/index.php\/wp-json\/wp\/v2\/posts\/405\/revisions\/408"}],"wp:featuredmedia":[{"embeddable":true,"href":"https:\/\/creston.com.mx\/index.php\/wp-json\/wp\/v2\/media\/406"}],"wp:attachment":[{"href":"https:\/\/creston.com.mx\/index.php\/wp-json\/wp\/v2\/media?parent=405"}],"wp:term":[{"taxonomy":"category","embeddable":true,"href":"https:\/\/creston.com.mx\/index.php\/wp-json\/wp\/v2\/categories?post=405"},{"taxonomy":"post_tag","embeddable":true,"href":"https:\/\/creston.com.mx\/index.php\/wp-json\/wp\/v2\/tags?post=405"}],"curies":[{"name":"wp","href":"https:\/\/api.w.org\/{rel}","templated":true}]}}