{"id":401,"date":"2025-02-06T14:24:59","date_gmt":"2025-02-06T20:24:59","guid":{"rendered":"https:\/\/creston.com.mx\/?p=401"},"modified":"2025-02-06T14:25:00","modified_gmt":"2025-02-06T20:25:00","slug":"se-integran-nuevos-magistrados-al-pleno-del-tribunal-superior-de-justicia","status":"publish","type":"post","link":"https:\/\/creston.com.mx\/index.php\/02\/se-integran-nuevos-magistrados-al-pleno-del-tribunal-superior-de-justicia\/politica\/2025\/","title":{"rendered":"Se integran nuevos magistrados al pleno del Tribunal Superior de Justicia"},"content":{"rendered":"\n<p>.<\/p>\n\n\n\n<p class=\"has-medium-font-size\"><strong><em>Proponen incluir que el Poder Ejecutivo y los gobiernos municipales implementen de manera universal todos los planes y programas sociales que provengan de las organizaciones de zacatecanos migrantes.<\/em><\/strong><\/p>\n\n\n\n<p>.<\/p>\n\n\n\n<p>Seg\u00fan informes estad\u00edsticos, Zacatecas es la entidad con m\u00e1s alto \u00edndice de intensidad migratoria, seguida de Guanajuato y Michoac\u00e1n; esta situaci\u00f3n ha generado la implementaci\u00f3n de programas sociales como el denominado 2X1 para Migrantes, el cual tiene por objeto apoyar a las organizaciones de migrantes zacatecanos radicados en el extranjero, para la aplicaci\u00f3n de proyectos en sus comunidades de origen, brindando asesor\u00eda y orientaci\u00f3n en coordinaci\u00f3n con las instancias correspondientes, para contribuir a fortalecer la participaci\u00f3n social e igualdad mediante la inversi\u00f3n complementaria de recursos por parte de los gobiernos.<\/p>\n\n\n\n<p>Lo anterior fue expuesto por el diputado Jes\u00fas Badillo M\u00e9ndez al momento de proponer una adici\u00f3n al p\u00e1rrafo tercero del art\u00edculo 24 de la Constituci\u00f3n Pol\u00edtica del Estado Libre y Soberano de Zacatecas, a fin de incluir que el Poder Ejecutivo y los gobiernos municipales deber\u00e1n implementar y aplicar de manera universal todos los planes y programas sociales que provengan de las organizaciones de zacatecanos migrantes radicados en el extranjero.<\/p>\n\n\n\n<p><strong><em>Reforma al C\u00f3digo Penal<\/em><\/strong><\/p>\n\n\n\n<p>La propuesta busca adicionar un p\u00e1rrafo al art\u00edculo 24 de la Constituci\u00f3n estatal, estableciendo la obligaci\u00f3n del gobierno de Zacatecas de proteger y garantizar los derechos humanos de los zacatecanos en el extranjero.<\/p>\n\n\n\n<p>Asimismo, plantea la creaci\u00f3n de una dependencia estatal encargada de dise\u00f1ar, regular y aplicar pol\u00edticas migratorias en la entidad, con el objetivo de ofrecer una atenci\u00f3n m\u00e1s estructurada y eficiente a este sector de la poblaci\u00f3n.&nbsp;<\/p>\n\n\n\n<p>El Diputado Badillo destac\u00f3 la importancia de garantizar el acceso a los programas y apoyos provenientes de organizaciones de migrantes zacatecanos radicados en el extranjero, y que estos recursos lleguen a quienes realmente los necesitan, sin distinci\u00f3n ideol\u00f3gica o partidista.<\/p>\n\n\n\n<p>Chuy Badillo subray\u00f3 la necesidad de blindar constitucionalmente programas como el 2X1 para Migrantes y Coraz\u00f3n de Plata, el primero que ha permitido la inversi\u00f3n en proyectos comunitarios mediante la participaci\u00f3n de los zacatecanos en el extranjero y el apoyo de los gobiernos estatal y municipal; y Coraz\u00f3n de Plata, el acercamiento de personas de la tercera edad para ver a sus hijos y parientes en el vecino pa\u00eds.<\/p>\n\n\n\n<p>El diputado resalt\u00f3 que Zacatecas, junto con Guanajuato y Michoac\u00e1n, se encuentra entre los estados con mayor intensidad migratoria en M\u00e9xico donde m\u00e1s de 38.5 millones de mexicanos residen en Estados Unidos, muchos de ellos de origen zacatecano, lo que refleja la magnitud de este fen\u00f3meno y la necesidad de abordarlo con seriedad y responsabilidad desde el \u00e1mbito legislativo.&nbsp;<\/p>\n\n\n\n<p>En su oportunidad, el legislador Jes\u00fas Padilla Estrada dio a conocer la iniciativa con proyecto de decreto por el que plantea reformar las fracciones XI y XII y adicionar la fracci\u00f3n XIII al art\u00edculo 194, y reformar el primer p\u00e1rrafo del art\u00edculo 195 del C\u00f3digo Penal para el Estado de Zacatecas.<\/p>\n\n\n\n<p>Con estos cambios, se establecer\u00e1 dentro de las causales del delito de abuso de autoridad, el retener las contribuciones de seguridad social o los impuestos correspondientes a los servidores p\u00fablicos y teniendo el deber de enterarlo a la autoridad competente no lo haga; dicho delito se castigar\u00e1 con prisi\u00f3n de 1 a 8 a\u00f1os y multa de 50 a 200 cuotas, as\u00ed como destituci\u00f3n del empleo.<\/p>\n\n\n\n<p>En una segunda sesi\u00f3n con car\u00e1cter de solemne, las y los diputados integrantes de la Comisi\u00f3n Permanente tomaron protesta a la Lic. Ver\u00f3nica Mu\u00f1oz Robles y al Dr. Ricardo Humberto Hern\u00e1ndez Le\u00f3n, como Magistrados del Tribunal Superior de Justicia del Estado de Zacatecas.<\/p>\n\n\n\n<p>Se integran al pleno del tribunal superior de justicia<\/p>\n\n\n\n<p>Despu\u00e9s de la sesi\u00f3n solemne, el Pleno del Tribunal Superior de Justicia, que preside el Magistrado Carlos Villegas M\u00e1rquez recibi\u00f3 como nuevos integrantes a la Magistrada Ver\u00f3nica Mu\u00f1oz Robles y el Magistrado Ricardo Humberto Hern\u00e1ndez Le\u00f3n, derivado de la designaci\u00f3n del Mandatario Estatal, David Monreal \u00c1vila y luego de rendir protesta en sesi\u00f3n solemne ante la LXV Legislatura del Estado.<\/p>\n\n\n\n<figure class=\"wp-block-image\"><img fetchpriority=\"high\" decoding=\"async\" width=\"2560\" height=\"1843\" src=\"https:\/\/creston.com.mx\/wp-content\/uploads\/2025\/02\/0H1A1069-scaled.jpg\" alt=\"\" class=\"wp-image-403\" srcset=\"https:\/\/creston.com.mx\/wp-content\/uploads\/2025\/02\/0H1A1069-scaled.jpg 2560w, https:\/\/creston.com.mx\/wp-content\/uploads\/2025\/02\/0H1A1069-300x216.jpg 300w, https:\/\/creston.com.mx\/wp-content\/uploads\/2025\/02\/0H1A1069-1024x737.jpg 1024w, https:\/\/creston.com.mx\/wp-content\/uploads\/2025\/02\/0H1A1069-768x553.jpg 768w, https:\/\/creston.com.mx\/wp-content\/uploads\/2025\/02\/0H1A1069-1536x1106.jpg 1536w, https:\/\/creston.com.mx\/wp-content\/uploads\/2025\/02\/0H1A1069-2048x1475.jpg 2048w\" sizes=\"(max-width: 2560px) 100vw, 2560px\" \/><\/figure>\n\n\n\n<p>Esta designaci\u00f3n obedece a las ponencias que dejaron la Magistrada Martha Elena Berumen Navarro para asumir el cargo de Consejera del \u00d3rgano de Administraci\u00f3n Judicial y la renuncia anticipada del Magistrado \u00c9dgar L\u00f3pez P\u00e9rez en el marco de la reforma constitucional al Poder Judicial.<\/p>\n\n\n\n<p>Es as\u00ed qu\u00e9 en sesi\u00f3n de pleno, el Magistrado Villegas M\u00e1rquez a nombre del TSJEZ les dio la m\u00e1s cordial bienvenida, seguro de que su s\u00f3lida y prolija carrera jur\u00eddica se puso de manifiesto en la designaci\u00f3n del Ejecutivo; a ambos les dijo \u201cestamos ciertos que su llegada fortalecer\u00e1 esta noble tarea de impartir justicia, en especial en este momento hist\u00f3rico y de transici\u00f3n que vive el Poder Judicial\u201d. Finalmente, por unanimidad el Pleno acord\u00f3 que la Magistrada Ver\u00f3nica Mu\u00f1oz se adscriba a la Primera Sala Penal y el Magistrado Ricardo Humberto Hern\u00e1ndez a la Segunda Sala Civil.<\/p>\n","protected":false},"excerpt":{"rendered":"<p>. Proponen incluir que el Poder Ejecutivo y los gobiernos municipales implementen de manera universal todos los planes y programas sociales que provengan de las organizaciones de zacatecanos migrantes. .&hellip; <\/p>\n","protected":false},"author":1,"featured_media":402,"comment_status":"open","ping_status":"closed","sticky":false,"template":"","format":"standard","meta":{"_jetpack_memberships_contains_paid_content":false,"footnotes":""},"categories":[2],"tags":[],"class_list":["post-401","post","type-post","status-publish","format-standard","has-post-thumbnail","hentry","category-politica"],"yoast_head":"<!-- This site is optimized with the Yoast SEO plugin v24.2 - https:\/\/yoast.com\/wordpress\/plugins\/seo\/ -->\n<title>Se integran nuevos magistrados al pleno del Tribunal Superior de Justicia - Peri\u00f3dico Digital de Zacatecas<\/title>\n<meta name=\"robots\" content=\"index, follow, max-snippet:-1, max-image-preview:large, max-video-preview:-1\" \/>\n<link rel=\"canonical\" href=\"https:\/\/creston.com.mx\/index.php\/02\/se-integran-nuevos-magistrados-al-pleno-del-tribunal-superior-de-justicia\/politica\/2025\/\" \/>\n<meta property=\"og:locale\" content=\"es_ES\" \/>\n<meta property=\"og:type\" content=\"article\" \/>\n<meta property=\"og:title\" content=\"Se integran nuevos magistrados al pleno del Tribunal Superior de Justicia - Peri\u00f3dico Digital de Zacatecas\" \/>\n<meta property=\"og:description\" content=\". Proponen incluir que el Poder Ejecutivo y los gobiernos municipales implementen de manera universal todos los planes y programas sociales que provengan de las organizaciones de zacatecanos migrantes. .&hellip;\" \/>\n<meta property=\"og:url\" content=\"https:\/\/creston.com.mx\/index.php\/02\/se-integran-nuevos-magistrados-al-pleno-del-tribunal-superior-de-justicia\/politica\/2025\/\" \/>\n<meta property=\"og:site_name\" content=\"Peri\u00f3dico Digital de Zacatecas\" \/>\n<meta property=\"article:published_time\" content=\"2025-02-06T20:24:59+00:00\" \/>\n<meta property=\"article:modified_time\" content=\"2025-02-06T20:25:00+00:00\" \/>\n<meta property=\"og:image\" content=\"https:\/\/creston.com.mx\/wp-content\/uploads\/2025\/02\/Dip-Chuy-Badillo.jpg\" \/>\n\t<meta property=\"og:image:width\" content=\"1600\" \/>\n\t<meta property=\"og:image:height\" content=\"1066\" \/>\n\t<meta property=\"og:image:type\" content=\"image\/jpeg\" \/>\n<meta name=\"author\" content=\"Periodico Creston\" \/>\n<meta name=\"twitter:card\" content=\"summary_large_image\" \/>\n<meta name=\"twitter:label1\" content=\"Escrito por\" \/>\n\t<meta name=\"twitter:data1\" content=\"Periodico Creston\" \/>\n\t<meta name=\"twitter:label2\" content=\"Tiempo de lectura\" \/>\n\t<meta name=\"twitter:data2\" content=\"5 minutos\" \/>\n<script type=\"application\/ld+json\" class=\"yoast-schema-graph\">{\"@context\":\"https:\/\/schema.org\",\"@graph\":[{\"@type\":\"Article\",\"@id\":\"https:\/\/creston.com.mx\/index.php\/02\/se-integran-nuevos-magistrados-al-pleno-del-tribunal-superior-de-justicia\/politica\/2025\/#article\",\"isPartOf\":{\"@id\":\"https:\/\/creston.com.mx\/index.php\/02\/se-integran-nuevos-magistrados-al-pleno-del-tribunal-superior-de-justicia\/politica\/2025\/\"},\"author\":{\"name\":\"Periodico Creston\",\"@id\":\"https:\/\/creston.com.mx\/#\/schema\/person\/01f2ce9e289bc5300c759925ef768c1d\"},\"headline\":\"Se integran nuevos magistrados al pleno del Tribunal Superior de Justicia\",\"datePublished\":\"2025-02-06T20:24:59+00:00\",\"dateModified\":\"2025-02-06T20:25:00+00:00\",\"mainEntityOfPage\":{\"@id\":\"https:\/\/creston.com.mx\/index.php\/02\/se-integran-nuevos-magistrados-al-pleno-del-tribunal-superior-de-justicia\/politica\/2025\/\"},\"wordCount\":887,\"commentCount\":0,\"publisher\":{\"@id\":\"https:\/\/creston.com.mx\/#organization\"},\"image\":{\"@id\":\"https:\/\/creston.com.mx\/index.php\/02\/se-integran-nuevos-magistrados-al-pleno-del-tribunal-superior-de-justicia\/politica\/2025\/#primaryimage\"},\"thumbnailUrl\":\"https:\/\/creston.com.mx\/wp-content\/uploads\/2025\/02\/Dip-Chuy-Badillo.jpg\",\"articleSection\":[\"Pol\u00edtica\"],\"inLanguage\":\"es\",\"potentialAction\":[{\"@type\":\"CommentAction\",\"name\":\"Comment\",\"target\":[\"https:\/\/creston.com.mx\/index.php\/02\/se-integran-nuevos-magistrados-al-pleno-del-tribunal-superior-de-justicia\/politica\/2025\/#respond\"]}]},{\"@type\":\"WebPage\",\"@id\":\"https:\/\/creston.com.mx\/index.php\/02\/se-integran-nuevos-magistrados-al-pleno-del-tribunal-superior-de-justicia\/politica\/2025\/\",\"url\":\"https:\/\/creston.com.mx\/index.php\/02\/se-integran-nuevos-magistrados-al-pleno-del-tribunal-superior-de-justicia\/politica\/2025\/\",\"name\":\"Se integran nuevos magistrados al pleno del Tribunal Superior de Justicia - Peri\u00f3dico Digital de Zacatecas\",\"isPartOf\":{\"@id\":\"https:\/\/creston.com.mx\/#website\"},\"primaryImageOfPage\":{\"@id\":\"https:\/\/creston.com.mx\/index.php\/02\/se-integran-nuevos-magistrados-al-pleno-del-tribunal-superior-de-justicia\/politica\/2025\/#primaryimage\"},\"image\":{\"@id\":\"https:\/\/creston.com.mx\/index.php\/02\/se-integran-nuevos-magistrados-al-pleno-del-tribunal-superior-de-justicia\/politica\/2025\/#primaryimage\"},\"thumbnailUrl\":\"https:\/\/creston.com.mx\/wp-content\/uploads\/2025\/02\/Dip-Chuy-Badillo.jpg\",\"datePublished\":\"2025-02-06T20:24:59+00:00\",\"dateModified\":\"2025-02-06T20:25:00+00:00\",\"breadcrumb\":{\"@id\":\"https:\/\/creston.com.mx\/index.php\/02\/se-integran-nuevos-magistrados-al-pleno-del-tribunal-superior-de-justicia\/politica\/2025\/#breadcrumb\"},\"inLanguage\":\"es\",\"potentialAction\":[{\"@type\":\"ReadAction\",\"target\":[\"https:\/\/creston.com.mx\/index.php\/02\/se-integran-nuevos-magistrados-al-pleno-del-tribunal-superior-de-justicia\/politica\/2025\/\"]}]},{\"@type\":\"ImageObject\",\"inLanguage\":\"es\",\"@id\":\"https:\/\/creston.com.mx\/index.php\/02\/se-integran-nuevos-magistrados-al-pleno-del-tribunal-superior-de-justicia\/politica\/2025\/#primaryimage\",\"url\":\"https:\/\/creston.com.mx\/wp-content\/uploads\/2025\/02\/Dip-Chuy-Badillo.jpg\",\"contentUrl\":\"https:\/\/creston.com.mx\/wp-content\/uploads\/2025\/02\/Dip-Chuy-Badillo.jpg\",\"width\":1600,\"height\":1066},{\"@type\":\"BreadcrumbList\",\"@id\":\"https:\/\/creston.com.mx\/index.php\/02\/se-integran-nuevos-magistrados-al-pleno-del-tribunal-superior-de-justicia\/politica\/2025\/#breadcrumb\",\"itemListElement\":[{\"@type\":\"ListItem\",\"position\":1,\"name\":\"Portada\",\"item\":\"https:\/\/creston.com.mx\/\"},{\"@type\":\"ListItem\",\"position\":2,\"name\":\"Se integran nuevos magistrados al pleno del Tribunal Superior de Justicia\"}]},{\"@type\":\"WebSite\",\"@id\":\"https:\/\/creston.com.mx\/#website\",\"url\":\"https:\/\/creston.com.mx\/\",\"name\":\"Peri\u00f3dico Digital de Zacatecas\",\"description\":\"\",\"publisher\":{\"@id\":\"https:\/\/creston.com.mx\/#organization\"},\"potentialAction\":[{\"@type\":\"SearchAction\",\"target\":{\"@type\":\"EntryPoint\",\"urlTemplate\":\"https:\/\/creston.com.mx\/?s={search_term_string}\"},\"query-input\":{\"@type\":\"PropertyValueSpecification\",\"valueRequired\":true,\"valueName\":\"search_term_string\"}}],\"inLanguage\":\"es\"},{\"@type\":\"Organization\",\"@id\":\"https:\/\/creston.com.mx\/#organization\",\"name\":\"Peri\u00f3dico Digital de Zacatecas\",\"url\":\"https:\/\/creston.com.mx\/\",\"logo\":{\"@type\":\"ImageObject\",\"inLanguage\":\"es\",\"@id\":\"https:\/\/creston.com.mx\/#\/schema\/logo\/image\/\",\"url\":\"https:\/\/creston.com.mx\/wp-content\/uploads\/2026\/02\/cropped-Logo-Creston2.jpg\",\"contentUrl\":\"https:\/\/creston.com.mx\/wp-content\/uploads\/2026\/02\/cropped-Logo-Creston2.jpg\",\"width\":503,\"height\":194,\"caption\":\"Peri\u00f3dico Digital  de Zacatecas\"},\"image\":{\"@id\":\"https:\/\/creston.com.mx\/#\/schema\/logo\/image\/\"}},{\"@type\":\"Person\",\"@id\":\"https:\/\/creston.com.mx\/#\/schema\/person\/01f2ce9e289bc5300c759925ef768c1d\",\"name\":\"Periodico Creston\",\"image\":{\"@type\":\"ImageObject\",\"inLanguage\":\"es\",\"@id\":\"https:\/\/creston.com.mx\/#\/schema\/person\/image\/\",\"url\":\"https:\/\/secure.gravatar.com\/avatar\/c91eac1cf0d45897b6d294d474aa7713a194d460be0aaf72157553d050cda1c1?s=96&d=mm&r=g\",\"contentUrl\":\"https:\/\/secure.gravatar.com\/avatar\/c91eac1cf0d45897b6d294d474aa7713a194d460be0aaf72157553d050cda1c1?s=96&d=mm&r=g\",\"caption\":\"Periodico Creston\"},\"sameAs\":[\"https:\/\/creston.com.mx\"],\"url\":\"https:\/\/creston.com.mx\/index.php\/author\/cstnalja96\/\"}]}<\/script>\n<!-- \/ Yoast SEO plugin. -->","yoast_head_json":{"title":"Se integran nuevos magistrados al pleno del Tribunal Superior de Justicia - Peri\u00f3dico Digital de Zacatecas","robots":{"index":"index","follow":"follow","max-snippet":"max-snippet:-1","max-image-preview":"max-image-preview:large","max-video-preview":"max-video-preview:-1"},"canonical":"https:\/\/creston.com.mx\/index.php\/02\/se-integran-nuevos-magistrados-al-pleno-del-tribunal-superior-de-justicia\/politica\/2025\/","og_locale":"es_ES","og_type":"article","og_title":"Se integran nuevos magistrados al pleno del Tribunal Superior de Justicia - Peri\u00f3dico Digital de Zacatecas","og_description":". Proponen incluir que el Poder Ejecutivo y los gobiernos municipales implementen de manera universal todos los planes y programas sociales que provengan de las organizaciones de zacatecanos migrantes. .&hellip;","og_url":"https:\/\/creston.com.mx\/index.php\/02\/se-integran-nuevos-magistrados-al-pleno-del-tribunal-superior-de-justicia\/politica\/2025\/","og_site_name":"Peri\u00f3dico Digital de Zacatecas","article_published_time":"2025-02-06T20:24:59+00:00","article_modified_time":"2025-02-06T20:25:00+00:00","og_image":[{"width":1600,"height":1066,"url":"https:\/\/creston.com.mx\/wp-content\/uploads\/2025\/02\/Dip-Chuy-Badillo.jpg","type":"image\/jpeg"}],"author":"Periodico Creston","twitter_card":"summary_large_image","twitter_misc":{"Escrito por":"Periodico Creston","Tiempo de lectura":"5 minutos"},"schema":{"@context":"https:\/\/schema.org","@graph":[{"@type":"Article","@id":"https:\/\/creston.com.mx\/index.php\/02\/se-integran-nuevos-magistrados-al-pleno-del-tribunal-superior-de-justicia\/politica\/2025\/#article","isPartOf":{"@id":"https:\/\/creston.com.mx\/index.php\/02\/se-integran-nuevos-magistrados-al-pleno-del-tribunal-superior-de-justicia\/politica\/2025\/"},"author":{"name":"Periodico Creston","@id":"https:\/\/creston.com.mx\/#\/schema\/person\/01f2ce9e289bc5300c759925ef768c1d"},"headline":"Se integran nuevos magistrados al pleno del Tribunal Superior de Justicia","datePublished":"2025-02-06T20:24:59+00:00","dateModified":"2025-02-06T20:25:00+00:00","mainEntityOfPage":{"@id":"https:\/\/creston.com.mx\/index.php\/02\/se-integran-nuevos-magistrados-al-pleno-del-tribunal-superior-de-justicia\/politica\/2025\/"},"wordCount":887,"commentCount":0,"publisher":{"@id":"https:\/\/creston.com.mx\/#organization"},"image":{"@id":"https:\/\/creston.com.mx\/index.php\/02\/se-integran-nuevos-magistrados-al-pleno-del-tribunal-superior-de-justicia\/politica\/2025\/#primaryimage"},"thumbnailUrl":"https:\/\/creston.com.mx\/wp-content\/uploads\/2025\/02\/Dip-Chuy-Badillo.jpg","articleSection":["Pol\u00edtica"],"inLanguage":"es","potentialAction":[{"@type":"CommentAction","name":"Comment","target":["https:\/\/creston.com.mx\/index.php\/02\/se-integran-nuevos-magistrados-al-pleno-del-tribunal-superior-de-justicia\/politica\/2025\/#respond"]}]},{"@type":"WebPage","@id":"https:\/\/creston.com.mx\/index.php\/02\/se-integran-nuevos-magistrados-al-pleno-del-tribunal-superior-de-justicia\/politica\/2025\/","url":"https:\/\/creston.com.mx\/index.php\/02\/se-integran-nuevos-magistrados-al-pleno-del-tribunal-superior-de-justicia\/politica\/2025\/","name":"Se integran nuevos magistrados al pleno del Tribunal Superior de Justicia - Peri\u00f3dico Digital de Zacatecas","isPartOf":{"@id":"https:\/\/creston.com.mx\/#website"},"primaryImageOfPage":{"@id":"https:\/\/creston.com.mx\/index.php\/02\/se-integran-nuevos-magistrados-al-pleno-del-tribunal-superior-de-justicia\/politica\/2025\/#primaryimage"},"image":{"@id":"https:\/\/creston.com.mx\/index.php\/02\/se-integran-nuevos-magistrados-al-pleno-del-tribunal-superior-de-justicia\/politica\/2025\/#primaryimage"},"thumbnailUrl":"https:\/\/creston.com.mx\/wp-content\/uploads\/2025\/02\/Dip-Chuy-Badillo.jpg","datePublished":"2025-02-06T20:24:59+00:00","dateModified":"2025-02-06T20:25:00+00:00","breadcrumb":{"@id":"https:\/\/creston.com.mx\/index.php\/02\/se-integran-nuevos-magistrados-al-pleno-del-tribunal-superior-de-justicia\/politica\/2025\/#breadcrumb"},"inLanguage":"es","potentialAction":[{"@type":"ReadAction","target":["https:\/\/creston.com.mx\/index.php\/02\/se-integran-nuevos-magistrados-al-pleno-del-tribunal-superior-de-justicia\/politica\/2025\/"]}]},{"@type":"ImageObject","inLanguage":"es","@id":"https:\/\/creston.com.mx\/index.php\/02\/se-integran-nuevos-magistrados-al-pleno-del-tribunal-superior-de-justicia\/politica\/2025\/#primaryimage","url":"https:\/\/creston.com.mx\/wp-content\/uploads\/2025\/02\/Dip-Chuy-Badillo.jpg","contentUrl":"https:\/\/creston.com.mx\/wp-content\/uploads\/2025\/02\/Dip-Chuy-Badillo.jpg","width":1600,"height":1066},{"@type":"BreadcrumbList","@id":"https:\/\/creston.com.mx\/index.php\/02\/se-integran-nuevos-magistrados-al-pleno-del-tribunal-superior-de-justicia\/politica\/2025\/#breadcrumb","itemListElement":[{"@type":"ListItem","position":1,"name":"Portada","item":"https:\/\/creston.com.mx\/"},{"@type":"ListItem","position":2,"name":"Se integran nuevos magistrados al pleno del Tribunal Superior de Justicia"}]},{"@type":"WebSite","@id":"https:\/\/creston.com.mx\/#website","url":"https:\/\/creston.com.mx\/","name":"Peri\u00f3dico Digital de Zacatecas","description":"","publisher":{"@id":"https:\/\/creston.com.mx\/#organization"},"potentialAction":[{"@type":"SearchAction","target":{"@type":"EntryPoint","urlTemplate":"https:\/\/creston.com.mx\/?s={search_term_string}"},"query-input":{"@type":"PropertyValueSpecification","valueRequired":true,"valueName":"search_term_string"}}],"inLanguage":"es"},{"@type":"Organization","@id":"https:\/\/creston.com.mx\/#organization","name":"Peri\u00f3dico Digital de Zacatecas","url":"https:\/\/creston.com.mx\/","logo":{"@type":"ImageObject","inLanguage":"es","@id":"https:\/\/creston.com.mx\/#\/schema\/logo\/image\/","url":"https:\/\/creston.com.mx\/wp-content\/uploads\/2026\/02\/cropped-Logo-Creston2.jpg","contentUrl":"https:\/\/creston.com.mx\/wp-content\/uploads\/2026\/02\/cropped-Logo-Creston2.jpg","width":503,"height":194,"caption":"Peri\u00f3dico Digital  de Zacatecas"},"image":{"@id":"https:\/\/creston.com.mx\/#\/schema\/logo\/image\/"}},{"@type":"Person","@id":"https:\/\/creston.com.mx\/#\/schema\/person\/01f2ce9e289bc5300c759925ef768c1d","name":"Periodico Creston","image":{"@type":"ImageObject","inLanguage":"es","@id":"https:\/\/creston.com.mx\/#\/schema\/person\/image\/","url":"https:\/\/secure.gravatar.com\/avatar\/c91eac1cf0d45897b6d294d474aa7713a194d460be0aaf72157553d050cda1c1?s=96&d=mm&r=g","contentUrl":"https:\/\/secure.gravatar.com\/avatar\/c91eac1cf0d45897b6d294d474aa7713a194d460be0aaf72157553d050cda1c1?s=96&d=mm&r=g","caption":"Periodico Creston"},"sameAs":["https:\/\/creston.com.mx"],"url":"https:\/\/creston.com.mx\/index.php\/author\/cstnalja96\/"}]}},"jetpack_sharing_enabled":true,"jetpack_featured_media_url":"https:\/\/creston.com.mx\/wp-content\/uploads\/2025\/02\/Dip-Chuy-Badillo.jpg","_links":{"self":[{"href":"https:\/\/creston.com.mx\/index.php\/wp-json\/wp\/v2\/posts\/401","targetHints":{"allow":["GET"]}}],"collection":[{"href":"https:\/\/creston.com.mx\/index.php\/wp-json\/wp\/v2\/posts"}],"about":[{"href":"https:\/\/creston.com.mx\/index.php\/wp-json\/wp\/v2\/types\/post"}],"author":[{"embeddable":true,"href":"https:\/\/creston.com.mx\/index.php\/wp-json\/wp\/v2\/users\/1"}],"replies":[{"embeddable":true,"href":"https:\/\/creston.com.mx\/index.php\/wp-json\/wp\/v2\/comments?post=401"}],"version-history":[{"count":1,"href":"https:\/\/creston.com.mx\/index.php\/wp-json\/wp\/v2\/posts\/401\/revisions"}],"predecessor-version":[{"id":404,"href":"https:\/\/creston.com.mx\/index.php\/wp-json\/wp\/v2\/posts\/401\/revisions\/404"}],"wp:featuredmedia":[{"embeddable":true,"href":"https:\/\/creston.com.mx\/index.php\/wp-json\/wp\/v2\/media\/402"}],"wp:attachment":[{"href":"https:\/\/creston.com.mx\/index.php\/wp-json\/wp\/v2\/media?parent=401"}],"wp:term":[{"taxonomy":"category","embeddable":true,"href":"https:\/\/creston.com.mx\/index.php\/wp-json\/wp\/v2\/categories?post=401"},{"taxonomy":"post_tag","embeddable":true,"href":"https:\/\/creston.com.mx\/index.php\/wp-json\/wp\/v2\/tags?post=401"}],"curies":[{"name":"wp","href":"https:\/\/api.w.org\/{rel}","templated":true}]}}