{"id":363,"date":"2025-01-31T22:50:31","date_gmt":"2025-02-01T04:50:31","guid":{"rendered":"https:\/\/creston.com.mx\/?p=363"},"modified":"2025-01-31T22:50:32","modified_gmt":"2025-02-01T04:50:32","slug":"lista-la-agenda-legislativa-para-el-segundo-periodo-ordinario-ulises-mejia-haro","status":"publish","type":"post","link":"https:\/\/creston.com.mx\/index.php\/01\/lista-la-agenda-legislativa-para-el-segundo-periodo-ordinario-ulises-mejia-haro\/politica\/2025\/","title":{"rendered":"Lista la agenda legislativa para el segundo periodo ordinario: Ulises Mej\u00eda Haro"},"content":{"rendered":"\n<p>.<\/p>\n\n\n\n<p class=\"has-medium-font-size\"><strong><em>Son m\u00e1s de 70 iniciativas de reforma en distintas \u00e1reas, incluyendo el sector energ\u00e9tico, con propuestas para Pemex y la CFE.<\/em><\/strong><\/p>\n\n\n\n<p>.<\/p>\n\n\n\n<p>La agenda legislativa para el segundo periodo ordinario de sesiones en el Congreso de la Uni\u00f3n ha sido definida, con m\u00e1s de 70 iniciativas de reforma en distintas \u00e1reas, incluyendo el sector energ\u00e9tico, con propuestas para Pemex y la CFE, as\u00ed como la actualizaci\u00f3n de m\u00e1s de 10 leyes reglamentarias.<\/p>\n\n\n\n<p>El diputado Ulises Mej\u00eda Haro inform\u00f3 que este s\u00e1bado 1 de febrero se llevar\u00e1n a cabo dos sesiones. La primera ser\u00e1 protocolaria, para la instalaci\u00f3n del periodo ordinario de la LXVI Legislatura. La segunda ser\u00e1 la primera sesi\u00f3n ordinaria, en la que se discutir\u00e1 y aprobar\u00e1 la reforma al Infonavit, propuesta por la presidenta Claudia Sheinbaum, que permitir\u00e1 la creaci\u00f3n de una empresa constructora del organismo.<\/p>\n\n\n\n<p>En una siguiente sesi\u00f3n se abordar\u00e1 la iniciativa presidencial para la protecci\u00f3n del ma\u00edz nativo, con el objetivo de preservarlo como recurso estrat\u00e9gico para la soberan\u00eda alimentaria.<\/p>\n\n\n\n<p>El pr\u00f3ximo 5 de febrero, se espera el paquete de reformas de la presidenta Claudia Sheinbaum, que incluye:<\/p>\n\n\n\n<p>\u2022&nbsp;&nbsp;&nbsp;&nbsp;&nbsp;&nbsp;&nbsp;&nbsp;&nbsp; No reelecci\u00f3n<\/p>\n\n\n\n<p>\u2022&nbsp;&nbsp;&nbsp;&nbsp;&nbsp;&nbsp;&nbsp;&nbsp;&nbsp; Reforma contra el nepotismo<\/p>\n\n\n\n<p>\u2022&nbsp;&nbsp;&nbsp;&nbsp;&nbsp;&nbsp;&nbsp;&nbsp;&nbsp; Eliminaci\u00f3n de plurinominales<\/p>\n\n\n\n<p>\u2022&nbsp;&nbsp;&nbsp;&nbsp;&nbsp;&nbsp;&nbsp;&nbsp;&nbsp; Reformas en energ\u00e9ticos<\/p>\n\n\n\n<p>\u2022&nbsp;&nbsp;&nbsp;&nbsp;&nbsp;&nbsp;&nbsp;&nbsp;&nbsp; Transparencia, telecomunicaciones y competencia econ\u00f3mica<\/p>\n\n\n\n<p>\u2022&nbsp;&nbsp;&nbsp;&nbsp;&nbsp;&nbsp;&nbsp;&nbsp;&nbsp; Nueva Ley de Obra P\u00fablica<\/p>\n\n\n\n<p>Adem\u00e1s, se presentar\u00e1n modificaciones a leyes secundarias en materia energ\u00e9tica para homologarlas con las recientes reformas constitucionales.<\/p>\n\n\n\n<p>Sobre el ritmo legislativo, Ulises Mej\u00eda Haro se\u00f1al\u00f3 que se sesionar\u00e1 dos veces por semana, de manera presencial y virtual, para mantener cercan\u00eda con los territorios y avanzar en la aprobaci\u00f3n de las reformas.<\/p>\n\n\n\n<p>\u201cQueremos equilibrar el trabajo en el Congreso con la atenci\u00f3n a nuestros estados\u201d, afirm\u00f3. Con esta agenda, el Congreso se prepara para un periodo clave en la transformaci\u00f3n del pa\u00eds.<\/p>\n","protected":false},"excerpt":{"rendered":"<p>. Son m\u00e1s de 70 iniciativas de reforma en distintas \u00e1reas, incluyendo el sector energ\u00e9tico, con propuestas para Pemex y la CFE. . La agenda legislativa para el segundo periodo&hellip; <\/p>\n","protected":false},"author":1,"featured_media":364,"comment_status":"open","ping_status":"closed","sticky":false,"template":"","format":"standard","meta":{"_jetpack_memberships_contains_paid_content":false,"footnotes":""},"categories":[2],"tags":[],"class_list":["post-363","post","type-post","status-publish","format-standard","has-post-thumbnail","hentry","category-politica"],"yoast_head":"<!-- This site is optimized with the Yoast SEO plugin v24.2 - https:\/\/yoast.com\/wordpress\/plugins\/seo\/ -->\n<title>Lista la agenda legislativa para el segundo periodo ordinario: Ulises Mej\u00eda Haro - Peri\u00f3dico Digital de Zacatecas<\/title>\n<meta name=\"robots\" content=\"index, follow, max-snippet:-1, max-image-preview:large, max-video-preview:-1\" \/>\n<link rel=\"canonical\" href=\"https:\/\/creston.com.mx\/index.php\/01\/lista-la-agenda-legislativa-para-el-segundo-periodo-ordinario-ulises-mejia-haro\/politica\/2025\/\" \/>\n<meta property=\"og:locale\" content=\"es_ES\" \/>\n<meta property=\"og:type\" content=\"article\" \/>\n<meta property=\"og:title\" content=\"Lista la agenda legislativa para el segundo periodo ordinario: Ulises Mej\u00eda Haro - Peri\u00f3dico Digital de Zacatecas\" \/>\n<meta property=\"og:description\" content=\". Son m\u00e1s de 70 iniciativas de reforma en distintas \u00e1reas, incluyendo el sector energ\u00e9tico, con propuestas para Pemex y la CFE. . La agenda legislativa para el segundo periodo&hellip;\" \/>\n<meta property=\"og:url\" content=\"https:\/\/creston.com.mx\/index.php\/01\/lista-la-agenda-legislativa-para-el-segundo-periodo-ordinario-ulises-mejia-haro\/politica\/2025\/\" \/>\n<meta property=\"og:site_name\" content=\"Peri\u00f3dico Digital de Zacatecas\" \/>\n<meta property=\"article:published_time\" content=\"2025-02-01T04:50:31+00:00\" \/>\n<meta property=\"article:modified_time\" content=\"2025-02-01T04:50:32+00:00\" \/>\n<meta property=\"og:image\" content=\"https:\/\/creston.com.mx\/wp-content\/uploads\/2025\/01\/IMG-20250131-WA0032-scaled-e1738385408676.jpg\" \/>\n\t<meta property=\"og:image:width\" content=\"1813\" \/>\n\t<meta property=\"og:image:height\" content=\"1237\" \/>\n\t<meta property=\"og:image:type\" content=\"image\/jpeg\" \/>\n<meta name=\"author\" content=\"Periodico Creston\" \/>\n<meta name=\"twitter:card\" content=\"summary_large_image\" \/>\n<meta name=\"twitter:label1\" content=\"Escrito por\" \/>\n\t<meta name=\"twitter:data1\" content=\"Periodico Creston\" \/>\n\t<meta name=\"twitter:label2\" content=\"Tiempo de lectura\" \/>\n\t<meta name=\"twitter:data2\" content=\"2 minutos\" \/>\n<script type=\"application\/ld+json\" class=\"yoast-schema-graph\">{\"@context\":\"https:\/\/schema.org\",\"@graph\":[{\"@type\":\"Article\",\"@id\":\"https:\/\/creston.com.mx\/index.php\/01\/lista-la-agenda-legislativa-para-el-segundo-periodo-ordinario-ulises-mejia-haro\/politica\/2025\/#article\",\"isPartOf\":{\"@id\":\"https:\/\/creston.com.mx\/index.php\/01\/lista-la-agenda-legislativa-para-el-segundo-periodo-ordinario-ulises-mejia-haro\/politica\/2025\/\"},\"author\":{\"name\":\"Periodico Creston\",\"@id\":\"https:\/\/creston.com.mx\/#\/schema\/person\/01f2ce9e289bc5300c759925ef768c1d\"},\"headline\":\"Lista la agenda legislativa para el segundo periodo ordinario: Ulises Mej\u00eda Haro\",\"datePublished\":\"2025-02-01T04:50:31+00:00\",\"dateModified\":\"2025-02-01T04:50:32+00:00\",\"mainEntityOfPage\":{\"@id\":\"https:\/\/creston.com.mx\/index.php\/01\/lista-la-agenda-legislativa-para-el-segundo-periodo-ordinario-ulises-mejia-haro\/politica\/2025\/\"},\"wordCount\":381,\"commentCount\":0,\"publisher\":{\"@id\":\"https:\/\/creston.com.mx\/#organization\"},\"image\":{\"@id\":\"https:\/\/creston.com.mx\/index.php\/01\/lista-la-agenda-legislativa-para-el-segundo-periodo-ordinario-ulises-mejia-haro\/politica\/2025\/#primaryimage\"},\"thumbnailUrl\":\"https:\/\/creston.com.mx\/wp-content\/uploads\/2025\/01\/IMG-20250131-WA0032-scaled-e1738385408676.jpg\",\"articleSection\":[\"Pol\u00edtica\"],\"inLanguage\":\"es\",\"potentialAction\":[{\"@type\":\"CommentAction\",\"name\":\"Comment\",\"target\":[\"https:\/\/creston.com.mx\/index.php\/01\/lista-la-agenda-legislativa-para-el-segundo-periodo-ordinario-ulises-mejia-haro\/politica\/2025\/#respond\"]}]},{\"@type\":\"WebPage\",\"@id\":\"https:\/\/creston.com.mx\/index.php\/01\/lista-la-agenda-legislativa-para-el-segundo-periodo-ordinario-ulises-mejia-haro\/politica\/2025\/\",\"url\":\"https:\/\/creston.com.mx\/index.php\/01\/lista-la-agenda-legislativa-para-el-segundo-periodo-ordinario-ulises-mejia-haro\/politica\/2025\/\",\"name\":\"Lista la agenda legislativa para el segundo periodo ordinario: Ulises Mej\u00eda Haro - Peri\u00f3dico Digital de Zacatecas\",\"isPartOf\":{\"@id\":\"https:\/\/creston.com.mx\/#website\"},\"primaryImageOfPage\":{\"@id\":\"https:\/\/creston.com.mx\/index.php\/01\/lista-la-agenda-legislativa-para-el-segundo-periodo-ordinario-ulises-mejia-haro\/politica\/2025\/#primaryimage\"},\"image\":{\"@id\":\"https:\/\/creston.com.mx\/index.php\/01\/lista-la-agenda-legislativa-para-el-segundo-periodo-ordinario-ulises-mejia-haro\/politica\/2025\/#primaryimage\"},\"thumbnailUrl\":\"https:\/\/creston.com.mx\/wp-content\/uploads\/2025\/01\/IMG-20250131-WA0032-scaled-e1738385408676.jpg\",\"datePublished\":\"2025-02-01T04:50:31+00:00\",\"dateModified\":\"2025-02-01T04:50:32+00:00\",\"breadcrumb\":{\"@id\":\"https:\/\/creston.com.mx\/index.php\/01\/lista-la-agenda-legislativa-para-el-segundo-periodo-ordinario-ulises-mejia-haro\/politica\/2025\/#breadcrumb\"},\"inLanguage\":\"es\",\"potentialAction\":[{\"@type\":\"ReadAction\",\"target\":[\"https:\/\/creston.com.mx\/index.php\/01\/lista-la-agenda-legislativa-para-el-segundo-periodo-ordinario-ulises-mejia-haro\/politica\/2025\/\"]}]},{\"@type\":\"ImageObject\",\"inLanguage\":\"es\",\"@id\":\"https:\/\/creston.com.mx\/index.php\/01\/lista-la-agenda-legislativa-para-el-segundo-periodo-ordinario-ulises-mejia-haro\/politica\/2025\/#primaryimage\",\"url\":\"https:\/\/creston.com.mx\/wp-content\/uploads\/2025\/01\/IMG-20250131-WA0032-scaled-e1738385408676.jpg\",\"contentUrl\":\"https:\/\/creston.com.mx\/wp-content\/uploads\/2025\/01\/IMG-20250131-WA0032-scaled-e1738385408676.jpg\",\"width\":1813,\"height\":1237},{\"@type\":\"BreadcrumbList\",\"@id\":\"https:\/\/creston.com.mx\/index.php\/01\/lista-la-agenda-legislativa-para-el-segundo-periodo-ordinario-ulises-mejia-haro\/politica\/2025\/#breadcrumb\",\"itemListElement\":[{\"@type\":\"ListItem\",\"position\":1,\"name\":\"Portada\",\"item\":\"https:\/\/creston.com.mx\/\"},{\"@type\":\"ListItem\",\"position\":2,\"name\":\"Lista la agenda legislativa para el segundo periodo ordinario: Ulises Mej\u00eda Haro\"}]},{\"@type\":\"WebSite\",\"@id\":\"https:\/\/creston.com.mx\/#website\",\"url\":\"https:\/\/creston.com.mx\/\",\"name\":\"Peri\u00f3dico Digital de Zacatecas\",\"description\":\"\",\"publisher\":{\"@id\":\"https:\/\/creston.com.mx\/#organization\"},\"potentialAction\":[{\"@type\":\"SearchAction\",\"target\":{\"@type\":\"EntryPoint\",\"urlTemplate\":\"https:\/\/creston.com.mx\/?s={search_term_string}\"},\"query-input\":{\"@type\":\"PropertyValueSpecification\",\"valueRequired\":true,\"valueName\":\"search_term_string\"}}],\"inLanguage\":\"es\"},{\"@type\":\"Organization\",\"@id\":\"https:\/\/creston.com.mx\/#organization\",\"name\":\"Peri\u00f3dico Digital de Zacatecas\",\"url\":\"https:\/\/creston.com.mx\/\",\"logo\":{\"@type\":\"ImageObject\",\"inLanguage\":\"es\",\"@id\":\"https:\/\/creston.com.mx\/#\/schema\/logo\/image\/\",\"url\":\"https:\/\/creston.com.mx\/wp-content\/uploads\/2026\/02\/cropped-Logo-Creston2.jpg\",\"contentUrl\":\"https:\/\/creston.com.mx\/wp-content\/uploads\/2026\/02\/cropped-Logo-Creston2.jpg\",\"width\":503,\"height\":194,\"caption\":\"Peri\u00f3dico Digital  de Zacatecas\"},\"image\":{\"@id\":\"https:\/\/creston.com.mx\/#\/schema\/logo\/image\/\"}},{\"@type\":\"Person\",\"@id\":\"https:\/\/creston.com.mx\/#\/schema\/person\/01f2ce9e289bc5300c759925ef768c1d\",\"name\":\"Periodico Creston\",\"image\":{\"@type\":\"ImageObject\",\"inLanguage\":\"es\",\"@id\":\"https:\/\/creston.com.mx\/#\/schema\/person\/image\/\",\"url\":\"https:\/\/secure.gravatar.com\/avatar\/c91eac1cf0d45897b6d294d474aa7713a194d460be0aaf72157553d050cda1c1?s=96&d=mm&r=g\",\"contentUrl\":\"https:\/\/secure.gravatar.com\/avatar\/c91eac1cf0d45897b6d294d474aa7713a194d460be0aaf72157553d050cda1c1?s=96&d=mm&r=g\",\"caption\":\"Periodico Creston\"},\"sameAs\":[\"https:\/\/creston.com.mx\"],\"url\":\"https:\/\/creston.com.mx\/index.php\/author\/cstnalja96\/\"}]}<\/script>\n<!-- \/ Yoast SEO plugin. -->","yoast_head_json":{"title":"Lista la agenda legislativa para el segundo periodo ordinario: Ulises Mej\u00eda Haro - Peri\u00f3dico Digital de Zacatecas","robots":{"index":"index","follow":"follow","max-snippet":"max-snippet:-1","max-image-preview":"max-image-preview:large","max-video-preview":"max-video-preview:-1"},"canonical":"https:\/\/creston.com.mx\/index.php\/01\/lista-la-agenda-legislativa-para-el-segundo-periodo-ordinario-ulises-mejia-haro\/politica\/2025\/","og_locale":"es_ES","og_type":"article","og_title":"Lista la agenda legislativa para el segundo periodo ordinario: Ulises Mej\u00eda Haro - Peri\u00f3dico Digital de Zacatecas","og_description":". Son m\u00e1s de 70 iniciativas de reforma en distintas \u00e1reas, incluyendo el sector energ\u00e9tico, con propuestas para Pemex y la CFE. . La agenda legislativa para el segundo periodo&hellip;","og_url":"https:\/\/creston.com.mx\/index.php\/01\/lista-la-agenda-legislativa-para-el-segundo-periodo-ordinario-ulises-mejia-haro\/politica\/2025\/","og_site_name":"Peri\u00f3dico Digital de Zacatecas","article_published_time":"2025-02-01T04:50:31+00:00","article_modified_time":"2025-02-01T04:50:32+00:00","og_image":[{"width":1813,"height":1237,"url":"https:\/\/creston.com.mx\/wp-content\/uploads\/2025\/01\/IMG-20250131-WA0032-scaled-e1738385408676.jpg","type":"image\/jpeg"}],"author":"Periodico Creston","twitter_card":"summary_large_image","twitter_misc":{"Escrito por":"Periodico Creston","Tiempo de lectura":"2 minutos"},"schema":{"@context":"https:\/\/schema.org","@graph":[{"@type":"Article","@id":"https:\/\/creston.com.mx\/index.php\/01\/lista-la-agenda-legislativa-para-el-segundo-periodo-ordinario-ulises-mejia-haro\/politica\/2025\/#article","isPartOf":{"@id":"https:\/\/creston.com.mx\/index.php\/01\/lista-la-agenda-legislativa-para-el-segundo-periodo-ordinario-ulises-mejia-haro\/politica\/2025\/"},"author":{"name":"Periodico Creston","@id":"https:\/\/creston.com.mx\/#\/schema\/person\/01f2ce9e289bc5300c759925ef768c1d"},"headline":"Lista la agenda legislativa para el segundo periodo ordinario: Ulises Mej\u00eda Haro","datePublished":"2025-02-01T04:50:31+00:00","dateModified":"2025-02-01T04:50:32+00:00","mainEntityOfPage":{"@id":"https:\/\/creston.com.mx\/index.php\/01\/lista-la-agenda-legislativa-para-el-segundo-periodo-ordinario-ulises-mejia-haro\/politica\/2025\/"},"wordCount":381,"commentCount":0,"publisher":{"@id":"https:\/\/creston.com.mx\/#organization"},"image":{"@id":"https:\/\/creston.com.mx\/index.php\/01\/lista-la-agenda-legislativa-para-el-segundo-periodo-ordinario-ulises-mejia-haro\/politica\/2025\/#primaryimage"},"thumbnailUrl":"https:\/\/creston.com.mx\/wp-content\/uploads\/2025\/01\/IMG-20250131-WA0032-scaled-e1738385408676.jpg","articleSection":["Pol\u00edtica"],"inLanguage":"es","potentialAction":[{"@type":"CommentAction","name":"Comment","target":["https:\/\/creston.com.mx\/index.php\/01\/lista-la-agenda-legislativa-para-el-segundo-periodo-ordinario-ulises-mejia-haro\/politica\/2025\/#respond"]}]},{"@type":"WebPage","@id":"https:\/\/creston.com.mx\/index.php\/01\/lista-la-agenda-legislativa-para-el-segundo-periodo-ordinario-ulises-mejia-haro\/politica\/2025\/","url":"https:\/\/creston.com.mx\/index.php\/01\/lista-la-agenda-legislativa-para-el-segundo-periodo-ordinario-ulises-mejia-haro\/politica\/2025\/","name":"Lista la agenda legislativa para el segundo periodo ordinario: Ulises Mej\u00eda Haro - Peri\u00f3dico Digital de Zacatecas","isPartOf":{"@id":"https:\/\/creston.com.mx\/#website"},"primaryImageOfPage":{"@id":"https:\/\/creston.com.mx\/index.php\/01\/lista-la-agenda-legislativa-para-el-segundo-periodo-ordinario-ulises-mejia-haro\/politica\/2025\/#primaryimage"},"image":{"@id":"https:\/\/creston.com.mx\/index.php\/01\/lista-la-agenda-legislativa-para-el-segundo-periodo-ordinario-ulises-mejia-haro\/politica\/2025\/#primaryimage"},"thumbnailUrl":"https:\/\/creston.com.mx\/wp-content\/uploads\/2025\/01\/IMG-20250131-WA0032-scaled-e1738385408676.jpg","datePublished":"2025-02-01T04:50:31+00:00","dateModified":"2025-02-01T04:50:32+00:00","breadcrumb":{"@id":"https:\/\/creston.com.mx\/index.php\/01\/lista-la-agenda-legislativa-para-el-segundo-periodo-ordinario-ulises-mejia-haro\/politica\/2025\/#breadcrumb"},"inLanguage":"es","potentialAction":[{"@type":"ReadAction","target":["https:\/\/creston.com.mx\/index.php\/01\/lista-la-agenda-legislativa-para-el-segundo-periodo-ordinario-ulises-mejia-haro\/politica\/2025\/"]}]},{"@type":"ImageObject","inLanguage":"es","@id":"https:\/\/creston.com.mx\/index.php\/01\/lista-la-agenda-legislativa-para-el-segundo-periodo-ordinario-ulises-mejia-haro\/politica\/2025\/#primaryimage","url":"https:\/\/creston.com.mx\/wp-content\/uploads\/2025\/01\/IMG-20250131-WA0032-scaled-e1738385408676.jpg","contentUrl":"https:\/\/creston.com.mx\/wp-content\/uploads\/2025\/01\/IMG-20250131-WA0032-scaled-e1738385408676.jpg","width":1813,"height":1237},{"@type":"BreadcrumbList","@id":"https:\/\/creston.com.mx\/index.php\/01\/lista-la-agenda-legislativa-para-el-segundo-periodo-ordinario-ulises-mejia-haro\/politica\/2025\/#breadcrumb","itemListElement":[{"@type":"ListItem","position":1,"name":"Portada","item":"https:\/\/creston.com.mx\/"},{"@type":"ListItem","position":2,"name":"Lista la agenda legislativa para el segundo periodo ordinario: Ulises Mej\u00eda Haro"}]},{"@type":"WebSite","@id":"https:\/\/creston.com.mx\/#website","url":"https:\/\/creston.com.mx\/","name":"Peri\u00f3dico Digital de Zacatecas","description":"","publisher":{"@id":"https:\/\/creston.com.mx\/#organization"},"potentialAction":[{"@type":"SearchAction","target":{"@type":"EntryPoint","urlTemplate":"https:\/\/creston.com.mx\/?s={search_term_string}"},"query-input":{"@type":"PropertyValueSpecification","valueRequired":true,"valueName":"search_term_string"}}],"inLanguage":"es"},{"@type":"Organization","@id":"https:\/\/creston.com.mx\/#organization","name":"Peri\u00f3dico Digital de Zacatecas","url":"https:\/\/creston.com.mx\/","logo":{"@type":"ImageObject","inLanguage":"es","@id":"https:\/\/creston.com.mx\/#\/schema\/logo\/image\/","url":"https:\/\/creston.com.mx\/wp-content\/uploads\/2026\/02\/cropped-Logo-Creston2.jpg","contentUrl":"https:\/\/creston.com.mx\/wp-content\/uploads\/2026\/02\/cropped-Logo-Creston2.jpg","width":503,"height":194,"caption":"Peri\u00f3dico Digital  de Zacatecas"},"image":{"@id":"https:\/\/creston.com.mx\/#\/schema\/logo\/image\/"}},{"@type":"Person","@id":"https:\/\/creston.com.mx\/#\/schema\/person\/01f2ce9e289bc5300c759925ef768c1d","name":"Periodico Creston","image":{"@type":"ImageObject","inLanguage":"es","@id":"https:\/\/creston.com.mx\/#\/schema\/person\/image\/","url":"https:\/\/secure.gravatar.com\/avatar\/c91eac1cf0d45897b6d294d474aa7713a194d460be0aaf72157553d050cda1c1?s=96&d=mm&r=g","contentUrl":"https:\/\/secure.gravatar.com\/avatar\/c91eac1cf0d45897b6d294d474aa7713a194d460be0aaf72157553d050cda1c1?s=96&d=mm&r=g","caption":"Periodico Creston"},"sameAs":["https:\/\/creston.com.mx"],"url":"https:\/\/creston.com.mx\/index.php\/author\/cstnalja96\/"}]}},"jetpack_sharing_enabled":true,"jetpack_featured_media_url":"https:\/\/creston.com.mx\/wp-content\/uploads\/2025\/01\/IMG-20250131-WA0032-scaled-e1738385408676.jpg","_links":{"self":[{"href":"https:\/\/creston.com.mx\/index.php\/wp-json\/wp\/v2\/posts\/363","targetHints":{"allow":["GET"]}}],"collection":[{"href":"https:\/\/creston.com.mx\/index.php\/wp-json\/wp\/v2\/posts"}],"about":[{"href":"https:\/\/creston.com.mx\/index.php\/wp-json\/wp\/v2\/types\/post"}],"author":[{"embeddable":true,"href":"https:\/\/creston.com.mx\/index.php\/wp-json\/wp\/v2\/users\/1"}],"replies":[{"embeddable":true,"href":"https:\/\/creston.com.mx\/index.php\/wp-json\/wp\/v2\/comments?post=363"}],"version-history":[{"count":1,"href":"https:\/\/creston.com.mx\/index.php\/wp-json\/wp\/v2\/posts\/363\/revisions"}],"predecessor-version":[{"id":365,"href":"https:\/\/creston.com.mx\/index.php\/wp-json\/wp\/v2\/posts\/363\/revisions\/365"}],"wp:featuredmedia":[{"embeddable":true,"href":"https:\/\/creston.com.mx\/index.php\/wp-json\/wp\/v2\/media\/364"}],"wp:attachment":[{"href":"https:\/\/creston.com.mx\/index.php\/wp-json\/wp\/v2\/media?parent=363"}],"wp:term":[{"taxonomy":"category","embeddable":true,"href":"https:\/\/creston.com.mx\/index.php\/wp-json\/wp\/v2\/categories?post=363"},{"taxonomy":"post_tag","embeddable":true,"href":"https:\/\/creston.com.mx\/index.php\/wp-json\/wp\/v2\/tags?post=363"}],"curies":[{"name":"wp","href":"https:\/\/api.w.org\/{rel}","templated":true}]}}