{"id":343,"date":"2025-01-30T22:30:26","date_gmt":"2025-01-31T04:30:26","guid":{"rendered":"https:\/\/creston.com.mx\/?p=343"},"modified":"2025-01-30T22:30:28","modified_gmt":"2025-01-31T04:30:28","slug":"ieez-no-cuenta-con-techo-presupuestal-para-proceso-electoral-judicial","status":"publish","type":"post","link":"https:\/\/creston.com.mx\/index.php\/01\/ieez-no-cuenta-con-techo-presupuestal-para-proceso-electoral-judicial\/politica\/2025\/","title":{"rendered":"IEEZ no cuenta con techo presupuestal para proceso electoral judicial"},"content":{"rendered":"\n<p>.<\/p>\n\n\n\n<p class=\"has-medium-font-size\"><strong><em>En sesi\u00f3n explicaron que se requiere una ampliaci\u00f3n de 40 millones 480 mil 491 pesos, adem\u00e1s se aprueba firma de convenio con la AMCEE.<\/em><\/strong><\/p>\n\n\n\n<p>.<\/p>\n\n\n\n<p>En Sesi\u00f3n Extraordinaria del Consejo General del Instituto Electoral del Estado de Zacatecas autoriz\u00f3 al Consejero Presidente, Juan Manuel Frausto Ruedas, la firma del Convenio con la Asociaci\u00f3n Mexicana de Consejeras Estatales Electorales, A.C. (AMCEE), para la incorporaci\u00f3n de esta Autoridad Administrativa Electoral Local al \u201cPrograma Operativo de la Red de Mujeres Juzgadoras Candidatas y Electas\u201d y a la \u201cRed de Mujeres Juzgadoras Candidatas y Electas\u201d.<\/p>\n\n\n\n<p>Al presentar el punto de acuerdo, la Consejera Electoral y presidenta la Comisi\u00f3n de Paridad entre los G\u00e9neros, Yazm\u00edn Reveles Pasillas, enfatiz\u00f3 la importancia de la firma de este convenio, pues busca erradicar&nbsp; la Violencia Pol\u00edtica en Raz\u00f3n de G\u00e9nero en contra de las mujeres que fungir\u00e1n como candidatas y posteriormente electas en el Proceso Electoral Extraordinario del Poder Judicial del Estado de Zacatecas, as\u00ed mismo enumer\u00f3 los principales objetivos, como propiciar espacios presenciales y\/o virtuales para informar sobre la Violencia Pol\u00edtica por Raz\u00f3n de G\u00e9nero y su denuncia; generar acciones de difusi\u00f3n para prevenir esta violencia en medios de comunicaci\u00f3n; brindar atenci\u00f3n inmediata en los casos que se detecte violencia pol\u00edtica contra las mujeres juzgadoras que se advierten como denuncias p\u00fablicas en redes o medios digitales y llevar a cabo un registro de solicitudes de medidas de protecci\u00f3n ante posibles escenarios de violencia de g\u00e9nero.<\/p>\n\n\n\n<p>As\u00ed mismo, el Consejo General aprob\u00f3 la distribuci\u00f3n y aplicaci\u00f3n del Presupuesto de Egresos del Instituto Electoral del Estado de Zacatecas, para el ejercicio fiscal dos mil veinticinco, correspondiente al Gasto Ordinario; en la presentaci\u00f3n del punto de acuerdo la Consejera Electoral y Presidenta de la Comisi\u00f3n de Administraci\u00f3n, Gabriela Elizabeth Mu\u00f1oz Rodr\u00edguez, explic\u00f3 que de los 88 millones 279 mil 266 pesos con 92 centavos, la autoridad electoral local, solo recibi\u00f3 la cantidad de 30 millones 92 mil 250 pesos con 98 centavos, lo que signific\u00f3 una reducci\u00f3n del 65.91 por ciento, por lo que el IEEZ no cuenta con techo presupuestal para cubrir los sueldos y prestaciones correspondientes de los meses de julio a diciembre, ni cubrir cap\u00edtulos 2000 y 3000 de mayo a diciembre, por tanto, explic\u00f3 se requiere una ampliaci\u00f3n de 40 millones 480 mil 491 pesos, adem\u00e1s mencion\u00f3 que no se contemplaron los recursos para que el Instituto Electoral lleve a cabo la organizaci\u00f3n y desarrollo del Proceso Electoral Extraordinario para la elecci\u00f3n de Magistraturas, Juezas y Jueces del Poder Judicial del Estado de Zacatecas, el cual se llevar\u00e1 a cabo en el presente ejercicio fiscal, toda vez que fue hasta el 14 de enero de 2025 cuando se public\u00f3 en el Peri\u00f3dico Oficial del Gobierno del Estado de Zacatecas, el Decreto n\u00famero 94 mediante el cual se adicionaron y reformaron diversos art\u00edculos a la Constituci\u00f3n Local en materia del Poder Judicial, decreto que entr\u00f3 en vigor al d\u00eda siguiente de su publicaci\u00f3n, as\u00ed mismo mencion\u00f3 que fue hasta el 24 de enero del presente a\u00f1o que la LXV Legislatura public\u00f3 la convocatoria para integrar los listados de las personas candidatas que participar\u00e1n en la Elecci\u00f3n Extraordinaria para ocupar los cargos de Magistraturas y Juezas y Jueces del Poder Judicial, por lo que el Consejo General del IEEZ, aprobar\u00e1 en su momento el anteproyecto de presupuesto de egresos para el Proceso Electoral Extraordinario del Poder Judicial en el Estado de Zacatecas, mismo que se entregar\u00e1 a la Legislatura y al Ejecutivo del Estado. Finalmente, la Consejera Electoral, hizo un llamado respetuoso al Gobierno del Estado, apelando a su sensibilidad y compromiso, para que se otorgue el presupuesto solicitado y as\u00ed cumplir con las atribuciones de esta autoridad administrativa electoral.<\/p>\n","protected":false},"excerpt":{"rendered":"<p>. En sesi\u00f3n explicaron que se requiere una ampliaci\u00f3n de 40 millones 480 mil 491 pesos, adem\u00e1s se aprueba firma de convenio con la AMCEE. . En Sesi\u00f3n Extraordinaria del&hellip; <\/p>\n","protected":false},"author":1,"featured_media":344,"comment_status":"open","ping_status":"closed","sticky":false,"template":"","format":"standard","meta":{"_jetpack_memberships_contains_paid_content":false,"footnotes":""},"categories":[2],"tags":[],"class_list":["post-343","post","type-post","status-publish","format-standard","has-post-thumbnail","hentry","category-politica"],"yoast_head":"<!-- This site is optimized with the Yoast SEO plugin v24.2 - https:\/\/yoast.com\/wordpress\/plugins\/seo\/ -->\n<title>IEEZ no cuenta con techo presupuestal para proceso electoral judicial - Peri\u00f3dico Digital de Zacatecas<\/title>\n<meta name=\"robots\" content=\"index, follow, max-snippet:-1, max-image-preview:large, max-video-preview:-1\" \/>\n<link rel=\"canonical\" href=\"https:\/\/creston.com.mx\/index.php\/01\/ieez-no-cuenta-con-techo-presupuestal-para-proceso-electoral-judicial\/politica\/2025\/\" \/>\n<meta property=\"og:locale\" content=\"es_ES\" \/>\n<meta property=\"og:type\" content=\"article\" \/>\n<meta property=\"og:title\" content=\"IEEZ no cuenta con techo presupuestal para proceso electoral judicial - Peri\u00f3dico Digital de Zacatecas\" \/>\n<meta property=\"og:description\" content=\". En sesi\u00f3n explicaron que se requiere una ampliaci\u00f3n de 40 millones 480 mil 491 pesos, adem\u00e1s se aprueba firma de convenio con la AMCEE. . En Sesi\u00f3n Extraordinaria del&hellip;\" \/>\n<meta property=\"og:url\" content=\"https:\/\/creston.com.mx\/index.php\/01\/ieez-no-cuenta-con-techo-presupuestal-para-proceso-electoral-judicial\/politica\/2025\/\" \/>\n<meta property=\"og:site_name\" content=\"Peri\u00f3dico Digital de Zacatecas\" \/>\n<meta property=\"article:published_time\" content=\"2025-01-31T04:30:26+00:00\" \/>\n<meta property=\"article:modified_time\" content=\"2025-01-31T04:30:28+00:00\" \/>\n<meta property=\"og:image\" content=\"https:\/\/creston.com.mx\/wp-content\/uploads\/2025\/01\/ieez-img02.jpeg\" \/>\n\t<meta property=\"og:image:width\" content=\"1600\" \/>\n\t<meta property=\"og:image:height\" content=\"1066\" \/>\n\t<meta property=\"og:image:type\" content=\"image\/jpeg\" \/>\n<meta name=\"author\" content=\"Periodico Creston\" \/>\n<meta name=\"twitter:card\" content=\"summary_large_image\" \/>\n<meta name=\"twitter:label1\" content=\"Escrito por\" \/>\n\t<meta name=\"twitter:data1\" content=\"Periodico Creston\" \/>\n\t<meta name=\"twitter:label2\" content=\"Tiempo de lectura\" \/>\n\t<meta name=\"twitter:data2\" content=\"3 minutos\" \/>\n<script type=\"application\/ld+json\" class=\"yoast-schema-graph\">{\"@context\":\"https:\/\/schema.org\",\"@graph\":[{\"@type\":\"Article\",\"@id\":\"https:\/\/creston.com.mx\/index.php\/01\/ieez-no-cuenta-con-techo-presupuestal-para-proceso-electoral-judicial\/politica\/2025\/#article\",\"isPartOf\":{\"@id\":\"https:\/\/creston.com.mx\/index.php\/01\/ieez-no-cuenta-con-techo-presupuestal-para-proceso-electoral-judicial\/politica\/2025\/\"},\"author\":{\"name\":\"Periodico Creston\",\"@id\":\"https:\/\/creston.com.mx\/#\/schema\/person\/01f2ce9e289bc5300c759925ef768c1d\"},\"headline\":\"IEEZ no cuenta con techo presupuestal para proceso electoral judicial\",\"datePublished\":\"2025-01-31T04:30:26+00:00\",\"dateModified\":\"2025-01-31T04:30:28+00:00\",\"mainEntityOfPage\":{\"@id\":\"https:\/\/creston.com.mx\/index.php\/01\/ieez-no-cuenta-con-techo-presupuestal-para-proceso-electoral-judicial\/politica\/2025\/\"},\"wordCount\":647,\"commentCount\":0,\"publisher\":{\"@id\":\"https:\/\/creston.com.mx\/#organization\"},\"image\":{\"@id\":\"https:\/\/creston.com.mx\/index.php\/01\/ieez-no-cuenta-con-techo-presupuestal-para-proceso-electoral-judicial\/politica\/2025\/#primaryimage\"},\"thumbnailUrl\":\"https:\/\/creston.com.mx\/wp-content\/uploads\/2025\/01\/ieez-img02.jpeg\",\"articleSection\":[\"Pol\u00edtica\"],\"inLanguage\":\"es\",\"potentialAction\":[{\"@type\":\"CommentAction\",\"name\":\"Comment\",\"target\":[\"https:\/\/creston.com.mx\/index.php\/01\/ieez-no-cuenta-con-techo-presupuestal-para-proceso-electoral-judicial\/politica\/2025\/#respond\"]}]},{\"@type\":\"WebPage\",\"@id\":\"https:\/\/creston.com.mx\/index.php\/01\/ieez-no-cuenta-con-techo-presupuestal-para-proceso-electoral-judicial\/politica\/2025\/\",\"url\":\"https:\/\/creston.com.mx\/index.php\/01\/ieez-no-cuenta-con-techo-presupuestal-para-proceso-electoral-judicial\/politica\/2025\/\",\"name\":\"IEEZ no cuenta con techo presupuestal para proceso electoral judicial - Peri\u00f3dico Digital de Zacatecas\",\"isPartOf\":{\"@id\":\"https:\/\/creston.com.mx\/#website\"},\"primaryImageOfPage\":{\"@id\":\"https:\/\/creston.com.mx\/index.php\/01\/ieez-no-cuenta-con-techo-presupuestal-para-proceso-electoral-judicial\/politica\/2025\/#primaryimage\"},\"image\":{\"@id\":\"https:\/\/creston.com.mx\/index.php\/01\/ieez-no-cuenta-con-techo-presupuestal-para-proceso-electoral-judicial\/politica\/2025\/#primaryimage\"},\"thumbnailUrl\":\"https:\/\/creston.com.mx\/wp-content\/uploads\/2025\/01\/ieez-img02.jpeg\",\"datePublished\":\"2025-01-31T04:30:26+00:00\",\"dateModified\":\"2025-01-31T04:30:28+00:00\",\"breadcrumb\":{\"@id\":\"https:\/\/creston.com.mx\/index.php\/01\/ieez-no-cuenta-con-techo-presupuestal-para-proceso-electoral-judicial\/politica\/2025\/#breadcrumb\"},\"inLanguage\":\"es\",\"potentialAction\":[{\"@type\":\"ReadAction\",\"target\":[\"https:\/\/creston.com.mx\/index.php\/01\/ieez-no-cuenta-con-techo-presupuestal-para-proceso-electoral-judicial\/politica\/2025\/\"]}]},{\"@type\":\"ImageObject\",\"inLanguage\":\"es\",\"@id\":\"https:\/\/creston.com.mx\/index.php\/01\/ieez-no-cuenta-con-techo-presupuestal-para-proceso-electoral-judicial\/politica\/2025\/#primaryimage\",\"url\":\"https:\/\/creston.com.mx\/wp-content\/uploads\/2025\/01\/ieez-img02.jpeg\",\"contentUrl\":\"https:\/\/creston.com.mx\/wp-content\/uploads\/2025\/01\/ieez-img02.jpeg\",\"width\":1600,\"height\":1066},{\"@type\":\"BreadcrumbList\",\"@id\":\"https:\/\/creston.com.mx\/index.php\/01\/ieez-no-cuenta-con-techo-presupuestal-para-proceso-electoral-judicial\/politica\/2025\/#breadcrumb\",\"itemListElement\":[{\"@type\":\"ListItem\",\"position\":1,\"name\":\"Portada\",\"item\":\"https:\/\/creston.com.mx\/\"},{\"@type\":\"ListItem\",\"position\":2,\"name\":\"IEEZ no cuenta con techo presupuestal para proceso electoral judicial\"}]},{\"@type\":\"WebSite\",\"@id\":\"https:\/\/creston.com.mx\/#website\",\"url\":\"https:\/\/creston.com.mx\/\",\"name\":\"Peri\u00f3dico Digital de Zacatecas\",\"description\":\"\",\"publisher\":{\"@id\":\"https:\/\/creston.com.mx\/#organization\"},\"potentialAction\":[{\"@type\":\"SearchAction\",\"target\":{\"@type\":\"EntryPoint\",\"urlTemplate\":\"https:\/\/creston.com.mx\/?s={search_term_string}\"},\"query-input\":{\"@type\":\"PropertyValueSpecification\",\"valueRequired\":true,\"valueName\":\"search_term_string\"}}],\"inLanguage\":\"es\"},{\"@type\":\"Organization\",\"@id\":\"https:\/\/creston.com.mx\/#organization\",\"name\":\"Peri\u00f3dico Digital de Zacatecas\",\"url\":\"https:\/\/creston.com.mx\/\",\"logo\":{\"@type\":\"ImageObject\",\"inLanguage\":\"es\",\"@id\":\"https:\/\/creston.com.mx\/#\/schema\/logo\/image\/\",\"url\":\"https:\/\/creston.com.mx\/wp-content\/uploads\/2026\/02\/cropped-Logo-Creston2.jpg\",\"contentUrl\":\"https:\/\/creston.com.mx\/wp-content\/uploads\/2026\/02\/cropped-Logo-Creston2.jpg\",\"width\":503,\"height\":194,\"caption\":\"Peri\u00f3dico Digital  de Zacatecas\"},\"image\":{\"@id\":\"https:\/\/creston.com.mx\/#\/schema\/logo\/image\/\"}},{\"@type\":\"Person\",\"@id\":\"https:\/\/creston.com.mx\/#\/schema\/person\/01f2ce9e289bc5300c759925ef768c1d\",\"name\":\"Periodico Creston\",\"image\":{\"@type\":\"ImageObject\",\"inLanguage\":\"es\",\"@id\":\"https:\/\/creston.com.mx\/#\/schema\/person\/image\/\",\"url\":\"https:\/\/secure.gravatar.com\/avatar\/c91eac1cf0d45897b6d294d474aa7713a194d460be0aaf72157553d050cda1c1?s=96&d=mm&r=g\",\"contentUrl\":\"https:\/\/secure.gravatar.com\/avatar\/c91eac1cf0d45897b6d294d474aa7713a194d460be0aaf72157553d050cda1c1?s=96&d=mm&r=g\",\"caption\":\"Periodico Creston\"},\"sameAs\":[\"https:\/\/creston.com.mx\"],\"url\":\"https:\/\/creston.com.mx\/index.php\/author\/cstnalja96\/\"}]}<\/script>\n<!-- \/ Yoast SEO plugin. -->","yoast_head_json":{"title":"IEEZ no cuenta con techo presupuestal para proceso electoral judicial - Peri\u00f3dico Digital de Zacatecas","robots":{"index":"index","follow":"follow","max-snippet":"max-snippet:-1","max-image-preview":"max-image-preview:large","max-video-preview":"max-video-preview:-1"},"canonical":"https:\/\/creston.com.mx\/index.php\/01\/ieez-no-cuenta-con-techo-presupuestal-para-proceso-electoral-judicial\/politica\/2025\/","og_locale":"es_ES","og_type":"article","og_title":"IEEZ no cuenta con techo presupuestal para proceso electoral judicial - Peri\u00f3dico Digital de Zacatecas","og_description":". En sesi\u00f3n explicaron que se requiere una ampliaci\u00f3n de 40 millones 480 mil 491 pesos, adem\u00e1s se aprueba firma de convenio con la AMCEE. . En Sesi\u00f3n Extraordinaria del&hellip;","og_url":"https:\/\/creston.com.mx\/index.php\/01\/ieez-no-cuenta-con-techo-presupuestal-para-proceso-electoral-judicial\/politica\/2025\/","og_site_name":"Peri\u00f3dico Digital de Zacatecas","article_published_time":"2025-01-31T04:30:26+00:00","article_modified_time":"2025-01-31T04:30:28+00:00","og_image":[{"width":1600,"height":1066,"url":"https:\/\/creston.com.mx\/wp-content\/uploads\/2025\/01\/ieez-img02.jpeg","type":"image\/jpeg"}],"author":"Periodico Creston","twitter_card":"summary_large_image","twitter_misc":{"Escrito por":"Periodico Creston","Tiempo de lectura":"3 minutos"},"schema":{"@context":"https:\/\/schema.org","@graph":[{"@type":"Article","@id":"https:\/\/creston.com.mx\/index.php\/01\/ieez-no-cuenta-con-techo-presupuestal-para-proceso-electoral-judicial\/politica\/2025\/#article","isPartOf":{"@id":"https:\/\/creston.com.mx\/index.php\/01\/ieez-no-cuenta-con-techo-presupuestal-para-proceso-electoral-judicial\/politica\/2025\/"},"author":{"name":"Periodico Creston","@id":"https:\/\/creston.com.mx\/#\/schema\/person\/01f2ce9e289bc5300c759925ef768c1d"},"headline":"IEEZ no cuenta con techo presupuestal para proceso electoral judicial","datePublished":"2025-01-31T04:30:26+00:00","dateModified":"2025-01-31T04:30:28+00:00","mainEntityOfPage":{"@id":"https:\/\/creston.com.mx\/index.php\/01\/ieez-no-cuenta-con-techo-presupuestal-para-proceso-electoral-judicial\/politica\/2025\/"},"wordCount":647,"commentCount":0,"publisher":{"@id":"https:\/\/creston.com.mx\/#organization"},"image":{"@id":"https:\/\/creston.com.mx\/index.php\/01\/ieez-no-cuenta-con-techo-presupuestal-para-proceso-electoral-judicial\/politica\/2025\/#primaryimage"},"thumbnailUrl":"https:\/\/creston.com.mx\/wp-content\/uploads\/2025\/01\/ieez-img02.jpeg","articleSection":["Pol\u00edtica"],"inLanguage":"es","potentialAction":[{"@type":"CommentAction","name":"Comment","target":["https:\/\/creston.com.mx\/index.php\/01\/ieez-no-cuenta-con-techo-presupuestal-para-proceso-electoral-judicial\/politica\/2025\/#respond"]}]},{"@type":"WebPage","@id":"https:\/\/creston.com.mx\/index.php\/01\/ieez-no-cuenta-con-techo-presupuestal-para-proceso-electoral-judicial\/politica\/2025\/","url":"https:\/\/creston.com.mx\/index.php\/01\/ieez-no-cuenta-con-techo-presupuestal-para-proceso-electoral-judicial\/politica\/2025\/","name":"IEEZ no cuenta con techo presupuestal para proceso electoral judicial - Peri\u00f3dico Digital de Zacatecas","isPartOf":{"@id":"https:\/\/creston.com.mx\/#website"},"primaryImageOfPage":{"@id":"https:\/\/creston.com.mx\/index.php\/01\/ieez-no-cuenta-con-techo-presupuestal-para-proceso-electoral-judicial\/politica\/2025\/#primaryimage"},"image":{"@id":"https:\/\/creston.com.mx\/index.php\/01\/ieez-no-cuenta-con-techo-presupuestal-para-proceso-electoral-judicial\/politica\/2025\/#primaryimage"},"thumbnailUrl":"https:\/\/creston.com.mx\/wp-content\/uploads\/2025\/01\/ieez-img02.jpeg","datePublished":"2025-01-31T04:30:26+00:00","dateModified":"2025-01-31T04:30:28+00:00","breadcrumb":{"@id":"https:\/\/creston.com.mx\/index.php\/01\/ieez-no-cuenta-con-techo-presupuestal-para-proceso-electoral-judicial\/politica\/2025\/#breadcrumb"},"inLanguage":"es","potentialAction":[{"@type":"ReadAction","target":["https:\/\/creston.com.mx\/index.php\/01\/ieez-no-cuenta-con-techo-presupuestal-para-proceso-electoral-judicial\/politica\/2025\/"]}]},{"@type":"ImageObject","inLanguage":"es","@id":"https:\/\/creston.com.mx\/index.php\/01\/ieez-no-cuenta-con-techo-presupuestal-para-proceso-electoral-judicial\/politica\/2025\/#primaryimage","url":"https:\/\/creston.com.mx\/wp-content\/uploads\/2025\/01\/ieez-img02.jpeg","contentUrl":"https:\/\/creston.com.mx\/wp-content\/uploads\/2025\/01\/ieez-img02.jpeg","width":1600,"height":1066},{"@type":"BreadcrumbList","@id":"https:\/\/creston.com.mx\/index.php\/01\/ieez-no-cuenta-con-techo-presupuestal-para-proceso-electoral-judicial\/politica\/2025\/#breadcrumb","itemListElement":[{"@type":"ListItem","position":1,"name":"Portada","item":"https:\/\/creston.com.mx\/"},{"@type":"ListItem","position":2,"name":"IEEZ no cuenta con techo presupuestal para proceso electoral judicial"}]},{"@type":"WebSite","@id":"https:\/\/creston.com.mx\/#website","url":"https:\/\/creston.com.mx\/","name":"Peri\u00f3dico Digital de Zacatecas","description":"","publisher":{"@id":"https:\/\/creston.com.mx\/#organization"},"potentialAction":[{"@type":"SearchAction","target":{"@type":"EntryPoint","urlTemplate":"https:\/\/creston.com.mx\/?s={search_term_string}"},"query-input":{"@type":"PropertyValueSpecification","valueRequired":true,"valueName":"search_term_string"}}],"inLanguage":"es"},{"@type":"Organization","@id":"https:\/\/creston.com.mx\/#organization","name":"Peri\u00f3dico Digital de Zacatecas","url":"https:\/\/creston.com.mx\/","logo":{"@type":"ImageObject","inLanguage":"es","@id":"https:\/\/creston.com.mx\/#\/schema\/logo\/image\/","url":"https:\/\/creston.com.mx\/wp-content\/uploads\/2026\/02\/cropped-Logo-Creston2.jpg","contentUrl":"https:\/\/creston.com.mx\/wp-content\/uploads\/2026\/02\/cropped-Logo-Creston2.jpg","width":503,"height":194,"caption":"Peri\u00f3dico Digital  de Zacatecas"},"image":{"@id":"https:\/\/creston.com.mx\/#\/schema\/logo\/image\/"}},{"@type":"Person","@id":"https:\/\/creston.com.mx\/#\/schema\/person\/01f2ce9e289bc5300c759925ef768c1d","name":"Periodico Creston","image":{"@type":"ImageObject","inLanguage":"es","@id":"https:\/\/creston.com.mx\/#\/schema\/person\/image\/","url":"https:\/\/secure.gravatar.com\/avatar\/c91eac1cf0d45897b6d294d474aa7713a194d460be0aaf72157553d050cda1c1?s=96&d=mm&r=g","contentUrl":"https:\/\/secure.gravatar.com\/avatar\/c91eac1cf0d45897b6d294d474aa7713a194d460be0aaf72157553d050cda1c1?s=96&d=mm&r=g","caption":"Periodico Creston"},"sameAs":["https:\/\/creston.com.mx"],"url":"https:\/\/creston.com.mx\/index.php\/author\/cstnalja96\/"}]}},"jetpack_sharing_enabled":true,"jetpack_featured_media_url":"https:\/\/creston.com.mx\/wp-content\/uploads\/2025\/01\/ieez-img02.jpeg","_links":{"self":[{"href":"https:\/\/creston.com.mx\/index.php\/wp-json\/wp\/v2\/posts\/343","targetHints":{"allow":["GET"]}}],"collection":[{"href":"https:\/\/creston.com.mx\/index.php\/wp-json\/wp\/v2\/posts"}],"about":[{"href":"https:\/\/creston.com.mx\/index.php\/wp-json\/wp\/v2\/types\/post"}],"author":[{"embeddable":true,"href":"https:\/\/creston.com.mx\/index.php\/wp-json\/wp\/v2\/users\/1"}],"replies":[{"embeddable":true,"href":"https:\/\/creston.com.mx\/index.php\/wp-json\/wp\/v2\/comments?post=343"}],"version-history":[{"count":1,"href":"https:\/\/creston.com.mx\/index.php\/wp-json\/wp\/v2\/posts\/343\/revisions"}],"predecessor-version":[{"id":345,"href":"https:\/\/creston.com.mx\/index.php\/wp-json\/wp\/v2\/posts\/343\/revisions\/345"}],"wp:featuredmedia":[{"embeddable":true,"href":"https:\/\/creston.com.mx\/index.php\/wp-json\/wp\/v2\/media\/344"}],"wp:attachment":[{"href":"https:\/\/creston.com.mx\/index.php\/wp-json\/wp\/v2\/media?parent=343"}],"wp:term":[{"taxonomy":"category","embeddable":true,"href":"https:\/\/creston.com.mx\/index.php\/wp-json\/wp\/v2\/categories?post=343"},{"taxonomy":"post_tag","embeddable":true,"href":"https:\/\/creston.com.mx\/index.php\/wp-json\/wp\/v2\/tags?post=343"}],"curies":[{"name":"wp","href":"https:\/\/api.w.org\/{rel}","templated":true}]}}