{"id":339,"date":"2025-01-30T22:25:58","date_gmt":"2025-01-31T04:25:58","guid":{"rendered":"https:\/\/creston.com.mx\/?p=339"},"modified":"2025-01-30T22:25:59","modified_gmt":"2025-01-31T04:25:59","slug":"celebraran-el-dia-de-los-museos-comunitarios","status":"publish","type":"post","link":"https:\/\/creston.com.mx\/index.php\/01\/celebraran-el-dia-de-los-museos-comunitarios\/estado\/2025\/","title":{"rendered":"Celebrar\u00e1n el D\u00eda de los Museos Comunitarios"},"content":{"rendered":"\n<p>.<\/p>\n\n\n\n<p class=\"has-medium-font-size\"><strong><em>El 22 de febrero se contempla en el programa 120 actividades. Rendir\u00e1n homenaje p\u00f3stumo a Anacleto Berumen y Jos\u00e9 D\u00edaz De Le\u00f3n pioneros de los museos comunitarios.<\/em><\/strong><\/p>\n\n\n\n<p>.<\/p>\n\n\n\n<p>L\u00edderes de los museos asociados a Museos Comunitarios de Zacatecas A.C.,&nbsp; se reunieron en la Sala de Sesiones del Honorable Ayuntamiento de Ojocaliente, Zacatecas; la reuni\u00f3n estatal en el Orden del D\u00eda, abord\u00f3 la celebraci\u00f3n del D\u00eda de los Museos Comunitarios, ratific\u00e1ndola el acuerdo adoptado en el a\u00f1o 2023 por unanimidad los responsables de los museos comunitarios presentes,&nbsp; , donde concertaron que el \u00faltimo s\u00e1bado del mes de febrero se realizara&nbsp; un programa estatal para celebrar el D\u00eda de los Museos Comunitarios, siendo en este a\u00f1o el s\u00e1bado 22 de febrero teniendo como lema \u201cMuseos Comunitarios, memoria y patrimonio para el Bienestar\u201d.<\/p>\n\n\n\n<p>El Programa del D\u00eda de los Museos Comunitarios 2025 lo componen: visitas guiadas, di\u00e1logos intergeneracionales, exposiciones y eventos art\u00edsticos; ser\u00e1n m\u00e1s de 120 actividades a desarrollarse en los 31 museos comunitarios que integran esta asociaci\u00f3n estatal que fue constituida hace m\u00e1s de 20 a\u00f1os y que agrupa a museos&nbsp; de: Villa de Cos, Ca\u00f1itas de Felipe Pescador, Calera, Joaqu\u00edn Amaro, Valpara\u00edso,&nbsp; Jerez, Tabasco, Ojocaliente, P\u00e1nfilo Natera, Villa Hidalgo, entre otros.<\/p>\n\n\n\n<p>Eugenia Amador, presidenta estatal de Museos Comunitarios de Zacatecas, dio a conocer que el 22 de febrero tambi\u00e9n la directiva estatal se constituir\u00e1 en acto solemne en Jerez, Zacatecas, para rendir homenaje p\u00f3stumo a pioneros de los museos comunitarios en el Estado como: Anacleto Berumen F\u00e9lix\u00a0 del Museo Comunitario \u201cCasa Carranza\u201d y Jos\u00e9 D\u00edaz de Le\u00f3n (Chepito) del Museo Comunitario \u201cLa Montesa\u201d.\u00a0 <\/p>\n\n\n\n<figure class=\"wp-block-image\"><img fetchpriority=\"high\" decoding=\"async\" width=\"1600\" height=\"960\" src=\"https:\/\/creston.com.mx\/wp-content\/uploads\/2025\/01\/IMG-20250130-WA0039-e1738297534315.jpg\" alt=\"\" class=\"wp-image-340\" srcset=\"https:\/\/creston.com.mx\/wp-content\/uploads\/2025\/01\/IMG-20250130-WA0039-e1738297534315.jpg 1600w, https:\/\/creston.com.mx\/wp-content\/uploads\/2025\/01\/IMG-20250130-WA0039-e1738297534315-300x180.jpg 300w, https:\/\/creston.com.mx\/wp-content\/uploads\/2025\/01\/IMG-20250130-WA0039-e1738297534315-1024x614.jpg 1024w, https:\/\/creston.com.mx\/wp-content\/uploads\/2025\/01\/IMG-20250130-WA0039-e1738297534315-768x461.jpg 768w, https:\/\/creston.com.mx\/wp-content\/uploads\/2025\/01\/IMG-20250130-WA0039-e1738297534315-1536x922.jpg 1536w\" sizes=\"(max-width: 1600px) 100vw, 1600px\" \/><\/figure>\n\n\n\n<p>En el acto, el historiador zacatecano Bernardo del Hoyo recibir\u00e1 testimonio de reconocimiento y\u00a0 agradecimiento por su generosa aportaci\u00f3n al museo de Arte e Historia de Jerez El D\u00eda de los Museos Comunitarios de Zacatecas fue instituido\u00a0 para visibilizar estos espacios comunitarios que resguardan la memoria hist\u00f3rica de los pobladores de Zacatecas.<\/p>\n","protected":false},"excerpt":{"rendered":"<p>. El 22 de febrero se contempla en el programa 120 actividades. Rendir\u00e1n homenaje p\u00f3stumo a Anacleto Berumen y Jos\u00e9 D\u00edaz De Le\u00f3n pioneros de los museos comunitarios. . L\u00edderes&hellip; <\/p>\n","protected":false},"author":1,"featured_media":341,"comment_status":"open","ping_status":"closed","sticky":false,"template":"","format":"standard","meta":{"_jetpack_memberships_contains_paid_content":false,"footnotes":""},"categories":[1],"tags":[],"class_list":["post-339","post","type-post","status-publish","format-standard","has-post-thumbnail","hentry","category-estado"],"yoast_head":"<!-- This site is optimized with the Yoast SEO plugin v24.2 - https:\/\/yoast.com\/wordpress\/plugins\/seo\/ -->\n<title>Celebrar\u00e1n el D\u00eda de los Museos Comunitarios - Peri\u00f3dico Digital de Zacatecas<\/title>\n<meta name=\"robots\" content=\"index, follow, max-snippet:-1, max-image-preview:large, max-video-preview:-1\" \/>\n<link rel=\"canonical\" href=\"https:\/\/creston.com.mx\/index.php\/01\/celebraran-el-dia-de-los-museos-comunitarios\/estado\/2025\/\" \/>\n<meta property=\"og:locale\" content=\"es_ES\" \/>\n<meta property=\"og:type\" content=\"article\" \/>\n<meta property=\"og:title\" content=\"Celebrar\u00e1n el D\u00eda de los Museos Comunitarios - Peri\u00f3dico Digital de Zacatecas\" \/>\n<meta property=\"og:description\" content=\". El 22 de febrero se contempla en el programa 120 actividades. Rendir\u00e1n homenaje p\u00f3stumo a Anacleto Berumen y Jos\u00e9 D\u00edaz De Le\u00f3n pioneros de los museos comunitarios. . L\u00edderes&hellip;\" \/>\n<meta property=\"og:url\" content=\"https:\/\/creston.com.mx\/index.php\/01\/celebraran-el-dia-de-los-museos-comunitarios\/estado\/2025\/\" \/>\n<meta property=\"og:site_name\" content=\"Peri\u00f3dico Digital de Zacatecas\" \/>\n<meta property=\"article:published_time\" content=\"2025-01-31T04:25:58+00:00\" \/>\n<meta property=\"article:modified_time\" content=\"2025-01-31T04:25:59+00:00\" \/>\n<meta property=\"og:image\" content=\"https:\/\/creston.com.mx\/wp-content\/uploads\/2025\/01\/IMG-20250130-WA0037.jpg\" \/>\n\t<meta property=\"og:image:width\" content=\"1600\" \/>\n\t<meta property=\"og:image:height\" content=\"1200\" \/>\n\t<meta property=\"og:image:type\" content=\"image\/jpeg\" \/>\n<meta name=\"author\" content=\"Periodico Creston\" \/>\n<meta name=\"twitter:card\" content=\"summary_large_image\" \/>\n<meta name=\"twitter:label1\" content=\"Escrito por\" \/>\n\t<meta name=\"twitter:data1\" content=\"Periodico Creston\" \/>\n\t<meta name=\"twitter:label2\" content=\"Tiempo de lectura\" \/>\n\t<meta name=\"twitter:data2\" content=\"2 minutos\" \/>\n<script type=\"application\/ld+json\" class=\"yoast-schema-graph\">{\"@context\":\"https:\/\/schema.org\",\"@graph\":[{\"@type\":\"Article\",\"@id\":\"https:\/\/creston.com.mx\/index.php\/01\/celebraran-el-dia-de-los-museos-comunitarios\/estado\/2025\/#article\",\"isPartOf\":{\"@id\":\"https:\/\/creston.com.mx\/index.php\/01\/celebraran-el-dia-de-los-museos-comunitarios\/estado\/2025\/\"},\"author\":{\"name\":\"Periodico Creston\",\"@id\":\"https:\/\/creston.com.mx\/#\/schema\/person\/01f2ce9e289bc5300c759925ef768c1d\"},\"headline\":\"Celebrar\u00e1n el D\u00eda de los Museos Comunitarios\",\"datePublished\":\"2025-01-31T04:25:58+00:00\",\"dateModified\":\"2025-01-31T04:25:59+00:00\",\"mainEntityOfPage\":{\"@id\":\"https:\/\/creston.com.mx\/index.php\/01\/celebraran-el-dia-de-los-museos-comunitarios\/estado\/2025\/\"},\"wordCount\":353,\"commentCount\":0,\"publisher\":{\"@id\":\"https:\/\/creston.com.mx\/#organization\"},\"image\":{\"@id\":\"https:\/\/creston.com.mx\/index.php\/01\/celebraran-el-dia-de-los-museos-comunitarios\/estado\/2025\/#primaryimage\"},\"thumbnailUrl\":\"https:\/\/creston.com.mx\/wp-content\/uploads\/2025\/01\/IMG-20250130-WA0037.jpg\",\"articleSection\":[\"Estado\"],\"inLanguage\":\"es\",\"potentialAction\":[{\"@type\":\"CommentAction\",\"name\":\"Comment\",\"target\":[\"https:\/\/creston.com.mx\/index.php\/01\/celebraran-el-dia-de-los-museos-comunitarios\/estado\/2025\/#respond\"]}]},{\"@type\":\"WebPage\",\"@id\":\"https:\/\/creston.com.mx\/index.php\/01\/celebraran-el-dia-de-los-museos-comunitarios\/estado\/2025\/\",\"url\":\"https:\/\/creston.com.mx\/index.php\/01\/celebraran-el-dia-de-los-museos-comunitarios\/estado\/2025\/\",\"name\":\"Celebrar\u00e1n el D\u00eda de los Museos Comunitarios - Peri\u00f3dico Digital de Zacatecas\",\"isPartOf\":{\"@id\":\"https:\/\/creston.com.mx\/#website\"},\"primaryImageOfPage\":{\"@id\":\"https:\/\/creston.com.mx\/index.php\/01\/celebraran-el-dia-de-los-museos-comunitarios\/estado\/2025\/#primaryimage\"},\"image\":{\"@id\":\"https:\/\/creston.com.mx\/index.php\/01\/celebraran-el-dia-de-los-museos-comunitarios\/estado\/2025\/#primaryimage\"},\"thumbnailUrl\":\"https:\/\/creston.com.mx\/wp-content\/uploads\/2025\/01\/IMG-20250130-WA0037.jpg\",\"datePublished\":\"2025-01-31T04:25:58+00:00\",\"dateModified\":\"2025-01-31T04:25:59+00:00\",\"breadcrumb\":{\"@id\":\"https:\/\/creston.com.mx\/index.php\/01\/celebraran-el-dia-de-los-museos-comunitarios\/estado\/2025\/#breadcrumb\"},\"inLanguage\":\"es\",\"potentialAction\":[{\"@type\":\"ReadAction\",\"target\":[\"https:\/\/creston.com.mx\/index.php\/01\/celebraran-el-dia-de-los-museos-comunitarios\/estado\/2025\/\"]}]},{\"@type\":\"ImageObject\",\"inLanguage\":\"es\",\"@id\":\"https:\/\/creston.com.mx\/index.php\/01\/celebraran-el-dia-de-los-museos-comunitarios\/estado\/2025\/#primaryimage\",\"url\":\"https:\/\/creston.com.mx\/wp-content\/uploads\/2025\/01\/IMG-20250130-WA0037.jpg\",\"contentUrl\":\"https:\/\/creston.com.mx\/wp-content\/uploads\/2025\/01\/IMG-20250130-WA0037.jpg\",\"width\":1600,\"height\":1200},{\"@type\":\"BreadcrumbList\",\"@id\":\"https:\/\/creston.com.mx\/index.php\/01\/celebraran-el-dia-de-los-museos-comunitarios\/estado\/2025\/#breadcrumb\",\"itemListElement\":[{\"@type\":\"ListItem\",\"position\":1,\"name\":\"Portada\",\"item\":\"https:\/\/creston.com.mx\/\"},{\"@type\":\"ListItem\",\"position\":2,\"name\":\"Celebrar\u00e1n el D\u00eda de los Museos Comunitarios\"}]},{\"@type\":\"WebSite\",\"@id\":\"https:\/\/creston.com.mx\/#website\",\"url\":\"https:\/\/creston.com.mx\/\",\"name\":\"Peri\u00f3dico Digital de Zacatecas\",\"description\":\"\",\"publisher\":{\"@id\":\"https:\/\/creston.com.mx\/#organization\"},\"potentialAction\":[{\"@type\":\"SearchAction\",\"target\":{\"@type\":\"EntryPoint\",\"urlTemplate\":\"https:\/\/creston.com.mx\/?s={search_term_string}\"},\"query-input\":{\"@type\":\"PropertyValueSpecification\",\"valueRequired\":true,\"valueName\":\"search_term_string\"}}],\"inLanguage\":\"es\"},{\"@type\":\"Organization\",\"@id\":\"https:\/\/creston.com.mx\/#organization\",\"name\":\"Peri\u00f3dico Digital de Zacatecas\",\"url\":\"https:\/\/creston.com.mx\/\",\"logo\":{\"@type\":\"ImageObject\",\"inLanguage\":\"es\",\"@id\":\"https:\/\/creston.com.mx\/#\/schema\/logo\/image\/\",\"url\":\"https:\/\/creston.com.mx\/wp-content\/uploads\/2026\/02\/cropped-Logo-Creston2.jpg\",\"contentUrl\":\"https:\/\/creston.com.mx\/wp-content\/uploads\/2026\/02\/cropped-Logo-Creston2.jpg\",\"width\":503,\"height\":194,\"caption\":\"Peri\u00f3dico Digital  de Zacatecas\"},\"image\":{\"@id\":\"https:\/\/creston.com.mx\/#\/schema\/logo\/image\/\"}},{\"@type\":\"Person\",\"@id\":\"https:\/\/creston.com.mx\/#\/schema\/person\/01f2ce9e289bc5300c759925ef768c1d\",\"name\":\"Periodico Creston\",\"image\":{\"@type\":\"ImageObject\",\"inLanguage\":\"es\",\"@id\":\"https:\/\/creston.com.mx\/#\/schema\/person\/image\/\",\"url\":\"https:\/\/secure.gravatar.com\/avatar\/c91eac1cf0d45897b6d294d474aa7713a194d460be0aaf72157553d050cda1c1?s=96&d=mm&r=g\",\"contentUrl\":\"https:\/\/secure.gravatar.com\/avatar\/c91eac1cf0d45897b6d294d474aa7713a194d460be0aaf72157553d050cda1c1?s=96&d=mm&r=g\",\"caption\":\"Periodico Creston\"},\"sameAs\":[\"https:\/\/creston.com.mx\"],\"url\":\"https:\/\/creston.com.mx\/index.php\/author\/cstnalja96\/\"}]}<\/script>\n<!-- \/ Yoast SEO plugin. -->","yoast_head_json":{"title":"Celebrar\u00e1n el D\u00eda de los Museos Comunitarios - Peri\u00f3dico Digital de Zacatecas","robots":{"index":"index","follow":"follow","max-snippet":"max-snippet:-1","max-image-preview":"max-image-preview:large","max-video-preview":"max-video-preview:-1"},"canonical":"https:\/\/creston.com.mx\/index.php\/01\/celebraran-el-dia-de-los-museos-comunitarios\/estado\/2025\/","og_locale":"es_ES","og_type":"article","og_title":"Celebrar\u00e1n el D\u00eda de los Museos Comunitarios - Peri\u00f3dico Digital de Zacatecas","og_description":". El 22 de febrero se contempla en el programa 120 actividades. Rendir\u00e1n homenaje p\u00f3stumo a Anacleto Berumen y Jos\u00e9 D\u00edaz De Le\u00f3n pioneros de los museos comunitarios. . L\u00edderes&hellip;","og_url":"https:\/\/creston.com.mx\/index.php\/01\/celebraran-el-dia-de-los-museos-comunitarios\/estado\/2025\/","og_site_name":"Peri\u00f3dico Digital de Zacatecas","article_published_time":"2025-01-31T04:25:58+00:00","article_modified_time":"2025-01-31T04:25:59+00:00","og_image":[{"width":1600,"height":1200,"url":"https:\/\/creston.com.mx\/wp-content\/uploads\/2025\/01\/IMG-20250130-WA0037.jpg","type":"image\/jpeg"}],"author":"Periodico Creston","twitter_card":"summary_large_image","twitter_misc":{"Escrito por":"Periodico Creston","Tiempo de lectura":"2 minutos"},"schema":{"@context":"https:\/\/schema.org","@graph":[{"@type":"Article","@id":"https:\/\/creston.com.mx\/index.php\/01\/celebraran-el-dia-de-los-museos-comunitarios\/estado\/2025\/#article","isPartOf":{"@id":"https:\/\/creston.com.mx\/index.php\/01\/celebraran-el-dia-de-los-museos-comunitarios\/estado\/2025\/"},"author":{"name":"Periodico Creston","@id":"https:\/\/creston.com.mx\/#\/schema\/person\/01f2ce9e289bc5300c759925ef768c1d"},"headline":"Celebrar\u00e1n el D\u00eda de los Museos Comunitarios","datePublished":"2025-01-31T04:25:58+00:00","dateModified":"2025-01-31T04:25:59+00:00","mainEntityOfPage":{"@id":"https:\/\/creston.com.mx\/index.php\/01\/celebraran-el-dia-de-los-museos-comunitarios\/estado\/2025\/"},"wordCount":353,"commentCount":0,"publisher":{"@id":"https:\/\/creston.com.mx\/#organization"},"image":{"@id":"https:\/\/creston.com.mx\/index.php\/01\/celebraran-el-dia-de-los-museos-comunitarios\/estado\/2025\/#primaryimage"},"thumbnailUrl":"https:\/\/creston.com.mx\/wp-content\/uploads\/2025\/01\/IMG-20250130-WA0037.jpg","articleSection":["Estado"],"inLanguage":"es","potentialAction":[{"@type":"CommentAction","name":"Comment","target":["https:\/\/creston.com.mx\/index.php\/01\/celebraran-el-dia-de-los-museos-comunitarios\/estado\/2025\/#respond"]}]},{"@type":"WebPage","@id":"https:\/\/creston.com.mx\/index.php\/01\/celebraran-el-dia-de-los-museos-comunitarios\/estado\/2025\/","url":"https:\/\/creston.com.mx\/index.php\/01\/celebraran-el-dia-de-los-museos-comunitarios\/estado\/2025\/","name":"Celebrar\u00e1n el D\u00eda de los Museos Comunitarios - Peri\u00f3dico Digital de Zacatecas","isPartOf":{"@id":"https:\/\/creston.com.mx\/#website"},"primaryImageOfPage":{"@id":"https:\/\/creston.com.mx\/index.php\/01\/celebraran-el-dia-de-los-museos-comunitarios\/estado\/2025\/#primaryimage"},"image":{"@id":"https:\/\/creston.com.mx\/index.php\/01\/celebraran-el-dia-de-los-museos-comunitarios\/estado\/2025\/#primaryimage"},"thumbnailUrl":"https:\/\/creston.com.mx\/wp-content\/uploads\/2025\/01\/IMG-20250130-WA0037.jpg","datePublished":"2025-01-31T04:25:58+00:00","dateModified":"2025-01-31T04:25:59+00:00","breadcrumb":{"@id":"https:\/\/creston.com.mx\/index.php\/01\/celebraran-el-dia-de-los-museos-comunitarios\/estado\/2025\/#breadcrumb"},"inLanguage":"es","potentialAction":[{"@type":"ReadAction","target":["https:\/\/creston.com.mx\/index.php\/01\/celebraran-el-dia-de-los-museos-comunitarios\/estado\/2025\/"]}]},{"@type":"ImageObject","inLanguage":"es","@id":"https:\/\/creston.com.mx\/index.php\/01\/celebraran-el-dia-de-los-museos-comunitarios\/estado\/2025\/#primaryimage","url":"https:\/\/creston.com.mx\/wp-content\/uploads\/2025\/01\/IMG-20250130-WA0037.jpg","contentUrl":"https:\/\/creston.com.mx\/wp-content\/uploads\/2025\/01\/IMG-20250130-WA0037.jpg","width":1600,"height":1200},{"@type":"BreadcrumbList","@id":"https:\/\/creston.com.mx\/index.php\/01\/celebraran-el-dia-de-los-museos-comunitarios\/estado\/2025\/#breadcrumb","itemListElement":[{"@type":"ListItem","position":1,"name":"Portada","item":"https:\/\/creston.com.mx\/"},{"@type":"ListItem","position":2,"name":"Celebrar\u00e1n el D\u00eda de los Museos Comunitarios"}]},{"@type":"WebSite","@id":"https:\/\/creston.com.mx\/#website","url":"https:\/\/creston.com.mx\/","name":"Peri\u00f3dico Digital de Zacatecas","description":"","publisher":{"@id":"https:\/\/creston.com.mx\/#organization"},"potentialAction":[{"@type":"SearchAction","target":{"@type":"EntryPoint","urlTemplate":"https:\/\/creston.com.mx\/?s={search_term_string}"},"query-input":{"@type":"PropertyValueSpecification","valueRequired":true,"valueName":"search_term_string"}}],"inLanguage":"es"},{"@type":"Organization","@id":"https:\/\/creston.com.mx\/#organization","name":"Peri\u00f3dico Digital de Zacatecas","url":"https:\/\/creston.com.mx\/","logo":{"@type":"ImageObject","inLanguage":"es","@id":"https:\/\/creston.com.mx\/#\/schema\/logo\/image\/","url":"https:\/\/creston.com.mx\/wp-content\/uploads\/2026\/02\/cropped-Logo-Creston2.jpg","contentUrl":"https:\/\/creston.com.mx\/wp-content\/uploads\/2026\/02\/cropped-Logo-Creston2.jpg","width":503,"height":194,"caption":"Peri\u00f3dico Digital  de Zacatecas"},"image":{"@id":"https:\/\/creston.com.mx\/#\/schema\/logo\/image\/"}},{"@type":"Person","@id":"https:\/\/creston.com.mx\/#\/schema\/person\/01f2ce9e289bc5300c759925ef768c1d","name":"Periodico Creston","image":{"@type":"ImageObject","inLanguage":"es","@id":"https:\/\/creston.com.mx\/#\/schema\/person\/image\/","url":"https:\/\/secure.gravatar.com\/avatar\/c91eac1cf0d45897b6d294d474aa7713a194d460be0aaf72157553d050cda1c1?s=96&d=mm&r=g","contentUrl":"https:\/\/secure.gravatar.com\/avatar\/c91eac1cf0d45897b6d294d474aa7713a194d460be0aaf72157553d050cda1c1?s=96&d=mm&r=g","caption":"Periodico Creston"},"sameAs":["https:\/\/creston.com.mx"],"url":"https:\/\/creston.com.mx\/index.php\/author\/cstnalja96\/"}]}},"jetpack_sharing_enabled":true,"jetpack_featured_media_url":"https:\/\/creston.com.mx\/wp-content\/uploads\/2025\/01\/IMG-20250130-WA0037.jpg","_links":{"self":[{"href":"https:\/\/creston.com.mx\/index.php\/wp-json\/wp\/v2\/posts\/339","targetHints":{"allow":["GET"]}}],"collection":[{"href":"https:\/\/creston.com.mx\/index.php\/wp-json\/wp\/v2\/posts"}],"about":[{"href":"https:\/\/creston.com.mx\/index.php\/wp-json\/wp\/v2\/types\/post"}],"author":[{"embeddable":true,"href":"https:\/\/creston.com.mx\/index.php\/wp-json\/wp\/v2\/users\/1"}],"replies":[{"embeddable":true,"href":"https:\/\/creston.com.mx\/index.php\/wp-json\/wp\/v2\/comments?post=339"}],"version-history":[{"count":1,"href":"https:\/\/creston.com.mx\/index.php\/wp-json\/wp\/v2\/posts\/339\/revisions"}],"predecessor-version":[{"id":342,"href":"https:\/\/creston.com.mx\/index.php\/wp-json\/wp\/v2\/posts\/339\/revisions\/342"}],"wp:featuredmedia":[{"embeddable":true,"href":"https:\/\/creston.com.mx\/index.php\/wp-json\/wp\/v2\/media\/341"}],"wp:attachment":[{"href":"https:\/\/creston.com.mx\/index.php\/wp-json\/wp\/v2\/media?parent=339"}],"wp:term":[{"taxonomy":"category","embeddable":true,"href":"https:\/\/creston.com.mx\/index.php\/wp-json\/wp\/v2\/categories?post=339"},{"taxonomy":"post_tag","embeddable":true,"href":"https:\/\/creston.com.mx\/index.php\/wp-json\/wp\/v2\/tags?post=339"}],"curies":[{"name":"wp","href":"https:\/\/api.w.org\/{rel}","templated":true}]}}