{"id":336,"date":"2025-01-30T22:20:00","date_gmt":"2025-01-31T04:20:00","guid":{"rendered":"https:\/\/creston.com.mx\/?p=336"},"modified":"2025-01-30T22:20:04","modified_gmt":"2025-01-31T04:20:04","slug":"el-10-de-febrero-sera-ultimo-dia-para-tramites-de-credencial-para-votar","status":"publish","type":"post","link":"https:\/\/creston.com.mx\/index.php\/01\/el-10-de-febrero-sera-ultimo-dia-para-tramites-de-credencial-para-votar\/informacion-general\/2025\/","title":{"rendered":"El 10 de febrero ser\u00e1 \u00faltimo d\u00eda para tr\u00e1mites de credencial para votar"},"content":{"rendered":"\n<p>.<\/p>\n\n\n\n<p class=\"has-medium-font-size\">M\u00f3dulos fijos atender\u00e1n los domingos 2 y 9 de febrero, se atender\u00e1 sin cita.<\/p>\n\n\n\n<p>.<\/p>\n\n\n\n<p>Como tradicionalmente sucede en la preparaci\u00f3n de Procesos Electorales, el Instituto Nacional Electoral (INE) ha establecido plazos en los tr\u00e1mites de credencial para votar con la finalidad de realizar el corte de Lista Nominal que se utilizar\u00e1 en la elecci\u00f3n del Poder Judicial de la Federaci\u00f3n del 1 de junio de 2025.<\/p>\n\n\n\n<p>La fecha m\u00e1s cercana y por la que se pide a la poblaci\u00f3n estar muy pendiente, es el 10 de febrero, d\u00eda en que termina la posibilidad de tramitar credencial por primera vez (incluidos j\u00f3venes que cumplan 18 a\u00f1os antes del 1 de junio), hacer cambio de domicilio, actualizaci\u00f3n por vigencia y correcci\u00f3n de datos.<\/p>\n\n\n\n<p>Para facilitar que la ciudadan\u00eda realice el tr\u00e1mite que requiera, los M\u00f3dulos de Atenci\u00f3n Ciudadana (MAC) fijos de Fresnillo, Guadalupe, Jerez, R\u00edo Grande y los dos de Zacatecas capital, trabajar\u00e1n los domingos 2 y 9 de febrero en horario de las 8:00 a las 15:00 horas.<\/p>\n\n\n\n<p>El 28 de febrero, terminar\u00e1 el plazo para tr\u00e1mite de reposici\u00f3n por robo, extrav\u00edo o deterioro, adem\u00e1s, para que recojan su credencial quienes la tramitaron en 2023.<\/p>\n\n\n\n<p>El 31 de marzo concluir\u00e1 el plazo para que se recojan las credenciales que se tramitaron hasta el 10 de febrero.<\/p>\n\n\n\n<p>El INE aclara que, si alguna persona extrav\u00eda su credencial para votar en fecha posterior al 28 de febrero, podr\u00e1 solicitar una reimpresi\u00f3n de la misma, siempre y cuando la credencial estuviera vigente. El plazo para solicitar la reimpresi\u00f3n ser\u00e1 del 1 de marzo al 20 de mayo.<\/p>\n\n\n\n<p>El \u00faltimo d\u00eda para recoger la credencial para votar reimpresas, ser\u00e1 el 30 de mayo.<\/p>\n\n\n\n<p>Se recuerda que quienes requieran realizar alg\u00fan tr\u00e1mite deben presentar en original: acta de nacimiento, comprobante de domicilio, reciente y una identificaci\u00f3n con fotograf\u00eda vigente. INE Zacatecas tiene 17 MAC itinerantes que recorren los 58 municipios visitando regularmente las cabeceras y principales poblaciones, atendiendo una programaci\u00f3n establecida, la cual puede ser consultada en las redes sociales Facebook INE Zacatecas, X (Twitter) @Ine Zacatecas el portal https:\/\/ubicatumodulo.ine.mx\/ o bien por tel\u00e9fono en el 800 433 2000 y 492 491 4336 del Centro Estatal de Consulta Electoral y Orientaci\u00f3n Ciudadana, en el que tambi\u00e9n se aclara cualquier duda sobre credencial para votar.<\/p>\n","protected":false},"excerpt":{"rendered":"<p>. M\u00f3dulos fijos atender\u00e1n los domingos 2 y 9 de febrero, se atender\u00e1 sin cita. . Como tradicionalmente sucede en la preparaci\u00f3n de Procesos Electorales, el Instituto Nacional Electoral (INE)&hellip; <\/p>\n","protected":false},"author":1,"featured_media":337,"comment_status":"open","ping_status":"closed","sticky":false,"template":"","format":"standard","meta":{"_jetpack_memberships_contains_paid_content":false,"footnotes":""},"categories":[4],"tags":[],"class_list":["post-336","post","type-post","status-publish","format-standard","has-post-thumbnail","hentry","category-informacion-general"],"yoast_head":"<!-- This site is optimized with the Yoast SEO plugin v24.2 - https:\/\/yoast.com\/wordpress\/plugins\/seo\/ -->\n<title>El 10 de febrero ser\u00e1 \u00faltimo d\u00eda para tr\u00e1mites de credencial para votar - Peri\u00f3dico Digital de Zacatecas<\/title>\n<meta name=\"robots\" content=\"index, follow, max-snippet:-1, max-image-preview:large, max-video-preview:-1\" \/>\n<link rel=\"canonical\" href=\"https:\/\/creston.com.mx\/index.php\/01\/el-10-de-febrero-sera-ultimo-dia-para-tramites-de-credencial-para-votar\/informacion-general\/2025\/\" \/>\n<meta property=\"og:locale\" content=\"es_ES\" \/>\n<meta property=\"og:type\" content=\"article\" \/>\n<meta property=\"og:title\" content=\"El 10 de febrero ser\u00e1 \u00faltimo d\u00eda para tr\u00e1mites de credencial para votar - Peri\u00f3dico Digital de Zacatecas\" \/>\n<meta property=\"og:description\" content=\". M\u00f3dulos fijos atender\u00e1n los domingos 2 y 9 de febrero, se atender\u00e1 sin cita. . Como tradicionalmente sucede en la preparaci\u00f3n de Procesos Electorales, el Instituto Nacional Electoral (INE)&hellip;\" \/>\n<meta property=\"og:url\" content=\"https:\/\/creston.com.mx\/index.php\/01\/el-10-de-febrero-sera-ultimo-dia-para-tramites-de-credencial-para-votar\/informacion-general\/2025\/\" \/>\n<meta property=\"og:site_name\" content=\"Peri\u00f3dico Digital de Zacatecas\" \/>\n<meta property=\"article:published_time\" content=\"2025-01-31T04:20:00+00:00\" \/>\n<meta property=\"article:modified_time\" content=\"2025-01-31T04:20:04+00:00\" \/>\n<meta property=\"og:image\" content=\"https:\/\/creston.com.mx\/wp-content\/uploads\/2025\/01\/INE-ZAC-002-a-e1738297178909.jpg\" \/>\n\t<meta property=\"og:image:width\" content=\"1856\" \/>\n\t<meta property=\"og:image:height\" content=\"1610\" \/>\n\t<meta property=\"og:image:type\" content=\"image\/jpeg\" \/>\n<meta name=\"author\" content=\"Periodico Creston\" \/>\n<meta name=\"twitter:card\" content=\"summary_large_image\" \/>\n<meta name=\"twitter:label1\" content=\"Escrito por\" \/>\n\t<meta name=\"twitter:data1\" content=\"Periodico Creston\" \/>\n\t<meta name=\"twitter:label2\" content=\"Tiempo de lectura\" \/>\n\t<meta name=\"twitter:data2\" content=\"2 minutos\" \/>\n<script type=\"application\/ld+json\" class=\"yoast-schema-graph\">{\"@context\":\"https:\/\/schema.org\",\"@graph\":[{\"@type\":\"Article\",\"@id\":\"https:\/\/creston.com.mx\/index.php\/01\/el-10-de-febrero-sera-ultimo-dia-para-tramites-de-credencial-para-votar\/informacion-general\/2025\/#article\",\"isPartOf\":{\"@id\":\"https:\/\/creston.com.mx\/index.php\/01\/el-10-de-febrero-sera-ultimo-dia-para-tramites-de-credencial-para-votar\/informacion-general\/2025\/\"},\"author\":{\"name\":\"Periodico Creston\",\"@id\":\"https:\/\/creston.com.mx\/#\/schema\/person\/01f2ce9e289bc5300c759925ef768c1d\"},\"headline\":\"El 10 de febrero ser\u00e1 \u00faltimo d\u00eda para tr\u00e1mites de credencial para votar\",\"datePublished\":\"2025-01-31T04:20:00+00:00\",\"dateModified\":\"2025-01-31T04:20:04+00:00\",\"mainEntityOfPage\":{\"@id\":\"https:\/\/creston.com.mx\/index.php\/01\/el-10-de-febrero-sera-ultimo-dia-para-tramites-de-credencial-para-votar\/informacion-general\/2025\/\"},\"wordCount\":403,\"commentCount\":0,\"publisher\":{\"@id\":\"https:\/\/creston.com.mx\/#organization\"},\"image\":{\"@id\":\"https:\/\/creston.com.mx\/index.php\/01\/el-10-de-febrero-sera-ultimo-dia-para-tramites-de-credencial-para-votar\/informacion-general\/2025\/#primaryimage\"},\"thumbnailUrl\":\"https:\/\/creston.com.mx\/wp-content\/uploads\/2025\/01\/INE-ZAC-002-a-e1738297178909.jpg\",\"articleSection\":[\"Informaci\u00f3n General\"],\"inLanguage\":\"es\",\"potentialAction\":[{\"@type\":\"CommentAction\",\"name\":\"Comment\",\"target\":[\"https:\/\/creston.com.mx\/index.php\/01\/el-10-de-febrero-sera-ultimo-dia-para-tramites-de-credencial-para-votar\/informacion-general\/2025\/#respond\"]}]},{\"@type\":\"WebPage\",\"@id\":\"https:\/\/creston.com.mx\/index.php\/01\/el-10-de-febrero-sera-ultimo-dia-para-tramites-de-credencial-para-votar\/informacion-general\/2025\/\",\"url\":\"https:\/\/creston.com.mx\/index.php\/01\/el-10-de-febrero-sera-ultimo-dia-para-tramites-de-credencial-para-votar\/informacion-general\/2025\/\",\"name\":\"El 10 de febrero ser\u00e1 \u00faltimo d\u00eda para tr\u00e1mites de credencial para votar - Peri\u00f3dico Digital de Zacatecas\",\"isPartOf\":{\"@id\":\"https:\/\/creston.com.mx\/#website\"},\"primaryImageOfPage\":{\"@id\":\"https:\/\/creston.com.mx\/index.php\/01\/el-10-de-febrero-sera-ultimo-dia-para-tramites-de-credencial-para-votar\/informacion-general\/2025\/#primaryimage\"},\"image\":{\"@id\":\"https:\/\/creston.com.mx\/index.php\/01\/el-10-de-febrero-sera-ultimo-dia-para-tramites-de-credencial-para-votar\/informacion-general\/2025\/#primaryimage\"},\"thumbnailUrl\":\"https:\/\/creston.com.mx\/wp-content\/uploads\/2025\/01\/INE-ZAC-002-a-e1738297178909.jpg\",\"datePublished\":\"2025-01-31T04:20:00+00:00\",\"dateModified\":\"2025-01-31T04:20:04+00:00\",\"breadcrumb\":{\"@id\":\"https:\/\/creston.com.mx\/index.php\/01\/el-10-de-febrero-sera-ultimo-dia-para-tramites-de-credencial-para-votar\/informacion-general\/2025\/#breadcrumb\"},\"inLanguage\":\"es\",\"potentialAction\":[{\"@type\":\"ReadAction\",\"target\":[\"https:\/\/creston.com.mx\/index.php\/01\/el-10-de-febrero-sera-ultimo-dia-para-tramites-de-credencial-para-votar\/informacion-general\/2025\/\"]}]},{\"@type\":\"ImageObject\",\"inLanguage\":\"es\",\"@id\":\"https:\/\/creston.com.mx\/index.php\/01\/el-10-de-febrero-sera-ultimo-dia-para-tramites-de-credencial-para-votar\/informacion-general\/2025\/#primaryimage\",\"url\":\"https:\/\/creston.com.mx\/wp-content\/uploads\/2025\/01\/INE-ZAC-002-a-e1738297178909.jpg\",\"contentUrl\":\"https:\/\/creston.com.mx\/wp-content\/uploads\/2025\/01\/INE-ZAC-002-a-e1738297178909.jpg\",\"width\":1856,\"height\":1610},{\"@type\":\"BreadcrumbList\",\"@id\":\"https:\/\/creston.com.mx\/index.php\/01\/el-10-de-febrero-sera-ultimo-dia-para-tramites-de-credencial-para-votar\/informacion-general\/2025\/#breadcrumb\",\"itemListElement\":[{\"@type\":\"ListItem\",\"position\":1,\"name\":\"Portada\",\"item\":\"https:\/\/creston.com.mx\/\"},{\"@type\":\"ListItem\",\"position\":2,\"name\":\"El 10 de febrero ser\u00e1 \u00faltimo d\u00eda para tr\u00e1mites de credencial para votar\"}]},{\"@type\":\"WebSite\",\"@id\":\"https:\/\/creston.com.mx\/#website\",\"url\":\"https:\/\/creston.com.mx\/\",\"name\":\"Peri\u00f3dico Digital de Zacatecas\",\"description\":\"\",\"publisher\":{\"@id\":\"https:\/\/creston.com.mx\/#organization\"},\"potentialAction\":[{\"@type\":\"SearchAction\",\"target\":{\"@type\":\"EntryPoint\",\"urlTemplate\":\"https:\/\/creston.com.mx\/?s={search_term_string}\"},\"query-input\":{\"@type\":\"PropertyValueSpecification\",\"valueRequired\":true,\"valueName\":\"search_term_string\"}}],\"inLanguage\":\"es\"},{\"@type\":\"Organization\",\"@id\":\"https:\/\/creston.com.mx\/#organization\",\"name\":\"Peri\u00f3dico Digital de Zacatecas\",\"url\":\"https:\/\/creston.com.mx\/\",\"logo\":{\"@type\":\"ImageObject\",\"inLanguage\":\"es\",\"@id\":\"https:\/\/creston.com.mx\/#\/schema\/logo\/image\/\",\"url\":\"https:\/\/creston.com.mx\/wp-content\/uploads\/2026\/02\/cropped-Logo-Creston2.jpg\",\"contentUrl\":\"https:\/\/creston.com.mx\/wp-content\/uploads\/2026\/02\/cropped-Logo-Creston2.jpg\",\"width\":503,\"height\":194,\"caption\":\"Peri\u00f3dico Digital  de Zacatecas\"},\"image\":{\"@id\":\"https:\/\/creston.com.mx\/#\/schema\/logo\/image\/\"}},{\"@type\":\"Person\",\"@id\":\"https:\/\/creston.com.mx\/#\/schema\/person\/01f2ce9e289bc5300c759925ef768c1d\",\"name\":\"Periodico Creston\",\"image\":{\"@type\":\"ImageObject\",\"inLanguage\":\"es\",\"@id\":\"https:\/\/creston.com.mx\/#\/schema\/person\/image\/\",\"url\":\"https:\/\/secure.gravatar.com\/avatar\/c91eac1cf0d45897b6d294d474aa7713a194d460be0aaf72157553d050cda1c1?s=96&d=mm&r=g\",\"contentUrl\":\"https:\/\/secure.gravatar.com\/avatar\/c91eac1cf0d45897b6d294d474aa7713a194d460be0aaf72157553d050cda1c1?s=96&d=mm&r=g\",\"caption\":\"Periodico Creston\"},\"sameAs\":[\"https:\/\/creston.com.mx\"],\"url\":\"https:\/\/creston.com.mx\/index.php\/author\/cstnalja96\/\"}]}<\/script>\n<!-- \/ Yoast SEO plugin. -->","yoast_head_json":{"title":"El 10 de febrero ser\u00e1 \u00faltimo d\u00eda para tr\u00e1mites de credencial para votar - Peri\u00f3dico Digital de Zacatecas","robots":{"index":"index","follow":"follow","max-snippet":"max-snippet:-1","max-image-preview":"max-image-preview:large","max-video-preview":"max-video-preview:-1"},"canonical":"https:\/\/creston.com.mx\/index.php\/01\/el-10-de-febrero-sera-ultimo-dia-para-tramites-de-credencial-para-votar\/informacion-general\/2025\/","og_locale":"es_ES","og_type":"article","og_title":"El 10 de febrero ser\u00e1 \u00faltimo d\u00eda para tr\u00e1mites de credencial para votar - Peri\u00f3dico Digital de Zacatecas","og_description":". M\u00f3dulos fijos atender\u00e1n los domingos 2 y 9 de febrero, se atender\u00e1 sin cita. . Como tradicionalmente sucede en la preparaci\u00f3n de Procesos Electorales, el Instituto Nacional Electoral (INE)&hellip;","og_url":"https:\/\/creston.com.mx\/index.php\/01\/el-10-de-febrero-sera-ultimo-dia-para-tramites-de-credencial-para-votar\/informacion-general\/2025\/","og_site_name":"Peri\u00f3dico Digital de Zacatecas","article_published_time":"2025-01-31T04:20:00+00:00","article_modified_time":"2025-01-31T04:20:04+00:00","og_image":[{"width":1856,"height":1610,"url":"https:\/\/creston.com.mx\/wp-content\/uploads\/2025\/01\/INE-ZAC-002-a-e1738297178909.jpg","type":"image\/jpeg"}],"author":"Periodico Creston","twitter_card":"summary_large_image","twitter_misc":{"Escrito por":"Periodico Creston","Tiempo de lectura":"2 minutos"},"schema":{"@context":"https:\/\/schema.org","@graph":[{"@type":"Article","@id":"https:\/\/creston.com.mx\/index.php\/01\/el-10-de-febrero-sera-ultimo-dia-para-tramites-de-credencial-para-votar\/informacion-general\/2025\/#article","isPartOf":{"@id":"https:\/\/creston.com.mx\/index.php\/01\/el-10-de-febrero-sera-ultimo-dia-para-tramites-de-credencial-para-votar\/informacion-general\/2025\/"},"author":{"name":"Periodico Creston","@id":"https:\/\/creston.com.mx\/#\/schema\/person\/01f2ce9e289bc5300c759925ef768c1d"},"headline":"El 10 de febrero ser\u00e1 \u00faltimo d\u00eda para tr\u00e1mites de credencial para votar","datePublished":"2025-01-31T04:20:00+00:00","dateModified":"2025-01-31T04:20:04+00:00","mainEntityOfPage":{"@id":"https:\/\/creston.com.mx\/index.php\/01\/el-10-de-febrero-sera-ultimo-dia-para-tramites-de-credencial-para-votar\/informacion-general\/2025\/"},"wordCount":403,"commentCount":0,"publisher":{"@id":"https:\/\/creston.com.mx\/#organization"},"image":{"@id":"https:\/\/creston.com.mx\/index.php\/01\/el-10-de-febrero-sera-ultimo-dia-para-tramites-de-credencial-para-votar\/informacion-general\/2025\/#primaryimage"},"thumbnailUrl":"https:\/\/creston.com.mx\/wp-content\/uploads\/2025\/01\/INE-ZAC-002-a-e1738297178909.jpg","articleSection":["Informaci\u00f3n General"],"inLanguage":"es","potentialAction":[{"@type":"CommentAction","name":"Comment","target":["https:\/\/creston.com.mx\/index.php\/01\/el-10-de-febrero-sera-ultimo-dia-para-tramites-de-credencial-para-votar\/informacion-general\/2025\/#respond"]}]},{"@type":"WebPage","@id":"https:\/\/creston.com.mx\/index.php\/01\/el-10-de-febrero-sera-ultimo-dia-para-tramites-de-credencial-para-votar\/informacion-general\/2025\/","url":"https:\/\/creston.com.mx\/index.php\/01\/el-10-de-febrero-sera-ultimo-dia-para-tramites-de-credencial-para-votar\/informacion-general\/2025\/","name":"El 10 de febrero ser\u00e1 \u00faltimo d\u00eda para tr\u00e1mites de credencial para votar - Peri\u00f3dico Digital de Zacatecas","isPartOf":{"@id":"https:\/\/creston.com.mx\/#website"},"primaryImageOfPage":{"@id":"https:\/\/creston.com.mx\/index.php\/01\/el-10-de-febrero-sera-ultimo-dia-para-tramites-de-credencial-para-votar\/informacion-general\/2025\/#primaryimage"},"image":{"@id":"https:\/\/creston.com.mx\/index.php\/01\/el-10-de-febrero-sera-ultimo-dia-para-tramites-de-credencial-para-votar\/informacion-general\/2025\/#primaryimage"},"thumbnailUrl":"https:\/\/creston.com.mx\/wp-content\/uploads\/2025\/01\/INE-ZAC-002-a-e1738297178909.jpg","datePublished":"2025-01-31T04:20:00+00:00","dateModified":"2025-01-31T04:20:04+00:00","breadcrumb":{"@id":"https:\/\/creston.com.mx\/index.php\/01\/el-10-de-febrero-sera-ultimo-dia-para-tramites-de-credencial-para-votar\/informacion-general\/2025\/#breadcrumb"},"inLanguage":"es","potentialAction":[{"@type":"ReadAction","target":["https:\/\/creston.com.mx\/index.php\/01\/el-10-de-febrero-sera-ultimo-dia-para-tramites-de-credencial-para-votar\/informacion-general\/2025\/"]}]},{"@type":"ImageObject","inLanguage":"es","@id":"https:\/\/creston.com.mx\/index.php\/01\/el-10-de-febrero-sera-ultimo-dia-para-tramites-de-credencial-para-votar\/informacion-general\/2025\/#primaryimage","url":"https:\/\/creston.com.mx\/wp-content\/uploads\/2025\/01\/INE-ZAC-002-a-e1738297178909.jpg","contentUrl":"https:\/\/creston.com.mx\/wp-content\/uploads\/2025\/01\/INE-ZAC-002-a-e1738297178909.jpg","width":1856,"height":1610},{"@type":"BreadcrumbList","@id":"https:\/\/creston.com.mx\/index.php\/01\/el-10-de-febrero-sera-ultimo-dia-para-tramites-de-credencial-para-votar\/informacion-general\/2025\/#breadcrumb","itemListElement":[{"@type":"ListItem","position":1,"name":"Portada","item":"https:\/\/creston.com.mx\/"},{"@type":"ListItem","position":2,"name":"El 10 de febrero ser\u00e1 \u00faltimo d\u00eda para tr\u00e1mites de credencial para votar"}]},{"@type":"WebSite","@id":"https:\/\/creston.com.mx\/#website","url":"https:\/\/creston.com.mx\/","name":"Peri\u00f3dico Digital de Zacatecas","description":"","publisher":{"@id":"https:\/\/creston.com.mx\/#organization"},"potentialAction":[{"@type":"SearchAction","target":{"@type":"EntryPoint","urlTemplate":"https:\/\/creston.com.mx\/?s={search_term_string}"},"query-input":{"@type":"PropertyValueSpecification","valueRequired":true,"valueName":"search_term_string"}}],"inLanguage":"es"},{"@type":"Organization","@id":"https:\/\/creston.com.mx\/#organization","name":"Peri\u00f3dico Digital de Zacatecas","url":"https:\/\/creston.com.mx\/","logo":{"@type":"ImageObject","inLanguage":"es","@id":"https:\/\/creston.com.mx\/#\/schema\/logo\/image\/","url":"https:\/\/creston.com.mx\/wp-content\/uploads\/2026\/02\/cropped-Logo-Creston2.jpg","contentUrl":"https:\/\/creston.com.mx\/wp-content\/uploads\/2026\/02\/cropped-Logo-Creston2.jpg","width":503,"height":194,"caption":"Peri\u00f3dico Digital  de Zacatecas"},"image":{"@id":"https:\/\/creston.com.mx\/#\/schema\/logo\/image\/"}},{"@type":"Person","@id":"https:\/\/creston.com.mx\/#\/schema\/person\/01f2ce9e289bc5300c759925ef768c1d","name":"Periodico Creston","image":{"@type":"ImageObject","inLanguage":"es","@id":"https:\/\/creston.com.mx\/#\/schema\/person\/image\/","url":"https:\/\/secure.gravatar.com\/avatar\/c91eac1cf0d45897b6d294d474aa7713a194d460be0aaf72157553d050cda1c1?s=96&d=mm&r=g","contentUrl":"https:\/\/secure.gravatar.com\/avatar\/c91eac1cf0d45897b6d294d474aa7713a194d460be0aaf72157553d050cda1c1?s=96&d=mm&r=g","caption":"Periodico Creston"},"sameAs":["https:\/\/creston.com.mx"],"url":"https:\/\/creston.com.mx\/index.php\/author\/cstnalja96\/"}]}},"jetpack_sharing_enabled":true,"jetpack_featured_media_url":"https:\/\/creston.com.mx\/wp-content\/uploads\/2025\/01\/INE-ZAC-002-a-e1738297178909.jpg","_links":{"self":[{"href":"https:\/\/creston.com.mx\/index.php\/wp-json\/wp\/v2\/posts\/336","targetHints":{"allow":["GET"]}}],"collection":[{"href":"https:\/\/creston.com.mx\/index.php\/wp-json\/wp\/v2\/posts"}],"about":[{"href":"https:\/\/creston.com.mx\/index.php\/wp-json\/wp\/v2\/types\/post"}],"author":[{"embeddable":true,"href":"https:\/\/creston.com.mx\/index.php\/wp-json\/wp\/v2\/users\/1"}],"replies":[{"embeddable":true,"href":"https:\/\/creston.com.mx\/index.php\/wp-json\/wp\/v2\/comments?post=336"}],"version-history":[{"count":1,"href":"https:\/\/creston.com.mx\/index.php\/wp-json\/wp\/v2\/posts\/336\/revisions"}],"predecessor-version":[{"id":338,"href":"https:\/\/creston.com.mx\/index.php\/wp-json\/wp\/v2\/posts\/336\/revisions\/338"}],"wp:featuredmedia":[{"embeddable":true,"href":"https:\/\/creston.com.mx\/index.php\/wp-json\/wp\/v2\/media\/337"}],"wp:attachment":[{"href":"https:\/\/creston.com.mx\/index.php\/wp-json\/wp\/v2\/media?parent=336"}],"wp:term":[{"taxonomy":"category","embeddable":true,"href":"https:\/\/creston.com.mx\/index.php\/wp-json\/wp\/v2\/categories?post=336"},{"taxonomy":"post_tag","embeddable":true,"href":"https:\/\/creston.com.mx\/index.php\/wp-json\/wp\/v2\/tags?post=336"}],"curies":[{"name":"wp","href":"https:\/\/api.w.org\/{rel}","templated":true}]}}