{"id":331,"date":"2025-01-30T22:13:22","date_gmt":"2025-01-31T04:13:22","guid":{"rendered":"https:\/\/creston.com.mx\/?p=331"},"modified":"2025-01-30T22:13:23","modified_gmt":"2025-01-31T04:13:23","slug":"refuerzan-equipamiento-para-bomberos-y-proteccion-civil","status":"publish","type":"post","link":"https:\/\/creston.com.mx\/index.php\/01\/refuerzan-equipamiento-para-bomberos-y-proteccion-civil\/estado\/2025\/","title":{"rendered":"Refuerzan equipamiento para bomberos y protecci\u00f3n civil"},"content":{"rendered":"\n<p>.<\/p>\n\n\n\n<p class=\"has-medium-font-size\"><strong><em>Alcalde Miguel Varela entrega herramientas de \u00faltima tecnolog\u00eda a cuerpos de emergencia. Se fortalece la infraestructura para Protecci\u00f3n Civil en Zacatecas<\/em><\/strong><\/p>\n\n\n\n<p>.<\/p>\n\n\n\n<p>Por instrucciones del alcalde Miguel Varela, el Ayuntamiento de Zacatecas contin\u00faa trabajando para garantizar la seguridad y bienestar de la ciudadan\u00eda, mediante la dotaci\u00f3n de herramientas de \u00faltima tecnolog\u00eda y mejores condiciones para los cuerpos de emergencia.<\/p>\n\n\n\n<p>Este esfuerzo refleja el compromiso del gobierno municipal con la protecci\u00f3n y el servicio a la comunidad. Se realiz\u00f3 la entrega de nuevo equipamiento especializado para el Heroico Cuerpo de Bomberos y Protecci\u00f3n Civil, con el objetivo de mejorar su capacidad de respuesta ante cualquier eventualidad.<\/p>\n\n\n\n<p>Entre los equipos entregados destacan 40 equipos para incendios industriales; 7 equipos para incendios forestales; 5 equipos de respiraci\u00f3n aut\u00f3noma para atm\u00f3sferas contaminadas y una quijada de la vida para extracci\u00f3n vehicular.<\/p>\n\n\n\n<p>Adem\u00e1s de esta importante entrega, el gobierno municipal ha llevado a cabo la instalaci\u00f3n de un comedor para los elementos de Protecci\u00f3n Civil, as\u00ed como la reparaci\u00f3n de veh\u00edculos, camiones y ambulancias.<\/p>\n\n\n\n<p>Asimismo, se ha puesto en funcionamiento el albergue municipal, con la finalidad de brindar apoyo en situaciones de emergencia. Pr\u00f3ximamente, se adquirir\u00e1 una nueva ambulancia, con lo que se reforzar\u00e1 a\u00fan m\u00e1s la atenci\u00f3n a la poblaci\u00f3n.<\/p>\n\n\n\n<p>El alcalde Miguel Varela destac\u00f3 que \u201cno se trata de discursos vac\u00edos, se trata de acciones reales. Seguimos mejorando sus herramientas y condiciones de trabajo, porque un gobierno responsable no se queda de brazos cruzados, act\u00faa\u201d.<\/p>\n\n\n\n<figure class=\"wp-block-image\"><img fetchpriority=\"high\" decoding=\"async\" width=\"1600\" height=\"1200\" src=\"https:\/\/creston.com.mx\/wp-content\/uploads\/2025\/01\/IMG-20250130-WA0013.jpg\" alt=\"\" class=\"wp-image-333\" srcset=\"https:\/\/creston.com.mx\/wp-content\/uploads\/2025\/01\/IMG-20250130-WA0013.jpg 1600w, https:\/\/creston.com.mx\/wp-content\/uploads\/2025\/01\/IMG-20250130-WA0013-300x225.jpg 300w, https:\/\/creston.com.mx\/wp-content\/uploads\/2025\/01\/IMG-20250130-WA0013-1024x768.jpg 1024w, https:\/\/creston.com.mx\/wp-content\/uploads\/2025\/01\/IMG-20250130-WA0013-768x576.jpg 768w, https:\/\/creston.com.mx\/wp-content\/uploads\/2025\/01\/IMG-20250130-WA0013-1536x1152.jpg 1536w\" sizes=\"(max-width: 1600px) 100vw, 1600px\" \/><\/figure>\n\n\n\n<p>Estas acciones demuestran el compromiso de su administraci\u00f3n con la seguridad de Zacatecas y el respaldo incondicional a quienes arriesgan sus vidas por proteger a la ciudadan\u00eda. Con estas medidas, la administraci\u00f3n municipal de Zacatecas reafirma su misi\u00f3n de construir el cambio que la ciudad merece, fortaleciendo sus instituciones y mejorando las condiciones laborales de quienes velan por el bienestar de todos los zacatecanos.<\/p>\n","protected":false},"excerpt":{"rendered":"<p>. Alcalde Miguel Varela entrega herramientas de \u00faltima tecnolog\u00eda a cuerpos de emergencia. Se fortalece la infraestructura para Protecci\u00f3n Civil en Zacatecas . Por instrucciones del alcalde Miguel Varela, el&hellip; <\/p>\n","protected":false},"author":1,"featured_media":332,"comment_status":"open","ping_status":"closed","sticky":false,"template":"","format":"standard","meta":{"_jetpack_memberships_contains_paid_content":false,"footnotes":""},"categories":[1],"tags":[],"class_list":["post-331","post","type-post","status-publish","format-standard","has-post-thumbnail","hentry","category-estado"],"yoast_head":"<!-- This site is optimized with the Yoast SEO plugin v24.2 - https:\/\/yoast.com\/wordpress\/plugins\/seo\/ -->\n<title>Refuerzan equipamiento para bomberos y protecci\u00f3n civil - Peri\u00f3dico Digital de Zacatecas<\/title>\n<meta name=\"robots\" content=\"index, follow, max-snippet:-1, max-image-preview:large, max-video-preview:-1\" \/>\n<link rel=\"canonical\" href=\"https:\/\/creston.com.mx\/index.php\/01\/refuerzan-equipamiento-para-bomberos-y-proteccion-civil\/estado\/2025\/\" \/>\n<meta property=\"og:locale\" content=\"es_ES\" \/>\n<meta property=\"og:type\" content=\"article\" \/>\n<meta property=\"og:title\" content=\"Refuerzan equipamiento para bomberos y protecci\u00f3n civil - Peri\u00f3dico Digital de Zacatecas\" \/>\n<meta property=\"og:description\" content=\". Alcalde Miguel Varela entrega herramientas de \u00faltima tecnolog\u00eda a cuerpos de emergencia. Se fortalece la infraestructura para Protecci\u00f3n Civil en Zacatecas . Por instrucciones del alcalde Miguel Varela, el&hellip;\" \/>\n<meta property=\"og:url\" content=\"https:\/\/creston.com.mx\/index.php\/01\/refuerzan-equipamiento-para-bomberos-y-proteccion-civil\/estado\/2025\/\" \/>\n<meta property=\"og:site_name\" content=\"Peri\u00f3dico Digital de Zacatecas\" \/>\n<meta property=\"article:published_time\" content=\"2025-01-31T04:13:22+00:00\" \/>\n<meta property=\"article:modified_time\" content=\"2025-01-31T04:13:23+00:00\" \/>\n<meta property=\"og:image\" content=\"https:\/\/creston.com.mx\/wp-content\/uploads\/2025\/01\/IMG-20250130-WA0017-e1738296760575.jpg\" \/>\n\t<meta property=\"og:image:width\" content=\"1600\" \/>\n\t<meta property=\"og:image:height\" content=\"907\" \/>\n\t<meta property=\"og:image:type\" content=\"image\/jpeg\" \/>\n<meta name=\"author\" content=\"Periodico Creston\" \/>\n<meta name=\"twitter:card\" content=\"summary_large_image\" \/>\n<meta name=\"twitter:label1\" content=\"Escrito por\" \/>\n\t<meta name=\"twitter:data1\" content=\"Periodico Creston\" \/>\n\t<meta name=\"twitter:label2\" content=\"Tiempo de lectura\" \/>\n\t<meta name=\"twitter:data2\" content=\"2 minutos\" \/>\n<script type=\"application\/ld+json\" class=\"yoast-schema-graph\">{\"@context\":\"https:\/\/schema.org\",\"@graph\":[{\"@type\":\"Article\",\"@id\":\"https:\/\/creston.com.mx\/index.php\/01\/refuerzan-equipamiento-para-bomberos-y-proteccion-civil\/estado\/2025\/#article\",\"isPartOf\":{\"@id\":\"https:\/\/creston.com.mx\/index.php\/01\/refuerzan-equipamiento-para-bomberos-y-proteccion-civil\/estado\/2025\/\"},\"author\":{\"name\":\"Periodico Creston\",\"@id\":\"https:\/\/creston.com.mx\/#\/schema\/person\/01f2ce9e289bc5300c759925ef768c1d\"},\"headline\":\"Refuerzan equipamiento para bomberos y protecci\u00f3n civil\",\"datePublished\":\"2025-01-31T04:13:22+00:00\",\"dateModified\":\"2025-01-31T04:13:23+00:00\",\"mainEntityOfPage\":{\"@id\":\"https:\/\/creston.com.mx\/index.php\/01\/refuerzan-equipamiento-para-bomberos-y-proteccion-civil\/estado\/2025\/\"},\"wordCount\":338,\"commentCount\":0,\"publisher\":{\"@id\":\"https:\/\/creston.com.mx\/#organization\"},\"image\":{\"@id\":\"https:\/\/creston.com.mx\/index.php\/01\/refuerzan-equipamiento-para-bomberos-y-proteccion-civil\/estado\/2025\/#primaryimage\"},\"thumbnailUrl\":\"https:\/\/creston.com.mx\/wp-content\/uploads\/2025\/01\/IMG-20250130-WA0017-e1738296760575.jpg\",\"articleSection\":[\"Estado\"],\"inLanguage\":\"es\",\"potentialAction\":[{\"@type\":\"CommentAction\",\"name\":\"Comment\",\"target\":[\"https:\/\/creston.com.mx\/index.php\/01\/refuerzan-equipamiento-para-bomberos-y-proteccion-civil\/estado\/2025\/#respond\"]}]},{\"@type\":\"WebPage\",\"@id\":\"https:\/\/creston.com.mx\/index.php\/01\/refuerzan-equipamiento-para-bomberos-y-proteccion-civil\/estado\/2025\/\",\"url\":\"https:\/\/creston.com.mx\/index.php\/01\/refuerzan-equipamiento-para-bomberos-y-proteccion-civil\/estado\/2025\/\",\"name\":\"Refuerzan equipamiento para bomberos y protecci\u00f3n civil - Peri\u00f3dico Digital de Zacatecas\",\"isPartOf\":{\"@id\":\"https:\/\/creston.com.mx\/#website\"},\"primaryImageOfPage\":{\"@id\":\"https:\/\/creston.com.mx\/index.php\/01\/refuerzan-equipamiento-para-bomberos-y-proteccion-civil\/estado\/2025\/#primaryimage\"},\"image\":{\"@id\":\"https:\/\/creston.com.mx\/index.php\/01\/refuerzan-equipamiento-para-bomberos-y-proteccion-civil\/estado\/2025\/#primaryimage\"},\"thumbnailUrl\":\"https:\/\/creston.com.mx\/wp-content\/uploads\/2025\/01\/IMG-20250130-WA0017-e1738296760575.jpg\",\"datePublished\":\"2025-01-31T04:13:22+00:00\",\"dateModified\":\"2025-01-31T04:13:23+00:00\",\"breadcrumb\":{\"@id\":\"https:\/\/creston.com.mx\/index.php\/01\/refuerzan-equipamiento-para-bomberos-y-proteccion-civil\/estado\/2025\/#breadcrumb\"},\"inLanguage\":\"es\",\"potentialAction\":[{\"@type\":\"ReadAction\",\"target\":[\"https:\/\/creston.com.mx\/index.php\/01\/refuerzan-equipamiento-para-bomberos-y-proteccion-civil\/estado\/2025\/\"]}]},{\"@type\":\"ImageObject\",\"inLanguage\":\"es\",\"@id\":\"https:\/\/creston.com.mx\/index.php\/01\/refuerzan-equipamiento-para-bomberos-y-proteccion-civil\/estado\/2025\/#primaryimage\",\"url\":\"https:\/\/creston.com.mx\/wp-content\/uploads\/2025\/01\/IMG-20250130-WA0017-e1738296760575.jpg\",\"contentUrl\":\"https:\/\/creston.com.mx\/wp-content\/uploads\/2025\/01\/IMG-20250130-WA0017-e1738296760575.jpg\",\"width\":1600,\"height\":907},{\"@type\":\"BreadcrumbList\",\"@id\":\"https:\/\/creston.com.mx\/index.php\/01\/refuerzan-equipamiento-para-bomberos-y-proteccion-civil\/estado\/2025\/#breadcrumb\",\"itemListElement\":[{\"@type\":\"ListItem\",\"position\":1,\"name\":\"Portada\",\"item\":\"https:\/\/creston.com.mx\/\"},{\"@type\":\"ListItem\",\"position\":2,\"name\":\"Refuerzan equipamiento para bomberos y protecci\u00f3n civil\"}]},{\"@type\":\"WebSite\",\"@id\":\"https:\/\/creston.com.mx\/#website\",\"url\":\"https:\/\/creston.com.mx\/\",\"name\":\"Peri\u00f3dico Digital de Zacatecas\",\"description\":\"\",\"publisher\":{\"@id\":\"https:\/\/creston.com.mx\/#organization\"},\"potentialAction\":[{\"@type\":\"SearchAction\",\"target\":{\"@type\":\"EntryPoint\",\"urlTemplate\":\"https:\/\/creston.com.mx\/?s={search_term_string}\"},\"query-input\":{\"@type\":\"PropertyValueSpecification\",\"valueRequired\":true,\"valueName\":\"search_term_string\"}}],\"inLanguage\":\"es\"},{\"@type\":\"Organization\",\"@id\":\"https:\/\/creston.com.mx\/#organization\",\"name\":\"Peri\u00f3dico Digital de Zacatecas\",\"url\":\"https:\/\/creston.com.mx\/\",\"logo\":{\"@type\":\"ImageObject\",\"inLanguage\":\"es\",\"@id\":\"https:\/\/creston.com.mx\/#\/schema\/logo\/image\/\",\"url\":\"https:\/\/creston.com.mx\/wp-content\/uploads\/2026\/02\/cropped-Logo-Creston2.jpg\",\"contentUrl\":\"https:\/\/creston.com.mx\/wp-content\/uploads\/2026\/02\/cropped-Logo-Creston2.jpg\",\"width\":503,\"height\":194,\"caption\":\"Peri\u00f3dico Digital  de Zacatecas\"},\"image\":{\"@id\":\"https:\/\/creston.com.mx\/#\/schema\/logo\/image\/\"}},{\"@type\":\"Person\",\"@id\":\"https:\/\/creston.com.mx\/#\/schema\/person\/01f2ce9e289bc5300c759925ef768c1d\",\"name\":\"Periodico Creston\",\"image\":{\"@type\":\"ImageObject\",\"inLanguage\":\"es\",\"@id\":\"https:\/\/creston.com.mx\/#\/schema\/person\/image\/\",\"url\":\"https:\/\/secure.gravatar.com\/avatar\/c91eac1cf0d45897b6d294d474aa7713a194d460be0aaf72157553d050cda1c1?s=96&d=mm&r=g\",\"contentUrl\":\"https:\/\/secure.gravatar.com\/avatar\/c91eac1cf0d45897b6d294d474aa7713a194d460be0aaf72157553d050cda1c1?s=96&d=mm&r=g\",\"caption\":\"Periodico Creston\"},\"sameAs\":[\"https:\/\/creston.com.mx\"],\"url\":\"https:\/\/creston.com.mx\/index.php\/author\/cstnalja96\/\"}]}<\/script>\n<!-- \/ Yoast SEO plugin. -->","yoast_head_json":{"title":"Refuerzan equipamiento para bomberos y protecci\u00f3n civil - Peri\u00f3dico Digital de Zacatecas","robots":{"index":"index","follow":"follow","max-snippet":"max-snippet:-1","max-image-preview":"max-image-preview:large","max-video-preview":"max-video-preview:-1"},"canonical":"https:\/\/creston.com.mx\/index.php\/01\/refuerzan-equipamiento-para-bomberos-y-proteccion-civil\/estado\/2025\/","og_locale":"es_ES","og_type":"article","og_title":"Refuerzan equipamiento para bomberos y protecci\u00f3n civil - Peri\u00f3dico Digital de Zacatecas","og_description":". Alcalde Miguel Varela entrega herramientas de \u00faltima tecnolog\u00eda a cuerpos de emergencia. Se fortalece la infraestructura para Protecci\u00f3n Civil en Zacatecas . Por instrucciones del alcalde Miguel Varela, el&hellip;","og_url":"https:\/\/creston.com.mx\/index.php\/01\/refuerzan-equipamiento-para-bomberos-y-proteccion-civil\/estado\/2025\/","og_site_name":"Peri\u00f3dico Digital de Zacatecas","article_published_time":"2025-01-31T04:13:22+00:00","article_modified_time":"2025-01-31T04:13:23+00:00","og_image":[{"width":1600,"height":907,"url":"https:\/\/creston.com.mx\/wp-content\/uploads\/2025\/01\/IMG-20250130-WA0017-e1738296760575.jpg","type":"image\/jpeg"}],"author":"Periodico Creston","twitter_card":"summary_large_image","twitter_misc":{"Escrito por":"Periodico Creston","Tiempo de lectura":"2 minutos"},"schema":{"@context":"https:\/\/schema.org","@graph":[{"@type":"Article","@id":"https:\/\/creston.com.mx\/index.php\/01\/refuerzan-equipamiento-para-bomberos-y-proteccion-civil\/estado\/2025\/#article","isPartOf":{"@id":"https:\/\/creston.com.mx\/index.php\/01\/refuerzan-equipamiento-para-bomberos-y-proteccion-civil\/estado\/2025\/"},"author":{"name":"Periodico Creston","@id":"https:\/\/creston.com.mx\/#\/schema\/person\/01f2ce9e289bc5300c759925ef768c1d"},"headline":"Refuerzan equipamiento para bomberos y protecci\u00f3n civil","datePublished":"2025-01-31T04:13:22+00:00","dateModified":"2025-01-31T04:13:23+00:00","mainEntityOfPage":{"@id":"https:\/\/creston.com.mx\/index.php\/01\/refuerzan-equipamiento-para-bomberos-y-proteccion-civil\/estado\/2025\/"},"wordCount":338,"commentCount":0,"publisher":{"@id":"https:\/\/creston.com.mx\/#organization"},"image":{"@id":"https:\/\/creston.com.mx\/index.php\/01\/refuerzan-equipamiento-para-bomberos-y-proteccion-civil\/estado\/2025\/#primaryimage"},"thumbnailUrl":"https:\/\/creston.com.mx\/wp-content\/uploads\/2025\/01\/IMG-20250130-WA0017-e1738296760575.jpg","articleSection":["Estado"],"inLanguage":"es","potentialAction":[{"@type":"CommentAction","name":"Comment","target":["https:\/\/creston.com.mx\/index.php\/01\/refuerzan-equipamiento-para-bomberos-y-proteccion-civil\/estado\/2025\/#respond"]}]},{"@type":"WebPage","@id":"https:\/\/creston.com.mx\/index.php\/01\/refuerzan-equipamiento-para-bomberos-y-proteccion-civil\/estado\/2025\/","url":"https:\/\/creston.com.mx\/index.php\/01\/refuerzan-equipamiento-para-bomberos-y-proteccion-civil\/estado\/2025\/","name":"Refuerzan equipamiento para bomberos y protecci\u00f3n civil - Peri\u00f3dico Digital de Zacatecas","isPartOf":{"@id":"https:\/\/creston.com.mx\/#website"},"primaryImageOfPage":{"@id":"https:\/\/creston.com.mx\/index.php\/01\/refuerzan-equipamiento-para-bomberos-y-proteccion-civil\/estado\/2025\/#primaryimage"},"image":{"@id":"https:\/\/creston.com.mx\/index.php\/01\/refuerzan-equipamiento-para-bomberos-y-proteccion-civil\/estado\/2025\/#primaryimage"},"thumbnailUrl":"https:\/\/creston.com.mx\/wp-content\/uploads\/2025\/01\/IMG-20250130-WA0017-e1738296760575.jpg","datePublished":"2025-01-31T04:13:22+00:00","dateModified":"2025-01-31T04:13:23+00:00","breadcrumb":{"@id":"https:\/\/creston.com.mx\/index.php\/01\/refuerzan-equipamiento-para-bomberos-y-proteccion-civil\/estado\/2025\/#breadcrumb"},"inLanguage":"es","potentialAction":[{"@type":"ReadAction","target":["https:\/\/creston.com.mx\/index.php\/01\/refuerzan-equipamiento-para-bomberos-y-proteccion-civil\/estado\/2025\/"]}]},{"@type":"ImageObject","inLanguage":"es","@id":"https:\/\/creston.com.mx\/index.php\/01\/refuerzan-equipamiento-para-bomberos-y-proteccion-civil\/estado\/2025\/#primaryimage","url":"https:\/\/creston.com.mx\/wp-content\/uploads\/2025\/01\/IMG-20250130-WA0017-e1738296760575.jpg","contentUrl":"https:\/\/creston.com.mx\/wp-content\/uploads\/2025\/01\/IMG-20250130-WA0017-e1738296760575.jpg","width":1600,"height":907},{"@type":"BreadcrumbList","@id":"https:\/\/creston.com.mx\/index.php\/01\/refuerzan-equipamiento-para-bomberos-y-proteccion-civil\/estado\/2025\/#breadcrumb","itemListElement":[{"@type":"ListItem","position":1,"name":"Portada","item":"https:\/\/creston.com.mx\/"},{"@type":"ListItem","position":2,"name":"Refuerzan equipamiento para bomberos y protecci\u00f3n civil"}]},{"@type":"WebSite","@id":"https:\/\/creston.com.mx\/#website","url":"https:\/\/creston.com.mx\/","name":"Peri\u00f3dico Digital de Zacatecas","description":"","publisher":{"@id":"https:\/\/creston.com.mx\/#organization"},"potentialAction":[{"@type":"SearchAction","target":{"@type":"EntryPoint","urlTemplate":"https:\/\/creston.com.mx\/?s={search_term_string}"},"query-input":{"@type":"PropertyValueSpecification","valueRequired":true,"valueName":"search_term_string"}}],"inLanguage":"es"},{"@type":"Organization","@id":"https:\/\/creston.com.mx\/#organization","name":"Peri\u00f3dico Digital de Zacatecas","url":"https:\/\/creston.com.mx\/","logo":{"@type":"ImageObject","inLanguage":"es","@id":"https:\/\/creston.com.mx\/#\/schema\/logo\/image\/","url":"https:\/\/creston.com.mx\/wp-content\/uploads\/2026\/02\/cropped-Logo-Creston2.jpg","contentUrl":"https:\/\/creston.com.mx\/wp-content\/uploads\/2026\/02\/cropped-Logo-Creston2.jpg","width":503,"height":194,"caption":"Peri\u00f3dico Digital  de Zacatecas"},"image":{"@id":"https:\/\/creston.com.mx\/#\/schema\/logo\/image\/"}},{"@type":"Person","@id":"https:\/\/creston.com.mx\/#\/schema\/person\/01f2ce9e289bc5300c759925ef768c1d","name":"Periodico Creston","image":{"@type":"ImageObject","inLanguage":"es","@id":"https:\/\/creston.com.mx\/#\/schema\/person\/image\/","url":"https:\/\/secure.gravatar.com\/avatar\/c91eac1cf0d45897b6d294d474aa7713a194d460be0aaf72157553d050cda1c1?s=96&d=mm&r=g","contentUrl":"https:\/\/secure.gravatar.com\/avatar\/c91eac1cf0d45897b6d294d474aa7713a194d460be0aaf72157553d050cda1c1?s=96&d=mm&r=g","caption":"Periodico Creston"},"sameAs":["https:\/\/creston.com.mx"],"url":"https:\/\/creston.com.mx\/index.php\/author\/cstnalja96\/"}]}},"jetpack_sharing_enabled":true,"jetpack_featured_media_url":"https:\/\/creston.com.mx\/wp-content\/uploads\/2025\/01\/IMG-20250130-WA0017-e1738296760575.jpg","_links":{"self":[{"href":"https:\/\/creston.com.mx\/index.php\/wp-json\/wp\/v2\/posts\/331","targetHints":{"allow":["GET"]}}],"collection":[{"href":"https:\/\/creston.com.mx\/index.php\/wp-json\/wp\/v2\/posts"}],"about":[{"href":"https:\/\/creston.com.mx\/index.php\/wp-json\/wp\/v2\/types\/post"}],"author":[{"embeddable":true,"href":"https:\/\/creston.com.mx\/index.php\/wp-json\/wp\/v2\/users\/1"}],"replies":[{"embeddable":true,"href":"https:\/\/creston.com.mx\/index.php\/wp-json\/wp\/v2\/comments?post=331"}],"version-history":[{"count":1,"href":"https:\/\/creston.com.mx\/index.php\/wp-json\/wp\/v2\/posts\/331\/revisions"}],"predecessor-version":[{"id":334,"href":"https:\/\/creston.com.mx\/index.php\/wp-json\/wp\/v2\/posts\/331\/revisions\/334"}],"wp:featuredmedia":[{"embeddable":true,"href":"https:\/\/creston.com.mx\/index.php\/wp-json\/wp\/v2\/media\/332"}],"wp:attachment":[{"href":"https:\/\/creston.com.mx\/index.php\/wp-json\/wp\/v2\/media?parent=331"}],"wp:term":[{"taxonomy":"category","embeddable":true,"href":"https:\/\/creston.com.mx\/index.php\/wp-json\/wp\/v2\/categories?post=331"},{"taxonomy":"post_tag","embeddable":true,"href":"https:\/\/creston.com.mx\/index.php\/wp-json\/wp\/v2\/tags?post=331"}],"curies":[{"name":"wp","href":"https:\/\/api.w.org\/{rel}","templated":true}]}}