{"id":327,"date":"2025-01-29T22:07:09","date_gmt":"2025-01-30T04:07:09","guid":{"rendered":"https:\/\/creston.com.mx\/?p=327"},"modified":"2025-01-29T22:19:50","modified_gmt":"2025-01-30T04:19:50","slug":"en-riesgo-la-autonomia-e-independencia-de-la-judicatura-nahle","status":"publish","type":"post","link":"https:\/\/creston.com.mx\/index.php\/01\/en-riesgo-la-autonomia-e-independencia-de-la-judicatura-nahle\/politica\/2025\/","title":{"rendered":"En riesgo \u201cla autonom\u00eda e independencia de la judicatura\u201d: Nahle"},"content":{"rendered":"\n<p>.<\/p>\n\n\n\n<p class=\"has-medium-font-size\"><strong><em>El magistrado Arturo Nahle Garc\u00eda present\u00f3 su renuncia a la segunda sala penal del Tribunal Superior de Justicia del Estado.<\/em><\/strong><\/p>\n\n\n\n<p>.<\/p>\n\n\n\n<p>Arturo Nahle Garc\u00eda envio su carta de renuncia donde menciona que est\u00e1 en riesgo \u201cla autonom\u00eda e independencia de la judicatura. No creo que la simple elecci\u00f3n por voto popular o por t\u00f3mbola de ministros, magistrados y jueces vaya a mejorar la impartici\u00f3n de justicia\u201d, afirm\u00f3 el magistrado.<\/p>\n\n\n\n<p>Al presentar su renuncia a la segunda sala penal del Tribunal Superior de Justicia del Estado (TSJE) consider\u00f3 que la reforma al Poder Judicial pone en riesgo la continuidad de su trabajo como parte de este poder.<\/p>\n\n\n\n<p>Tambi\u00e9n consider\u00f3 que el costo de las elecciones y el pago de liquidaciones a personas juzgadoras de carrera debiera invertirse en la implementaci\u00f3n del nuevo sistema de justicia civil y familiar.<\/p>\n\n\n\n<p>Nahle Garc\u00eda quien fuera presidente del Tribunal Superior de Justicia del Estado, en su carta de renuncia consider\u00f3 que al no presupuestar recurso alguno para la denominada justicia digital es no entender la nueva realidad de un mundo globalizado por el desarrollo cient\u00edfico y tecnol\u00f3gico.<\/p>\n\n\n\n<p>Dej\u00f3 en claro que tom\u00f3 la decisi\u00f3n de no participar ni en la elecci\u00f3n local extraordinaria de este a\u00f1o, ni en la ordinaria del 2027 en las cuales se elegir\u00e1n a las y los nuevos titulares de todos los \u00f3rganos jurisdiccionales. Subray\u00f3 que la decisi\u00f3n que tom\u00f3 obliga a renunciar al cargo de Magistrado que la H. Legislatura me confiri\u00f3 el 15 de marzo del 2016, renuncia que atendiendo la disposici\u00f3n constitucional, solicito surta efectos el 14 de septiembre del a\u00f1o en curso, finaliz\u00f3 en su escrito.<\/p>\n","protected":false},"excerpt":{"rendered":"<p>. El magistrado Arturo Nahle Garc\u00eda present\u00f3 su renuncia a la segunda sala penal del Tribunal Superior de Justicia del Estado. . Arturo Nahle Garc\u00eda envio su carta de renuncia&hellip; <\/p>\n","protected":false},"author":1,"featured_media":328,"comment_status":"open","ping_status":"closed","sticky":false,"template":"","format":"standard","meta":{"_jetpack_memberships_contains_paid_content":false,"footnotes":""},"categories":[2],"tags":[],"class_list":["post-327","post","type-post","status-publish","format-standard","has-post-thumbnail","hentry","category-politica"],"yoast_head":"<!-- This site is optimized with the Yoast SEO plugin v24.2 - https:\/\/yoast.com\/wordpress\/plugins\/seo\/ -->\n<title>En riesgo \u201cla autonom\u00eda e independencia de la judicatura\u201d: Nahle - Peri\u00f3dico Digital de Zacatecas<\/title>\n<meta name=\"robots\" content=\"index, follow, max-snippet:-1, max-image-preview:large, max-video-preview:-1\" \/>\n<link rel=\"canonical\" href=\"https:\/\/creston.com.mx\/index.php\/01\/en-riesgo-la-autonomia-e-independencia-de-la-judicatura-nahle\/politica\/2025\/\" \/>\n<meta property=\"og:locale\" content=\"es_ES\" \/>\n<meta property=\"og:type\" content=\"article\" \/>\n<meta property=\"og:title\" content=\"En riesgo \u201cla autonom\u00eda e independencia de la judicatura\u201d: Nahle - Peri\u00f3dico Digital de Zacatecas\" \/>\n<meta property=\"og:description\" content=\". El magistrado Arturo Nahle Garc\u00eda present\u00f3 su renuncia a la segunda sala penal del Tribunal Superior de Justicia del Estado. . Arturo Nahle Garc\u00eda envio su carta de renuncia&hellip;\" \/>\n<meta property=\"og:url\" content=\"https:\/\/creston.com.mx\/index.php\/01\/en-riesgo-la-autonomia-e-independencia-de-la-judicatura-nahle\/politica\/2025\/\" \/>\n<meta property=\"og:site_name\" content=\"Peri\u00f3dico Digital de Zacatecas\" \/>\n<meta property=\"article:published_time\" content=\"2025-01-30T04:07:09+00:00\" \/>\n<meta property=\"article:modified_time\" content=\"2025-01-30T04:19:50+00:00\" \/>\n<meta property=\"og:image\" content=\"https:\/\/creston.com.mx\/wp-content\/uploads\/2025\/01\/IMG-20230417-WA0001.jpg\" \/>\n\t<meta property=\"og:image:width\" content=\"1600\" \/>\n\t<meta property=\"og:image:height\" content=\"1203\" \/>\n\t<meta property=\"og:image:type\" content=\"image\/jpeg\" \/>\n<meta name=\"author\" content=\"Periodico Creston\" \/>\n<meta name=\"twitter:card\" content=\"summary_large_image\" \/>\n<meta name=\"twitter:label1\" content=\"Escrito por\" \/>\n\t<meta name=\"twitter:data1\" content=\"Periodico Creston\" \/>\n\t<meta name=\"twitter:label2\" content=\"Tiempo de lectura\" \/>\n\t<meta name=\"twitter:data2\" content=\"2 minutos\" \/>\n<script type=\"application\/ld+json\" class=\"yoast-schema-graph\">{\"@context\":\"https:\/\/schema.org\",\"@graph\":[{\"@type\":\"Article\",\"@id\":\"https:\/\/creston.com.mx\/index.php\/01\/en-riesgo-la-autonomia-e-independencia-de-la-judicatura-nahle\/politica\/2025\/#article\",\"isPartOf\":{\"@id\":\"https:\/\/creston.com.mx\/index.php\/01\/en-riesgo-la-autonomia-e-independencia-de-la-judicatura-nahle\/politica\/2025\/\"},\"author\":{\"name\":\"Periodico Creston\",\"@id\":\"https:\/\/creston.com.mx\/#\/schema\/person\/01f2ce9e289bc5300c759925ef768c1d\"},\"headline\":\"En riesgo \u201cla autonom\u00eda e independencia de la judicatura\u201d: Nahle\",\"datePublished\":\"2025-01-30T04:07:09+00:00\",\"dateModified\":\"2025-01-30T04:19:50+00:00\",\"mainEntityOfPage\":{\"@id\":\"https:\/\/creston.com.mx\/index.php\/01\/en-riesgo-la-autonomia-e-independencia-de-la-judicatura-nahle\/politica\/2025\/\"},\"wordCount\":293,\"commentCount\":0,\"publisher\":{\"@id\":\"https:\/\/creston.com.mx\/#organization\"},\"image\":{\"@id\":\"https:\/\/creston.com.mx\/index.php\/01\/en-riesgo-la-autonomia-e-independencia-de-la-judicatura-nahle\/politica\/2025\/#primaryimage\"},\"thumbnailUrl\":\"https:\/\/creston.com.mx\/wp-content\/uploads\/2025\/01\/IMG-20230417-WA0001.jpg\",\"articleSection\":[\"Pol\u00edtica\"],\"inLanguage\":\"es\",\"potentialAction\":[{\"@type\":\"CommentAction\",\"name\":\"Comment\",\"target\":[\"https:\/\/creston.com.mx\/index.php\/01\/en-riesgo-la-autonomia-e-independencia-de-la-judicatura-nahle\/politica\/2025\/#respond\"]}]},{\"@type\":\"WebPage\",\"@id\":\"https:\/\/creston.com.mx\/index.php\/01\/en-riesgo-la-autonomia-e-independencia-de-la-judicatura-nahle\/politica\/2025\/\",\"url\":\"https:\/\/creston.com.mx\/index.php\/01\/en-riesgo-la-autonomia-e-independencia-de-la-judicatura-nahle\/politica\/2025\/\",\"name\":\"En riesgo \u201cla autonom\u00eda e independencia de la judicatura\u201d: Nahle - Peri\u00f3dico Digital de Zacatecas\",\"isPartOf\":{\"@id\":\"https:\/\/creston.com.mx\/#website\"},\"primaryImageOfPage\":{\"@id\":\"https:\/\/creston.com.mx\/index.php\/01\/en-riesgo-la-autonomia-e-independencia-de-la-judicatura-nahle\/politica\/2025\/#primaryimage\"},\"image\":{\"@id\":\"https:\/\/creston.com.mx\/index.php\/01\/en-riesgo-la-autonomia-e-independencia-de-la-judicatura-nahle\/politica\/2025\/#primaryimage\"},\"thumbnailUrl\":\"https:\/\/creston.com.mx\/wp-content\/uploads\/2025\/01\/IMG-20230417-WA0001.jpg\",\"datePublished\":\"2025-01-30T04:07:09+00:00\",\"dateModified\":\"2025-01-30T04:19:50+00:00\",\"breadcrumb\":{\"@id\":\"https:\/\/creston.com.mx\/index.php\/01\/en-riesgo-la-autonomia-e-independencia-de-la-judicatura-nahle\/politica\/2025\/#breadcrumb\"},\"inLanguage\":\"es\",\"potentialAction\":[{\"@type\":\"ReadAction\",\"target\":[\"https:\/\/creston.com.mx\/index.php\/01\/en-riesgo-la-autonomia-e-independencia-de-la-judicatura-nahle\/politica\/2025\/\"]}]},{\"@type\":\"ImageObject\",\"inLanguage\":\"es\",\"@id\":\"https:\/\/creston.com.mx\/index.php\/01\/en-riesgo-la-autonomia-e-independencia-de-la-judicatura-nahle\/politica\/2025\/#primaryimage\",\"url\":\"https:\/\/creston.com.mx\/wp-content\/uploads\/2025\/01\/IMG-20230417-WA0001.jpg\",\"contentUrl\":\"https:\/\/creston.com.mx\/wp-content\/uploads\/2025\/01\/IMG-20230417-WA0001.jpg\",\"width\":1600,\"height\":1203},{\"@type\":\"BreadcrumbList\",\"@id\":\"https:\/\/creston.com.mx\/index.php\/01\/en-riesgo-la-autonomia-e-independencia-de-la-judicatura-nahle\/politica\/2025\/#breadcrumb\",\"itemListElement\":[{\"@type\":\"ListItem\",\"position\":1,\"name\":\"Portada\",\"item\":\"https:\/\/creston.com.mx\/\"},{\"@type\":\"ListItem\",\"position\":2,\"name\":\"En riesgo \u201cla autonom\u00eda e independencia de la judicatura\u201d: Nahle\"}]},{\"@type\":\"WebSite\",\"@id\":\"https:\/\/creston.com.mx\/#website\",\"url\":\"https:\/\/creston.com.mx\/\",\"name\":\"Peri\u00f3dico Digital de Zacatecas\",\"description\":\"\",\"publisher\":{\"@id\":\"https:\/\/creston.com.mx\/#organization\"},\"potentialAction\":[{\"@type\":\"SearchAction\",\"target\":{\"@type\":\"EntryPoint\",\"urlTemplate\":\"https:\/\/creston.com.mx\/?s={search_term_string}\"},\"query-input\":{\"@type\":\"PropertyValueSpecification\",\"valueRequired\":true,\"valueName\":\"search_term_string\"}}],\"inLanguage\":\"es\"},{\"@type\":\"Organization\",\"@id\":\"https:\/\/creston.com.mx\/#organization\",\"name\":\"Peri\u00f3dico Digital de Zacatecas\",\"url\":\"https:\/\/creston.com.mx\/\",\"logo\":{\"@type\":\"ImageObject\",\"inLanguage\":\"es\",\"@id\":\"https:\/\/creston.com.mx\/#\/schema\/logo\/image\/\",\"url\":\"https:\/\/creston.com.mx\/wp-content\/uploads\/2026\/02\/cropped-Logo-Creston2.jpg\",\"contentUrl\":\"https:\/\/creston.com.mx\/wp-content\/uploads\/2026\/02\/cropped-Logo-Creston2.jpg\",\"width\":503,\"height\":194,\"caption\":\"Peri\u00f3dico Digital  de Zacatecas\"},\"image\":{\"@id\":\"https:\/\/creston.com.mx\/#\/schema\/logo\/image\/\"}},{\"@type\":\"Person\",\"@id\":\"https:\/\/creston.com.mx\/#\/schema\/person\/01f2ce9e289bc5300c759925ef768c1d\",\"name\":\"Periodico Creston\",\"image\":{\"@type\":\"ImageObject\",\"inLanguage\":\"es\",\"@id\":\"https:\/\/creston.com.mx\/#\/schema\/person\/image\/\",\"url\":\"https:\/\/secure.gravatar.com\/avatar\/c91eac1cf0d45897b6d294d474aa7713a194d460be0aaf72157553d050cda1c1?s=96&d=mm&r=g\",\"contentUrl\":\"https:\/\/secure.gravatar.com\/avatar\/c91eac1cf0d45897b6d294d474aa7713a194d460be0aaf72157553d050cda1c1?s=96&d=mm&r=g\",\"caption\":\"Periodico Creston\"},\"sameAs\":[\"https:\/\/creston.com.mx\"],\"url\":\"https:\/\/creston.com.mx\/index.php\/author\/cstnalja96\/\"}]}<\/script>\n<!-- \/ Yoast SEO plugin. -->","yoast_head_json":{"title":"En riesgo \u201cla autonom\u00eda e independencia de la judicatura\u201d: Nahle - Peri\u00f3dico Digital de Zacatecas","robots":{"index":"index","follow":"follow","max-snippet":"max-snippet:-1","max-image-preview":"max-image-preview:large","max-video-preview":"max-video-preview:-1"},"canonical":"https:\/\/creston.com.mx\/index.php\/01\/en-riesgo-la-autonomia-e-independencia-de-la-judicatura-nahle\/politica\/2025\/","og_locale":"es_ES","og_type":"article","og_title":"En riesgo \u201cla autonom\u00eda e independencia de la judicatura\u201d: Nahle - Peri\u00f3dico Digital de Zacatecas","og_description":". El magistrado Arturo Nahle Garc\u00eda present\u00f3 su renuncia a la segunda sala penal del Tribunal Superior de Justicia del Estado. . Arturo Nahle Garc\u00eda envio su carta de renuncia&hellip;","og_url":"https:\/\/creston.com.mx\/index.php\/01\/en-riesgo-la-autonomia-e-independencia-de-la-judicatura-nahle\/politica\/2025\/","og_site_name":"Peri\u00f3dico Digital de Zacatecas","article_published_time":"2025-01-30T04:07:09+00:00","article_modified_time":"2025-01-30T04:19:50+00:00","og_image":[{"width":1600,"height":1203,"url":"https:\/\/creston.com.mx\/wp-content\/uploads\/2025\/01\/IMG-20230417-WA0001.jpg","type":"image\/jpeg"}],"author":"Periodico Creston","twitter_card":"summary_large_image","twitter_misc":{"Escrito por":"Periodico Creston","Tiempo de lectura":"2 minutos"},"schema":{"@context":"https:\/\/schema.org","@graph":[{"@type":"Article","@id":"https:\/\/creston.com.mx\/index.php\/01\/en-riesgo-la-autonomia-e-independencia-de-la-judicatura-nahle\/politica\/2025\/#article","isPartOf":{"@id":"https:\/\/creston.com.mx\/index.php\/01\/en-riesgo-la-autonomia-e-independencia-de-la-judicatura-nahle\/politica\/2025\/"},"author":{"name":"Periodico Creston","@id":"https:\/\/creston.com.mx\/#\/schema\/person\/01f2ce9e289bc5300c759925ef768c1d"},"headline":"En riesgo \u201cla autonom\u00eda e independencia de la judicatura\u201d: Nahle","datePublished":"2025-01-30T04:07:09+00:00","dateModified":"2025-01-30T04:19:50+00:00","mainEntityOfPage":{"@id":"https:\/\/creston.com.mx\/index.php\/01\/en-riesgo-la-autonomia-e-independencia-de-la-judicatura-nahle\/politica\/2025\/"},"wordCount":293,"commentCount":0,"publisher":{"@id":"https:\/\/creston.com.mx\/#organization"},"image":{"@id":"https:\/\/creston.com.mx\/index.php\/01\/en-riesgo-la-autonomia-e-independencia-de-la-judicatura-nahle\/politica\/2025\/#primaryimage"},"thumbnailUrl":"https:\/\/creston.com.mx\/wp-content\/uploads\/2025\/01\/IMG-20230417-WA0001.jpg","articleSection":["Pol\u00edtica"],"inLanguage":"es","potentialAction":[{"@type":"CommentAction","name":"Comment","target":["https:\/\/creston.com.mx\/index.php\/01\/en-riesgo-la-autonomia-e-independencia-de-la-judicatura-nahle\/politica\/2025\/#respond"]}]},{"@type":"WebPage","@id":"https:\/\/creston.com.mx\/index.php\/01\/en-riesgo-la-autonomia-e-independencia-de-la-judicatura-nahle\/politica\/2025\/","url":"https:\/\/creston.com.mx\/index.php\/01\/en-riesgo-la-autonomia-e-independencia-de-la-judicatura-nahle\/politica\/2025\/","name":"En riesgo \u201cla autonom\u00eda e independencia de la judicatura\u201d: Nahle - Peri\u00f3dico Digital de Zacatecas","isPartOf":{"@id":"https:\/\/creston.com.mx\/#website"},"primaryImageOfPage":{"@id":"https:\/\/creston.com.mx\/index.php\/01\/en-riesgo-la-autonomia-e-independencia-de-la-judicatura-nahle\/politica\/2025\/#primaryimage"},"image":{"@id":"https:\/\/creston.com.mx\/index.php\/01\/en-riesgo-la-autonomia-e-independencia-de-la-judicatura-nahle\/politica\/2025\/#primaryimage"},"thumbnailUrl":"https:\/\/creston.com.mx\/wp-content\/uploads\/2025\/01\/IMG-20230417-WA0001.jpg","datePublished":"2025-01-30T04:07:09+00:00","dateModified":"2025-01-30T04:19:50+00:00","breadcrumb":{"@id":"https:\/\/creston.com.mx\/index.php\/01\/en-riesgo-la-autonomia-e-independencia-de-la-judicatura-nahle\/politica\/2025\/#breadcrumb"},"inLanguage":"es","potentialAction":[{"@type":"ReadAction","target":["https:\/\/creston.com.mx\/index.php\/01\/en-riesgo-la-autonomia-e-independencia-de-la-judicatura-nahle\/politica\/2025\/"]}]},{"@type":"ImageObject","inLanguage":"es","@id":"https:\/\/creston.com.mx\/index.php\/01\/en-riesgo-la-autonomia-e-independencia-de-la-judicatura-nahle\/politica\/2025\/#primaryimage","url":"https:\/\/creston.com.mx\/wp-content\/uploads\/2025\/01\/IMG-20230417-WA0001.jpg","contentUrl":"https:\/\/creston.com.mx\/wp-content\/uploads\/2025\/01\/IMG-20230417-WA0001.jpg","width":1600,"height":1203},{"@type":"BreadcrumbList","@id":"https:\/\/creston.com.mx\/index.php\/01\/en-riesgo-la-autonomia-e-independencia-de-la-judicatura-nahle\/politica\/2025\/#breadcrumb","itemListElement":[{"@type":"ListItem","position":1,"name":"Portada","item":"https:\/\/creston.com.mx\/"},{"@type":"ListItem","position":2,"name":"En riesgo \u201cla autonom\u00eda e independencia de la judicatura\u201d: Nahle"}]},{"@type":"WebSite","@id":"https:\/\/creston.com.mx\/#website","url":"https:\/\/creston.com.mx\/","name":"Peri\u00f3dico Digital de Zacatecas","description":"","publisher":{"@id":"https:\/\/creston.com.mx\/#organization"},"potentialAction":[{"@type":"SearchAction","target":{"@type":"EntryPoint","urlTemplate":"https:\/\/creston.com.mx\/?s={search_term_string}"},"query-input":{"@type":"PropertyValueSpecification","valueRequired":true,"valueName":"search_term_string"}}],"inLanguage":"es"},{"@type":"Organization","@id":"https:\/\/creston.com.mx\/#organization","name":"Peri\u00f3dico Digital de Zacatecas","url":"https:\/\/creston.com.mx\/","logo":{"@type":"ImageObject","inLanguage":"es","@id":"https:\/\/creston.com.mx\/#\/schema\/logo\/image\/","url":"https:\/\/creston.com.mx\/wp-content\/uploads\/2026\/02\/cropped-Logo-Creston2.jpg","contentUrl":"https:\/\/creston.com.mx\/wp-content\/uploads\/2026\/02\/cropped-Logo-Creston2.jpg","width":503,"height":194,"caption":"Peri\u00f3dico Digital  de Zacatecas"},"image":{"@id":"https:\/\/creston.com.mx\/#\/schema\/logo\/image\/"}},{"@type":"Person","@id":"https:\/\/creston.com.mx\/#\/schema\/person\/01f2ce9e289bc5300c759925ef768c1d","name":"Periodico Creston","image":{"@type":"ImageObject","inLanguage":"es","@id":"https:\/\/creston.com.mx\/#\/schema\/person\/image\/","url":"https:\/\/secure.gravatar.com\/avatar\/c91eac1cf0d45897b6d294d474aa7713a194d460be0aaf72157553d050cda1c1?s=96&d=mm&r=g","contentUrl":"https:\/\/secure.gravatar.com\/avatar\/c91eac1cf0d45897b6d294d474aa7713a194d460be0aaf72157553d050cda1c1?s=96&d=mm&r=g","caption":"Periodico Creston"},"sameAs":["https:\/\/creston.com.mx"],"url":"https:\/\/creston.com.mx\/index.php\/author\/cstnalja96\/"}]}},"jetpack_sharing_enabled":true,"jetpack_featured_media_url":"https:\/\/creston.com.mx\/wp-content\/uploads\/2025\/01\/IMG-20230417-WA0001.jpg","_links":{"self":[{"href":"https:\/\/creston.com.mx\/index.php\/wp-json\/wp\/v2\/posts\/327","targetHints":{"allow":["GET"]}}],"collection":[{"href":"https:\/\/creston.com.mx\/index.php\/wp-json\/wp\/v2\/posts"}],"about":[{"href":"https:\/\/creston.com.mx\/index.php\/wp-json\/wp\/v2\/types\/post"}],"author":[{"embeddable":true,"href":"https:\/\/creston.com.mx\/index.php\/wp-json\/wp\/v2\/users\/1"}],"replies":[{"embeddable":true,"href":"https:\/\/creston.com.mx\/index.php\/wp-json\/wp\/v2\/comments?post=327"}],"version-history":[{"count":1,"href":"https:\/\/creston.com.mx\/index.php\/wp-json\/wp\/v2\/posts\/327\/revisions"}],"predecessor-version":[{"id":329,"href":"https:\/\/creston.com.mx\/index.php\/wp-json\/wp\/v2\/posts\/327\/revisions\/329"}],"wp:featuredmedia":[{"embeddable":true,"href":"https:\/\/creston.com.mx\/index.php\/wp-json\/wp\/v2\/media\/328"}],"wp:attachment":[{"href":"https:\/\/creston.com.mx\/index.php\/wp-json\/wp\/v2\/media?parent=327"}],"wp:term":[{"taxonomy":"category","embeddable":true,"href":"https:\/\/creston.com.mx\/index.php\/wp-json\/wp\/v2\/categories?post=327"},{"taxonomy":"post_tag","embeddable":true,"href":"https:\/\/creston.com.mx\/index.php\/wp-json\/wp\/v2\/tags?post=327"}],"curies":[{"name":"wp","href":"https:\/\/api.w.org\/{rel}","templated":true}]}}