{"id":3255,"date":"2026-04-29T20:20:00","date_gmt":"2026-04-30T01:20:00","guid":{"rendered":"https:\/\/creston.com.mx\/?p=3255"},"modified":"2026-04-30T12:26:34","modified_gmt":"2026-04-30T17:26:34","slug":"rechaza-pri-imposicion-de-consejeros-del-ine","status":"publish","type":"post","link":"https:\/\/creston.com.mx\/index.php\/04\/rechaza-pri-imposicion-de-consejeros-del-ine\/politica\/2026\/","title":{"rendered":"Rechaza PRI imposici\u00f3n de consejeros del INE"},"content":{"rendered":"\n<p>.<\/p>\n\n\n\n<p class=\"has-medium-font-size\"><strong><em>El Delegado General del CEN del PRI, Jos\u00e9 Marco Antonio Olvera Acevedo asegur\u00f3 que el Instituto se encuentra cooptado por Morena.<\/em><\/strong><\/p>\n\n\n\n<p>.<\/p>\n\n\n\n<p>En conferencia de prensa, el Delegado General del CEN del PRI, Jos\u00e9 Marco Antonio Olvera Acevedo asegur\u00f3 que la imposici\u00f3n de tres nuevos consejeros del INE, es otra muestra del autoritarismo de Morena, que tiene cooptado al \u00e1rbitro electoral., pues la aprobaci\u00f3n en la C\u00e1mara de Diputadas y Diputados de Frida Denisse G\u00f3mez Puga, Blanca Yassahara Cruz Garc\u00eda y Arturo Manuel Ch\u00e1vez L\u00f3pez, fue bajo la consigna de Palacio Nacional, sin di\u00e1logo ni consenso.<\/p>\n\n\n\n<p>Olvera Acevedo asegur\u00f3 que el INE se encuentra cooptado por Morena, lo que rompe la esencia del \u00e1rbitro electoral y vulnera su autonom\u00eda constitucional al imponer perfiles cercanos al gobierno, afectando la confianza en todo el sistema democr\u00e1tico.<\/p>\n\n\n<div class=\"wp-block-image\">\n<figure class=\"alignright size-large is-resized\"><img fetchpriority=\"high\" decoding=\"async\" width=\"1024\" height=\"771\" src=\"https:\/\/creston.com.mx\/wp-content\/uploads\/2026\/04\/IMG_20260429_095306-1024x771.jpg\" alt=\"\" class=\"wp-image-3257\" style=\"aspect-ratio:1.3281494572077759;width:548px;height:auto\" srcset=\"https:\/\/creston.com.mx\/wp-content\/uploads\/2026\/04\/IMG_20260429_095306-1024x771.jpg 1024w, https:\/\/creston.com.mx\/wp-content\/uploads\/2026\/04\/IMG_20260429_095306-300x226.jpg 300w, https:\/\/creston.com.mx\/wp-content\/uploads\/2026\/04\/IMG_20260429_095306-768x578.jpg 768w, https:\/\/creston.com.mx\/wp-content\/uploads\/2026\/04\/IMG_20260429_095306-1536x1157.jpg 1536w, https:\/\/creston.com.mx\/wp-content\/uploads\/2026\/04\/IMG_20260429_095306-2048x1542.jpg 2048w\" sizes=\"(max-width: 1024px) 100vw, 1024px\" \/><\/figure>\n<\/div>\n\n\n<p>Conden\u00f3 que ahora sea el gobierno quien decida en el INE, lo que abre la puerta a elecciones inequitativas y a debilitar la confianza ciudadana en la democracia, porque cuando se percibe que el \u00e1rbitro est\u00e1 controlado, el voto pierde valor simb\u00f3lico y real. Defender la independencia del INE es defender que cada voto cuente y que el resultado sea cre\u00edble para todos.<\/p>\n\n\n\n<p>En ese sentido, el Delegado Nacional, Jos\u00e9 Marco Antonio Olvera Acevedo enfatiz\u00f3 que el PRI vot\u00f3 contra la imposici\u00f3n de los tres nuevos consejeros e hizo un llamado a la ciudadan\u00eda a unirse a la defensa de M\u00e9xico y de la voluntad ciudadana, en el ejercicio de organizaci\u00f3n territorial que ha lanzado con las y los Defensores de M\u00e9xico. <\/p>\n\n\n\n<p>Durante la conferencia de prensa que se llev\u00f3 a cabo en el Sal\u00f3n Gobernadores de la sede estatal priista, el Delegado General del CEN estuvo acompa\u00f1ado por los Secretarios en pleno del Comit\u00e9 Directivo Estatal.<\/p>\n\n\n\n<p>.<\/p>\n\n\n\n\n\n<p>.<\/p>\n\n\n\n<figure class=\"wp-block-gallery has-nested-images columns-default is-cropped wp-block-gallery-1 is-layout-flex wp-block-gallery-is-layout-flex\">\n<figure class=\"wp-block-image size-large is-resized\"><img decoding=\"async\" width=\"1024\" height=\"768\" data-id=\"3193\" src=\"https:\/\/creston.com.mx\/wp-content\/uploads\/2026\/04\/Anun-3T-1-1024x768.jpeg\" alt=\"\" class=\"wp-image-3193\" style=\"width:401px;height:auto\" srcset=\"https:\/\/creston.com.mx\/wp-content\/uploads\/2026\/04\/Anun-3T-1-1024x768.jpeg 1024w, https:\/\/creston.com.mx\/wp-content\/uploads\/2026\/04\/Anun-3T-1-300x225.jpeg 300w, https:\/\/creston.com.mx\/wp-content\/uploads\/2026\/04\/Anun-3T-1-768x576.jpeg 768w, https:\/\/creston.com.mx\/wp-content\/uploads\/2026\/04\/Anun-3T-1.jpeg 1448w\" sizes=\"(max-width: 1024px) 100vw, 1024px\" \/><\/figure>\n\n\n\n<figure class=\"wp-block-image size-large is-resized\"><img decoding=\"async\" width=\"1024\" height=\"819\" data-id=\"3252\" src=\"https:\/\/creston.com.mx\/wp-content\/uploads\/2026\/04\/Anun-3T-3-1024x819.jpeg\" alt=\"\" class=\"wp-image-3252\" style=\"width:436px;height:auto\" srcset=\"https:\/\/creston.com.mx\/wp-content\/uploads\/2026\/04\/Anun-3T-3-1024x819.jpeg 1024w, https:\/\/creston.com.mx\/wp-content\/uploads\/2026\/04\/Anun-3T-3-300x240.jpeg 300w, https:\/\/creston.com.mx\/wp-content\/uploads\/2026\/04\/Anun-3T-3-768x615.jpeg 768w, https:\/\/creston.com.mx\/wp-content\/uploads\/2026\/04\/Anun-3T-3.jpeg 1402w\" sizes=\"(max-width: 1024px) 100vw, 1024px\" \/><\/figure>\n<\/figure>\n\n\n\n<p><\/p>\n","protected":false},"excerpt":{"rendered":"<p>. El Delegado General del CEN del PRI, Jos\u00e9 Marco Antonio Olvera Acevedo asegur\u00f3 que el Instituto se encuentra cooptado por Morena. . En conferencia de prensa, el Delegado General&hellip; <\/p>\n","protected":false},"author":1,"featured_media":3256,"comment_status":"open","ping_status":"closed","sticky":false,"template":"","format":"standard","meta":{"_jetpack_memberships_contains_paid_content":false,"footnotes":""},"categories":[2],"tags":[],"class_list":["post-3255","post","type-post","status-publish","format-standard","has-post-thumbnail","hentry","category-politica"],"yoast_head":"<!-- This site is optimized with the Yoast SEO plugin v24.2 - https:\/\/yoast.com\/wordpress\/plugins\/seo\/ -->\n<title>Rechaza PRI imposici\u00f3n de consejeros del INE - Peri\u00f3dico Digital de Zacatecas<\/title>\n<meta name=\"robots\" content=\"index, follow, max-snippet:-1, max-image-preview:large, max-video-preview:-1\" \/>\n<link rel=\"canonical\" href=\"https:\/\/creston.com.mx\/index.php\/04\/rechaza-pri-imposicion-de-consejeros-del-ine\/politica\/2026\/\" \/>\n<meta property=\"og:locale\" content=\"es_ES\" \/>\n<meta property=\"og:type\" content=\"article\" \/>\n<meta property=\"og:title\" content=\"Rechaza PRI imposici\u00f3n de consejeros del INE - Peri\u00f3dico Digital de Zacatecas\" \/>\n<meta property=\"og:description\" content=\". El Delegado General del CEN del PRI, Jos\u00e9 Marco Antonio Olvera Acevedo asegur\u00f3 que el Instituto se encuentra cooptado por Morena. . En conferencia de prensa, el Delegado General&hellip;\" \/>\n<meta property=\"og:url\" content=\"https:\/\/creston.com.mx\/index.php\/04\/rechaza-pri-imposicion-de-consejeros-del-ine\/politica\/2026\/\" \/>\n<meta property=\"og:site_name\" content=\"Peri\u00f3dico Digital de Zacatecas\" \/>\n<meta property=\"article:published_time\" content=\"2026-04-30T01:20:00+00:00\" \/>\n<meta property=\"article:modified_time\" content=\"2026-04-30T17:26:34+00:00\" \/>\n<meta property=\"og:image\" content=\"https:\/\/creston.com.mx\/wp-content\/uploads\/2026\/04\/IMG_20260429_095359-scaled.jpg\" \/>\n\t<meta property=\"og:image:width\" content=\"2560\" \/>\n\t<meta property=\"og:image:height\" content=\"1928\" \/>\n\t<meta property=\"og:image:type\" content=\"image\/jpeg\" \/>\n<meta name=\"author\" content=\"Periodico Creston\" \/>\n<meta name=\"twitter:card\" content=\"summary_large_image\" \/>\n<meta name=\"twitter:label1\" content=\"Escrito por\" \/>\n\t<meta name=\"twitter:data1\" content=\"Periodico Creston\" \/>\n\t<meta name=\"twitter:label2\" content=\"Tiempo de lectura\" \/>\n\t<meta name=\"twitter:data2\" content=\"3 minutos\" \/>\n<script type=\"application\/ld+json\" class=\"yoast-schema-graph\">{\"@context\":\"https:\/\/schema.org\",\"@graph\":[{\"@type\":\"Article\",\"@id\":\"https:\/\/creston.com.mx\/index.php\/04\/rechaza-pri-imposicion-de-consejeros-del-ine\/politica\/2026\/#article\",\"isPartOf\":{\"@id\":\"https:\/\/creston.com.mx\/index.php\/04\/rechaza-pri-imposicion-de-consejeros-del-ine\/politica\/2026\/\"},\"author\":{\"name\":\"Periodico Creston\",\"@id\":\"https:\/\/creston.com.mx\/#\/schema\/person\/01f2ce9e289bc5300c759925ef768c1d\"},\"headline\":\"Rechaza PRI imposici\u00f3n de consejeros del INE\",\"datePublished\":\"2026-04-30T01:20:00+00:00\",\"dateModified\":\"2026-04-30T17:26:34+00:00\",\"mainEntityOfPage\":{\"@id\":\"https:\/\/creston.com.mx\/index.php\/04\/rechaza-pri-imposicion-de-consejeros-del-ine\/politica\/2026\/\"},\"wordCount\":317,\"commentCount\":0,\"publisher\":{\"@id\":\"https:\/\/creston.com.mx\/#organization\"},\"image\":{\"@id\":\"https:\/\/creston.com.mx\/index.php\/04\/rechaza-pri-imposicion-de-consejeros-del-ine\/politica\/2026\/#primaryimage\"},\"thumbnailUrl\":\"https:\/\/creston.com.mx\/wp-content\/uploads\/2026\/04\/IMG_20260429_095359-scaled.jpg\",\"articleSection\":[\"Pol\u00edtica\"],\"inLanguage\":\"es\",\"potentialAction\":[{\"@type\":\"CommentAction\",\"name\":\"Comment\",\"target\":[\"https:\/\/creston.com.mx\/index.php\/04\/rechaza-pri-imposicion-de-consejeros-del-ine\/politica\/2026\/#respond\"]}]},{\"@type\":\"WebPage\",\"@id\":\"https:\/\/creston.com.mx\/index.php\/04\/rechaza-pri-imposicion-de-consejeros-del-ine\/politica\/2026\/\",\"url\":\"https:\/\/creston.com.mx\/index.php\/04\/rechaza-pri-imposicion-de-consejeros-del-ine\/politica\/2026\/\",\"name\":\"Rechaza PRI imposici\u00f3n de consejeros del INE - Peri\u00f3dico Digital de Zacatecas\",\"isPartOf\":{\"@id\":\"https:\/\/creston.com.mx\/#website\"},\"primaryImageOfPage\":{\"@id\":\"https:\/\/creston.com.mx\/index.php\/04\/rechaza-pri-imposicion-de-consejeros-del-ine\/politica\/2026\/#primaryimage\"},\"image\":{\"@id\":\"https:\/\/creston.com.mx\/index.php\/04\/rechaza-pri-imposicion-de-consejeros-del-ine\/politica\/2026\/#primaryimage\"},\"thumbnailUrl\":\"https:\/\/creston.com.mx\/wp-content\/uploads\/2026\/04\/IMG_20260429_095359-scaled.jpg\",\"datePublished\":\"2026-04-30T01:20:00+00:00\",\"dateModified\":\"2026-04-30T17:26:34+00:00\",\"breadcrumb\":{\"@id\":\"https:\/\/creston.com.mx\/index.php\/04\/rechaza-pri-imposicion-de-consejeros-del-ine\/politica\/2026\/#breadcrumb\"},\"inLanguage\":\"es\",\"potentialAction\":[{\"@type\":\"ReadAction\",\"target\":[\"https:\/\/creston.com.mx\/index.php\/04\/rechaza-pri-imposicion-de-consejeros-del-ine\/politica\/2026\/\"]}]},{\"@type\":\"ImageObject\",\"inLanguage\":\"es\",\"@id\":\"https:\/\/creston.com.mx\/index.php\/04\/rechaza-pri-imposicion-de-consejeros-del-ine\/politica\/2026\/#primaryimage\",\"url\":\"https:\/\/creston.com.mx\/wp-content\/uploads\/2026\/04\/IMG_20260429_095359-scaled.jpg\",\"contentUrl\":\"https:\/\/creston.com.mx\/wp-content\/uploads\/2026\/04\/IMG_20260429_095359-scaled.jpg\",\"width\":2560,\"height\":1928},{\"@type\":\"BreadcrumbList\",\"@id\":\"https:\/\/creston.com.mx\/index.php\/04\/rechaza-pri-imposicion-de-consejeros-del-ine\/politica\/2026\/#breadcrumb\",\"itemListElement\":[{\"@type\":\"ListItem\",\"position\":1,\"name\":\"Portada\",\"item\":\"https:\/\/creston.com.mx\/\"},{\"@type\":\"ListItem\",\"position\":2,\"name\":\"Rechaza PRI imposici\u00f3n de consejeros del INE\"}]},{\"@type\":\"WebSite\",\"@id\":\"https:\/\/creston.com.mx\/#website\",\"url\":\"https:\/\/creston.com.mx\/\",\"name\":\"Peri\u00f3dico Digital de Zacatecas\",\"description\":\"\",\"publisher\":{\"@id\":\"https:\/\/creston.com.mx\/#organization\"},\"potentialAction\":[{\"@type\":\"SearchAction\",\"target\":{\"@type\":\"EntryPoint\",\"urlTemplate\":\"https:\/\/creston.com.mx\/?s={search_term_string}\"},\"query-input\":{\"@type\":\"PropertyValueSpecification\",\"valueRequired\":true,\"valueName\":\"search_term_string\"}}],\"inLanguage\":\"es\"},{\"@type\":\"Organization\",\"@id\":\"https:\/\/creston.com.mx\/#organization\",\"name\":\"Peri\u00f3dico Digital de Zacatecas\",\"url\":\"https:\/\/creston.com.mx\/\",\"logo\":{\"@type\":\"ImageObject\",\"inLanguage\":\"es\",\"@id\":\"https:\/\/creston.com.mx\/#\/schema\/logo\/image\/\",\"url\":\"https:\/\/creston.com.mx\/wp-content\/uploads\/2026\/02\/cropped-Logo-Creston2.jpg\",\"contentUrl\":\"https:\/\/creston.com.mx\/wp-content\/uploads\/2026\/02\/cropped-Logo-Creston2.jpg\",\"width\":503,\"height\":194,\"caption\":\"Peri\u00f3dico Digital  de Zacatecas\"},\"image\":{\"@id\":\"https:\/\/creston.com.mx\/#\/schema\/logo\/image\/\"}},{\"@type\":\"Person\",\"@id\":\"https:\/\/creston.com.mx\/#\/schema\/person\/01f2ce9e289bc5300c759925ef768c1d\",\"name\":\"Periodico Creston\",\"image\":{\"@type\":\"ImageObject\",\"inLanguage\":\"es\",\"@id\":\"https:\/\/creston.com.mx\/#\/schema\/person\/image\/\",\"url\":\"https:\/\/secure.gravatar.com\/avatar\/c91eac1cf0d45897b6d294d474aa7713a194d460be0aaf72157553d050cda1c1?s=96&d=mm&r=g\",\"contentUrl\":\"https:\/\/secure.gravatar.com\/avatar\/c91eac1cf0d45897b6d294d474aa7713a194d460be0aaf72157553d050cda1c1?s=96&d=mm&r=g\",\"caption\":\"Periodico Creston\"},\"sameAs\":[\"https:\/\/creston.com.mx\"],\"url\":\"https:\/\/creston.com.mx\/index.php\/author\/cstnalja96\/\"}]}<\/script>\n<!-- \/ Yoast SEO plugin. -->","yoast_head_json":{"title":"Rechaza PRI imposici\u00f3n de consejeros del INE - Peri\u00f3dico Digital de Zacatecas","robots":{"index":"index","follow":"follow","max-snippet":"max-snippet:-1","max-image-preview":"max-image-preview:large","max-video-preview":"max-video-preview:-1"},"canonical":"https:\/\/creston.com.mx\/index.php\/04\/rechaza-pri-imposicion-de-consejeros-del-ine\/politica\/2026\/","og_locale":"es_ES","og_type":"article","og_title":"Rechaza PRI imposici\u00f3n de consejeros del INE - Peri\u00f3dico Digital de Zacatecas","og_description":". El Delegado General del CEN del PRI, Jos\u00e9 Marco Antonio Olvera Acevedo asegur\u00f3 que el Instituto se encuentra cooptado por Morena. . En conferencia de prensa, el Delegado General&hellip;","og_url":"https:\/\/creston.com.mx\/index.php\/04\/rechaza-pri-imposicion-de-consejeros-del-ine\/politica\/2026\/","og_site_name":"Peri\u00f3dico Digital de Zacatecas","article_published_time":"2026-04-30T01:20:00+00:00","article_modified_time":"2026-04-30T17:26:34+00:00","og_image":[{"width":2560,"height":1928,"url":"https:\/\/creston.com.mx\/wp-content\/uploads\/2026\/04\/IMG_20260429_095359-scaled.jpg","type":"image\/jpeg"}],"author":"Periodico Creston","twitter_card":"summary_large_image","twitter_misc":{"Escrito por":"Periodico Creston","Tiempo de lectura":"3 minutos"},"schema":{"@context":"https:\/\/schema.org","@graph":[{"@type":"Article","@id":"https:\/\/creston.com.mx\/index.php\/04\/rechaza-pri-imposicion-de-consejeros-del-ine\/politica\/2026\/#article","isPartOf":{"@id":"https:\/\/creston.com.mx\/index.php\/04\/rechaza-pri-imposicion-de-consejeros-del-ine\/politica\/2026\/"},"author":{"name":"Periodico Creston","@id":"https:\/\/creston.com.mx\/#\/schema\/person\/01f2ce9e289bc5300c759925ef768c1d"},"headline":"Rechaza PRI imposici\u00f3n de consejeros del INE","datePublished":"2026-04-30T01:20:00+00:00","dateModified":"2026-04-30T17:26:34+00:00","mainEntityOfPage":{"@id":"https:\/\/creston.com.mx\/index.php\/04\/rechaza-pri-imposicion-de-consejeros-del-ine\/politica\/2026\/"},"wordCount":317,"commentCount":0,"publisher":{"@id":"https:\/\/creston.com.mx\/#organization"},"image":{"@id":"https:\/\/creston.com.mx\/index.php\/04\/rechaza-pri-imposicion-de-consejeros-del-ine\/politica\/2026\/#primaryimage"},"thumbnailUrl":"https:\/\/creston.com.mx\/wp-content\/uploads\/2026\/04\/IMG_20260429_095359-scaled.jpg","articleSection":["Pol\u00edtica"],"inLanguage":"es","potentialAction":[{"@type":"CommentAction","name":"Comment","target":["https:\/\/creston.com.mx\/index.php\/04\/rechaza-pri-imposicion-de-consejeros-del-ine\/politica\/2026\/#respond"]}]},{"@type":"WebPage","@id":"https:\/\/creston.com.mx\/index.php\/04\/rechaza-pri-imposicion-de-consejeros-del-ine\/politica\/2026\/","url":"https:\/\/creston.com.mx\/index.php\/04\/rechaza-pri-imposicion-de-consejeros-del-ine\/politica\/2026\/","name":"Rechaza PRI imposici\u00f3n de consejeros del INE - Peri\u00f3dico Digital de Zacatecas","isPartOf":{"@id":"https:\/\/creston.com.mx\/#website"},"primaryImageOfPage":{"@id":"https:\/\/creston.com.mx\/index.php\/04\/rechaza-pri-imposicion-de-consejeros-del-ine\/politica\/2026\/#primaryimage"},"image":{"@id":"https:\/\/creston.com.mx\/index.php\/04\/rechaza-pri-imposicion-de-consejeros-del-ine\/politica\/2026\/#primaryimage"},"thumbnailUrl":"https:\/\/creston.com.mx\/wp-content\/uploads\/2026\/04\/IMG_20260429_095359-scaled.jpg","datePublished":"2026-04-30T01:20:00+00:00","dateModified":"2026-04-30T17:26:34+00:00","breadcrumb":{"@id":"https:\/\/creston.com.mx\/index.php\/04\/rechaza-pri-imposicion-de-consejeros-del-ine\/politica\/2026\/#breadcrumb"},"inLanguage":"es","potentialAction":[{"@type":"ReadAction","target":["https:\/\/creston.com.mx\/index.php\/04\/rechaza-pri-imposicion-de-consejeros-del-ine\/politica\/2026\/"]}]},{"@type":"ImageObject","inLanguage":"es","@id":"https:\/\/creston.com.mx\/index.php\/04\/rechaza-pri-imposicion-de-consejeros-del-ine\/politica\/2026\/#primaryimage","url":"https:\/\/creston.com.mx\/wp-content\/uploads\/2026\/04\/IMG_20260429_095359-scaled.jpg","contentUrl":"https:\/\/creston.com.mx\/wp-content\/uploads\/2026\/04\/IMG_20260429_095359-scaled.jpg","width":2560,"height":1928},{"@type":"BreadcrumbList","@id":"https:\/\/creston.com.mx\/index.php\/04\/rechaza-pri-imposicion-de-consejeros-del-ine\/politica\/2026\/#breadcrumb","itemListElement":[{"@type":"ListItem","position":1,"name":"Portada","item":"https:\/\/creston.com.mx\/"},{"@type":"ListItem","position":2,"name":"Rechaza PRI imposici\u00f3n de consejeros del INE"}]},{"@type":"WebSite","@id":"https:\/\/creston.com.mx\/#website","url":"https:\/\/creston.com.mx\/","name":"Peri\u00f3dico Digital de Zacatecas","description":"","publisher":{"@id":"https:\/\/creston.com.mx\/#organization"},"potentialAction":[{"@type":"SearchAction","target":{"@type":"EntryPoint","urlTemplate":"https:\/\/creston.com.mx\/?s={search_term_string}"},"query-input":{"@type":"PropertyValueSpecification","valueRequired":true,"valueName":"search_term_string"}}],"inLanguage":"es"},{"@type":"Organization","@id":"https:\/\/creston.com.mx\/#organization","name":"Peri\u00f3dico Digital de Zacatecas","url":"https:\/\/creston.com.mx\/","logo":{"@type":"ImageObject","inLanguage":"es","@id":"https:\/\/creston.com.mx\/#\/schema\/logo\/image\/","url":"https:\/\/creston.com.mx\/wp-content\/uploads\/2026\/02\/cropped-Logo-Creston2.jpg","contentUrl":"https:\/\/creston.com.mx\/wp-content\/uploads\/2026\/02\/cropped-Logo-Creston2.jpg","width":503,"height":194,"caption":"Peri\u00f3dico Digital  de Zacatecas"},"image":{"@id":"https:\/\/creston.com.mx\/#\/schema\/logo\/image\/"}},{"@type":"Person","@id":"https:\/\/creston.com.mx\/#\/schema\/person\/01f2ce9e289bc5300c759925ef768c1d","name":"Periodico Creston","image":{"@type":"ImageObject","inLanguage":"es","@id":"https:\/\/creston.com.mx\/#\/schema\/person\/image\/","url":"https:\/\/secure.gravatar.com\/avatar\/c91eac1cf0d45897b6d294d474aa7713a194d460be0aaf72157553d050cda1c1?s=96&d=mm&r=g","contentUrl":"https:\/\/secure.gravatar.com\/avatar\/c91eac1cf0d45897b6d294d474aa7713a194d460be0aaf72157553d050cda1c1?s=96&d=mm&r=g","caption":"Periodico Creston"},"sameAs":["https:\/\/creston.com.mx"],"url":"https:\/\/creston.com.mx\/index.php\/author\/cstnalja96\/"}]}},"jetpack_sharing_enabled":true,"jetpack_featured_media_url":"https:\/\/creston.com.mx\/wp-content\/uploads\/2026\/04\/IMG_20260429_095359-scaled.jpg","_links":{"self":[{"href":"https:\/\/creston.com.mx\/index.php\/wp-json\/wp\/v2\/posts\/3255","targetHints":{"allow":["GET"]}}],"collection":[{"href":"https:\/\/creston.com.mx\/index.php\/wp-json\/wp\/v2\/posts"}],"about":[{"href":"https:\/\/creston.com.mx\/index.php\/wp-json\/wp\/v2\/types\/post"}],"author":[{"embeddable":true,"href":"https:\/\/creston.com.mx\/index.php\/wp-json\/wp\/v2\/users\/1"}],"replies":[{"embeddable":true,"href":"https:\/\/creston.com.mx\/index.php\/wp-json\/wp\/v2\/comments?post=3255"}],"version-history":[{"count":1,"href":"https:\/\/creston.com.mx\/index.php\/wp-json\/wp\/v2\/posts\/3255\/revisions"}],"predecessor-version":[{"id":3258,"href":"https:\/\/creston.com.mx\/index.php\/wp-json\/wp\/v2\/posts\/3255\/revisions\/3258"}],"wp:featuredmedia":[{"embeddable":true,"href":"https:\/\/creston.com.mx\/index.php\/wp-json\/wp\/v2\/media\/3256"}],"wp:attachment":[{"href":"https:\/\/creston.com.mx\/index.php\/wp-json\/wp\/v2\/media?parent=3255"}],"wp:term":[{"taxonomy":"category","embeddable":true,"href":"https:\/\/creston.com.mx\/index.php\/wp-json\/wp\/v2\/categories?post=3255"},{"taxonomy":"post_tag","embeddable":true,"href":"https:\/\/creston.com.mx\/index.php\/wp-json\/wp\/v2\/tags?post=3255"}],"curies":[{"name":"wp","href":"https:\/\/api.w.org\/{rel}","templated":true}]}}