{"id":3247,"date":"2026-04-28T20:17:00","date_gmt":"2026-04-29T01:17:00","guid":{"rendered":"https:\/\/creston.com.mx\/?p=3247"},"modified":"2026-04-29T13:03:30","modified_gmt":"2026-04-29T18:03:30","slug":"arranca-nuevo-prd-con-jornada-de-renovacion-de-comites-seccionales","status":"publish","type":"post","link":"https:\/\/creston.com.mx\/index.php\/04\/arranca-nuevo-prd-con-jornada-de-renovacion-de-comites-seccionales\/informacion-general\/2026\/","title":{"rendered":"Arranca Nuevo PRD con jornada de renovaci\u00f3n de comit\u00e9s seccionales"},"content":{"rendered":"\n<p>.<\/p>\n\n\n\n<p class=\"has-medium-font-size\"><em><strong>Capacitan a los l\u00edderes de sus comit\u00e9s municipales, con el objetivo de fortalecer su presencia territorial.<\/strong><\/em><\/p>\n\n\n\n<p>.<\/p>\n\n\n\n<p>La dirigencia estatal del Nuevo PRD Zacatecas realiz\u00f3 una jornada de capacitaci\u00f3n dirigida a los l\u00edderes de sus comit\u00e9s municipales, con el objetivo de fortalecer su presencia territorial y reposicionar al partido como una opci\u00f3n \u00fatil, cercana y resolutiva para la ciudadan\u00eda.<\/p>\n\n\n\n<p>Durante el evento, se anunci\u00f3 el inicio de la jornada de renovaci\u00f3n de dos mil comit\u00e9s seccionales en todo el estado, un proceso que implicar\u00e1 la participaci\u00f3n de m\u00e1s de 20 mil perredistas en esta importante reestructuraci\u00f3n territorial de cara al proceso electoral de 2027.<\/p>\n\n\n\n<p>En el encuentro estuvieron presentes el dirigente estatal, N\u00e9stor Santacruz; el diputado local, Eleuterio Ramos; la secretaria de las Mujeres del PRD, Zulema Santacruz, as\u00ed como el exdiputado Gerardo Pinedo, secretario de Organizaci\u00f3n; el exalcalde Humberto Rinc\u00f3n y,&nbsp; destacados l\u00edderes de los municipios.<\/p>\n\n\n\n<p>Durante la capacitaci\u00f3n se enfatiz\u00f3 la importancia de que los liderazgos sean accesibles, que resuelvan problemas reales de la ciudadan\u00eda y mantengan una presencia constante en sus comunidades.<\/p>\n\n\n<div class=\"wp-block-image\">\n<figure class=\"alignright size-large is-resized\"><a href=\"https:\/\/www.facebook.com\/AyuntamientoZacatecas\" target=\"_blank\" rel=\" noreferrer noopener\"><img fetchpriority=\"high\" decoding=\"async\" width=\"819\" height=\"1024\" src=\"https:\/\/creston.com.mx\/wp-content\/uploads\/2026\/02\/IMG-20260218-WA0018-819x1024.jpg\" alt=\"\" class=\"wp-image-2528\" style=\"width:509px;height:auto\" srcset=\"https:\/\/creston.com.mx\/wp-content\/uploads\/2026\/02\/IMG-20260218-WA0018-819x1024.jpg 819w, https:\/\/creston.com.mx\/wp-content\/uploads\/2026\/02\/IMG-20260218-WA0018-240x300.jpg 240w, https:\/\/creston.com.mx\/wp-content\/uploads\/2026\/02\/IMG-20260218-WA0018-768x960.jpg 768w, https:\/\/creston.com.mx\/wp-content\/uploads\/2026\/02\/IMG-20260218-WA0018-1229x1536.jpg 1229w, https:\/\/creston.com.mx\/wp-content\/uploads\/2026\/02\/IMG-20260218-WA0018.jpg 1280w\" sizes=\"(max-width: 819px) 100vw, 819px\" \/><\/a><\/figure>\n<\/div>\n\n\n<p>La dirigencia estatal hizo un llamado a evitar errores comunes como prometer sin cumplir y depender exclusivamente del marketing digital.<\/p>\n\n\n\n<p>\u201cEl Nuevo PRD debe ser el partido que est\u00e1 cerca de la gente y resuelve sus problemas\u201d, se\u00f1al\u00f3 el dirigente estatal, al tiempo que reconoci\u00f3 el trabajo de los comit\u00e9s seccionales como la base fundamental para construir una relaci\u00f3n de utilidad y confianza con la ciudadan\u00eda.<\/p>\n\n\n\n<p>Al t\u00e9rmino del evento, la dirigencia estatal dot\u00f3 de herramientas b\u00e1sicas a los asistentes, con el fin de que est\u00e9n plenamente preparados para la jornada.<\/p>\n\n\n\n<p>.<\/p>\n\n\n\n\n\n<p>.<\/p>\n\n\n<div class=\"wp-block-image\">\n<figure class=\"aligncenter size-large is-resized\"><img decoding=\"async\" width=\"1024\" height=\"768\" src=\"https:\/\/creston.com.mx\/wp-content\/uploads\/2026\/04\/Anun-3T-1-1024x768.jpeg\" alt=\"\" class=\"wp-image-3193\" style=\"width:690px;height:auto\" srcset=\"https:\/\/creston.com.mx\/wp-content\/uploads\/2026\/04\/Anun-3T-1-1024x768.jpeg 1024w, https:\/\/creston.com.mx\/wp-content\/uploads\/2026\/04\/Anun-3T-1-300x225.jpeg 300w, https:\/\/creston.com.mx\/wp-content\/uploads\/2026\/04\/Anun-3T-1-768x576.jpeg 768w, https:\/\/creston.com.mx\/wp-content\/uploads\/2026\/04\/Anun-3T-1.jpeg 1448w\" sizes=\"(max-width: 1024px) 100vw, 1024px\" \/><\/figure>\n<\/div>","protected":false},"excerpt":{"rendered":"<p>. Capacitan a los l\u00edderes de sus comit\u00e9s municipales, con el objetivo de fortalecer su presencia territorial. . La dirigencia estatal del Nuevo PRD Zacatecas realiz\u00f3 una jornada de capacitaci\u00f3n&hellip; <\/p>\n","protected":false},"author":1,"featured_media":3248,"comment_status":"open","ping_status":"closed","sticky":false,"template":"","format":"standard","meta":{"_jetpack_memberships_contains_paid_content":false,"footnotes":""},"categories":[4],"tags":[],"class_list":["post-3247","post","type-post","status-publish","format-standard","has-post-thumbnail","hentry","category-informacion-general"],"yoast_head":"<!-- This site is optimized with the Yoast SEO plugin v24.2 - https:\/\/yoast.com\/wordpress\/plugins\/seo\/ -->\n<title>Arranca Nuevo PRD con jornada de renovaci\u00f3n de comit\u00e9s seccionales - Peri\u00f3dico Digital de Zacatecas<\/title>\n<meta name=\"robots\" content=\"index, follow, max-snippet:-1, max-image-preview:large, max-video-preview:-1\" \/>\n<link rel=\"canonical\" href=\"https:\/\/creston.com.mx\/index.php\/04\/arranca-nuevo-prd-con-jornada-de-renovacion-de-comites-seccionales\/informacion-general\/2026\/\" \/>\n<meta property=\"og:locale\" content=\"es_ES\" \/>\n<meta property=\"og:type\" content=\"article\" \/>\n<meta property=\"og:title\" content=\"Arranca Nuevo PRD con jornada de renovaci\u00f3n de comit\u00e9s seccionales - Peri\u00f3dico Digital de Zacatecas\" \/>\n<meta property=\"og:description\" content=\". Capacitan a los l\u00edderes de sus comit\u00e9s municipales, con el objetivo de fortalecer su presencia territorial. . La dirigencia estatal del Nuevo PRD Zacatecas realiz\u00f3 una jornada de capacitaci\u00f3n&hellip;\" \/>\n<meta property=\"og:url\" content=\"https:\/\/creston.com.mx\/index.php\/04\/arranca-nuevo-prd-con-jornada-de-renovacion-de-comites-seccionales\/informacion-general\/2026\/\" \/>\n<meta property=\"og:site_name\" content=\"Peri\u00f3dico Digital de Zacatecas\" \/>\n<meta property=\"article:published_time\" content=\"2026-04-29T01:17:00+00:00\" \/>\n<meta property=\"article:modified_time\" content=\"2026-04-29T18:03:30+00:00\" \/>\n<meta property=\"og:image\" content=\"https:\/\/creston.com.mx\/wp-content\/uploads\/2026\/04\/IMG-20260428-WA0052.jpg\" \/>\n\t<meta property=\"og:image:width\" content=\"1600\" \/>\n\t<meta property=\"og:image:height\" content=\"900\" \/>\n\t<meta property=\"og:image:type\" content=\"image\/jpeg\" \/>\n<meta name=\"author\" content=\"Periodico Creston\" \/>\n<meta name=\"twitter:card\" content=\"summary_large_image\" \/>\n<meta name=\"twitter:label1\" content=\"Escrito por\" \/>\n\t<meta name=\"twitter:data1\" content=\"Periodico Creston\" \/>\n\t<meta name=\"twitter:label2\" content=\"Tiempo de lectura\" \/>\n\t<meta name=\"twitter:data2\" content=\"2 minutos\" \/>\n<script type=\"application\/ld+json\" class=\"yoast-schema-graph\">{\"@context\":\"https:\/\/schema.org\",\"@graph\":[{\"@type\":\"Article\",\"@id\":\"https:\/\/creston.com.mx\/index.php\/04\/arranca-nuevo-prd-con-jornada-de-renovacion-de-comites-seccionales\/informacion-general\/2026\/#article\",\"isPartOf\":{\"@id\":\"https:\/\/creston.com.mx\/index.php\/04\/arranca-nuevo-prd-con-jornada-de-renovacion-de-comites-seccionales\/informacion-general\/2026\/\"},\"author\":{\"name\":\"Periodico Creston\",\"@id\":\"https:\/\/creston.com.mx\/#\/schema\/person\/01f2ce9e289bc5300c759925ef768c1d\"},\"headline\":\"Arranca Nuevo PRD con jornada de renovaci\u00f3n de comit\u00e9s seccionales\",\"datePublished\":\"2026-04-29T01:17:00+00:00\",\"dateModified\":\"2026-04-29T18:03:30+00:00\",\"mainEntityOfPage\":{\"@id\":\"https:\/\/creston.com.mx\/index.php\/04\/arranca-nuevo-prd-con-jornada-de-renovacion-de-comites-seccionales\/informacion-general\/2026\/\"},\"wordCount\":301,\"commentCount\":0,\"publisher\":{\"@id\":\"https:\/\/creston.com.mx\/#organization\"},\"image\":{\"@id\":\"https:\/\/creston.com.mx\/index.php\/04\/arranca-nuevo-prd-con-jornada-de-renovacion-de-comites-seccionales\/informacion-general\/2026\/#primaryimage\"},\"thumbnailUrl\":\"https:\/\/creston.com.mx\/wp-content\/uploads\/2026\/04\/IMG-20260428-WA0052.jpg\",\"articleSection\":[\"Informaci\u00f3n General\"],\"inLanguage\":\"es\",\"potentialAction\":[{\"@type\":\"CommentAction\",\"name\":\"Comment\",\"target\":[\"https:\/\/creston.com.mx\/index.php\/04\/arranca-nuevo-prd-con-jornada-de-renovacion-de-comites-seccionales\/informacion-general\/2026\/#respond\"]}]},{\"@type\":\"WebPage\",\"@id\":\"https:\/\/creston.com.mx\/index.php\/04\/arranca-nuevo-prd-con-jornada-de-renovacion-de-comites-seccionales\/informacion-general\/2026\/\",\"url\":\"https:\/\/creston.com.mx\/index.php\/04\/arranca-nuevo-prd-con-jornada-de-renovacion-de-comites-seccionales\/informacion-general\/2026\/\",\"name\":\"Arranca Nuevo PRD con jornada de renovaci\u00f3n de comit\u00e9s seccionales - Peri\u00f3dico Digital de Zacatecas\",\"isPartOf\":{\"@id\":\"https:\/\/creston.com.mx\/#website\"},\"primaryImageOfPage\":{\"@id\":\"https:\/\/creston.com.mx\/index.php\/04\/arranca-nuevo-prd-con-jornada-de-renovacion-de-comites-seccionales\/informacion-general\/2026\/#primaryimage\"},\"image\":{\"@id\":\"https:\/\/creston.com.mx\/index.php\/04\/arranca-nuevo-prd-con-jornada-de-renovacion-de-comites-seccionales\/informacion-general\/2026\/#primaryimage\"},\"thumbnailUrl\":\"https:\/\/creston.com.mx\/wp-content\/uploads\/2026\/04\/IMG-20260428-WA0052.jpg\",\"datePublished\":\"2026-04-29T01:17:00+00:00\",\"dateModified\":\"2026-04-29T18:03:30+00:00\",\"breadcrumb\":{\"@id\":\"https:\/\/creston.com.mx\/index.php\/04\/arranca-nuevo-prd-con-jornada-de-renovacion-de-comites-seccionales\/informacion-general\/2026\/#breadcrumb\"},\"inLanguage\":\"es\",\"potentialAction\":[{\"@type\":\"ReadAction\",\"target\":[\"https:\/\/creston.com.mx\/index.php\/04\/arranca-nuevo-prd-con-jornada-de-renovacion-de-comites-seccionales\/informacion-general\/2026\/\"]}]},{\"@type\":\"ImageObject\",\"inLanguage\":\"es\",\"@id\":\"https:\/\/creston.com.mx\/index.php\/04\/arranca-nuevo-prd-con-jornada-de-renovacion-de-comites-seccionales\/informacion-general\/2026\/#primaryimage\",\"url\":\"https:\/\/creston.com.mx\/wp-content\/uploads\/2026\/04\/IMG-20260428-WA0052.jpg\",\"contentUrl\":\"https:\/\/creston.com.mx\/wp-content\/uploads\/2026\/04\/IMG-20260428-WA0052.jpg\",\"width\":1600,\"height\":900},{\"@type\":\"BreadcrumbList\",\"@id\":\"https:\/\/creston.com.mx\/index.php\/04\/arranca-nuevo-prd-con-jornada-de-renovacion-de-comites-seccionales\/informacion-general\/2026\/#breadcrumb\",\"itemListElement\":[{\"@type\":\"ListItem\",\"position\":1,\"name\":\"Portada\",\"item\":\"https:\/\/creston.com.mx\/\"},{\"@type\":\"ListItem\",\"position\":2,\"name\":\"Arranca Nuevo PRD con jornada de renovaci\u00f3n de comit\u00e9s seccionales\"}]},{\"@type\":\"WebSite\",\"@id\":\"https:\/\/creston.com.mx\/#website\",\"url\":\"https:\/\/creston.com.mx\/\",\"name\":\"Peri\u00f3dico Digital de Zacatecas\",\"description\":\"\",\"publisher\":{\"@id\":\"https:\/\/creston.com.mx\/#organization\"},\"potentialAction\":[{\"@type\":\"SearchAction\",\"target\":{\"@type\":\"EntryPoint\",\"urlTemplate\":\"https:\/\/creston.com.mx\/?s={search_term_string}\"},\"query-input\":{\"@type\":\"PropertyValueSpecification\",\"valueRequired\":true,\"valueName\":\"search_term_string\"}}],\"inLanguage\":\"es\"},{\"@type\":\"Organization\",\"@id\":\"https:\/\/creston.com.mx\/#organization\",\"name\":\"Peri\u00f3dico Digital de Zacatecas\",\"url\":\"https:\/\/creston.com.mx\/\",\"logo\":{\"@type\":\"ImageObject\",\"inLanguage\":\"es\",\"@id\":\"https:\/\/creston.com.mx\/#\/schema\/logo\/image\/\",\"url\":\"https:\/\/creston.com.mx\/wp-content\/uploads\/2026\/02\/cropped-Logo-Creston2.jpg\",\"contentUrl\":\"https:\/\/creston.com.mx\/wp-content\/uploads\/2026\/02\/cropped-Logo-Creston2.jpg\",\"width\":503,\"height\":194,\"caption\":\"Peri\u00f3dico Digital  de Zacatecas\"},\"image\":{\"@id\":\"https:\/\/creston.com.mx\/#\/schema\/logo\/image\/\"}},{\"@type\":\"Person\",\"@id\":\"https:\/\/creston.com.mx\/#\/schema\/person\/01f2ce9e289bc5300c759925ef768c1d\",\"name\":\"Periodico Creston\",\"image\":{\"@type\":\"ImageObject\",\"inLanguage\":\"es\",\"@id\":\"https:\/\/creston.com.mx\/#\/schema\/person\/image\/\",\"url\":\"https:\/\/secure.gravatar.com\/avatar\/c91eac1cf0d45897b6d294d474aa7713a194d460be0aaf72157553d050cda1c1?s=96&d=mm&r=g\",\"contentUrl\":\"https:\/\/secure.gravatar.com\/avatar\/c91eac1cf0d45897b6d294d474aa7713a194d460be0aaf72157553d050cda1c1?s=96&d=mm&r=g\",\"caption\":\"Periodico Creston\"},\"sameAs\":[\"https:\/\/creston.com.mx\"],\"url\":\"https:\/\/creston.com.mx\/index.php\/author\/cstnalja96\/\"}]}<\/script>\n<!-- \/ Yoast SEO plugin. -->","yoast_head_json":{"title":"Arranca Nuevo PRD con jornada de renovaci\u00f3n de comit\u00e9s seccionales - Peri\u00f3dico Digital de Zacatecas","robots":{"index":"index","follow":"follow","max-snippet":"max-snippet:-1","max-image-preview":"max-image-preview:large","max-video-preview":"max-video-preview:-1"},"canonical":"https:\/\/creston.com.mx\/index.php\/04\/arranca-nuevo-prd-con-jornada-de-renovacion-de-comites-seccionales\/informacion-general\/2026\/","og_locale":"es_ES","og_type":"article","og_title":"Arranca Nuevo PRD con jornada de renovaci\u00f3n de comit\u00e9s seccionales - Peri\u00f3dico Digital de Zacatecas","og_description":". Capacitan a los l\u00edderes de sus comit\u00e9s municipales, con el objetivo de fortalecer su presencia territorial. . La dirigencia estatal del Nuevo PRD Zacatecas realiz\u00f3 una jornada de capacitaci\u00f3n&hellip;","og_url":"https:\/\/creston.com.mx\/index.php\/04\/arranca-nuevo-prd-con-jornada-de-renovacion-de-comites-seccionales\/informacion-general\/2026\/","og_site_name":"Peri\u00f3dico Digital de Zacatecas","article_published_time":"2026-04-29T01:17:00+00:00","article_modified_time":"2026-04-29T18:03:30+00:00","og_image":[{"width":1600,"height":900,"url":"https:\/\/creston.com.mx\/wp-content\/uploads\/2026\/04\/IMG-20260428-WA0052.jpg","type":"image\/jpeg"}],"author":"Periodico Creston","twitter_card":"summary_large_image","twitter_misc":{"Escrito por":"Periodico Creston","Tiempo de lectura":"2 minutos"},"schema":{"@context":"https:\/\/schema.org","@graph":[{"@type":"Article","@id":"https:\/\/creston.com.mx\/index.php\/04\/arranca-nuevo-prd-con-jornada-de-renovacion-de-comites-seccionales\/informacion-general\/2026\/#article","isPartOf":{"@id":"https:\/\/creston.com.mx\/index.php\/04\/arranca-nuevo-prd-con-jornada-de-renovacion-de-comites-seccionales\/informacion-general\/2026\/"},"author":{"name":"Periodico Creston","@id":"https:\/\/creston.com.mx\/#\/schema\/person\/01f2ce9e289bc5300c759925ef768c1d"},"headline":"Arranca Nuevo PRD con jornada de renovaci\u00f3n de comit\u00e9s seccionales","datePublished":"2026-04-29T01:17:00+00:00","dateModified":"2026-04-29T18:03:30+00:00","mainEntityOfPage":{"@id":"https:\/\/creston.com.mx\/index.php\/04\/arranca-nuevo-prd-con-jornada-de-renovacion-de-comites-seccionales\/informacion-general\/2026\/"},"wordCount":301,"commentCount":0,"publisher":{"@id":"https:\/\/creston.com.mx\/#organization"},"image":{"@id":"https:\/\/creston.com.mx\/index.php\/04\/arranca-nuevo-prd-con-jornada-de-renovacion-de-comites-seccionales\/informacion-general\/2026\/#primaryimage"},"thumbnailUrl":"https:\/\/creston.com.mx\/wp-content\/uploads\/2026\/04\/IMG-20260428-WA0052.jpg","articleSection":["Informaci\u00f3n General"],"inLanguage":"es","potentialAction":[{"@type":"CommentAction","name":"Comment","target":["https:\/\/creston.com.mx\/index.php\/04\/arranca-nuevo-prd-con-jornada-de-renovacion-de-comites-seccionales\/informacion-general\/2026\/#respond"]}]},{"@type":"WebPage","@id":"https:\/\/creston.com.mx\/index.php\/04\/arranca-nuevo-prd-con-jornada-de-renovacion-de-comites-seccionales\/informacion-general\/2026\/","url":"https:\/\/creston.com.mx\/index.php\/04\/arranca-nuevo-prd-con-jornada-de-renovacion-de-comites-seccionales\/informacion-general\/2026\/","name":"Arranca Nuevo PRD con jornada de renovaci\u00f3n de comit\u00e9s seccionales - Peri\u00f3dico Digital de Zacatecas","isPartOf":{"@id":"https:\/\/creston.com.mx\/#website"},"primaryImageOfPage":{"@id":"https:\/\/creston.com.mx\/index.php\/04\/arranca-nuevo-prd-con-jornada-de-renovacion-de-comites-seccionales\/informacion-general\/2026\/#primaryimage"},"image":{"@id":"https:\/\/creston.com.mx\/index.php\/04\/arranca-nuevo-prd-con-jornada-de-renovacion-de-comites-seccionales\/informacion-general\/2026\/#primaryimage"},"thumbnailUrl":"https:\/\/creston.com.mx\/wp-content\/uploads\/2026\/04\/IMG-20260428-WA0052.jpg","datePublished":"2026-04-29T01:17:00+00:00","dateModified":"2026-04-29T18:03:30+00:00","breadcrumb":{"@id":"https:\/\/creston.com.mx\/index.php\/04\/arranca-nuevo-prd-con-jornada-de-renovacion-de-comites-seccionales\/informacion-general\/2026\/#breadcrumb"},"inLanguage":"es","potentialAction":[{"@type":"ReadAction","target":["https:\/\/creston.com.mx\/index.php\/04\/arranca-nuevo-prd-con-jornada-de-renovacion-de-comites-seccionales\/informacion-general\/2026\/"]}]},{"@type":"ImageObject","inLanguage":"es","@id":"https:\/\/creston.com.mx\/index.php\/04\/arranca-nuevo-prd-con-jornada-de-renovacion-de-comites-seccionales\/informacion-general\/2026\/#primaryimage","url":"https:\/\/creston.com.mx\/wp-content\/uploads\/2026\/04\/IMG-20260428-WA0052.jpg","contentUrl":"https:\/\/creston.com.mx\/wp-content\/uploads\/2026\/04\/IMG-20260428-WA0052.jpg","width":1600,"height":900},{"@type":"BreadcrumbList","@id":"https:\/\/creston.com.mx\/index.php\/04\/arranca-nuevo-prd-con-jornada-de-renovacion-de-comites-seccionales\/informacion-general\/2026\/#breadcrumb","itemListElement":[{"@type":"ListItem","position":1,"name":"Portada","item":"https:\/\/creston.com.mx\/"},{"@type":"ListItem","position":2,"name":"Arranca Nuevo PRD con jornada de renovaci\u00f3n de comit\u00e9s seccionales"}]},{"@type":"WebSite","@id":"https:\/\/creston.com.mx\/#website","url":"https:\/\/creston.com.mx\/","name":"Peri\u00f3dico Digital de Zacatecas","description":"","publisher":{"@id":"https:\/\/creston.com.mx\/#organization"},"potentialAction":[{"@type":"SearchAction","target":{"@type":"EntryPoint","urlTemplate":"https:\/\/creston.com.mx\/?s={search_term_string}"},"query-input":{"@type":"PropertyValueSpecification","valueRequired":true,"valueName":"search_term_string"}}],"inLanguage":"es"},{"@type":"Organization","@id":"https:\/\/creston.com.mx\/#organization","name":"Peri\u00f3dico Digital de Zacatecas","url":"https:\/\/creston.com.mx\/","logo":{"@type":"ImageObject","inLanguage":"es","@id":"https:\/\/creston.com.mx\/#\/schema\/logo\/image\/","url":"https:\/\/creston.com.mx\/wp-content\/uploads\/2026\/02\/cropped-Logo-Creston2.jpg","contentUrl":"https:\/\/creston.com.mx\/wp-content\/uploads\/2026\/02\/cropped-Logo-Creston2.jpg","width":503,"height":194,"caption":"Peri\u00f3dico Digital  de Zacatecas"},"image":{"@id":"https:\/\/creston.com.mx\/#\/schema\/logo\/image\/"}},{"@type":"Person","@id":"https:\/\/creston.com.mx\/#\/schema\/person\/01f2ce9e289bc5300c759925ef768c1d","name":"Periodico Creston","image":{"@type":"ImageObject","inLanguage":"es","@id":"https:\/\/creston.com.mx\/#\/schema\/person\/image\/","url":"https:\/\/secure.gravatar.com\/avatar\/c91eac1cf0d45897b6d294d474aa7713a194d460be0aaf72157553d050cda1c1?s=96&d=mm&r=g","contentUrl":"https:\/\/secure.gravatar.com\/avatar\/c91eac1cf0d45897b6d294d474aa7713a194d460be0aaf72157553d050cda1c1?s=96&d=mm&r=g","caption":"Periodico Creston"},"sameAs":["https:\/\/creston.com.mx"],"url":"https:\/\/creston.com.mx\/index.php\/author\/cstnalja96\/"}]}},"jetpack_sharing_enabled":true,"jetpack_featured_media_url":"https:\/\/creston.com.mx\/wp-content\/uploads\/2026\/04\/IMG-20260428-WA0052.jpg","_links":{"self":[{"href":"https:\/\/creston.com.mx\/index.php\/wp-json\/wp\/v2\/posts\/3247","targetHints":{"allow":["GET"]}}],"collection":[{"href":"https:\/\/creston.com.mx\/index.php\/wp-json\/wp\/v2\/posts"}],"about":[{"href":"https:\/\/creston.com.mx\/index.php\/wp-json\/wp\/v2\/types\/post"}],"author":[{"embeddable":true,"href":"https:\/\/creston.com.mx\/index.php\/wp-json\/wp\/v2\/users\/1"}],"replies":[{"embeddable":true,"href":"https:\/\/creston.com.mx\/index.php\/wp-json\/wp\/v2\/comments?post=3247"}],"version-history":[{"count":1,"href":"https:\/\/creston.com.mx\/index.php\/wp-json\/wp\/v2\/posts\/3247\/revisions"}],"predecessor-version":[{"id":3249,"href":"https:\/\/creston.com.mx\/index.php\/wp-json\/wp\/v2\/posts\/3247\/revisions\/3249"}],"wp:featuredmedia":[{"embeddable":true,"href":"https:\/\/creston.com.mx\/index.php\/wp-json\/wp\/v2\/media\/3248"}],"wp:attachment":[{"href":"https:\/\/creston.com.mx\/index.php\/wp-json\/wp\/v2\/media?parent=3247"}],"wp:term":[{"taxonomy":"category","embeddable":true,"href":"https:\/\/creston.com.mx\/index.php\/wp-json\/wp\/v2\/categories?post=3247"},{"taxonomy":"post_tag","embeddable":true,"href":"https:\/\/creston.com.mx\/index.php\/wp-json\/wp\/v2\/tags?post=3247"}],"curies":[{"name":"wp","href":"https:\/\/api.w.org\/{rel}","templated":true}]}}