{"id":3243,"date":"2026-04-28T20:20:00","date_gmt":"2026-04-29T01:20:00","guid":{"rendered":"https:\/\/creston.com.mx\/?p=3243"},"modified":"2026-04-29T12:59:29","modified_gmt":"2026-04-29T17:59:29","slug":"registrara-zacatecas-temperaturas-extremas-durante-la-presente-semana","status":"publish","type":"post","link":"https:\/\/creston.com.mx\/index.php\/04\/registrara-zacatecas-temperaturas-extremas-durante-la-presente-semana\/estado\/2026\/","title":{"rendered":"Registrar\u00e1 Zacatecas temperaturas extremas durante la presente semana"},"content":{"rendered":"\n<p>.<\/p>\n\n\n\n<p class=\"has-medium-font-size\"><strong><em>Las temperaturas alcanzar\u00edan los 40 grados y, en algunos casos, hasta los 45, la zona m\u00e1s afectada ser\u00eda la de los municipios del sur del estado.<\/em><\/strong><\/p>\n\n\n\n<p>.<\/p>\n\n\n\n<p>Se hace un llamado a la ciudadan\u00eda para que extreme precauciones, durante la presente semana se registrar\u00e1n temperaturas que podr\u00edan alcanzar los 40 grados y en algunos casos hasta los 45 grados.<\/p>\n\n\n\n<p>Los integrantes de la Fuerza de Tarea Genaro Codina se mantienen en alerta; la Coordinaci\u00f3n Estatal de Protecci\u00f3n Civil, dependiente de la Secretar\u00eda General de Gobierno, tiene la instrucci\u00f3n de atender cualquier tipo de emergencia provocada por la ola de calor, que se presentar\u00e1 en territorio zacatecano.<\/p>\n\n\n\n<p>De acuerdo con informaci\u00f3n emitida por el Servicio Meteorol\u00f3gico Nacional, la ola de calor es provocada por una circulaci\u00f3n anticicl\u00f3nica (sistema de alta presi\u00f3n, cuyo viento caliente, que rota en sentido de las manecillas del reloj, disipa la humedad y cualquier posibilidad de lluvia), que continuar\u00e1 posicionada sobre el interior de la Rep\u00fablica Mexicana, lo que mantendr\u00e1 ambiente de caluroso a extremadamente caluroso sobre el territorio nacional.<\/p>\n\n\n<div class=\"wp-block-image\">\n<figure class=\"alignright size-full is-resized\"><img fetchpriority=\"high\" decoding=\"async\" width=\"828\" height=\"530\" src=\"https:\/\/creston.com.mx\/wp-content\/uploads\/2026\/04\/mapa-calor-e1777485546162.jpeg\" alt=\"\" class=\"wp-image-3245\" style=\"aspect-ratio:1.5622735641741403;width:574px;height:auto\" srcset=\"https:\/\/creston.com.mx\/wp-content\/uploads\/2026\/04\/mapa-calor-e1777485546162.jpeg 828w, https:\/\/creston.com.mx\/wp-content\/uploads\/2026\/04\/mapa-calor-e1777485546162-300x192.jpeg 300w, https:\/\/creston.com.mx\/wp-content\/uploads\/2026\/04\/mapa-calor-e1777485546162-768x492.jpeg 768w\" sizes=\"(max-width: 828px) 100vw, 828px\" \/><\/figure>\n<\/div>\n\n\n<p>Es necesario que tomemos las debidas precauciones y cuidemos de nuestra ni\u00f1ez, de los adultos mayores y las mascotas, a fin de evitar golpes de calor y deshidrataci\u00f3n; recomend\u00f3 aplicar bloqueador solar, utilizar gorra o sombrilla, as\u00ed como evitar la exposici\u00f3n directa al sol, entre las 11:00 y 16:00 horas. <\/p>\n\n\n\n<p>El Coordinador Estatal de Protecci\u00f3n Civil, Jorge Gallardo \u00c1lvarez, inform\u00f3 que, adem\u00e1s, el \u00edndice de radiaci\u00f3n ultravioleta (UV) alcanzar\u00e1 tambi\u00e9n niveles extremos, lo que representa riesgo de quemaduras, deshidrataci\u00f3n e insolaci\u00f3n, si se realizan actividades al aire libre sin la protecci\u00f3n adecuada.<\/p>\n\n\n\n<p>.<\/p>\n\n\n\n\n\n<p>.<\/p>\n\n\n<div class=\"wp-block-image\">\n<figure class=\"aligncenter size-large is-resized\"><img decoding=\"async\" width=\"1024\" height=\"768\" src=\"https:\/\/creston.com.mx\/wp-content\/uploads\/2026\/04\/Anun-3T-1-1024x768.jpeg\" alt=\"\" class=\"wp-image-3193\" style=\"width:642px;height:auto\" srcset=\"https:\/\/creston.com.mx\/wp-content\/uploads\/2026\/04\/Anun-3T-1-1024x768.jpeg 1024w, https:\/\/creston.com.mx\/wp-content\/uploads\/2026\/04\/Anun-3T-1-300x225.jpeg 300w, https:\/\/creston.com.mx\/wp-content\/uploads\/2026\/04\/Anun-3T-1-768x576.jpeg 768w, https:\/\/creston.com.mx\/wp-content\/uploads\/2026\/04\/Anun-3T-1.jpeg 1448w\" sizes=\"(max-width: 1024px) 100vw, 1024px\" \/><\/figure>\n<\/div>","protected":false},"excerpt":{"rendered":"<p>. Las temperaturas alcanzar\u00edan los 40 grados y, en algunos casos, hasta los 45, la zona m\u00e1s afectada ser\u00eda la de los municipios del sur del estado. . Se hace&hellip; <\/p>\n","protected":false},"author":1,"featured_media":3244,"comment_status":"open","ping_status":"closed","sticky":false,"template":"","format":"standard","meta":{"_jetpack_memberships_contains_paid_content":false,"footnotes":""},"categories":[1],"tags":[],"class_list":["post-3243","post","type-post","status-publish","format-standard","has-post-thumbnail","hentry","category-estado"],"yoast_head":"<!-- This site is optimized with the Yoast SEO plugin v24.2 - https:\/\/yoast.com\/wordpress\/plugins\/seo\/ -->\n<title>Registrar\u00e1 Zacatecas temperaturas extremas durante la presente semana - Peri\u00f3dico Digital de Zacatecas<\/title>\n<meta name=\"robots\" content=\"index, follow, max-snippet:-1, max-image-preview:large, max-video-preview:-1\" \/>\n<link rel=\"canonical\" href=\"https:\/\/creston.com.mx\/index.php\/04\/registrara-zacatecas-temperaturas-extremas-durante-la-presente-semana\/estado\/2026\/\" \/>\n<meta property=\"og:locale\" content=\"es_ES\" \/>\n<meta property=\"og:type\" content=\"article\" \/>\n<meta property=\"og:title\" content=\"Registrar\u00e1 Zacatecas temperaturas extremas durante la presente semana - Peri\u00f3dico Digital de Zacatecas\" \/>\n<meta property=\"og:description\" content=\". Las temperaturas alcanzar\u00edan los 40 grados y, en algunos casos, hasta los 45, la zona m\u00e1s afectada ser\u00eda la de los municipios del sur del estado. . Se hace&hellip;\" \/>\n<meta property=\"og:url\" content=\"https:\/\/creston.com.mx\/index.php\/04\/registrara-zacatecas-temperaturas-extremas-durante-la-presente-semana\/estado\/2026\/\" \/>\n<meta property=\"og:site_name\" content=\"Peri\u00f3dico Digital de Zacatecas\" \/>\n<meta property=\"article:published_time\" content=\"2026-04-29T01:20:00+00:00\" \/>\n<meta property=\"article:modified_time\" content=\"2026-04-29T17:59:29+00:00\" \/>\n<meta property=\"og:image\" content=\"https:\/\/creston.com.mx\/wp-content\/uploads\/2026\/04\/CG3.jpg\" \/>\n\t<meta property=\"og:image:width\" content=\"1080\" \/>\n\t<meta property=\"og:image:height\" content=\"1080\" \/>\n\t<meta property=\"og:image:type\" content=\"image\/jpeg\" \/>\n<meta name=\"author\" content=\"Periodico Creston\" \/>\n<meta name=\"twitter:card\" content=\"summary_large_image\" \/>\n<meta name=\"twitter:label1\" content=\"Escrito por\" \/>\n\t<meta name=\"twitter:data1\" content=\"Periodico Creston\" \/>\n\t<meta name=\"twitter:label2\" content=\"Tiempo de lectura\" \/>\n\t<meta name=\"twitter:data2\" content=\"2 minutos\" \/>\n<script type=\"application\/ld+json\" class=\"yoast-schema-graph\">{\"@context\":\"https:\/\/schema.org\",\"@graph\":[{\"@type\":\"Article\",\"@id\":\"https:\/\/creston.com.mx\/index.php\/04\/registrara-zacatecas-temperaturas-extremas-durante-la-presente-semana\/estado\/2026\/#article\",\"isPartOf\":{\"@id\":\"https:\/\/creston.com.mx\/index.php\/04\/registrara-zacatecas-temperaturas-extremas-durante-la-presente-semana\/estado\/2026\/\"},\"author\":{\"name\":\"Periodico Creston\",\"@id\":\"https:\/\/creston.com.mx\/#\/schema\/person\/01f2ce9e289bc5300c759925ef768c1d\"},\"headline\":\"Registrar\u00e1 Zacatecas temperaturas extremas durante la presente semana\",\"datePublished\":\"2026-04-29T01:20:00+00:00\",\"dateModified\":\"2026-04-29T17:59:29+00:00\",\"mainEntityOfPage\":{\"@id\":\"https:\/\/creston.com.mx\/index.php\/04\/registrara-zacatecas-temperaturas-extremas-durante-la-presente-semana\/estado\/2026\/\"},\"wordCount\":292,\"commentCount\":0,\"publisher\":{\"@id\":\"https:\/\/creston.com.mx\/#organization\"},\"image\":{\"@id\":\"https:\/\/creston.com.mx\/index.php\/04\/registrara-zacatecas-temperaturas-extremas-durante-la-presente-semana\/estado\/2026\/#primaryimage\"},\"thumbnailUrl\":\"https:\/\/creston.com.mx\/wp-content\/uploads\/2026\/04\/CG3.jpg\",\"articleSection\":[\"Estado\"],\"inLanguage\":\"es\",\"potentialAction\":[{\"@type\":\"CommentAction\",\"name\":\"Comment\",\"target\":[\"https:\/\/creston.com.mx\/index.php\/04\/registrara-zacatecas-temperaturas-extremas-durante-la-presente-semana\/estado\/2026\/#respond\"]}]},{\"@type\":\"WebPage\",\"@id\":\"https:\/\/creston.com.mx\/index.php\/04\/registrara-zacatecas-temperaturas-extremas-durante-la-presente-semana\/estado\/2026\/\",\"url\":\"https:\/\/creston.com.mx\/index.php\/04\/registrara-zacatecas-temperaturas-extremas-durante-la-presente-semana\/estado\/2026\/\",\"name\":\"Registrar\u00e1 Zacatecas temperaturas extremas durante la presente semana - Peri\u00f3dico Digital de Zacatecas\",\"isPartOf\":{\"@id\":\"https:\/\/creston.com.mx\/#website\"},\"primaryImageOfPage\":{\"@id\":\"https:\/\/creston.com.mx\/index.php\/04\/registrara-zacatecas-temperaturas-extremas-durante-la-presente-semana\/estado\/2026\/#primaryimage\"},\"image\":{\"@id\":\"https:\/\/creston.com.mx\/index.php\/04\/registrara-zacatecas-temperaturas-extremas-durante-la-presente-semana\/estado\/2026\/#primaryimage\"},\"thumbnailUrl\":\"https:\/\/creston.com.mx\/wp-content\/uploads\/2026\/04\/CG3.jpg\",\"datePublished\":\"2026-04-29T01:20:00+00:00\",\"dateModified\":\"2026-04-29T17:59:29+00:00\",\"breadcrumb\":{\"@id\":\"https:\/\/creston.com.mx\/index.php\/04\/registrara-zacatecas-temperaturas-extremas-durante-la-presente-semana\/estado\/2026\/#breadcrumb\"},\"inLanguage\":\"es\",\"potentialAction\":[{\"@type\":\"ReadAction\",\"target\":[\"https:\/\/creston.com.mx\/index.php\/04\/registrara-zacatecas-temperaturas-extremas-durante-la-presente-semana\/estado\/2026\/\"]}]},{\"@type\":\"ImageObject\",\"inLanguage\":\"es\",\"@id\":\"https:\/\/creston.com.mx\/index.php\/04\/registrara-zacatecas-temperaturas-extremas-durante-la-presente-semana\/estado\/2026\/#primaryimage\",\"url\":\"https:\/\/creston.com.mx\/wp-content\/uploads\/2026\/04\/CG3.jpg\",\"contentUrl\":\"https:\/\/creston.com.mx\/wp-content\/uploads\/2026\/04\/CG3.jpg\",\"width\":1080,\"height\":1080},{\"@type\":\"BreadcrumbList\",\"@id\":\"https:\/\/creston.com.mx\/index.php\/04\/registrara-zacatecas-temperaturas-extremas-durante-la-presente-semana\/estado\/2026\/#breadcrumb\",\"itemListElement\":[{\"@type\":\"ListItem\",\"position\":1,\"name\":\"Portada\",\"item\":\"https:\/\/creston.com.mx\/\"},{\"@type\":\"ListItem\",\"position\":2,\"name\":\"Registrar\u00e1 Zacatecas temperaturas extremas durante la presente semana\"}]},{\"@type\":\"WebSite\",\"@id\":\"https:\/\/creston.com.mx\/#website\",\"url\":\"https:\/\/creston.com.mx\/\",\"name\":\"Peri\u00f3dico Digital de Zacatecas\",\"description\":\"\",\"publisher\":{\"@id\":\"https:\/\/creston.com.mx\/#organization\"},\"potentialAction\":[{\"@type\":\"SearchAction\",\"target\":{\"@type\":\"EntryPoint\",\"urlTemplate\":\"https:\/\/creston.com.mx\/?s={search_term_string}\"},\"query-input\":{\"@type\":\"PropertyValueSpecification\",\"valueRequired\":true,\"valueName\":\"search_term_string\"}}],\"inLanguage\":\"es\"},{\"@type\":\"Organization\",\"@id\":\"https:\/\/creston.com.mx\/#organization\",\"name\":\"Peri\u00f3dico Digital de Zacatecas\",\"url\":\"https:\/\/creston.com.mx\/\",\"logo\":{\"@type\":\"ImageObject\",\"inLanguage\":\"es\",\"@id\":\"https:\/\/creston.com.mx\/#\/schema\/logo\/image\/\",\"url\":\"https:\/\/creston.com.mx\/wp-content\/uploads\/2026\/02\/cropped-Logo-Creston2.jpg\",\"contentUrl\":\"https:\/\/creston.com.mx\/wp-content\/uploads\/2026\/02\/cropped-Logo-Creston2.jpg\",\"width\":503,\"height\":194,\"caption\":\"Peri\u00f3dico Digital  de Zacatecas\"},\"image\":{\"@id\":\"https:\/\/creston.com.mx\/#\/schema\/logo\/image\/\"}},{\"@type\":\"Person\",\"@id\":\"https:\/\/creston.com.mx\/#\/schema\/person\/01f2ce9e289bc5300c759925ef768c1d\",\"name\":\"Periodico Creston\",\"image\":{\"@type\":\"ImageObject\",\"inLanguage\":\"es\",\"@id\":\"https:\/\/creston.com.mx\/#\/schema\/person\/image\/\",\"url\":\"https:\/\/secure.gravatar.com\/avatar\/c91eac1cf0d45897b6d294d474aa7713a194d460be0aaf72157553d050cda1c1?s=96&d=mm&r=g\",\"contentUrl\":\"https:\/\/secure.gravatar.com\/avatar\/c91eac1cf0d45897b6d294d474aa7713a194d460be0aaf72157553d050cda1c1?s=96&d=mm&r=g\",\"caption\":\"Periodico Creston\"},\"sameAs\":[\"https:\/\/creston.com.mx\"],\"url\":\"https:\/\/creston.com.mx\/index.php\/author\/cstnalja96\/\"}]}<\/script>\n<!-- \/ Yoast SEO plugin. -->","yoast_head_json":{"title":"Registrar\u00e1 Zacatecas temperaturas extremas durante la presente semana - Peri\u00f3dico Digital de Zacatecas","robots":{"index":"index","follow":"follow","max-snippet":"max-snippet:-1","max-image-preview":"max-image-preview:large","max-video-preview":"max-video-preview:-1"},"canonical":"https:\/\/creston.com.mx\/index.php\/04\/registrara-zacatecas-temperaturas-extremas-durante-la-presente-semana\/estado\/2026\/","og_locale":"es_ES","og_type":"article","og_title":"Registrar\u00e1 Zacatecas temperaturas extremas durante la presente semana - Peri\u00f3dico Digital de Zacatecas","og_description":". Las temperaturas alcanzar\u00edan los 40 grados y, en algunos casos, hasta los 45, la zona m\u00e1s afectada ser\u00eda la de los municipios del sur del estado. . Se hace&hellip;","og_url":"https:\/\/creston.com.mx\/index.php\/04\/registrara-zacatecas-temperaturas-extremas-durante-la-presente-semana\/estado\/2026\/","og_site_name":"Peri\u00f3dico Digital de Zacatecas","article_published_time":"2026-04-29T01:20:00+00:00","article_modified_time":"2026-04-29T17:59:29+00:00","og_image":[{"width":1080,"height":1080,"url":"https:\/\/creston.com.mx\/wp-content\/uploads\/2026\/04\/CG3.jpg","type":"image\/jpeg"}],"author":"Periodico Creston","twitter_card":"summary_large_image","twitter_misc":{"Escrito por":"Periodico Creston","Tiempo de lectura":"2 minutos"},"schema":{"@context":"https:\/\/schema.org","@graph":[{"@type":"Article","@id":"https:\/\/creston.com.mx\/index.php\/04\/registrara-zacatecas-temperaturas-extremas-durante-la-presente-semana\/estado\/2026\/#article","isPartOf":{"@id":"https:\/\/creston.com.mx\/index.php\/04\/registrara-zacatecas-temperaturas-extremas-durante-la-presente-semana\/estado\/2026\/"},"author":{"name":"Periodico Creston","@id":"https:\/\/creston.com.mx\/#\/schema\/person\/01f2ce9e289bc5300c759925ef768c1d"},"headline":"Registrar\u00e1 Zacatecas temperaturas extremas durante la presente semana","datePublished":"2026-04-29T01:20:00+00:00","dateModified":"2026-04-29T17:59:29+00:00","mainEntityOfPage":{"@id":"https:\/\/creston.com.mx\/index.php\/04\/registrara-zacatecas-temperaturas-extremas-durante-la-presente-semana\/estado\/2026\/"},"wordCount":292,"commentCount":0,"publisher":{"@id":"https:\/\/creston.com.mx\/#organization"},"image":{"@id":"https:\/\/creston.com.mx\/index.php\/04\/registrara-zacatecas-temperaturas-extremas-durante-la-presente-semana\/estado\/2026\/#primaryimage"},"thumbnailUrl":"https:\/\/creston.com.mx\/wp-content\/uploads\/2026\/04\/CG3.jpg","articleSection":["Estado"],"inLanguage":"es","potentialAction":[{"@type":"CommentAction","name":"Comment","target":["https:\/\/creston.com.mx\/index.php\/04\/registrara-zacatecas-temperaturas-extremas-durante-la-presente-semana\/estado\/2026\/#respond"]}]},{"@type":"WebPage","@id":"https:\/\/creston.com.mx\/index.php\/04\/registrara-zacatecas-temperaturas-extremas-durante-la-presente-semana\/estado\/2026\/","url":"https:\/\/creston.com.mx\/index.php\/04\/registrara-zacatecas-temperaturas-extremas-durante-la-presente-semana\/estado\/2026\/","name":"Registrar\u00e1 Zacatecas temperaturas extremas durante la presente semana - Peri\u00f3dico Digital de Zacatecas","isPartOf":{"@id":"https:\/\/creston.com.mx\/#website"},"primaryImageOfPage":{"@id":"https:\/\/creston.com.mx\/index.php\/04\/registrara-zacatecas-temperaturas-extremas-durante-la-presente-semana\/estado\/2026\/#primaryimage"},"image":{"@id":"https:\/\/creston.com.mx\/index.php\/04\/registrara-zacatecas-temperaturas-extremas-durante-la-presente-semana\/estado\/2026\/#primaryimage"},"thumbnailUrl":"https:\/\/creston.com.mx\/wp-content\/uploads\/2026\/04\/CG3.jpg","datePublished":"2026-04-29T01:20:00+00:00","dateModified":"2026-04-29T17:59:29+00:00","breadcrumb":{"@id":"https:\/\/creston.com.mx\/index.php\/04\/registrara-zacatecas-temperaturas-extremas-durante-la-presente-semana\/estado\/2026\/#breadcrumb"},"inLanguage":"es","potentialAction":[{"@type":"ReadAction","target":["https:\/\/creston.com.mx\/index.php\/04\/registrara-zacatecas-temperaturas-extremas-durante-la-presente-semana\/estado\/2026\/"]}]},{"@type":"ImageObject","inLanguage":"es","@id":"https:\/\/creston.com.mx\/index.php\/04\/registrara-zacatecas-temperaturas-extremas-durante-la-presente-semana\/estado\/2026\/#primaryimage","url":"https:\/\/creston.com.mx\/wp-content\/uploads\/2026\/04\/CG3.jpg","contentUrl":"https:\/\/creston.com.mx\/wp-content\/uploads\/2026\/04\/CG3.jpg","width":1080,"height":1080},{"@type":"BreadcrumbList","@id":"https:\/\/creston.com.mx\/index.php\/04\/registrara-zacatecas-temperaturas-extremas-durante-la-presente-semana\/estado\/2026\/#breadcrumb","itemListElement":[{"@type":"ListItem","position":1,"name":"Portada","item":"https:\/\/creston.com.mx\/"},{"@type":"ListItem","position":2,"name":"Registrar\u00e1 Zacatecas temperaturas extremas durante la presente semana"}]},{"@type":"WebSite","@id":"https:\/\/creston.com.mx\/#website","url":"https:\/\/creston.com.mx\/","name":"Peri\u00f3dico Digital de Zacatecas","description":"","publisher":{"@id":"https:\/\/creston.com.mx\/#organization"},"potentialAction":[{"@type":"SearchAction","target":{"@type":"EntryPoint","urlTemplate":"https:\/\/creston.com.mx\/?s={search_term_string}"},"query-input":{"@type":"PropertyValueSpecification","valueRequired":true,"valueName":"search_term_string"}}],"inLanguage":"es"},{"@type":"Organization","@id":"https:\/\/creston.com.mx\/#organization","name":"Peri\u00f3dico Digital de Zacatecas","url":"https:\/\/creston.com.mx\/","logo":{"@type":"ImageObject","inLanguage":"es","@id":"https:\/\/creston.com.mx\/#\/schema\/logo\/image\/","url":"https:\/\/creston.com.mx\/wp-content\/uploads\/2026\/02\/cropped-Logo-Creston2.jpg","contentUrl":"https:\/\/creston.com.mx\/wp-content\/uploads\/2026\/02\/cropped-Logo-Creston2.jpg","width":503,"height":194,"caption":"Peri\u00f3dico Digital  de Zacatecas"},"image":{"@id":"https:\/\/creston.com.mx\/#\/schema\/logo\/image\/"}},{"@type":"Person","@id":"https:\/\/creston.com.mx\/#\/schema\/person\/01f2ce9e289bc5300c759925ef768c1d","name":"Periodico Creston","image":{"@type":"ImageObject","inLanguage":"es","@id":"https:\/\/creston.com.mx\/#\/schema\/person\/image\/","url":"https:\/\/secure.gravatar.com\/avatar\/c91eac1cf0d45897b6d294d474aa7713a194d460be0aaf72157553d050cda1c1?s=96&d=mm&r=g","contentUrl":"https:\/\/secure.gravatar.com\/avatar\/c91eac1cf0d45897b6d294d474aa7713a194d460be0aaf72157553d050cda1c1?s=96&d=mm&r=g","caption":"Periodico Creston"},"sameAs":["https:\/\/creston.com.mx"],"url":"https:\/\/creston.com.mx\/index.php\/author\/cstnalja96\/"}]}},"jetpack_sharing_enabled":true,"jetpack_featured_media_url":"https:\/\/creston.com.mx\/wp-content\/uploads\/2026\/04\/CG3.jpg","_links":{"self":[{"href":"https:\/\/creston.com.mx\/index.php\/wp-json\/wp\/v2\/posts\/3243","targetHints":{"allow":["GET"]}}],"collection":[{"href":"https:\/\/creston.com.mx\/index.php\/wp-json\/wp\/v2\/posts"}],"about":[{"href":"https:\/\/creston.com.mx\/index.php\/wp-json\/wp\/v2\/types\/post"}],"author":[{"embeddable":true,"href":"https:\/\/creston.com.mx\/index.php\/wp-json\/wp\/v2\/users\/1"}],"replies":[{"embeddable":true,"href":"https:\/\/creston.com.mx\/index.php\/wp-json\/wp\/v2\/comments?post=3243"}],"version-history":[{"count":1,"href":"https:\/\/creston.com.mx\/index.php\/wp-json\/wp\/v2\/posts\/3243\/revisions"}],"predecessor-version":[{"id":3246,"href":"https:\/\/creston.com.mx\/index.php\/wp-json\/wp\/v2\/posts\/3243\/revisions\/3246"}],"wp:featuredmedia":[{"embeddable":true,"href":"https:\/\/creston.com.mx\/index.php\/wp-json\/wp\/v2\/media\/3244"}],"wp:attachment":[{"href":"https:\/\/creston.com.mx\/index.php\/wp-json\/wp\/v2\/media?parent=3243"}],"wp:term":[{"taxonomy":"category","embeddable":true,"href":"https:\/\/creston.com.mx\/index.php\/wp-json\/wp\/v2\/categories?post=3243"},{"taxonomy":"post_tag","embeddable":true,"href":"https:\/\/creston.com.mx\/index.php\/wp-json\/wp\/v2\/tags?post=3243"}],"curies":[{"name":"wp","href":"https:\/\/api.w.org\/{rel}","templated":true}]}}