{"id":3232,"date":"2026-04-27T19:55:00","date_gmt":"2026-04-28T00:55:00","guid":{"rendered":"https:\/\/creston.com.mx\/?p=3232"},"modified":"2026-04-27T23:39:19","modified_gmt":"2026-04-28T04:39:19","slug":"convocan-a-las-jornadas-de-ciencias-quimicas-y-simposio-internacional-de-catalisis","status":"publish","type":"post","link":"https:\/\/creston.com.mx\/index.php\/04\/convocan-a-las-jornadas-de-ciencias-quimicas-y-simposio-internacional-de-catalisis\/informacion-general\/2026\/","title":{"rendered":"Convocan a las Jornadas de Ciencias Qu\u00edmicas y Simposio Internacional de Cat\u00e1lisis"},"content":{"rendered":"\n<p>.<\/p>\n\n\n\n<p class=\"has-medium-font-size\"><strong><em>La invitaci\u00f3n a la ciudadan\u00eda y universitarios es por parte de Docentes y alumnos de la BUAZ, ser\u00e1 los d\u00edas 6, 7 y 8 de mayo.<\/em><\/strong><\/p>\n\n\n\n<p>.<\/p>\n\n\n\n<p>Autoridades y alumnos de la Unidad Acad\u00e9mica de Ciencias Qu\u00edmicas de la Benem\u00e9rita Universidad Aut\u00f3noma de Zacatecas (BUAZ) anunciaron la realizaci\u00f3n de la 18va edici\u00f3n de las Jornadas de Ciencias Qu\u00edmicas y el Tercer Simposio Internacional de Cat\u00e1lisis, a celebrarse los d\u00edas 6, 7 y 8 de mayo, en un esfuerzo por fortalecer la formaci\u00f3n cient\u00edfica y propiciar el intercambio de conocimientos entre la comunidad acad\u00e9mica.<\/p>\n\n\n\n<p>En conferencia de prensa, la directora de la unidad, Elena Donaj\u00ed Ram\u00edrez Alvarado, convoc\u00f3 a estudiantes, docentes e interesados a participar en estas actividades, que \u2014subray\u00f3\u2014 buscan consolidar espacios de di\u00e1logo acad\u00e9mico en un contexto de creciente demanda de especializaci\u00f3n cient\u00edfica.<\/p>\n\n\n\n<p>El presidente de la Sociedad de Alumnos de Biotecnolog\u00eda, Emilio Estrada L\u00f3pez, destac\u00f3 que el programa contempla la participaci\u00f3n de ponentes nacionales e internacionales, con un enfoque estrictamente cient\u00edfico. \u201cSe trata de generar un espacio donde los asistentes puedan empaparse de conocimiento de diversas \u00e1reas, as\u00ed como interactuar directamente con especialistas\u201d, se\u00f1al\u00f3.<\/p>\n\n\n\n<p>A su vez, Aldo Raymundo Guardado, representante estudiantil de Ingenier\u00eda Bioqu\u00edmica, precis\u00f3 que el evento es de car\u00e1cter internacional y abierto al p\u00fablico en general, aunque con \u00e9nfasis en el \u00e1rea qu\u00edmica. Adelant\u00f3 la presencia de acad\u00e9micos provenientes de la UNAM, la UAM y la UPN, adem\u00e1s de un ponente que participar\u00e1 a distancia desde Argentina, con temas centrados en la cat\u00e1lisis y otras ramas de la qu\u00edmica.<\/p>\n\n\n\n<p>Las actividades se llevar\u00e1n a cabo en el Teatro Calder\u00f3n, inform\u00f3 Hilda Gabriela Devora Murillo, vicepresidenta de la Sociedad de Alumnos de Ingenier\u00eda Qu\u00edmica, quien detall\u00f3 que la inscripci\u00f3n tendr\u00e1 un costo de 300 pesos, con acceso a ambas actividades y constancias con valor curricular. Las inscripciones est\u00e1n disponibles en la plataforma digital habilitada por los organizadores.<\/p>\n\n\n\n<p>Como parte del programa, estudiantes presentar\u00e1n avances de investigaci\u00f3n mediante carteles, en una din\u00e1mica que busca incentivar la divulgaci\u00f3n cient\u00edfica desde la formaci\u00f3n universitaria.<\/p>\n\n\n<div class=\"wp-block-image\">\n<figure class=\"alignright size-large is-resized\"><img fetchpriority=\"high\" decoding=\"async\" width=\"1024\" height=\"768\" src=\"https:\/\/creston.com.mx\/wp-content\/uploads\/2026\/04\/Anun-3T-1-1024x768.jpeg\" alt=\"\" class=\"wp-image-3193\" style=\"width:589px;height:auto\" srcset=\"https:\/\/creston.com.mx\/wp-content\/uploads\/2026\/04\/Anun-3T-1-1024x768.jpeg 1024w, https:\/\/creston.com.mx\/wp-content\/uploads\/2026\/04\/Anun-3T-1-300x225.jpeg 300w, https:\/\/creston.com.mx\/wp-content\/uploads\/2026\/04\/Anun-3T-1-768x576.jpeg 768w, https:\/\/creston.com.mx\/wp-content\/uploads\/2026\/04\/Anun-3T-1.jpeg 1448w\" sizes=\"(max-width: 1024px) 100vw, 1024px\" \/><\/figure>\n<\/div>\n\n\n<p>Esta edici\u00f3n tambi\u00e9n tendr\u00e1 un car\u00e1cter conmemorativo, al rendir homenaje al ingeniero Raymundo C\u00e1rdenas Hern\u00e1ndez, destacado ex alumno, docente y universitario, cuya trayectoria dej\u00f3 huella en la consolidaci\u00f3n de la escuela de Ciencias Qu\u00edmicas. Asimismo, se reconocer\u00e1 a profesores que han contribuido al desarrollo de la unidad acad\u00e9mica y se realizar\u00e1 una callejoneada dirigida a estudiantes de licenciatura y posgrado.<\/p>\n\n\n\n<p>En un anuncio adicional, el responsable del programa de Ingenier\u00eda Bioqu\u00edmica, Jaime Cardozo Ortiz, invit\u00f3 a la comunidad cient\u00edfica a colaborar en la revista electr\u00f3nica Ciencia Viva, de acceso abierto y sin costo, cuyos art\u00edculos \u2014explic\u00f3\u2014 ser\u00e1n sometidos a un proceso de dictaminaci\u00f3n por doble ciego para garantizar su rigor acad\u00e9mico. Las autoridades universitarias reiteraron la invitaci\u00f3n a la comunidad a sumarse a estas jornadas, que buscan consolidar a Zacatecas como un punto de encuentro para la discusi\u00f3n cient\u00edfica.<\/p>\n\n\n\n<p>.<\/p>\n\n\n\n\n\n<p>.<\/p>\n\n\n<div class=\"wp-block-image\">\n<figure class=\"aligncenter size-large is-resized\"><a href=\"https:\/\/www.facebook.com\/AyuntamientoZacatecas\" target=\"_blank\" rel=\" noreferrer noopener\"><img decoding=\"async\" width=\"819\" height=\"1024\" src=\"https:\/\/creston.com.mx\/wp-content\/uploads\/2026\/02\/IMG-20260218-WA0018-819x1024.jpg\" alt=\"\" class=\"wp-image-2528\" style=\"width:633px;height:auto\" srcset=\"https:\/\/creston.com.mx\/wp-content\/uploads\/2026\/02\/IMG-20260218-WA0018-819x1024.jpg 819w, https:\/\/creston.com.mx\/wp-content\/uploads\/2026\/02\/IMG-20260218-WA0018-240x300.jpg 240w, https:\/\/creston.com.mx\/wp-content\/uploads\/2026\/02\/IMG-20260218-WA0018-768x960.jpg 768w, https:\/\/creston.com.mx\/wp-content\/uploads\/2026\/02\/IMG-20260218-WA0018-1229x1536.jpg 1229w, https:\/\/creston.com.mx\/wp-content\/uploads\/2026\/02\/IMG-20260218-WA0018.jpg 1280w\" sizes=\"(max-width: 819px) 100vw, 819px\" \/><\/a><\/figure>\n<\/div>","protected":false},"excerpt":{"rendered":"<p>. La invitaci\u00f3n a la ciudadan\u00eda y universitarios es por parte de Docentes y alumnos de la BUAZ, ser\u00e1 los d\u00edas 6, 7 y 8 de mayo. . Autoridades y&hellip; <\/p>\n","protected":false},"author":1,"featured_media":3233,"comment_status":"open","ping_status":"closed","sticky":false,"template":"","format":"standard","meta":{"_jetpack_memberships_contains_paid_content":false,"footnotes":""},"categories":[4],"tags":[],"class_list":["post-3232","post","type-post","status-publish","format-standard","has-post-thumbnail","hentry","category-informacion-general"],"yoast_head":"<!-- This site is optimized with the Yoast SEO plugin v24.2 - https:\/\/yoast.com\/wordpress\/plugins\/seo\/ -->\n<title>Convocan a las Jornadas de Ciencias Qu\u00edmicas y Simposio Internacional de Cat\u00e1lisis - Peri\u00f3dico Digital de Zacatecas<\/title>\n<meta name=\"robots\" content=\"index, follow, max-snippet:-1, max-image-preview:large, max-video-preview:-1\" \/>\n<link rel=\"canonical\" href=\"https:\/\/creston.com.mx\/index.php\/04\/convocan-a-las-jornadas-de-ciencias-quimicas-y-simposio-internacional-de-catalisis\/informacion-general\/2026\/\" \/>\n<meta property=\"og:locale\" content=\"es_ES\" \/>\n<meta property=\"og:type\" content=\"article\" \/>\n<meta property=\"og:title\" content=\"Convocan a las Jornadas de Ciencias Qu\u00edmicas y Simposio Internacional de Cat\u00e1lisis - Peri\u00f3dico Digital de Zacatecas\" \/>\n<meta property=\"og:description\" content=\". La invitaci\u00f3n a la ciudadan\u00eda y universitarios es por parte de Docentes y alumnos de la BUAZ, ser\u00e1 los d\u00edas 6, 7 y 8 de mayo. . Autoridades y&hellip;\" \/>\n<meta property=\"og:url\" content=\"https:\/\/creston.com.mx\/index.php\/04\/convocan-a-las-jornadas-de-ciencias-quimicas-y-simposio-internacional-de-catalisis\/informacion-general\/2026\/\" \/>\n<meta property=\"og:site_name\" content=\"Peri\u00f3dico Digital de Zacatecas\" \/>\n<meta property=\"article:published_time\" content=\"2026-04-28T00:55:00+00:00\" \/>\n<meta property=\"article:modified_time\" content=\"2026-04-28T04:39:19+00:00\" \/>\n<meta property=\"og:image\" content=\"https:\/\/creston.com.mx\/wp-content\/uploads\/2026\/04\/Convocan-jornada-quimicas.jpeg\" \/>\n\t<meta property=\"og:image:width\" content=\"1600\" \/>\n\t<meta property=\"og:image:height\" content=\"1200\" \/>\n\t<meta property=\"og:image:type\" content=\"image\/jpeg\" \/>\n<meta name=\"author\" content=\"Periodico Creston\" \/>\n<meta name=\"twitter:card\" content=\"summary_large_image\" \/>\n<meta name=\"twitter:label1\" content=\"Escrito por\" \/>\n\t<meta name=\"twitter:data1\" content=\"Periodico Creston\" \/>\n\t<meta name=\"twitter:label2\" content=\"Tiempo de lectura\" \/>\n\t<meta name=\"twitter:data2\" content=\"3 minutos\" \/>\n<script type=\"application\/ld+json\" class=\"yoast-schema-graph\">{\"@context\":\"https:\/\/schema.org\",\"@graph\":[{\"@type\":\"Article\",\"@id\":\"https:\/\/creston.com.mx\/index.php\/04\/convocan-a-las-jornadas-de-ciencias-quimicas-y-simposio-internacional-de-catalisis\/informacion-general\/2026\/#article\",\"isPartOf\":{\"@id\":\"https:\/\/creston.com.mx\/index.php\/04\/convocan-a-las-jornadas-de-ciencias-quimicas-y-simposio-internacional-de-catalisis\/informacion-general\/2026\/\"},\"author\":{\"name\":\"Periodico Creston\",\"@id\":\"https:\/\/creston.com.mx\/#\/schema\/person\/01f2ce9e289bc5300c759925ef768c1d\"},\"headline\":\"Convocan a las Jornadas de Ciencias Qu\u00edmicas y Simposio Internacional de Cat\u00e1lisis\",\"datePublished\":\"2026-04-28T00:55:00+00:00\",\"dateModified\":\"2026-04-28T04:39:19+00:00\",\"mainEntityOfPage\":{\"@id\":\"https:\/\/creston.com.mx\/index.php\/04\/convocan-a-las-jornadas-de-ciencias-quimicas-y-simposio-internacional-de-catalisis\/informacion-general\/2026\/\"},\"wordCount\":545,\"commentCount\":0,\"publisher\":{\"@id\":\"https:\/\/creston.com.mx\/#organization\"},\"image\":{\"@id\":\"https:\/\/creston.com.mx\/index.php\/04\/convocan-a-las-jornadas-de-ciencias-quimicas-y-simposio-internacional-de-catalisis\/informacion-general\/2026\/#primaryimage\"},\"thumbnailUrl\":\"https:\/\/creston.com.mx\/wp-content\/uploads\/2026\/04\/Convocan-jornada-quimicas.jpeg\",\"articleSection\":[\"Informaci\u00f3n General\"],\"inLanguage\":\"es\",\"potentialAction\":[{\"@type\":\"CommentAction\",\"name\":\"Comment\",\"target\":[\"https:\/\/creston.com.mx\/index.php\/04\/convocan-a-las-jornadas-de-ciencias-quimicas-y-simposio-internacional-de-catalisis\/informacion-general\/2026\/#respond\"]}]},{\"@type\":\"WebPage\",\"@id\":\"https:\/\/creston.com.mx\/index.php\/04\/convocan-a-las-jornadas-de-ciencias-quimicas-y-simposio-internacional-de-catalisis\/informacion-general\/2026\/\",\"url\":\"https:\/\/creston.com.mx\/index.php\/04\/convocan-a-las-jornadas-de-ciencias-quimicas-y-simposio-internacional-de-catalisis\/informacion-general\/2026\/\",\"name\":\"Convocan a las Jornadas de Ciencias Qu\u00edmicas y Simposio Internacional de Cat\u00e1lisis - Peri\u00f3dico Digital de Zacatecas\",\"isPartOf\":{\"@id\":\"https:\/\/creston.com.mx\/#website\"},\"primaryImageOfPage\":{\"@id\":\"https:\/\/creston.com.mx\/index.php\/04\/convocan-a-las-jornadas-de-ciencias-quimicas-y-simposio-internacional-de-catalisis\/informacion-general\/2026\/#primaryimage\"},\"image\":{\"@id\":\"https:\/\/creston.com.mx\/index.php\/04\/convocan-a-las-jornadas-de-ciencias-quimicas-y-simposio-internacional-de-catalisis\/informacion-general\/2026\/#primaryimage\"},\"thumbnailUrl\":\"https:\/\/creston.com.mx\/wp-content\/uploads\/2026\/04\/Convocan-jornada-quimicas.jpeg\",\"datePublished\":\"2026-04-28T00:55:00+00:00\",\"dateModified\":\"2026-04-28T04:39:19+00:00\",\"breadcrumb\":{\"@id\":\"https:\/\/creston.com.mx\/index.php\/04\/convocan-a-las-jornadas-de-ciencias-quimicas-y-simposio-internacional-de-catalisis\/informacion-general\/2026\/#breadcrumb\"},\"inLanguage\":\"es\",\"potentialAction\":[{\"@type\":\"ReadAction\",\"target\":[\"https:\/\/creston.com.mx\/index.php\/04\/convocan-a-las-jornadas-de-ciencias-quimicas-y-simposio-internacional-de-catalisis\/informacion-general\/2026\/\"]}]},{\"@type\":\"ImageObject\",\"inLanguage\":\"es\",\"@id\":\"https:\/\/creston.com.mx\/index.php\/04\/convocan-a-las-jornadas-de-ciencias-quimicas-y-simposio-internacional-de-catalisis\/informacion-general\/2026\/#primaryimage\",\"url\":\"https:\/\/creston.com.mx\/wp-content\/uploads\/2026\/04\/Convocan-jornada-quimicas.jpeg\",\"contentUrl\":\"https:\/\/creston.com.mx\/wp-content\/uploads\/2026\/04\/Convocan-jornada-quimicas.jpeg\",\"width\":1600,\"height\":1200},{\"@type\":\"BreadcrumbList\",\"@id\":\"https:\/\/creston.com.mx\/index.php\/04\/convocan-a-las-jornadas-de-ciencias-quimicas-y-simposio-internacional-de-catalisis\/informacion-general\/2026\/#breadcrumb\",\"itemListElement\":[{\"@type\":\"ListItem\",\"position\":1,\"name\":\"Portada\",\"item\":\"https:\/\/creston.com.mx\/\"},{\"@type\":\"ListItem\",\"position\":2,\"name\":\"Convocan a las Jornadas de Ciencias Qu\u00edmicas y Simposio Internacional de Cat\u00e1lisis\"}]},{\"@type\":\"WebSite\",\"@id\":\"https:\/\/creston.com.mx\/#website\",\"url\":\"https:\/\/creston.com.mx\/\",\"name\":\"Peri\u00f3dico Digital de Zacatecas\",\"description\":\"\",\"publisher\":{\"@id\":\"https:\/\/creston.com.mx\/#organization\"},\"potentialAction\":[{\"@type\":\"SearchAction\",\"target\":{\"@type\":\"EntryPoint\",\"urlTemplate\":\"https:\/\/creston.com.mx\/?s={search_term_string}\"},\"query-input\":{\"@type\":\"PropertyValueSpecification\",\"valueRequired\":true,\"valueName\":\"search_term_string\"}}],\"inLanguage\":\"es\"},{\"@type\":\"Organization\",\"@id\":\"https:\/\/creston.com.mx\/#organization\",\"name\":\"Peri\u00f3dico Digital de Zacatecas\",\"url\":\"https:\/\/creston.com.mx\/\",\"logo\":{\"@type\":\"ImageObject\",\"inLanguage\":\"es\",\"@id\":\"https:\/\/creston.com.mx\/#\/schema\/logo\/image\/\",\"url\":\"https:\/\/creston.com.mx\/wp-content\/uploads\/2026\/02\/cropped-Logo-Creston2.jpg\",\"contentUrl\":\"https:\/\/creston.com.mx\/wp-content\/uploads\/2026\/02\/cropped-Logo-Creston2.jpg\",\"width\":503,\"height\":194,\"caption\":\"Peri\u00f3dico Digital  de Zacatecas\"},\"image\":{\"@id\":\"https:\/\/creston.com.mx\/#\/schema\/logo\/image\/\"}},{\"@type\":\"Person\",\"@id\":\"https:\/\/creston.com.mx\/#\/schema\/person\/01f2ce9e289bc5300c759925ef768c1d\",\"name\":\"Periodico Creston\",\"image\":{\"@type\":\"ImageObject\",\"inLanguage\":\"es\",\"@id\":\"https:\/\/creston.com.mx\/#\/schema\/person\/image\/\",\"url\":\"https:\/\/secure.gravatar.com\/avatar\/c91eac1cf0d45897b6d294d474aa7713a194d460be0aaf72157553d050cda1c1?s=96&d=mm&r=g\",\"contentUrl\":\"https:\/\/secure.gravatar.com\/avatar\/c91eac1cf0d45897b6d294d474aa7713a194d460be0aaf72157553d050cda1c1?s=96&d=mm&r=g\",\"caption\":\"Periodico Creston\"},\"sameAs\":[\"https:\/\/creston.com.mx\"],\"url\":\"https:\/\/creston.com.mx\/index.php\/author\/cstnalja96\/\"}]}<\/script>\n<!-- \/ Yoast SEO plugin. -->","yoast_head_json":{"title":"Convocan a las Jornadas de Ciencias Qu\u00edmicas y Simposio Internacional de Cat\u00e1lisis - Peri\u00f3dico Digital de Zacatecas","robots":{"index":"index","follow":"follow","max-snippet":"max-snippet:-1","max-image-preview":"max-image-preview:large","max-video-preview":"max-video-preview:-1"},"canonical":"https:\/\/creston.com.mx\/index.php\/04\/convocan-a-las-jornadas-de-ciencias-quimicas-y-simposio-internacional-de-catalisis\/informacion-general\/2026\/","og_locale":"es_ES","og_type":"article","og_title":"Convocan a las Jornadas de Ciencias Qu\u00edmicas y Simposio Internacional de Cat\u00e1lisis - Peri\u00f3dico Digital de Zacatecas","og_description":". La invitaci\u00f3n a la ciudadan\u00eda y universitarios es por parte de Docentes y alumnos de la BUAZ, ser\u00e1 los d\u00edas 6, 7 y 8 de mayo. . Autoridades y&hellip;","og_url":"https:\/\/creston.com.mx\/index.php\/04\/convocan-a-las-jornadas-de-ciencias-quimicas-y-simposio-internacional-de-catalisis\/informacion-general\/2026\/","og_site_name":"Peri\u00f3dico Digital de Zacatecas","article_published_time":"2026-04-28T00:55:00+00:00","article_modified_time":"2026-04-28T04:39:19+00:00","og_image":[{"width":1600,"height":1200,"url":"https:\/\/creston.com.mx\/wp-content\/uploads\/2026\/04\/Convocan-jornada-quimicas.jpeg","type":"image\/jpeg"}],"author":"Periodico Creston","twitter_card":"summary_large_image","twitter_misc":{"Escrito por":"Periodico Creston","Tiempo de lectura":"3 minutos"},"schema":{"@context":"https:\/\/schema.org","@graph":[{"@type":"Article","@id":"https:\/\/creston.com.mx\/index.php\/04\/convocan-a-las-jornadas-de-ciencias-quimicas-y-simposio-internacional-de-catalisis\/informacion-general\/2026\/#article","isPartOf":{"@id":"https:\/\/creston.com.mx\/index.php\/04\/convocan-a-las-jornadas-de-ciencias-quimicas-y-simposio-internacional-de-catalisis\/informacion-general\/2026\/"},"author":{"name":"Periodico Creston","@id":"https:\/\/creston.com.mx\/#\/schema\/person\/01f2ce9e289bc5300c759925ef768c1d"},"headline":"Convocan a las Jornadas de Ciencias Qu\u00edmicas y Simposio Internacional de Cat\u00e1lisis","datePublished":"2026-04-28T00:55:00+00:00","dateModified":"2026-04-28T04:39:19+00:00","mainEntityOfPage":{"@id":"https:\/\/creston.com.mx\/index.php\/04\/convocan-a-las-jornadas-de-ciencias-quimicas-y-simposio-internacional-de-catalisis\/informacion-general\/2026\/"},"wordCount":545,"commentCount":0,"publisher":{"@id":"https:\/\/creston.com.mx\/#organization"},"image":{"@id":"https:\/\/creston.com.mx\/index.php\/04\/convocan-a-las-jornadas-de-ciencias-quimicas-y-simposio-internacional-de-catalisis\/informacion-general\/2026\/#primaryimage"},"thumbnailUrl":"https:\/\/creston.com.mx\/wp-content\/uploads\/2026\/04\/Convocan-jornada-quimicas.jpeg","articleSection":["Informaci\u00f3n General"],"inLanguage":"es","potentialAction":[{"@type":"CommentAction","name":"Comment","target":["https:\/\/creston.com.mx\/index.php\/04\/convocan-a-las-jornadas-de-ciencias-quimicas-y-simposio-internacional-de-catalisis\/informacion-general\/2026\/#respond"]}]},{"@type":"WebPage","@id":"https:\/\/creston.com.mx\/index.php\/04\/convocan-a-las-jornadas-de-ciencias-quimicas-y-simposio-internacional-de-catalisis\/informacion-general\/2026\/","url":"https:\/\/creston.com.mx\/index.php\/04\/convocan-a-las-jornadas-de-ciencias-quimicas-y-simposio-internacional-de-catalisis\/informacion-general\/2026\/","name":"Convocan a las Jornadas de Ciencias Qu\u00edmicas y Simposio Internacional de Cat\u00e1lisis - Peri\u00f3dico Digital de Zacatecas","isPartOf":{"@id":"https:\/\/creston.com.mx\/#website"},"primaryImageOfPage":{"@id":"https:\/\/creston.com.mx\/index.php\/04\/convocan-a-las-jornadas-de-ciencias-quimicas-y-simposio-internacional-de-catalisis\/informacion-general\/2026\/#primaryimage"},"image":{"@id":"https:\/\/creston.com.mx\/index.php\/04\/convocan-a-las-jornadas-de-ciencias-quimicas-y-simposio-internacional-de-catalisis\/informacion-general\/2026\/#primaryimage"},"thumbnailUrl":"https:\/\/creston.com.mx\/wp-content\/uploads\/2026\/04\/Convocan-jornada-quimicas.jpeg","datePublished":"2026-04-28T00:55:00+00:00","dateModified":"2026-04-28T04:39:19+00:00","breadcrumb":{"@id":"https:\/\/creston.com.mx\/index.php\/04\/convocan-a-las-jornadas-de-ciencias-quimicas-y-simposio-internacional-de-catalisis\/informacion-general\/2026\/#breadcrumb"},"inLanguage":"es","potentialAction":[{"@type":"ReadAction","target":["https:\/\/creston.com.mx\/index.php\/04\/convocan-a-las-jornadas-de-ciencias-quimicas-y-simposio-internacional-de-catalisis\/informacion-general\/2026\/"]}]},{"@type":"ImageObject","inLanguage":"es","@id":"https:\/\/creston.com.mx\/index.php\/04\/convocan-a-las-jornadas-de-ciencias-quimicas-y-simposio-internacional-de-catalisis\/informacion-general\/2026\/#primaryimage","url":"https:\/\/creston.com.mx\/wp-content\/uploads\/2026\/04\/Convocan-jornada-quimicas.jpeg","contentUrl":"https:\/\/creston.com.mx\/wp-content\/uploads\/2026\/04\/Convocan-jornada-quimicas.jpeg","width":1600,"height":1200},{"@type":"BreadcrumbList","@id":"https:\/\/creston.com.mx\/index.php\/04\/convocan-a-las-jornadas-de-ciencias-quimicas-y-simposio-internacional-de-catalisis\/informacion-general\/2026\/#breadcrumb","itemListElement":[{"@type":"ListItem","position":1,"name":"Portada","item":"https:\/\/creston.com.mx\/"},{"@type":"ListItem","position":2,"name":"Convocan a las Jornadas de Ciencias Qu\u00edmicas y Simposio Internacional de Cat\u00e1lisis"}]},{"@type":"WebSite","@id":"https:\/\/creston.com.mx\/#website","url":"https:\/\/creston.com.mx\/","name":"Peri\u00f3dico Digital de Zacatecas","description":"","publisher":{"@id":"https:\/\/creston.com.mx\/#organization"},"potentialAction":[{"@type":"SearchAction","target":{"@type":"EntryPoint","urlTemplate":"https:\/\/creston.com.mx\/?s={search_term_string}"},"query-input":{"@type":"PropertyValueSpecification","valueRequired":true,"valueName":"search_term_string"}}],"inLanguage":"es"},{"@type":"Organization","@id":"https:\/\/creston.com.mx\/#organization","name":"Peri\u00f3dico Digital de Zacatecas","url":"https:\/\/creston.com.mx\/","logo":{"@type":"ImageObject","inLanguage":"es","@id":"https:\/\/creston.com.mx\/#\/schema\/logo\/image\/","url":"https:\/\/creston.com.mx\/wp-content\/uploads\/2026\/02\/cropped-Logo-Creston2.jpg","contentUrl":"https:\/\/creston.com.mx\/wp-content\/uploads\/2026\/02\/cropped-Logo-Creston2.jpg","width":503,"height":194,"caption":"Peri\u00f3dico Digital  de Zacatecas"},"image":{"@id":"https:\/\/creston.com.mx\/#\/schema\/logo\/image\/"}},{"@type":"Person","@id":"https:\/\/creston.com.mx\/#\/schema\/person\/01f2ce9e289bc5300c759925ef768c1d","name":"Periodico Creston","image":{"@type":"ImageObject","inLanguage":"es","@id":"https:\/\/creston.com.mx\/#\/schema\/person\/image\/","url":"https:\/\/secure.gravatar.com\/avatar\/c91eac1cf0d45897b6d294d474aa7713a194d460be0aaf72157553d050cda1c1?s=96&d=mm&r=g","contentUrl":"https:\/\/secure.gravatar.com\/avatar\/c91eac1cf0d45897b6d294d474aa7713a194d460be0aaf72157553d050cda1c1?s=96&d=mm&r=g","caption":"Periodico Creston"},"sameAs":["https:\/\/creston.com.mx"],"url":"https:\/\/creston.com.mx\/index.php\/author\/cstnalja96\/"}]}},"jetpack_sharing_enabled":true,"jetpack_featured_media_url":"https:\/\/creston.com.mx\/wp-content\/uploads\/2026\/04\/Convocan-jornada-quimicas.jpeg","_links":{"self":[{"href":"https:\/\/creston.com.mx\/index.php\/wp-json\/wp\/v2\/posts\/3232","targetHints":{"allow":["GET"]}}],"collection":[{"href":"https:\/\/creston.com.mx\/index.php\/wp-json\/wp\/v2\/posts"}],"about":[{"href":"https:\/\/creston.com.mx\/index.php\/wp-json\/wp\/v2\/types\/post"}],"author":[{"embeddable":true,"href":"https:\/\/creston.com.mx\/index.php\/wp-json\/wp\/v2\/users\/1"}],"replies":[{"embeddable":true,"href":"https:\/\/creston.com.mx\/index.php\/wp-json\/wp\/v2\/comments?post=3232"}],"version-history":[{"count":1,"href":"https:\/\/creston.com.mx\/index.php\/wp-json\/wp\/v2\/posts\/3232\/revisions"}],"predecessor-version":[{"id":3234,"href":"https:\/\/creston.com.mx\/index.php\/wp-json\/wp\/v2\/posts\/3232\/revisions\/3234"}],"wp:featuredmedia":[{"embeddable":true,"href":"https:\/\/creston.com.mx\/index.php\/wp-json\/wp\/v2\/media\/3233"}],"wp:attachment":[{"href":"https:\/\/creston.com.mx\/index.php\/wp-json\/wp\/v2\/media?parent=3232"}],"wp:term":[{"taxonomy":"category","embeddable":true,"href":"https:\/\/creston.com.mx\/index.php\/wp-json\/wp\/v2\/categories?post=3232"},{"taxonomy":"post_tag","embeddable":true,"href":"https:\/\/creston.com.mx\/index.php\/wp-json\/wp\/v2\/tags?post=3232"}],"curies":[{"name":"wp","href":"https:\/\/api.w.org\/{rel}","templated":true}]}}