{"id":3224,"date":"2026-04-27T20:02:00","date_gmt":"2026-04-28T01:02:00","guid":{"rendered":"https:\/\/creston.com.mx\/?p=3224"},"modified":"2026-04-27T23:30:21","modified_gmt":"2026-04-28T04:30:21","slug":"sonia-medrano-recibira-la-medalla-candelario-huizar-2026","status":"publish","type":"post","link":"https:\/\/creston.com.mx\/index.php\/04\/sonia-medrano-recibira-la-medalla-candelario-huizar-2026\/informacion-general\/2026\/","title":{"rendered":"Sonia Medrano recibir\u00e1 la Medalla \u201cCandelario Hu\u00edzar\u201d 2026"},"content":{"rendered":"\n<p>.<\/p>\n\n\n\n<p class=\"has-medium-font-size\"><strong><em>Es galardonada a la Medalla al M\u00e9rito Musical es docente investigadora y ser\u00e1 en honor a su trayectoria en la investigaci\u00f3n, ense\u00f1anza y divulgaci\u00f3n musical.<\/em><\/strong><\/p>\n\n\n\n<p>.<\/p>\n\n\n\n<p>La cantante concertista, doctora en Historia y docente investigadora de la Universidad Aut\u00f3noma de Zacatecas (UAZ), Sonia Medrano Ruiz, ser\u00e1 galardonada con la Medalla al M\u00e9rito Musical \u201cCandelario Hu\u00edzar\u201d 2026, uno de los reconocimientos m\u00e1s relevantes en Zacatecas para quienes han contribuido al desarrollo del \u00e1mbito musical.<\/p>\n\n\n\n<p>La distinci\u00f3n, otorgada por el Gobierno del Estado a trav\u00e9s del Instituto Zacatecano de Cultura (IZC) \u201cRam\u00f3n L\u00f3pez Velarde\u201d, ser\u00e1 entregada durante las Jornadas Musicales \u201cCandelario Hu\u00edzar\u201d, a realizarse del 4 al 8 de mayo de 2026, en honor a su trayectoria en la investigaci\u00f3n, ense\u00f1anza y divulgaci\u00f3n musical, as\u00ed como a su labor en el registro discogr\u00e1fico y la promoci\u00f3n de la m\u00fasica mexicana, tanto de concierto como de tradici\u00f3n zacatecana.<\/p>\n\n\n\n<p>Lo anterior responde a una trayectoria en la que Medrano ha articulado la interpretaci\u00f3n, la docencia y la investigaci\u00f3n ya que es integrante del Sistema Nacional de Investigadores (Nivel 1), cuenta con perfil PRODEP vigente desde 2024 y desarrolla una labor en la que la pr\u00e1ctica art\u00edstica dialoga constantemente con la reflexi\u00f3n acad\u00e9mica.<\/p>\n\n\n<div class=\"wp-block-image\">\n<figure class=\"alignleft size-large is-resized\"><img fetchpriority=\"high\" decoding=\"async\" width=\"768\" height=\"1024\" src=\"https:\/\/creston.com.mx\/wp-content\/uploads\/2026\/04\/Sonia-Medrano-recibira-Medalla-Merito-Musical-6-768x1024.jpeg\" alt=\"\" class=\"wp-image-3225\" style=\"width:377px;height:auto\" srcset=\"https:\/\/creston.com.mx\/wp-content\/uploads\/2026\/04\/Sonia-Medrano-recibira-Medalla-Merito-Musical-6-768x1023.jpeg 768w, https:\/\/creston.com.mx\/wp-content\/uploads\/2026\/04\/Sonia-Medrano-recibira-Medalla-Merito-Musical-6-225x300.jpeg 225w, https:\/\/creston.com.mx\/wp-content\/uploads\/2026\/04\/Sonia-Medrano-recibira-Medalla-Merito-Musical-6-1153x1536.jpeg 1153w, https:\/\/creston.com.mx\/wp-content\/uploads\/2026\/04\/Sonia-Medrano-recibira-Medalla-Merito-Musical-6.jpeg 1200w\" sizes=\"(max-width: 768px) 100vw, 768px\" \/><\/figure>\n<\/div>\n\n\n<p>Desde muy peque\u00f1a mostr\u00f3 una inclinaci\u00f3n por las artes, la cual fortaleci\u00f3 en el Taller de Canto de la Universidad Aut\u00f3noma de Zacatecas, bajo la tutela del tenor David Ram\u00edrez y, posteriormente, de la soprano Nin\u00f3n Lima.<\/p>\n\n\n\n<p>Actualmente, se desempe\u00f1a como docente en la Universidad Aut\u00f3noma de Zacatecas, donde imparte clases en las licenciaturas en M\u00fasica y Turismo y participa en el Programa Transversal de Extensi\u00f3n, Conservaci\u00f3n y Difusi\u00f3n Art\u00edstica; adem\u00e1s, su labor acad\u00e9mica se extiende tambi\u00e9n a la Escuela Estatal de Restauraci\u00f3n y Conservaci\u00f3n \u201cRefugio Reyes\u201d.<\/p>\n\n\n\n<p>Como int\u00e9rprete, ha desarrollado un trabajo enfocado en la recuperaci\u00f3n y difusi\u00f3n del repertorio latinoamericano, reflejado en seis producciones discogr\u00e1ficas dedicadas a obras de los siglos XVIII, XIX y XX. Este camino la ha llevado a asumir papeles protag\u00f3nicos, como Violeta Valery en La Traviata, de Giuseppe Verdi, adem\u00e1s de participar en diversas producciones oper\u00edsticas y conciertos sinf\u00f3nicos.<\/p>\n\n\n\n<p>A lo largo de su camino profesional, ha sido solista invitada de orquestas sinf\u00f3nicas de Aguascalientes, de la Universidad de Guanajuato y de El Salvador, consolidando una presencia tanto en el \u00e1mbito nacional como internacional.<\/p>\n\n\n<div class=\"wp-block-image\">\n<figure class=\"alignright size-large is-resized\"><img decoding=\"async\" width=\"1024\" height=\"768\" src=\"https:\/\/creston.com.mx\/wp-content\/uploads\/2026\/04\/Anun-3T-1-1024x768.jpeg\" alt=\"\" class=\"wp-image-3193\" style=\"width:569px;height:auto\" srcset=\"https:\/\/creston.com.mx\/wp-content\/uploads\/2026\/04\/Anun-3T-1-1024x768.jpeg 1024w, https:\/\/creston.com.mx\/wp-content\/uploads\/2026\/04\/Anun-3T-1-300x225.jpeg 300w, https:\/\/creston.com.mx\/wp-content\/uploads\/2026\/04\/Anun-3T-1-768x576.jpeg 768w, https:\/\/creston.com.mx\/wp-content\/uploads\/2026\/04\/Anun-3T-1.jpeg 1448w\" sizes=\"(max-width: 1024px) 100vw, 1024px\" \/><\/figure>\n<\/div>\n\n\n<p>En el campo de la investigaci\u00f3n, su obra m\u00e1s representativa es el libro Las orquestas t\u00edpicas en M\u00e9xico. De la invenci\u00f3n a la consolidaci\u00f3n de una tradici\u00f3n (2021), publicado por el Instituto Zacatecano de Cultura, donde analiza la construcci\u00f3n hist\u00f3rica de estas agrupaciones musicales.<\/p>\n\n\n\n<p>A ello se suma una amplia participaci\u00f3n en publicaciones acad\u00e9micas nacionales e internacionales, en donde ha colaborado con universidades como la Aut\u00f3noma de Aguascalientes, Nayarit y El Colegio de Jalisco. <\/p>\n\n\n\n<p>Tan solo en 2025, public\u00f3 nuevos trabajos con el Fondo Editorial de Nuevo Le\u00f3n, el Instituto Nacional de Estudios Hist\u00f3ricos de las Revoluciones de M\u00e9xico y la editorial Vernon Press y sus investigaciones han sido difundidas en revistas especializadas de M\u00e9xico, Estados Unidos y Brasil, consolidando su presencia en el \u00e1mbito de la musicolog\u00eda.<\/p>\n\n\n\n<p>.<\/p>\n\n\n\n\n\n<p>.<\/p>\n\n\n<div class=\"wp-block-image\">\n<figure class=\"aligncenter size-large is-resized\"><a href=\"https:\/\/www.facebook.com\/AyuntamientoZacatecas\" target=\"_blank\" rel=\" noreferrer noopener\"><img decoding=\"async\" width=\"819\" height=\"1024\" src=\"https:\/\/creston.com.mx\/wp-content\/uploads\/2026\/02\/IMG-20260218-WA0018-819x1024.jpg\" alt=\"\" class=\"wp-image-2528\" style=\"width:652px;height:auto\" srcset=\"https:\/\/creston.com.mx\/wp-content\/uploads\/2026\/02\/IMG-20260218-WA0018-819x1024.jpg 819w, https:\/\/creston.com.mx\/wp-content\/uploads\/2026\/02\/IMG-20260218-WA0018-240x300.jpg 240w, https:\/\/creston.com.mx\/wp-content\/uploads\/2026\/02\/IMG-20260218-WA0018-768x960.jpg 768w, https:\/\/creston.com.mx\/wp-content\/uploads\/2026\/02\/IMG-20260218-WA0018-1229x1536.jpg 1229w, https:\/\/creston.com.mx\/wp-content\/uploads\/2026\/02\/IMG-20260218-WA0018.jpg 1280w\" sizes=\"(max-width: 819px) 100vw, 819px\" \/><\/a><\/figure>\n<\/div>","protected":false},"excerpt":{"rendered":"<p>. Es galardonada a la Medalla al M\u00e9rito Musical es docente investigadora y ser\u00e1 en honor a su trayectoria en la investigaci\u00f3n, ense\u00f1anza y divulgaci\u00f3n musical. . La cantante concertista,&hellip; <\/p>\n","protected":false},"author":1,"featured_media":3226,"comment_status":"open","ping_status":"closed","sticky":false,"template":"","format":"standard","meta":{"_jetpack_memberships_contains_paid_content":false,"footnotes":""},"categories":[4],"tags":[],"class_list":["post-3224","post","type-post","status-publish","format-standard","has-post-thumbnail","hentry","category-informacion-general"],"yoast_head":"<!-- This site is optimized with the Yoast SEO plugin v24.2 - https:\/\/yoast.com\/wordpress\/plugins\/seo\/ -->\n<title>Sonia Medrano recibir\u00e1 la Medalla \u201cCandelario Hu\u00edzar\u201d 2026 - Peri\u00f3dico Digital de Zacatecas<\/title>\n<meta name=\"robots\" content=\"index, follow, max-snippet:-1, max-image-preview:large, max-video-preview:-1\" \/>\n<link rel=\"canonical\" href=\"https:\/\/creston.com.mx\/index.php\/04\/sonia-medrano-recibira-la-medalla-candelario-huizar-2026\/informacion-general\/2026\/\" \/>\n<meta property=\"og:locale\" content=\"es_ES\" \/>\n<meta property=\"og:type\" content=\"article\" \/>\n<meta property=\"og:title\" content=\"Sonia Medrano recibir\u00e1 la Medalla \u201cCandelario Hu\u00edzar\u201d 2026 - Peri\u00f3dico Digital de Zacatecas\" \/>\n<meta property=\"og:description\" content=\". Es galardonada a la Medalla al M\u00e9rito Musical es docente investigadora y ser\u00e1 en honor a su trayectoria en la investigaci\u00f3n, ense\u00f1anza y divulgaci\u00f3n musical. . La cantante concertista,&hellip;\" \/>\n<meta property=\"og:url\" content=\"https:\/\/creston.com.mx\/index.php\/04\/sonia-medrano-recibira-la-medalla-candelario-huizar-2026\/informacion-general\/2026\/\" \/>\n<meta property=\"og:site_name\" content=\"Peri\u00f3dico Digital de Zacatecas\" \/>\n<meta property=\"article:published_time\" content=\"2026-04-28T01:02:00+00:00\" \/>\n<meta property=\"article:modified_time\" content=\"2026-04-28T04:30:21+00:00\" \/>\n<meta property=\"og:image\" content=\"https:\/\/creston.com.mx\/wp-content\/uploads\/2026\/04\/Sonia-Medrano-recibira-Medalla-Merito-Musical-3.jpeg\" \/>\n\t<meta property=\"og:image:width\" content=\"720\" \/>\n\t<meta property=\"og:image:height\" content=\"540\" \/>\n\t<meta property=\"og:image:type\" content=\"image\/jpeg\" \/>\n<meta name=\"author\" content=\"Periodico Creston\" \/>\n<meta name=\"twitter:card\" content=\"summary_large_image\" \/>\n<meta name=\"twitter:label1\" content=\"Escrito por\" \/>\n\t<meta name=\"twitter:data1\" content=\"Periodico Creston\" \/>\n\t<meta name=\"twitter:label2\" content=\"Tiempo de lectura\" \/>\n\t<meta name=\"twitter:data2\" content=\"4 minutos\" \/>\n<script type=\"application\/ld+json\" class=\"yoast-schema-graph\">{\"@context\":\"https:\/\/schema.org\",\"@graph\":[{\"@type\":\"Article\",\"@id\":\"https:\/\/creston.com.mx\/index.php\/04\/sonia-medrano-recibira-la-medalla-candelario-huizar-2026\/informacion-general\/2026\/#article\",\"isPartOf\":{\"@id\":\"https:\/\/creston.com.mx\/index.php\/04\/sonia-medrano-recibira-la-medalla-candelario-huizar-2026\/informacion-general\/2026\/\"},\"author\":{\"name\":\"Periodico Creston\",\"@id\":\"https:\/\/creston.com.mx\/#\/schema\/person\/01f2ce9e289bc5300c759925ef768c1d\"},\"headline\":\"Sonia Medrano recibir\u00e1 la Medalla \u201cCandelario Hu\u00edzar\u201d 2026\",\"datePublished\":\"2026-04-28T01:02:00+00:00\",\"dateModified\":\"2026-04-28T04:30:21+00:00\",\"mainEntityOfPage\":{\"@id\":\"https:\/\/creston.com.mx\/index.php\/04\/sonia-medrano-recibira-la-medalla-candelario-huizar-2026\/informacion-general\/2026\/\"},\"wordCount\":574,\"commentCount\":0,\"publisher\":{\"@id\":\"https:\/\/creston.com.mx\/#organization\"},\"image\":{\"@id\":\"https:\/\/creston.com.mx\/index.php\/04\/sonia-medrano-recibira-la-medalla-candelario-huizar-2026\/informacion-general\/2026\/#primaryimage\"},\"thumbnailUrl\":\"https:\/\/creston.com.mx\/wp-content\/uploads\/2026\/04\/Sonia-Medrano-recibira-Medalla-Merito-Musical-3.jpeg\",\"articleSection\":[\"Informaci\u00f3n General\"],\"inLanguage\":\"es\",\"potentialAction\":[{\"@type\":\"CommentAction\",\"name\":\"Comment\",\"target\":[\"https:\/\/creston.com.mx\/index.php\/04\/sonia-medrano-recibira-la-medalla-candelario-huizar-2026\/informacion-general\/2026\/#respond\"]}]},{\"@type\":\"WebPage\",\"@id\":\"https:\/\/creston.com.mx\/index.php\/04\/sonia-medrano-recibira-la-medalla-candelario-huizar-2026\/informacion-general\/2026\/\",\"url\":\"https:\/\/creston.com.mx\/index.php\/04\/sonia-medrano-recibira-la-medalla-candelario-huizar-2026\/informacion-general\/2026\/\",\"name\":\"Sonia Medrano recibir\u00e1 la Medalla \u201cCandelario Hu\u00edzar\u201d 2026 - Peri\u00f3dico Digital de Zacatecas\",\"isPartOf\":{\"@id\":\"https:\/\/creston.com.mx\/#website\"},\"primaryImageOfPage\":{\"@id\":\"https:\/\/creston.com.mx\/index.php\/04\/sonia-medrano-recibira-la-medalla-candelario-huizar-2026\/informacion-general\/2026\/#primaryimage\"},\"image\":{\"@id\":\"https:\/\/creston.com.mx\/index.php\/04\/sonia-medrano-recibira-la-medalla-candelario-huizar-2026\/informacion-general\/2026\/#primaryimage\"},\"thumbnailUrl\":\"https:\/\/creston.com.mx\/wp-content\/uploads\/2026\/04\/Sonia-Medrano-recibira-Medalla-Merito-Musical-3.jpeg\",\"datePublished\":\"2026-04-28T01:02:00+00:00\",\"dateModified\":\"2026-04-28T04:30:21+00:00\",\"breadcrumb\":{\"@id\":\"https:\/\/creston.com.mx\/index.php\/04\/sonia-medrano-recibira-la-medalla-candelario-huizar-2026\/informacion-general\/2026\/#breadcrumb\"},\"inLanguage\":\"es\",\"potentialAction\":[{\"@type\":\"ReadAction\",\"target\":[\"https:\/\/creston.com.mx\/index.php\/04\/sonia-medrano-recibira-la-medalla-candelario-huizar-2026\/informacion-general\/2026\/\"]}]},{\"@type\":\"ImageObject\",\"inLanguage\":\"es\",\"@id\":\"https:\/\/creston.com.mx\/index.php\/04\/sonia-medrano-recibira-la-medalla-candelario-huizar-2026\/informacion-general\/2026\/#primaryimage\",\"url\":\"https:\/\/creston.com.mx\/wp-content\/uploads\/2026\/04\/Sonia-Medrano-recibira-Medalla-Merito-Musical-3.jpeg\",\"contentUrl\":\"https:\/\/creston.com.mx\/wp-content\/uploads\/2026\/04\/Sonia-Medrano-recibira-Medalla-Merito-Musical-3.jpeg\",\"width\":720,\"height\":540},{\"@type\":\"BreadcrumbList\",\"@id\":\"https:\/\/creston.com.mx\/index.php\/04\/sonia-medrano-recibira-la-medalla-candelario-huizar-2026\/informacion-general\/2026\/#breadcrumb\",\"itemListElement\":[{\"@type\":\"ListItem\",\"position\":1,\"name\":\"Portada\",\"item\":\"https:\/\/creston.com.mx\/\"},{\"@type\":\"ListItem\",\"position\":2,\"name\":\"Sonia Medrano recibir\u00e1 la Medalla \u201cCandelario Hu\u00edzar\u201d 2026\"}]},{\"@type\":\"WebSite\",\"@id\":\"https:\/\/creston.com.mx\/#website\",\"url\":\"https:\/\/creston.com.mx\/\",\"name\":\"Peri\u00f3dico Digital de Zacatecas\",\"description\":\"\",\"publisher\":{\"@id\":\"https:\/\/creston.com.mx\/#organization\"},\"potentialAction\":[{\"@type\":\"SearchAction\",\"target\":{\"@type\":\"EntryPoint\",\"urlTemplate\":\"https:\/\/creston.com.mx\/?s={search_term_string}\"},\"query-input\":{\"@type\":\"PropertyValueSpecification\",\"valueRequired\":true,\"valueName\":\"search_term_string\"}}],\"inLanguage\":\"es\"},{\"@type\":\"Organization\",\"@id\":\"https:\/\/creston.com.mx\/#organization\",\"name\":\"Peri\u00f3dico Digital de Zacatecas\",\"url\":\"https:\/\/creston.com.mx\/\",\"logo\":{\"@type\":\"ImageObject\",\"inLanguage\":\"es\",\"@id\":\"https:\/\/creston.com.mx\/#\/schema\/logo\/image\/\",\"url\":\"https:\/\/creston.com.mx\/wp-content\/uploads\/2026\/02\/cropped-Logo-Creston2.jpg\",\"contentUrl\":\"https:\/\/creston.com.mx\/wp-content\/uploads\/2026\/02\/cropped-Logo-Creston2.jpg\",\"width\":503,\"height\":194,\"caption\":\"Peri\u00f3dico Digital  de Zacatecas\"},\"image\":{\"@id\":\"https:\/\/creston.com.mx\/#\/schema\/logo\/image\/\"}},{\"@type\":\"Person\",\"@id\":\"https:\/\/creston.com.mx\/#\/schema\/person\/01f2ce9e289bc5300c759925ef768c1d\",\"name\":\"Periodico Creston\",\"image\":{\"@type\":\"ImageObject\",\"inLanguage\":\"es\",\"@id\":\"https:\/\/creston.com.mx\/#\/schema\/person\/image\/\",\"url\":\"https:\/\/secure.gravatar.com\/avatar\/c91eac1cf0d45897b6d294d474aa7713a194d460be0aaf72157553d050cda1c1?s=96&d=mm&r=g\",\"contentUrl\":\"https:\/\/secure.gravatar.com\/avatar\/c91eac1cf0d45897b6d294d474aa7713a194d460be0aaf72157553d050cda1c1?s=96&d=mm&r=g\",\"caption\":\"Periodico Creston\"},\"sameAs\":[\"https:\/\/creston.com.mx\"],\"url\":\"https:\/\/creston.com.mx\/index.php\/author\/cstnalja96\/\"}]}<\/script>\n<!-- \/ Yoast SEO plugin. -->","yoast_head_json":{"title":"Sonia Medrano recibir\u00e1 la Medalla \u201cCandelario Hu\u00edzar\u201d 2026 - Peri\u00f3dico Digital de Zacatecas","robots":{"index":"index","follow":"follow","max-snippet":"max-snippet:-1","max-image-preview":"max-image-preview:large","max-video-preview":"max-video-preview:-1"},"canonical":"https:\/\/creston.com.mx\/index.php\/04\/sonia-medrano-recibira-la-medalla-candelario-huizar-2026\/informacion-general\/2026\/","og_locale":"es_ES","og_type":"article","og_title":"Sonia Medrano recibir\u00e1 la Medalla \u201cCandelario Hu\u00edzar\u201d 2026 - Peri\u00f3dico Digital de Zacatecas","og_description":". Es galardonada a la Medalla al M\u00e9rito Musical es docente investigadora y ser\u00e1 en honor a su trayectoria en la investigaci\u00f3n, ense\u00f1anza y divulgaci\u00f3n musical. . La cantante concertista,&hellip;","og_url":"https:\/\/creston.com.mx\/index.php\/04\/sonia-medrano-recibira-la-medalla-candelario-huizar-2026\/informacion-general\/2026\/","og_site_name":"Peri\u00f3dico Digital de Zacatecas","article_published_time":"2026-04-28T01:02:00+00:00","article_modified_time":"2026-04-28T04:30:21+00:00","og_image":[{"width":720,"height":540,"url":"https:\/\/creston.com.mx\/wp-content\/uploads\/2026\/04\/Sonia-Medrano-recibira-Medalla-Merito-Musical-3.jpeg","type":"image\/jpeg"}],"author":"Periodico Creston","twitter_card":"summary_large_image","twitter_misc":{"Escrito por":"Periodico Creston","Tiempo de lectura":"4 minutos"},"schema":{"@context":"https:\/\/schema.org","@graph":[{"@type":"Article","@id":"https:\/\/creston.com.mx\/index.php\/04\/sonia-medrano-recibira-la-medalla-candelario-huizar-2026\/informacion-general\/2026\/#article","isPartOf":{"@id":"https:\/\/creston.com.mx\/index.php\/04\/sonia-medrano-recibira-la-medalla-candelario-huizar-2026\/informacion-general\/2026\/"},"author":{"name":"Periodico Creston","@id":"https:\/\/creston.com.mx\/#\/schema\/person\/01f2ce9e289bc5300c759925ef768c1d"},"headline":"Sonia Medrano recibir\u00e1 la Medalla \u201cCandelario Hu\u00edzar\u201d 2026","datePublished":"2026-04-28T01:02:00+00:00","dateModified":"2026-04-28T04:30:21+00:00","mainEntityOfPage":{"@id":"https:\/\/creston.com.mx\/index.php\/04\/sonia-medrano-recibira-la-medalla-candelario-huizar-2026\/informacion-general\/2026\/"},"wordCount":574,"commentCount":0,"publisher":{"@id":"https:\/\/creston.com.mx\/#organization"},"image":{"@id":"https:\/\/creston.com.mx\/index.php\/04\/sonia-medrano-recibira-la-medalla-candelario-huizar-2026\/informacion-general\/2026\/#primaryimage"},"thumbnailUrl":"https:\/\/creston.com.mx\/wp-content\/uploads\/2026\/04\/Sonia-Medrano-recibira-Medalla-Merito-Musical-3.jpeg","articleSection":["Informaci\u00f3n General"],"inLanguage":"es","potentialAction":[{"@type":"CommentAction","name":"Comment","target":["https:\/\/creston.com.mx\/index.php\/04\/sonia-medrano-recibira-la-medalla-candelario-huizar-2026\/informacion-general\/2026\/#respond"]}]},{"@type":"WebPage","@id":"https:\/\/creston.com.mx\/index.php\/04\/sonia-medrano-recibira-la-medalla-candelario-huizar-2026\/informacion-general\/2026\/","url":"https:\/\/creston.com.mx\/index.php\/04\/sonia-medrano-recibira-la-medalla-candelario-huizar-2026\/informacion-general\/2026\/","name":"Sonia Medrano recibir\u00e1 la Medalla \u201cCandelario Hu\u00edzar\u201d 2026 - Peri\u00f3dico Digital de Zacatecas","isPartOf":{"@id":"https:\/\/creston.com.mx\/#website"},"primaryImageOfPage":{"@id":"https:\/\/creston.com.mx\/index.php\/04\/sonia-medrano-recibira-la-medalla-candelario-huizar-2026\/informacion-general\/2026\/#primaryimage"},"image":{"@id":"https:\/\/creston.com.mx\/index.php\/04\/sonia-medrano-recibira-la-medalla-candelario-huizar-2026\/informacion-general\/2026\/#primaryimage"},"thumbnailUrl":"https:\/\/creston.com.mx\/wp-content\/uploads\/2026\/04\/Sonia-Medrano-recibira-Medalla-Merito-Musical-3.jpeg","datePublished":"2026-04-28T01:02:00+00:00","dateModified":"2026-04-28T04:30:21+00:00","breadcrumb":{"@id":"https:\/\/creston.com.mx\/index.php\/04\/sonia-medrano-recibira-la-medalla-candelario-huizar-2026\/informacion-general\/2026\/#breadcrumb"},"inLanguage":"es","potentialAction":[{"@type":"ReadAction","target":["https:\/\/creston.com.mx\/index.php\/04\/sonia-medrano-recibira-la-medalla-candelario-huizar-2026\/informacion-general\/2026\/"]}]},{"@type":"ImageObject","inLanguage":"es","@id":"https:\/\/creston.com.mx\/index.php\/04\/sonia-medrano-recibira-la-medalla-candelario-huizar-2026\/informacion-general\/2026\/#primaryimage","url":"https:\/\/creston.com.mx\/wp-content\/uploads\/2026\/04\/Sonia-Medrano-recibira-Medalla-Merito-Musical-3.jpeg","contentUrl":"https:\/\/creston.com.mx\/wp-content\/uploads\/2026\/04\/Sonia-Medrano-recibira-Medalla-Merito-Musical-3.jpeg","width":720,"height":540},{"@type":"BreadcrumbList","@id":"https:\/\/creston.com.mx\/index.php\/04\/sonia-medrano-recibira-la-medalla-candelario-huizar-2026\/informacion-general\/2026\/#breadcrumb","itemListElement":[{"@type":"ListItem","position":1,"name":"Portada","item":"https:\/\/creston.com.mx\/"},{"@type":"ListItem","position":2,"name":"Sonia Medrano recibir\u00e1 la Medalla \u201cCandelario Hu\u00edzar\u201d 2026"}]},{"@type":"WebSite","@id":"https:\/\/creston.com.mx\/#website","url":"https:\/\/creston.com.mx\/","name":"Peri\u00f3dico Digital de Zacatecas","description":"","publisher":{"@id":"https:\/\/creston.com.mx\/#organization"},"potentialAction":[{"@type":"SearchAction","target":{"@type":"EntryPoint","urlTemplate":"https:\/\/creston.com.mx\/?s={search_term_string}"},"query-input":{"@type":"PropertyValueSpecification","valueRequired":true,"valueName":"search_term_string"}}],"inLanguage":"es"},{"@type":"Organization","@id":"https:\/\/creston.com.mx\/#organization","name":"Peri\u00f3dico Digital de Zacatecas","url":"https:\/\/creston.com.mx\/","logo":{"@type":"ImageObject","inLanguage":"es","@id":"https:\/\/creston.com.mx\/#\/schema\/logo\/image\/","url":"https:\/\/creston.com.mx\/wp-content\/uploads\/2026\/02\/cropped-Logo-Creston2.jpg","contentUrl":"https:\/\/creston.com.mx\/wp-content\/uploads\/2026\/02\/cropped-Logo-Creston2.jpg","width":503,"height":194,"caption":"Peri\u00f3dico Digital  de Zacatecas"},"image":{"@id":"https:\/\/creston.com.mx\/#\/schema\/logo\/image\/"}},{"@type":"Person","@id":"https:\/\/creston.com.mx\/#\/schema\/person\/01f2ce9e289bc5300c759925ef768c1d","name":"Periodico Creston","image":{"@type":"ImageObject","inLanguage":"es","@id":"https:\/\/creston.com.mx\/#\/schema\/person\/image\/","url":"https:\/\/secure.gravatar.com\/avatar\/c91eac1cf0d45897b6d294d474aa7713a194d460be0aaf72157553d050cda1c1?s=96&d=mm&r=g","contentUrl":"https:\/\/secure.gravatar.com\/avatar\/c91eac1cf0d45897b6d294d474aa7713a194d460be0aaf72157553d050cda1c1?s=96&d=mm&r=g","caption":"Periodico Creston"},"sameAs":["https:\/\/creston.com.mx"],"url":"https:\/\/creston.com.mx\/index.php\/author\/cstnalja96\/"}]}},"jetpack_sharing_enabled":true,"jetpack_featured_media_url":"https:\/\/creston.com.mx\/wp-content\/uploads\/2026\/04\/Sonia-Medrano-recibira-Medalla-Merito-Musical-3.jpeg","_links":{"self":[{"href":"https:\/\/creston.com.mx\/index.php\/wp-json\/wp\/v2\/posts\/3224","targetHints":{"allow":["GET"]}}],"collection":[{"href":"https:\/\/creston.com.mx\/index.php\/wp-json\/wp\/v2\/posts"}],"about":[{"href":"https:\/\/creston.com.mx\/index.php\/wp-json\/wp\/v2\/types\/post"}],"author":[{"embeddable":true,"href":"https:\/\/creston.com.mx\/index.php\/wp-json\/wp\/v2\/users\/1"}],"replies":[{"embeddable":true,"href":"https:\/\/creston.com.mx\/index.php\/wp-json\/wp\/v2\/comments?post=3224"}],"version-history":[{"count":1,"href":"https:\/\/creston.com.mx\/index.php\/wp-json\/wp\/v2\/posts\/3224\/revisions"}],"predecessor-version":[{"id":3227,"href":"https:\/\/creston.com.mx\/index.php\/wp-json\/wp\/v2\/posts\/3224\/revisions\/3227"}],"wp:featuredmedia":[{"embeddable":true,"href":"https:\/\/creston.com.mx\/index.php\/wp-json\/wp\/v2\/media\/3226"}],"wp:attachment":[{"href":"https:\/\/creston.com.mx\/index.php\/wp-json\/wp\/v2\/media?parent=3224"}],"wp:term":[{"taxonomy":"category","embeddable":true,"href":"https:\/\/creston.com.mx\/index.php\/wp-json\/wp\/v2\/categories?post=3224"},{"taxonomy":"post_tag","embeddable":true,"href":"https:\/\/creston.com.mx\/index.php\/wp-json\/wp\/v2\/tags?post=3224"}],"curies":[{"name":"wp","href":"https:\/\/api.w.org\/{rel}","templated":true}]}}