{"id":3219,"date":"2026-04-27T20:04:00","date_gmt":"2026-04-28T01:04:00","guid":{"rendered":"https:\/\/creston.com.mx\/?p=3219"},"modified":"2026-04-27T23:23:06","modified_gmt":"2026-04-28T04:23:06","slug":"impulsan-el-emprendimiento-joven-como-motor-de-desarrollo","status":"publish","type":"post","link":"https:\/\/creston.com.mx\/index.php\/04\/impulsan-el-emprendimiento-joven-como-motor-de-desarrollo\/politica\/2026\/","title":{"rendered":"Impulsan el emprendimiento joven como motor de desarrollo"},"content":{"rendered":"\n<p>.<\/p>\n\n\n\n<p class=\"has-medium-font-size\"><strong><em>Ulises Mej\u00eda Haro comparti\u00f3 con la comunidad universitaria de la Universidad Aut\u00f3noma de Durango la charla \u201cEL ABC de los negocios: el esp\u00edritu emprendedor\u201d.<\/em><\/strong><\/p>\n\n\n\n<p>.<\/p>\n\n\n\n<p>Con el objetivo de fortalecer la cultura emprendedora entre las juventudes, el diputado federal y empresario zacatecano Ulises Mej\u00eda Haro comparti\u00f3 con la comunidad universitaria de la Universidad Aut\u00f3noma de Durango la charla \u201cABC de los negocios: el esp\u00edritu emprendedor\u201d, donde expuso herramientas pr\u00e1cticas para iniciar, consolidar y hacer crecer proyectos productivos desde una visi\u00f3n cercana al territorio.<\/p>\n\n\n<div class=\"wp-block-image\">\n<figure class=\"alignright size-large is-resized\"><img fetchpriority=\"high\" decoding=\"async\" width=\"1024\" height=\"1024\" src=\"https:\/\/creston.com.mx\/wp-content\/uploads\/2026\/04\/Ulises-confer-uni-dgo-2-1024x1024.jpeg\" alt=\"\" class=\"wp-image-3222\" style=\"width:507px;height:auto\" srcset=\"https:\/\/creston.com.mx\/wp-content\/uploads\/2026\/04\/Ulises-confer-uni-dgo-2-1024x1024.jpeg 1024w, https:\/\/creston.com.mx\/wp-content\/uploads\/2026\/04\/Ulises-confer-uni-dgo-2-300x300.jpeg 300w, https:\/\/creston.com.mx\/wp-content\/uploads\/2026\/04\/Ulises-confer-uni-dgo-2-150x150.jpeg 150w, https:\/\/creston.com.mx\/wp-content\/uploads\/2026\/04\/Ulises-confer-uni-dgo-2-768x768.jpeg 768w, https:\/\/creston.com.mx\/wp-content\/uploads\/2026\/04\/Ulises-confer-uni-dgo-2.jpeg 1440w\" sizes=\"(max-width: 1024px) 100vw, 1024px\" \/><\/figure>\n<\/div>\n\n\n<p>Durante el encuentro, destac\u00f3 que el emprendimiento es una v\u00eda para generar empleo, innovaci\u00f3n y bienestar social, y subray\u00f3 que el \u00e9xito no depende de la suerte, sino de la preparaci\u00f3n, la disciplina y la constancia. \u201cHoy necesitamos j\u00f3venes que se atrevan a transformar ideas en oportunidades, con visi\u00f3n y compromiso desde su entorno\u201d, expres\u00f3.<\/p>\n\n\n\n<p>En la charla, se abordaron puntos clave como la claridad en la idea de negocio, la planeaci\u00f3n estrat\u00e9gica, la disciplina financiera y la resiliencia ante los retos. Tambi\u00e9n se resalt\u00f3 el uso de herramientas digitales para ampliar mercados, as\u00ed como la importancia de construir redes de apoyo que fortalezcan los proyectos y abran nuevas oportunidades.<\/p>\n\n\n<div class=\"wp-block-image\">\n<figure class=\"alignright size-full is-resized\"><img decoding=\"async\" width=\"972\" height=\"705\" src=\"https:\/\/creston.com.mx\/wp-content\/uploads\/2026\/04\/Ulises-confer-uni-dgo-6.jpeg\" alt=\"\" class=\"wp-image-3221\" style=\"aspect-ratio:1.3787247425112037;width:552px;height:auto\" srcset=\"https:\/\/creston.com.mx\/wp-content\/uploads\/2026\/04\/Ulises-confer-uni-dgo-6.jpeg 972w, https:\/\/creston.com.mx\/wp-content\/uploads\/2026\/04\/Ulises-confer-uni-dgo-6-300x218.jpeg 300w, https:\/\/creston.com.mx\/wp-content\/uploads\/2026\/04\/Ulises-confer-uni-dgo-6-768x557.jpeg 768w\" sizes=\"(max-width: 972px) 100vw, 972px\" \/><\/figure>\n<\/div>\n\n\n<p>Ulises Mej\u00eda Haro enfatiz\u00f3 que desde el Congreso de la Uni\u00f3n se impulsa una agenda para fortalecer a las micro, peque\u00f1as y medianas empresas, facilitando el acceso a financiamiento, capacitaci\u00f3n y nuevos canales de comercializaci\u00f3n, en coordinaci\u00f3n con la visi\u00f3n de desarrollo econ\u00f3mico que promueve la presidenta Claudia Sheinbaum. <\/p>\n\n\n<div class=\"wp-block-image\">\n<figure class=\"alignright size-large is-resized\"><img decoding=\"async\" width=\"1024\" height=\"768\" src=\"https:\/\/creston.com.mx\/wp-content\/uploads\/2026\/04\/Anun-3T-1-1024x768.jpeg\" alt=\"\" class=\"wp-image-3193\" style=\"width:510px;height:auto\" srcset=\"https:\/\/creston.com.mx\/wp-content\/uploads\/2026\/04\/Anun-3T-1-1024x768.jpeg 1024w, https:\/\/creston.com.mx\/wp-content\/uploads\/2026\/04\/Anun-3T-1-300x225.jpeg 300w, https:\/\/creston.com.mx\/wp-content\/uploads\/2026\/04\/Anun-3T-1-768x576.jpeg 768w, https:\/\/creston.com.mx\/wp-content\/uploads\/2026\/04\/Anun-3T-1.jpeg 1448w\" sizes=\"(max-width: 1024px) 100vw, 1024px\" \/><\/figure>\n<\/div>\n\n\n<p>Con una s\u00f3lida formaci\u00f3n acad\u00e9mica en administraci\u00f3n de empresas y administraci\u00f3n p\u00fablica, que incluye dos licenciaturas, dos maestr\u00edas y un doctorado, as\u00ed como una trayectoria empresarial de cerca de 20 a\u00f1os generando m\u00e1s de 150 empleos directos en Zacatecas en los sectores gastron\u00f3mico y farmac\u00e9utico, Ulises Mej\u00eda Haro se ha consolidado como un promotor activo del emprendimiento. <\/p>\n\n\n\n<p>Como conferencista en temas de negocios, reiter\u00f3 su compromiso de seguir impulsando a las juventudes para que conviertan sus ideas en proyectos productivos.<\/p>\n\n\n\n<p>.<\/p>\n\n\n\n\n\n<p>.<\/p>\n\n\n<div class=\"wp-block-image\">\n<figure class=\"aligncenter size-large is-resized\"><img loading=\"lazy\" decoding=\"async\" width=\"1024\" height=\"1024\" src=\"https:\/\/creston.com.mx\/wp-content\/uploads\/2026\/04\/Anun-3T-4-1024x1024.jpeg\" alt=\"\" class=\"wp-image-3197\" style=\"width:616px;height:auto\" srcset=\"https:\/\/creston.com.mx\/wp-content\/uploads\/2026\/04\/Anun-3T-4-1024x1024.jpeg 1024w, https:\/\/creston.com.mx\/wp-content\/uploads\/2026\/04\/Anun-3T-4-300x300.jpeg 300w, https:\/\/creston.com.mx\/wp-content\/uploads\/2026\/04\/Anun-3T-4-150x150.jpeg 150w, https:\/\/creston.com.mx\/wp-content\/uploads\/2026\/04\/Anun-3T-4-768x768.jpeg 768w, https:\/\/creston.com.mx\/wp-content\/uploads\/2026\/04\/Anun-3T-4.jpeg 1254w\" sizes=\"(max-width: 1024px) 100vw, 1024px\" \/><\/figure>\n<\/div>","protected":false},"excerpt":{"rendered":"<p>. Ulises Mej\u00eda Haro comparti\u00f3 con la comunidad universitaria de la Universidad Aut\u00f3noma de Durango la charla \u201cEL ABC de los negocios: el esp\u00edritu emprendedor\u201d. . Con el objetivo de&hellip; <\/p>\n","protected":false},"author":1,"featured_media":3220,"comment_status":"open","ping_status":"closed","sticky":false,"template":"","format":"standard","meta":{"_jetpack_memberships_contains_paid_content":false,"footnotes":""},"categories":[2],"tags":[],"class_list":["post-3219","post","type-post","status-publish","format-standard","has-post-thumbnail","hentry","category-politica"],"yoast_head":"<!-- This site is optimized with the Yoast SEO plugin v24.2 - https:\/\/yoast.com\/wordpress\/plugins\/seo\/ -->\n<title>Impulsan el emprendimiento joven como motor de desarrollo - Peri\u00f3dico Digital de Zacatecas<\/title>\n<meta name=\"robots\" content=\"index, follow, max-snippet:-1, max-image-preview:large, max-video-preview:-1\" \/>\n<link rel=\"canonical\" href=\"https:\/\/creston.com.mx\/index.php\/04\/impulsan-el-emprendimiento-joven-como-motor-de-desarrollo\/politica\/2026\/\" \/>\n<meta property=\"og:locale\" content=\"es_ES\" \/>\n<meta property=\"og:type\" content=\"article\" \/>\n<meta property=\"og:title\" content=\"Impulsan el emprendimiento joven como motor de desarrollo - Peri\u00f3dico Digital de Zacatecas\" \/>\n<meta property=\"og:description\" content=\". Ulises Mej\u00eda Haro comparti\u00f3 con la comunidad universitaria de la Universidad Aut\u00f3noma de Durango la charla \u201cEL ABC de los negocios: el esp\u00edritu emprendedor\u201d. . Con el objetivo de&hellip;\" \/>\n<meta property=\"og:url\" content=\"https:\/\/creston.com.mx\/index.php\/04\/impulsan-el-emprendimiento-joven-como-motor-de-desarrollo\/politica\/2026\/\" \/>\n<meta property=\"og:site_name\" content=\"Peri\u00f3dico Digital de Zacatecas\" \/>\n<meta property=\"article:published_time\" content=\"2026-04-28T01:04:00+00:00\" \/>\n<meta property=\"article:modified_time\" content=\"2026-04-28T04:23:06+00:00\" \/>\n<meta property=\"og:image\" content=\"https:\/\/creston.com.mx\/wp-content\/uploads\/2026\/04\/Ulises-confer-uni-dgo-4.jpeg\" \/>\n\t<meta property=\"og:image:width\" content=\"1440\" \/>\n\t<meta property=\"og:image:height\" content=\"1440\" \/>\n\t<meta property=\"og:image:type\" content=\"image\/jpeg\" \/>\n<meta name=\"author\" content=\"Periodico Creston\" \/>\n<meta name=\"twitter:card\" content=\"summary_large_image\" \/>\n<meta name=\"twitter:label1\" content=\"Escrito por\" \/>\n\t<meta name=\"twitter:data1\" content=\"Periodico Creston\" \/>\n\t<meta name=\"twitter:label2\" content=\"Tiempo de lectura\" \/>\n\t<meta name=\"twitter:data2\" content=\"3 minutos\" \/>\n<script type=\"application\/ld+json\" class=\"yoast-schema-graph\">{\"@context\":\"https:\/\/schema.org\",\"@graph\":[{\"@type\":\"Article\",\"@id\":\"https:\/\/creston.com.mx\/index.php\/04\/impulsan-el-emprendimiento-joven-como-motor-de-desarrollo\/politica\/2026\/#article\",\"isPartOf\":{\"@id\":\"https:\/\/creston.com.mx\/index.php\/04\/impulsan-el-emprendimiento-joven-como-motor-de-desarrollo\/politica\/2026\/\"},\"author\":{\"name\":\"Periodico Creston\",\"@id\":\"https:\/\/creston.com.mx\/#\/schema\/person\/01f2ce9e289bc5300c759925ef768c1d\"},\"headline\":\"Impulsan el emprendimiento joven como motor de desarrollo\",\"datePublished\":\"2026-04-28T01:04:00+00:00\",\"dateModified\":\"2026-04-28T04:23:06+00:00\",\"mainEntityOfPage\":{\"@id\":\"https:\/\/creston.com.mx\/index.php\/04\/impulsan-el-emprendimiento-joven-como-motor-de-desarrollo\/politica\/2026\/\"},\"wordCount\":363,\"commentCount\":0,\"publisher\":{\"@id\":\"https:\/\/creston.com.mx\/#organization\"},\"image\":{\"@id\":\"https:\/\/creston.com.mx\/index.php\/04\/impulsan-el-emprendimiento-joven-como-motor-de-desarrollo\/politica\/2026\/#primaryimage\"},\"thumbnailUrl\":\"https:\/\/creston.com.mx\/wp-content\/uploads\/2026\/04\/Ulises-confer-uni-dgo-4.jpeg\",\"articleSection\":[\"Pol\u00edtica\"],\"inLanguage\":\"es\",\"potentialAction\":[{\"@type\":\"CommentAction\",\"name\":\"Comment\",\"target\":[\"https:\/\/creston.com.mx\/index.php\/04\/impulsan-el-emprendimiento-joven-como-motor-de-desarrollo\/politica\/2026\/#respond\"]}]},{\"@type\":\"WebPage\",\"@id\":\"https:\/\/creston.com.mx\/index.php\/04\/impulsan-el-emprendimiento-joven-como-motor-de-desarrollo\/politica\/2026\/\",\"url\":\"https:\/\/creston.com.mx\/index.php\/04\/impulsan-el-emprendimiento-joven-como-motor-de-desarrollo\/politica\/2026\/\",\"name\":\"Impulsan el emprendimiento joven como motor de desarrollo - Peri\u00f3dico Digital de Zacatecas\",\"isPartOf\":{\"@id\":\"https:\/\/creston.com.mx\/#website\"},\"primaryImageOfPage\":{\"@id\":\"https:\/\/creston.com.mx\/index.php\/04\/impulsan-el-emprendimiento-joven-como-motor-de-desarrollo\/politica\/2026\/#primaryimage\"},\"image\":{\"@id\":\"https:\/\/creston.com.mx\/index.php\/04\/impulsan-el-emprendimiento-joven-como-motor-de-desarrollo\/politica\/2026\/#primaryimage\"},\"thumbnailUrl\":\"https:\/\/creston.com.mx\/wp-content\/uploads\/2026\/04\/Ulises-confer-uni-dgo-4.jpeg\",\"datePublished\":\"2026-04-28T01:04:00+00:00\",\"dateModified\":\"2026-04-28T04:23:06+00:00\",\"breadcrumb\":{\"@id\":\"https:\/\/creston.com.mx\/index.php\/04\/impulsan-el-emprendimiento-joven-como-motor-de-desarrollo\/politica\/2026\/#breadcrumb\"},\"inLanguage\":\"es\",\"potentialAction\":[{\"@type\":\"ReadAction\",\"target\":[\"https:\/\/creston.com.mx\/index.php\/04\/impulsan-el-emprendimiento-joven-como-motor-de-desarrollo\/politica\/2026\/\"]}]},{\"@type\":\"ImageObject\",\"inLanguage\":\"es\",\"@id\":\"https:\/\/creston.com.mx\/index.php\/04\/impulsan-el-emprendimiento-joven-como-motor-de-desarrollo\/politica\/2026\/#primaryimage\",\"url\":\"https:\/\/creston.com.mx\/wp-content\/uploads\/2026\/04\/Ulises-confer-uni-dgo-4.jpeg\",\"contentUrl\":\"https:\/\/creston.com.mx\/wp-content\/uploads\/2026\/04\/Ulises-confer-uni-dgo-4.jpeg\",\"width\":1440,\"height\":1440},{\"@type\":\"BreadcrumbList\",\"@id\":\"https:\/\/creston.com.mx\/index.php\/04\/impulsan-el-emprendimiento-joven-como-motor-de-desarrollo\/politica\/2026\/#breadcrumb\",\"itemListElement\":[{\"@type\":\"ListItem\",\"position\":1,\"name\":\"Portada\",\"item\":\"https:\/\/creston.com.mx\/\"},{\"@type\":\"ListItem\",\"position\":2,\"name\":\"Impulsan el emprendimiento joven como motor de desarrollo\"}]},{\"@type\":\"WebSite\",\"@id\":\"https:\/\/creston.com.mx\/#website\",\"url\":\"https:\/\/creston.com.mx\/\",\"name\":\"Peri\u00f3dico Digital de Zacatecas\",\"description\":\"\",\"publisher\":{\"@id\":\"https:\/\/creston.com.mx\/#organization\"},\"potentialAction\":[{\"@type\":\"SearchAction\",\"target\":{\"@type\":\"EntryPoint\",\"urlTemplate\":\"https:\/\/creston.com.mx\/?s={search_term_string}\"},\"query-input\":{\"@type\":\"PropertyValueSpecification\",\"valueRequired\":true,\"valueName\":\"search_term_string\"}}],\"inLanguage\":\"es\"},{\"@type\":\"Organization\",\"@id\":\"https:\/\/creston.com.mx\/#organization\",\"name\":\"Peri\u00f3dico Digital de Zacatecas\",\"url\":\"https:\/\/creston.com.mx\/\",\"logo\":{\"@type\":\"ImageObject\",\"inLanguage\":\"es\",\"@id\":\"https:\/\/creston.com.mx\/#\/schema\/logo\/image\/\",\"url\":\"https:\/\/creston.com.mx\/wp-content\/uploads\/2026\/02\/cropped-Logo-Creston2.jpg\",\"contentUrl\":\"https:\/\/creston.com.mx\/wp-content\/uploads\/2026\/02\/cropped-Logo-Creston2.jpg\",\"width\":503,\"height\":194,\"caption\":\"Peri\u00f3dico Digital  de Zacatecas\"},\"image\":{\"@id\":\"https:\/\/creston.com.mx\/#\/schema\/logo\/image\/\"}},{\"@type\":\"Person\",\"@id\":\"https:\/\/creston.com.mx\/#\/schema\/person\/01f2ce9e289bc5300c759925ef768c1d\",\"name\":\"Periodico Creston\",\"image\":{\"@type\":\"ImageObject\",\"inLanguage\":\"es\",\"@id\":\"https:\/\/creston.com.mx\/#\/schema\/person\/image\/\",\"url\":\"https:\/\/secure.gravatar.com\/avatar\/c91eac1cf0d45897b6d294d474aa7713a194d460be0aaf72157553d050cda1c1?s=96&d=mm&r=g\",\"contentUrl\":\"https:\/\/secure.gravatar.com\/avatar\/c91eac1cf0d45897b6d294d474aa7713a194d460be0aaf72157553d050cda1c1?s=96&d=mm&r=g\",\"caption\":\"Periodico Creston\"},\"sameAs\":[\"https:\/\/creston.com.mx\"],\"url\":\"https:\/\/creston.com.mx\/index.php\/author\/cstnalja96\/\"}]}<\/script>\n<!-- \/ Yoast SEO plugin. -->","yoast_head_json":{"title":"Impulsan el emprendimiento joven como motor de desarrollo - Peri\u00f3dico Digital de Zacatecas","robots":{"index":"index","follow":"follow","max-snippet":"max-snippet:-1","max-image-preview":"max-image-preview:large","max-video-preview":"max-video-preview:-1"},"canonical":"https:\/\/creston.com.mx\/index.php\/04\/impulsan-el-emprendimiento-joven-como-motor-de-desarrollo\/politica\/2026\/","og_locale":"es_ES","og_type":"article","og_title":"Impulsan el emprendimiento joven como motor de desarrollo - Peri\u00f3dico Digital de Zacatecas","og_description":". Ulises Mej\u00eda Haro comparti\u00f3 con la comunidad universitaria de la Universidad Aut\u00f3noma de Durango la charla \u201cEL ABC de los negocios: el esp\u00edritu emprendedor\u201d. . Con el objetivo de&hellip;","og_url":"https:\/\/creston.com.mx\/index.php\/04\/impulsan-el-emprendimiento-joven-como-motor-de-desarrollo\/politica\/2026\/","og_site_name":"Peri\u00f3dico Digital de Zacatecas","article_published_time":"2026-04-28T01:04:00+00:00","article_modified_time":"2026-04-28T04:23:06+00:00","og_image":[{"width":1440,"height":1440,"url":"https:\/\/creston.com.mx\/wp-content\/uploads\/2026\/04\/Ulises-confer-uni-dgo-4.jpeg","type":"image\/jpeg"}],"author":"Periodico Creston","twitter_card":"summary_large_image","twitter_misc":{"Escrito por":"Periodico Creston","Tiempo de lectura":"3 minutos"},"schema":{"@context":"https:\/\/schema.org","@graph":[{"@type":"Article","@id":"https:\/\/creston.com.mx\/index.php\/04\/impulsan-el-emprendimiento-joven-como-motor-de-desarrollo\/politica\/2026\/#article","isPartOf":{"@id":"https:\/\/creston.com.mx\/index.php\/04\/impulsan-el-emprendimiento-joven-como-motor-de-desarrollo\/politica\/2026\/"},"author":{"name":"Periodico Creston","@id":"https:\/\/creston.com.mx\/#\/schema\/person\/01f2ce9e289bc5300c759925ef768c1d"},"headline":"Impulsan el emprendimiento joven como motor de desarrollo","datePublished":"2026-04-28T01:04:00+00:00","dateModified":"2026-04-28T04:23:06+00:00","mainEntityOfPage":{"@id":"https:\/\/creston.com.mx\/index.php\/04\/impulsan-el-emprendimiento-joven-como-motor-de-desarrollo\/politica\/2026\/"},"wordCount":363,"commentCount":0,"publisher":{"@id":"https:\/\/creston.com.mx\/#organization"},"image":{"@id":"https:\/\/creston.com.mx\/index.php\/04\/impulsan-el-emprendimiento-joven-como-motor-de-desarrollo\/politica\/2026\/#primaryimage"},"thumbnailUrl":"https:\/\/creston.com.mx\/wp-content\/uploads\/2026\/04\/Ulises-confer-uni-dgo-4.jpeg","articleSection":["Pol\u00edtica"],"inLanguage":"es","potentialAction":[{"@type":"CommentAction","name":"Comment","target":["https:\/\/creston.com.mx\/index.php\/04\/impulsan-el-emprendimiento-joven-como-motor-de-desarrollo\/politica\/2026\/#respond"]}]},{"@type":"WebPage","@id":"https:\/\/creston.com.mx\/index.php\/04\/impulsan-el-emprendimiento-joven-como-motor-de-desarrollo\/politica\/2026\/","url":"https:\/\/creston.com.mx\/index.php\/04\/impulsan-el-emprendimiento-joven-como-motor-de-desarrollo\/politica\/2026\/","name":"Impulsan el emprendimiento joven como motor de desarrollo - Peri\u00f3dico Digital de Zacatecas","isPartOf":{"@id":"https:\/\/creston.com.mx\/#website"},"primaryImageOfPage":{"@id":"https:\/\/creston.com.mx\/index.php\/04\/impulsan-el-emprendimiento-joven-como-motor-de-desarrollo\/politica\/2026\/#primaryimage"},"image":{"@id":"https:\/\/creston.com.mx\/index.php\/04\/impulsan-el-emprendimiento-joven-como-motor-de-desarrollo\/politica\/2026\/#primaryimage"},"thumbnailUrl":"https:\/\/creston.com.mx\/wp-content\/uploads\/2026\/04\/Ulises-confer-uni-dgo-4.jpeg","datePublished":"2026-04-28T01:04:00+00:00","dateModified":"2026-04-28T04:23:06+00:00","breadcrumb":{"@id":"https:\/\/creston.com.mx\/index.php\/04\/impulsan-el-emprendimiento-joven-como-motor-de-desarrollo\/politica\/2026\/#breadcrumb"},"inLanguage":"es","potentialAction":[{"@type":"ReadAction","target":["https:\/\/creston.com.mx\/index.php\/04\/impulsan-el-emprendimiento-joven-como-motor-de-desarrollo\/politica\/2026\/"]}]},{"@type":"ImageObject","inLanguage":"es","@id":"https:\/\/creston.com.mx\/index.php\/04\/impulsan-el-emprendimiento-joven-como-motor-de-desarrollo\/politica\/2026\/#primaryimage","url":"https:\/\/creston.com.mx\/wp-content\/uploads\/2026\/04\/Ulises-confer-uni-dgo-4.jpeg","contentUrl":"https:\/\/creston.com.mx\/wp-content\/uploads\/2026\/04\/Ulises-confer-uni-dgo-4.jpeg","width":1440,"height":1440},{"@type":"BreadcrumbList","@id":"https:\/\/creston.com.mx\/index.php\/04\/impulsan-el-emprendimiento-joven-como-motor-de-desarrollo\/politica\/2026\/#breadcrumb","itemListElement":[{"@type":"ListItem","position":1,"name":"Portada","item":"https:\/\/creston.com.mx\/"},{"@type":"ListItem","position":2,"name":"Impulsan el emprendimiento joven como motor de desarrollo"}]},{"@type":"WebSite","@id":"https:\/\/creston.com.mx\/#website","url":"https:\/\/creston.com.mx\/","name":"Peri\u00f3dico Digital de Zacatecas","description":"","publisher":{"@id":"https:\/\/creston.com.mx\/#organization"},"potentialAction":[{"@type":"SearchAction","target":{"@type":"EntryPoint","urlTemplate":"https:\/\/creston.com.mx\/?s={search_term_string}"},"query-input":{"@type":"PropertyValueSpecification","valueRequired":true,"valueName":"search_term_string"}}],"inLanguage":"es"},{"@type":"Organization","@id":"https:\/\/creston.com.mx\/#organization","name":"Peri\u00f3dico Digital de Zacatecas","url":"https:\/\/creston.com.mx\/","logo":{"@type":"ImageObject","inLanguage":"es","@id":"https:\/\/creston.com.mx\/#\/schema\/logo\/image\/","url":"https:\/\/creston.com.mx\/wp-content\/uploads\/2026\/02\/cropped-Logo-Creston2.jpg","contentUrl":"https:\/\/creston.com.mx\/wp-content\/uploads\/2026\/02\/cropped-Logo-Creston2.jpg","width":503,"height":194,"caption":"Peri\u00f3dico Digital  de Zacatecas"},"image":{"@id":"https:\/\/creston.com.mx\/#\/schema\/logo\/image\/"}},{"@type":"Person","@id":"https:\/\/creston.com.mx\/#\/schema\/person\/01f2ce9e289bc5300c759925ef768c1d","name":"Periodico Creston","image":{"@type":"ImageObject","inLanguage":"es","@id":"https:\/\/creston.com.mx\/#\/schema\/person\/image\/","url":"https:\/\/secure.gravatar.com\/avatar\/c91eac1cf0d45897b6d294d474aa7713a194d460be0aaf72157553d050cda1c1?s=96&d=mm&r=g","contentUrl":"https:\/\/secure.gravatar.com\/avatar\/c91eac1cf0d45897b6d294d474aa7713a194d460be0aaf72157553d050cda1c1?s=96&d=mm&r=g","caption":"Periodico Creston"},"sameAs":["https:\/\/creston.com.mx"],"url":"https:\/\/creston.com.mx\/index.php\/author\/cstnalja96\/"}]}},"jetpack_sharing_enabled":true,"jetpack_featured_media_url":"https:\/\/creston.com.mx\/wp-content\/uploads\/2026\/04\/Ulises-confer-uni-dgo-4.jpeg","_links":{"self":[{"href":"https:\/\/creston.com.mx\/index.php\/wp-json\/wp\/v2\/posts\/3219","targetHints":{"allow":["GET"]}}],"collection":[{"href":"https:\/\/creston.com.mx\/index.php\/wp-json\/wp\/v2\/posts"}],"about":[{"href":"https:\/\/creston.com.mx\/index.php\/wp-json\/wp\/v2\/types\/post"}],"author":[{"embeddable":true,"href":"https:\/\/creston.com.mx\/index.php\/wp-json\/wp\/v2\/users\/1"}],"replies":[{"embeddable":true,"href":"https:\/\/creston.com.mx\/index.php\/wp-json\/wp\/v2\/comments?post=3219"}],"version-history":[{"count":1,"href":"https:\/\/creston.com.mx\/index.php\/wp-json\/wp\/v2\/posts\/3219\/revisions"}],"predecessor-version":[{"id":3223,"href":"https:\/\/creston.com.mx\/index.php\/wp-json\/wp\/v2\/posts\/3219\/revisions\/3223"}],"wp:featuredmedia":[{"embeddable":true,"href":"https:\/\/creston.com.mx\/index.php\/wp-json\/wp\/v2\/media\/3220"}],"wp:attachment":[{"href":"https:\/\/creston.com.mx\/index.php\/wp-json\/wp\/v2\/media?parent=3219"}],"wp:term":[{"taxonomy":"category","embeddable":true,"href":"https:\/\/creston.com.mx\/index.php\/wp-json\/wp\/v2\/categories?post=3219"},{"taxonomy":"post_tag","embeddable":true,"href":"https:\/\/creston.com.mx\/index.php\/wp-json\/wp\/v2\/tags?post=3219"}],"curies":[{"name":"wp","href":"https:\/\/api.w.org\/{rel}","templated":true}]}}