{"id":3214,"date":"2026-04-27T20:07:00","date_gmt":"2026-04-28T01:07:00","guid":{"rendered":"https:\/\/creston.com.mx\/?p=3214"},"modified":"2026-04-27T23:14:32","modified_gmt":"2026-04-28T04:14:32","slug":"obispo-sostienen-encuentro-con-autoridades-municipales-de-la-capital","status":"publish","type":"post","link":"https:\/\/creston.com.mx\/index.php\/04\/obispo-sostienen-encuentro-con-autoridades-municipales-de-la-capital\/estado\/2026\/","title":{"rendered":"Obispo sostienen encuentro con Autoridades municipales de la Capital"},"content":{"rendered":"\n<p>.<\/p>\n\n\n\n<p class=\"has-medium-font-size\"><strong><em>Miguel Varela agradeci\u00f3 la presencia de Sigrifedo Noriega y la disposici\u00f3n del personal municipal que acudi\u00f3 de manera voluntaria a este encuentro<\/em><\/strong><\/p>\n\n\n\n<p>.<\/p>\n\n\n\n<p>El presidente municipal de Zacatecas, Miguel Varela Pinedo, encabez\u00f3 la recepci\u00f3n del Obispo de la Di\u00f3cesis de Zacatecas, Sigifredo Noriega Barcel\u00f3, en las instalaciones de la Presidencia Municipal, donde se llev\u00f3 a cabo un encuentro cercano con el personal de la administraci\u00f3n p\u00fablica.<\/p>\n\n\n<div class=\"wp-block-image\">\n<figure class=\"alignright size-large is-resized\"><img fetchpriority=\"high\" decoding=\"async\" width=\"1024\" height=\"682\" src=\"https:\/\/creston.com.mx\/wp-content\/uploads\/2026\/04\/Visita-obispo-8-1024x682.jpeg\" alt=\"\" class=\"wp-image-3216\" style=\"width:550px;height:auto\" srcset=\"https:\/\/creston.com.mx\/wp-content\/uploads\/2026\/04\/Visita-obispo-8-1024x682.jpeg 1024w, https:\/\/creston.com.mx\/wp-content\/uploads\/2026\/04\/Visita-obispo-8-300x200.jpeg 300w, https:\/\/creston.com.mx\/wp-content\/uploads\/2026\/04\/Visita-obispo-8-768x512.jpeg 768w, https:\/\/creston.com.mx\/wp-content\/uploads\/2026\/04\/Visita-obispo-8.jpeg 1280w\" sizes=\"(max-width: 1024px) 100vw, 1024px\" \/><\/figure>\n<\/div>\n\n\n<p>Durante su mensaje de bienvenida, el alcalde destac\u00f3 la importancia de mantener una relaci\u00f3n de respeto y apertura con las distintas instituciones religiosas, reconociendo su papel en la vida social y espiritual de la comunidad. En este contexto, se llev\u00f3 a cabo un recorrido por las instalaciones municipales, particularmente por el comedor comunitario recientemente inaugurado, el cual tiene como objetivo apoyar a la ciudadan\u00eda.<\/p>\n\n\n\n<p>Miguel Varela agradeci\u00f3 la presencia del Obispo y la disposici\u00f3n del personal municipal que acudi\u00f3 de manera voluntaria a este encuentro, subrayando el valor de generar espacios de convivencia que fortalezcan tanto el \u00e1mbito institucional como el humano dentro del servicio p\u00fablico.<\/p>\n\n\n<div class=\"wp-block-image\">\n<figure class=\"alignright size-large is-resized\"><img decoding=\"async\" width=\"1024\" height=\"682\" src=\"https:\/\/creston.com.mx\/wp-content\/uploads\/2026\/04\/Visita-obispo-7-1024x682.jpeg\" alt=\"\" class=\"wp-image-3215\" style=\"aspect-ratio:1.5014984159602707;width:519px;height:auto\" srcset=\"https:\/\/creston.com.mx\/wp-content\/uploads\/2026\/04\/Visita-obispo-7-1024x682.jpeg 1024w, https:\/\/creston.com.mx\/wp-content\/uploads\/2026\/04\/Visita-obispo-7-300x200.jpeg 300w, https:\/\/creston.com.mx\/wp-content\/uploads\/2026\/04\/Visita-obispo-7-768x512.jpeg 768w, https:\/\/creston.com.mx\/wp-content\/uploads\/2026\/04\/Visita-obispo-7.jpeg 1280w\" sizes=\"(max-width: 1024px) 100vw, 1024px\" \/><\/figure>\n<\/div>\n\n\n<p>Asimismo, Miguel Varela subray\u00f3 el compromiso de su administraci\u00f3n con la preservaci\u00f3n del patrimonio hist\u00f3rico y cultural de la capital. En ese sentido, anunci\u00f3 que el municipio brindar\u00e1 apoyo a los trabajos de rehabilitaci\u00f3n de la Catedral de Zacatecas, reconociendo su valor emblem\u00e1tico, arquitect\u00f3nico y espiritual para las y los zacatecanos.<\/p>\n\n\n\n<p>Por su parte, el Obispo Sigifredo Noriega Barcel\u00f3 dirigi\u00f3 un mensaje enfocado en reconocer la labor de los servidores p\u00fablicos, resaltando que su trabajo implica una alta responsabilidad al ser el rostro directo de la administraci\u00f3n ante la ciudadan\u00eda. Se\u00f1al\u00f3 que el servicio p\u00fablico exige no solo capacidad t\u00e9cnica, sino tambi\u00e9n \u00e9tica, sensibilidad y vocaci\u00f3n de servicio. <\/p>\n\n\n<div class=\"wp-block-image\">\n<figure class=\"alignright size-large is-resized\"><img decoding=\"async\" width=\"1024\" height=\"768\" src=\"https:\/\/creston.com.mx\/wp-content\/uploads\/2026\/04\/Anun-3T-1-1024x768.jpeg\" alt=\"\" class=\"wp-image-3193\" style=\"width:580px;height:auto\" srcset=\"https:\/\/creston.com.mx\/wp-content\/uploads\/2026\/04\/Anun-3T-1-1024x768.jpeg 1024w, https:\/\/creston.com.mx\/wp-content\/uploads\/2026\/04\/Anun-3T-1-300x225.jpeg 300w, https:\/\/creston.com.mx\/wp-content\/uploads\/2026\/04\/Anun-3T-1-768x576.jpeg 768w, https:\/\/creston.com.mx\/wp-content\/uploads\/2026\/04\/Anun-3T-1.jpeg 1448w\" sizes=\"(max-width: 1024px) 100vw, 1024px\" \/><\/figure>\n<\/div>\n\n\n<p>Finalmente, Noriega Barcel\u00f3 refrend\u00f3 su confianza en que el trabajo coordinado y con sentido humano permitir\u00e1 avanzar hacia un mejor Zacatecas, donde el bienestar colectivo sea una prioridad compartida.<\/p>\n\n\n\n<p>.<\/p>\n\n\n\n\n\n<p>.<\/p>\n\n\n<div class=\"wp-block-image\">\n<figure class=\"aligncenter size-large is-resized\"><a href=\"https:\/\/www.facebook.com\/AyuntamientoZacatecas\" target=\"_blank\" rel=\" noreferrer noopener\"><img loading=\"lazy\" decoding=\"async\" width=\"819\" height=\"1024\" src=\"https:\/\/creston.com.mx\/wp-content\/uploads\/2026\/02\/IMG-20260218-WA0018-819x1024.jpg\" alt=\"\" class=\"wp-image-2528\" style=\"width:659px;height:auto\" srcset=\"https:\/\/creston.com.mx\/wp-content\/uploads\/2026\/02\/IMG-20260218-WA0018-819x1024.jpg 819w, https:\/\/creston.com.mx\/wp-content\/uploads\/2026\/02\/IMG-20260218-WA0018-240x300.jpg 240w, https:\/\/creston.com.mx\/wp-content\/uploads\/2026\/02\/IMG-20260218-WA0018-768x960.jpg 768w, https:\/\/creston.com.mx\/wp-content\/uploads\/2026\/02\/IMG-20260218-WA0018-1229x1536.jpg 1229w, https:\/\/creston.com.mx\/wp-content\/uploads\/2026\/02\/IMG-20260218-WA0018.jpg 1280w\" sizes=\"(max-width: 819px) 100vw, 819px\" \/><\/a><\/figure>\n<\/div>","protected":false},"excerpt":{"rendered":"<p>. Miguel Varela agradeci\u00f3 la presencia de Sigrifedo Noriega y la disposici\u00f3n del personal municipal que acudi\u00f3 de manera voluntaria a este encuentro . El presidente municipal de Zacatecas, Miguel&hellip; <\/p>\n","protected":false},"author":1,"featured_media":3217,"comment_status":"open","ping_status":"closed","sticky":false,"template":"","format":"standard","meta":{"_jetpack_memberships_contains_paid_content":false,"footnotes":""},"categories":[1],"tags":[],"class_list":["post-3214","post","type-post","status-publish","format-standard","has-post-thumbnail","hentry","category-estado"],"yoast_head":"<!-- This site is optimized with the Yoast SEO plugin v24.2 - https:\/\/yoast.com\/wordpress\/plugins\/seo\/ -->\n<title>Obispo sostienen encuentro con Autoridades municipales de la Capital - Peri\u00f3dico Digital de Zacatecas<\/title>\n<meta name=\"robots\" content=\"index, follow, max-snippet:-1, max-image-preview:large, max-video-preview:-1\" \/>\n<link rel=\"canonical\" href=\"https:\/\/creston.com.mx\/index.php\/04\/obispo-sostienen-encuentro-con-autoridades-municipales-de-la-capital\/estado\/2026\/\" \/>\n<meta property=\"og:locale\" content=\"es_ES\" \/>\n<meta property=\"og:type\" content=\"article\" \/>\n<meta property=\"og:title\" content=\"Obispo sostienen encuentro con Autoridades municipales de la Capital - Peri\u00f3dico Digital de Zacatecas\" \/>\n<meta property=\"og:description\" content=\". Miguel Varela agradeci\u00f3 la presencia de Sigrifedo Noriega y la disposici\u00f3n del personal municipal que acudi\u00f3 de manera voluntaria a este encuentro . El presidente municipal de Zacatecas, Miguel&hellip;\" \/>\n<meta property=\"og:url\" content=\"https:\/\/creston.com.mx\/index.php\/04\/obispo-sostienen-encuentro-con-autoridades-municipales-de-la-capital\/estado\/2026\/\" \/>\n<meta property=\"og:site_name\" content=\"Peri\u00f3dico Digital de Zacatecas\" \/>\n<meta property=\"article:published_time\" content=\"2026-04-28T01:07:00+00:00\" \/>\n<meta property=\"article:modified_time\" content=\"2026-04-28T04:14:32+00:00\" \/>\n<meta property=\"og:image\" content=\"https:\/\/creston.com.mx\/wp-content\/uploads\/2026\/04\/Visita-obispo-6.jpeg\" \/>\n\t<meta property=\"og:image:width\" content=\"1280\" \/>\n\t<meta property=\"og:image:height\" content=\"835\" \/>\n\t<meta property=\"og:image:type\" content=\"image\/jpeg\" \/>\n<meta name=\"author\" content=\"Periodico Creston\" \/>\n<meta name=\"twitter:card\" content=\"summary_large_image\" \/>\n<meta name=\"twitter:label1\" content=\"Escrito por\" \/>\n\t<meta name=\"twitter:data1\" content=\"Periodico Creston\" \/>\n\t<meta name=\"twitter:label2\" content=\"Tiempo de lectura\" \/>\n\t<meta name=\"twitter:data2\" content=\"3 minutos\" \/>\n<script type=\"application\/ld+json\" class=\"yoast-schema-graph\">{\"@context\":\"https:\/\/schema.org\",\"@graph\":[{\"@type\":\"Article\",\"@id\":\"https:\/\/creston.com.mx\/index.php\/04\/obispo-sostienen-encuentro-con-autoridades-municipales-de-la-capital\/estado\/2026\/#article\",\"isPartOf\":{\"@id\":\"https:\/\/creston.com.mx\/index.php\/04\/obispo-sostienen-encuentro-con-autoridades-municipales-de-la-capital\/estado\/2026\/\"},\"author\":{\"name\":\"Periodico Creston\",\"@id\":\"https:\/\/creston.com.mx\/#\/schema\/person\/01f2ce9e289bc5300c759925ef768c1d\"},\"headline\":\"Obispo sostienen encuentro con Autoridades municipales de la Capital\",\"datePublished\":\"2026-04-28T01:07:00+00:00\",\"dateModified\":\"2026-04-28T04:14:32+00:00\",\"mainEntityOfPage\":{\"@id\":\"https:\/\/creston.com.mx\/index.php\/04\/obispo-sostienen-encuentro-con-autoridades-municipales-de-la-capital\/estado\/2026\/\"},\"wordCount\":340,\"commentCount\":0,\"publisher\":{\"@id\":\"https:\/\/creston.com.mx\/#organization\"},\"image\":{\"@id\":\"https:\/\/creston.com.mx\/index.php\/04\/obispo-sostienen-encuentro-con-autoridades-municipales-de-la-capital\/estado\/2026\/#primaryimage\"},\"thumbnailUrl\":\"https:\/\/creston.com.mx\/wp-content\/uploads\/2026\/04\/Visita-obispo-6.jpeg\",\"articleSection\":[\"Estado\"],\"inLanguage\":\"es\",\"potentialAction\":[{\"@type\":\"CommentAction\",\"name\":\"Comment\",\"target\":[\"https:\/\/creston.com.mx\/index.php\/04\/obispo-sostienen-encuentro-con-autoridades-municipales-de-la-capital\/estado\/2026\/#respond\"]}]},{\"@type\":\"WebPage\",\"@id\":\"https:\/\/creston.com.mx\/index.php\/04\/obispo-sostienen-encuentro-con-autoridades-municipales-de-la-capital\/estado\/2026\/\",\"url\":\"https:\/\/creston.com.mx\/index.php\/04\/obispo-sostienen-encuentro-con-autoridades-municipales-de-la-capital\/estado\/2026\/\",\"name\":\"Obispo sostienen encuentro con Autoridades municipales de la Capital - Peri\u00f3dico Digital de Zacatecas\",\"isPartOf\":{\"@id\":\"https:\/\/creston.com.mx\/#website\"},\"primaryImageOfPage\":{\"@id\":\"https:\/\/creston.com.mx\/index.php\/04\/obispo-sostienen-encuentro-con-autoridades-municipales-de-la-capital\/estado\/2026\/#primaryimage\"},\"image\":{\"@id\":\"https:\/\/creston.com.mx\/index.php\/04\/obispo-sostienen-encuentro-con-autoridades-municipales-de-la-capital\/estado\/2026\/#primaryimage\"},\"thumbnailUrl\":\"https:\/\/creston.com.mx\/wp-content\/uploads\/2026\/04\/Visita-obispo-6.jpeg\",\"datePublished\":\"2026-04-28T01:07:00+00:00\",\"dateModified\":\"2026-04-28T04:14:32+00:00\",\"breadcrumb\":{\"@id\":\"https:\/\/creston.com.mx\/index.php\/04\/obispo-sostienen-encuentro-con-autoridades-municipales-de-la-capital\/estado\/2026\/#breadcrumb\"},\"inLanguage\":\"es\",\"potentialAction\":[{\"@type\":\"ReadAction\",\"target\":[\"https:\/\/creston.com.mx\/index.php\/04\/obispo-sostienen-encuentro-con-autoridades-municipales-de-la-capital\/estado\/2026\/\"]}]},{\"@type\":\"ImageObject\",\"inLanguage\":\"es\",\"@id\":\"https:\/\/creston.com.mx\/index.php\/04\/obispo-sostienen-encuentro-con-autoridades-municipales-de-la-capital\/estado\/2026\/#primaryimage\",\"url\":\"https:\/\/creston.com.mx\/wp-content\/uploads\/2026\/04\/Visita-obispo-6.jpeg\",\"contentUrl\":\"https:\/\/creston.com.mx\/wp-content\/uploads\/2026\/04\/Visita-obispo-6.jpeg\",\"width\":1280,\"height\":835},{\"@type\":\"BreadcrumbList\",\"@id\":\"https:\/\/creston.com.mx\/index.php\/04\/obispo-sostienen-encuentro-con-autoridades-municipales-de-la-capital\/estado\/2026\/#breadcrumb\",\"itemListElement\":[{\"@type\":\"ListItem\",\"position\":1,\"name\":\"Portada\",\"item\":\"https:\/\/creston.com.mx\/\"},{\"@type\":\"ListItem\",\"position\":2,\"name\":\"Obispo sostienen encuentro con Autoridades municipales de la Capital\"}]},{\"@type\":\"WebSite\",\"@id\":\"https:\/\/creston.com.mx\/#website\",\"url\":\"https:\/\/creston.com.mx\/\",\"name\":\"Peri\u00f3dico Digital de Zacatecas\",\"description\":\"\",\"publisher\":{\"@id\":\"https:\/\/creston.com.mx\/#organization\"},\"potentialAction\":[{\"@type\":\"SearchAction\",\"target\":{\"@type\":\"EntryPoint\",\"urlTemplate\":\"https:\/\/creston.com.mx\/?s={search_term_string}\"},\"query-input\":{\"@type\":\"PropertyValueSpecification\",\"valueRequired\":true,\"valueName\":\"search_term_string\"}}],\"inLanguage\":\"es\"},{\"@type\":\"Organization\",\"@id\":\"https:\/\/creston.com.mx\/#organization\",\"name\":\"Peri\u00f3dico Digital de Zacatecas\",\"url\":\"https:\/\/creston.com.mx\/\",\"logo\":{\"@type\":\"ImageObject\",\"inLanguage\":\"es\",\"@id\":\"https:\/\/creston.com.mx\/#\/schema\/logo\/image\/\",\"url\":\"https:\/\/creston.com.mx\/wp-content\/uploads\/2026\/02\/cropped-Logo-Creston2.jpg\",\"contentUrl\":\"https:\/\/creston.com.mx\/wp-content\/uploads\/2026\/02\/cropped-Logo-Creston2.jpg\",\"width\":503,\"height\":194,\"caption\":\"Peri\u00f3dico Digital  de Zacatecas\"},\"image\":{\"@id\":\"https:\/\/creston.com.mx\/#\/schema\/logo\/image\/\"}},{\"@type\":\"Person\",\"@id\":\"https:\/\/creston.com.mx\/#\/schema\/person\/01f2ce9e289bc5300c759925ef768c1d\",\"name\":\"Periodico Creston\",\"image\":{\"@type\":\"ImageObject\",\"inLanguage\":\"es\",\"@id\":\"https:\/\/creston.com.mx\/#\/schema\/person\/image\/\",\"url\":\"https:\/\/secure.gravatar.com\/avatar\/c91eac1cf0d45897b6d294d474aa7713a194d460be0aaf72157553d050cda1c1?s=96&d=mm&r=g\",\"contentUrl\":\"https:\/\/secure.gravatar.com\/avatar\/c91eac1cf0d45897b6d294d474aa7713a194d460be0aaf72157553d050cda1c1?s=96&d=mm&r=g\",\"caption\":\"Periodico Creston\"},\"sameAs\":[\"https:\/\/creston.com.mx\"],\"url\":\"https:\/\/creston.com.mx\/index.php\/author\/cstnalja96\/\"}]}<\/script>\n<!-- \/ Yoast SEO plugin. -->","yoast_head_json":{"title":"Obispo sostienen encuentro con Autoridades municipales de la Capital - Peri\u00f3dico Digital de Zacatecas","robots":{"index":"index","follow":"follow","max-snippet":"max-snippet:-1","max-image-preview":"max-image-preview:large","max-video-preview":"max-video-preview:-1"},"canonical":"https:\/\/creston.com.mx\/index.php\/04\/obispo-sostienen-encuentro-con-autoridades-municipales-de-la-capital\/estado\/2026\/","og_locale":"es_ES","og_type":"article","og_title":"Obispo sostienen encuentro con Autoridades municipales de la Capital - Peri\u00f3dico Digital de Zacatecas","og_description":". Miguel Varela agradeci\u00f3 la presencia de Sigrifedo Noriega y la disposici\u00f3n del personal municipal que acudi\u00f3 de manera voluntaria a este encuentro . El presidente municipal de Zacatecas, Miguel&hellip;","og_url":"https:\/\/creston.com.mx\/index.php\/04\/obispo-sostienen-encuentro-con-autoridades-municipales-de-la-capital\/estado\/2026\/","og_site_name":"Peri\u00f3dico Digital de Zacatecas","article_published_time":"2026-04-28T01:07:00+00:00","article_modified_time":"2026-04-28T04:14:32+00:00","og_image":[{"width":1280,"height":835,"url":"https:\/\/creston.com.mx\/wp-content\/uploads\/2026\/04\/Visita-obispo-6.jpeg","type":"image\/jpeg"}],"author":"Periodico Creston","twitter_card":"summary_large_image","twitter_misc":{"Escrito por":"Periodico Creston","Tiempo de lectura":"3 minutos"},"schema":{"@context":"https:\/\/schema.org","@graph":[{"@type":"Article","@id":"https:\/\/creston.com.mx\/index.php\/04\/obispo-sostienen-encuentro-con-autoridades-municipales-de-la-capital\/estado\/2026\/#article","isPartOf":{"@id":"https:\/\/creston.com.mx\/index.php\/04\/obispo-sostienen-encuentro-con-autoridades-municipales-de-la-capital\/estado\/2026\/"},"author":{"name":"Periodico Creston","@id":"https:\/\/creston.com.mx\/#\/schema\/person\/01f2ce9e289bc5300c759925ef768c1d"},"headline":"Obispo sostienen encuentro con Autoridades municipales de la Capital","datePublished":"2026-04-28T01:07:00+00:00","dateModified":"2026-04-28T04:14:32+00:00","mainEntityOfPage":{"@id":"https:\/\/creston.com.mx\/index.php\/04\/obispo-sostienen-encuentro-con-autoridades-municipales-de-la-capital\/estado\/2026\/"},"wordCount":340,"commentCount":0,"publisher":{"@id":"https:\/\/creston.com.mx\/#organization"},"image":{"@id":"https:\/\/creston.com.mx\/index.php\/04\/obispo-sostienen-encuentro-con-autoridades-municipales-de-la-capital\/estado\/2026\/#primaryimage"},"thumbnailUrl":"https:\/\/creston.com.mx\/wp-content\/uploads\/2026\/04\/Visita-obispo-6.jpeg","articleSection":["Estado"],"inLanguage":"es","potentialAction":[{"@type":"CommentAction","name":"Comment","target":["https:\/\/creston.com.mx\/index.php\/04\/obispo-sostienen-encuentro-con-autoridades-municipales-de-la-capital\/estado\/2026\/#respond"]}]},{"@type":"WebPage","@id":"https:\/\/creston.com.mx\/index.php\/04\/obispo-sostienen-encuentro-con-autoridades-municipales-de-la-capital\/estado\/2026\/","url":"https:\/\/creston.com.mx\/index.php\/04\/obispo-sostienen-encuentro-con-autoridades-municipales-de-la-capital\/estado\/2026\/","name":"Obispo sostienen encuentro con Autoridades municipales de la Capital - Peri\u00f3dico Digital de Zacatecas","isPartOf":{"@id":"https:\/\/creston.com.mx\/#website"},"primaryImageOfPage":{"@id":"https:\/\/creston.com.mx\/index.php\/04\/obispo-sostienen-encuentro-con-autoridades-municipales-de-la-capital\/estado\/2026\/#primaryimage"},"image":{"@id":"https:\/\/creston.com.mx\/index.php\/04\/obispo-sostienen-encuentro-con-autoridades-municipales-de-la-capital\/estado\/2026\/#primaryimage"},"thumbnailUrl":"https:\/\/creston.com.mx\/wp-content\/uploads\/2026\/04\/Visita-obispo-6.jpeg","datePublished":"2026-04-28T01:07:00+00:00","dateModified":"2026-04-28T04:14:32+00:00","breadcrumb":{"@id":"https:\/\/creston.com.mx\/index.php\/04\/obispo-sostienen-encuentro-con-autoridades-municipales-de-la-capital\/estado\/2026\/#breadcrumb"},"inLanguage":"es","potentialAction":[{"@type":"ReadAction","target":["https:\/\/creston.com.mx\/index.php\/04\/obispo-sostienen-encuentro-con-autoridades-municipales-de-la-capital\/estado\/2026\/"]}]},{"@type":"ImageObject","inLanguage":"es","@id":"https:\/\/creston.com.mx\/index.php\/04\/obispo-sostienen-encuentro-con-autoridades-municipales-de-la-capital\/estado\/2026\/#primaryimage","url":"https:\/\/creston.com.mx\/wp-content\/uploads\/2026\/04\/Visita-obispo-6.jpeg","contentUrl":"https:\/\/creston.com.mx\/wp-content\/uploads\/2026\/04\/Visita-obispo-6.jpeg","width":1280,"height":835},{"@type":"BreadcrumbList","@id":"https:\/\/creston.com.mx\/index.php\/04\/obispo-sostienen-encuentro-con-autoridades-municipales-de-la-capital\/estado\/2026\/#breadcrumb","itemListElement":[{"@type":"ListItem","position":1,"name":"Portada","item":"https:\/\/creston.com.mx\/"},{"@type":"ListItem","position":2,"name":"Obispo sostienen encuentro con Autoridades municipales de la Capital"}]},{"@type":"WebSite","@id":"https:\/\/creston.com.mx\/#website","url":"https:\/\/creston.com.mx\/","name":"Peri\u00f3dico Digital de Zacatecas","description":"","publisher":{"@id":"https:\/\/creston.com.mx\/#organization"},"potentialAction":[{"@type":"SearchAction","target":{"@type":"EntryPoint","urlTemplate":"https:\/\/creston.com.mx\/?s={search_term_string}"},"query-input":{"@type":"PropertyValueSpecification","valueRequired":true,"valueName":"search_term_string"}}],"inLanguage":"es"},{"@type":"Organization","@id":"https:\/\/creston.com.mx\/#organization","name":"Peri\u00f3dico Digital de Zacatecas","url":"https:\/\/creston.com.mx\/","logo":{"@type":"ImageObject","inLanguage":"es","@id":"https:\/\/creston.com.mx\/#\/schema\/logo\/image\/","url":"https:\/\/creston.com.mx\/wp-content\/uploads\/2026\/02\/cropped-Logo-Creston2.jpg","contentUrl":"https:\/\/creston.com.mx\/wp-content\/uploads\/2026\/02\/cropped-Logo-Creston2.jpg","width":503,"height":194,"caption":"Peri\u00f3dico Digital  de Zacatecas"},"image":{"@id":"https:\/\/creston.com.mx\/#\/schema\/logo\/image\/"}},{"@type":"Person","@id":"https:\/\/creston.com.mx\/#\/schema\/person\/01f2ce9e289bc5300c759925ef768c1d","name":"Periodico Creston","image":{"@type":"ImageObject","inLanguage":"es","@id":"https:\/\/creston.com.mx\/#\/schema\/person\/image\/","url":"https:\/\/secure.gravatar.com\/avatar\/c91eac1cf0d45897b6d294d474aa7713a194d460be0aaf72157553d050cda1c1?s=96&d=mm&r=g","contentUrl":"https:\/\/secure.gravatar.com\/avatar\/c91eac1cf0d45897b6d294d474aa7713a194d460be0aaf72157553d050cda1c1?s=96&d=mm&r=g","caption":"Periodico Creston"},"sameAs":["https:\/\/creston.com.mx"],"url":"https:\/\/creston.com.mx\/index.php\/author\/cstnalja96\/"}]}},"jetpack_sharing_enabled":true,"jetpack_featured_media_url":"https:\/\/creston.com.mx\/wp-content\/uploads\/2026\/04\/Visita-obispo-6.jpeg","_links":{"self":[{"href":"https:\/\/creston.com.mx\/index.php\/wp-json\/wp\/v2\/posts\/3214","targetHints":{"allow":["GET"]}}],"collection":[{"href":"https:\/\/creston.com.mx\/index.php\/wp-json\/wp\/v2\/posts"}],"about":[{"href":"https:\/\/creston.com.mx\/index.php\/wp-json\/wp\/v2\/types\/post"}],"author":[{"embeddable":true,"href":"https:\/\/creston.com.mx\/index.php\/wp-json\/wp\/v2\/users\/1"}],"replies":[{"embeddable":true,"href":"https:\/\/creston.com.mx\/index.php\/wp-json\/wp\/v2\/comments?post=3214"}],"version-history":[{"count":1,"href":"https:\/\/creston.com.mx\/index.php\/wp-json\/wp\/v2\/posts\/3214\/revisions"}],"predecessor-version":[{"id":3218,"href":"https:\/\/creston.com.mx\/index.php\/wp-json\/wp\/v2\/posts\/3214\/revisions\/3218"}],"wp:featuredmedia":[{"embeddable":true,"href":"https:\/\/creston.com.mx\/index.php\/wp-json\/wp\/v2\/media\/3217"}],"wp:attachment":[{"href":"https:\/\/creston.com.mx\/index.php\/wp-json\/wp\/v2\/media?parent=3214"}],"wp:term":[{"taxonomy":"category","embeddable":true,"href":"https:\/\/creston.com.mx\/index.php\/wp-json\/wp\/v2\/categories?post=3214"},{"taxonomy":"post_tag","embeddable":true,"href":"https:\/\/creston.com.mx\/index.php\/wp-json\/wp\/v2\/tags?post=3214"}],"curies":[{"name":"wp","href":"https:\/\/api.w.org\/{rel}","templated":true}]}}