{"id":3210,"date":"2026-04-26T19:35:00","date_gmt":"2026-04-27T00:35:00","guid":{"rendered":"https:\/\/creston.com.mx\/?p=3210"},"modified":"2026-04-27T21:52:44","modified_gmt":"2026-04-28T02:52:44","slug":"con-juguetes-y-dulces-celebra-miguel-varela-a-la-ninez-de-las-comunidades","status":"publish","type":"post","link":"https:\/\/creston.com.mx\/index.php\/04\/con-juguetes-y-dulces-celebra-miguel-varela-a-la-ninez-de-las-comunidades\/estado\/2026\/","title":{"rendered":"Con juguetes y dulces celebra Miguel Varela a la ni\u00f1ez de las comunidades"},"content":{"rendered":"\n<p>.<\/p>\n\n\n\n<p class=\"has-medium-font-size\"><strong><em>Las ni\u00f1as y los ni\u00f1os disfrutaron de su festejo lleno de sorpresas, bolos, sonrisas y diversi\u00f3n con el show del payaso Tachuel\u00edn.<\/em><\/strong><\/p>\n\n\n\n<p>.<\/p>\n\n\n\n<p>Durante un recorrido por las comunidades de la capital, el alcalde Miguel Varela, acompa\u00f1ado de su esposa y presidenta honor\u00edfica del DIF Municipal, Karla Estrada, festejaron a las y los peque\u00f1os del hogar.<\/p>\n\n\n\n<p>Las ni\u00f1as y los ni\u00f1os disfrutaron de su festejo lleno de sorpresas, bolos, sonrisas y diversi\u00f3n con el show del payaso Tachuel\u00edn.<\/p>\n\n\n\n<p>Benito Ju\u00e1rez, El Maguey, Cieneguillas, Boquillas, Francisco I. Madero, La Escondida, La Pimienta, Picones, El Orito y las colonias CoreaI y II, fueron algunas de las comunidades en las que se llevaron a cabo los festejos.<\/p>\n\n\n\n<p>El alcalde Miguel Varela, expres\u00f3 sentirse muy contento por estar presente en cada uno de los festejos para que las ni\u00f1as y los ni\u00f1os pudieran disfrutar.<\/p>\n\n\n<div class=\"wp-block-image\">\n<figure class=\"alignright size-large is-resized\"><img fetchpriority=\"high\" decoding=\"async\" width=\"1024\" height=\"683\" src=\"https:\/\/creston.com.mx\/wp-content\/uploads\/2026\/04\/IMG-20260425-WA0016-1024x683.jpg\" alt=\"\" class=\"wp-image-3212\" style=\"aspect-ratio:1.4992732765254069;width:558px;height:auto\" srcset=\"https:\/\/creston.com.mx\/wp-content\/uploads\/2026\/04\/IMG-20260425-WA0016-1024x683.jpg 1024w, https:\/\/creston.com.mx\/wp-content\/uploads\/2026\/04\/IMG-20260425-WA0016-300x200.jpg 300w, https:\/\/creston.com.mx\/wp-content\/uploads\/2026\/04\/IMG-20260425-WA0016-768x512.jpg 768w, https:\/\/creston.com.mx\/wp-content\/uploads\/2026\/04\/IMG-20260425-WA0016.jpg 1280w\" sizes=\"(max-width: 1024px) 100vw, 1024px\" \/><\/figure>\n<\/div>\n\n\n<p>\u00abEstos eventos fueron organizados con mucho cari\u00f1o para todos ustedes, para que disfruten de su d\u00eda, la pasen muy bonito y se diviertan\u00bb, se\u00f1al\u00f3.<\/p>\n\n\n\n<p>Asimismo, agradeci\u00f3 a las y los delegados por contribuir a la organizaci\u00f3n de estos eventos y hacer posible acercarlos hasta su comunidad, \u00abgracias de coraz\u00f3n por recibirnos aqu\u00ed en su comunidad, les deseo un feliz d\u00eda de la ni\u00f1a y el ni\u00f1o a todos\u00bb.<\/p>\n\n\n<div class=\"wp-block-image\">\n<figure class=\"alignright size-large is-resized\"><img decoding=\"async\" width=\"1024\" height=\"768\" src=\"https:\/\/creston.com.mx\/wp-content\/uploads\/2026\/04\/Anun-3T-1-1024x768.jpeg\" alt=\"\" class=\"wp-image-3193\" style=\"width:550px;height:auto\" srcset=\"https:\/\/creston.com.mx\/wp-content\/uploads\/2026\/04\/Anun-3T-1-1024x768.jpeg 1024w, https:\/\/creston.com.mx\/wp-content\/uploads\/2026\/04\/Anun-3T-1-300x225.jpeg 300w, https:\/\/creston.com.mx\/wp-content\/uploads\/2026\/04\/Anun-3T-1-768x576.jpeg 768w, https:\/\/creston.com.mx\/wp-content\/uploads\/2026\/04\/Anun-3T-1.jpeg 1448w\" sizes=\"(max-width: 1024px) 100vw, 1024px\" \/><\/figure>\n<\/div>\n\n\n<p>Por su parte, Karla Estrada dese\u00f3 a las ni\u00f1as y los ni\u00f1os que \u00abpasen un d\u00eda incre\u00edble, felices y muy contentos, disfruten mucho de su d\u00eda\u00bb.<\/p>\n\n\n\n<p>Finalmente, Mitzia Pel\u00e1ez, directora de DIF capital, enfatiz\u00f3 que con estas acciones, el ayuntamiento de Zacatecas y el DIF Municipal refrendan su compromiso de llevar alegr\u00eda y momentos de sana convivencia a cada rinc\u00f3n de la capital.<\/p>\n\n\n\n<p>.<\/p>\n\n\n\n\n\n<p>.<\/p>\n\n\n<div class=\"wp-block-image\">\n<figure class=\"aligncenter size-large is-resized\"><a href=\"https:\/\/www.facebook.com\/AyuntamientoZacatecas\" target=\"_blank\" rel=\" noreferrer noopener\"><img decoding=\"async\" width=\"819\" height=\"1024\" src=\"https:\/\/creston.com.mx\/wp-content\/uploads\/2026\/02\/IMG-20260218-WA0018-819x1024.jpg\" alt=\"\" class=\"wp-image-2528\" style=\"width:629px;height:auto\" srcset=\"https:\/\/creston.com.mx\/wp-content\/uploads\/2026\/02\/IMG-20260218-WA0018-819x1024.jpg 819w, https:\/\/creston.com.mx\/wp-content\/uploads\/2026\/02\/IMG-20260218-WA0018-240x300.jpg 240w, https:\/\/creston.com.mx\/wp-content\/uploads\/2026\/02\/IMG-20260218-WA0018-768x960.jpg 768w, https:\/\/creston.com.mx\/wp-content\/uploads\/2026\/02\/IMG-20260218-WA0018-1229x1536.jpg 1229w, https:\/\/creston.com.mx\/wp-content\/uploads\/2026\/02\/IMG-20260218-WA0018.jpg 1280w\" sizes=\"(max-width: 819px) 100vw, 819px\" \/><\/a><\/figure>\n<\/div>","protected":false},"excerpt":{"rendered":"<p>. Las ni\u00f1as y los ni\u00f1os disfrutaron de su festejo lleno de sorpresas, bolos, sonrisas y diversi\u00f3n con el show del payaso Tachuel\u00edn. . Durante un recorrido por las comunidades&hellip; <\/p>\n","protected":false},"author":1,"featured_media":3211,"comment_status":"open","ping_status":"closed","sticky":false,"template":"","format":"standard","meta":{"_jetpack_memberships_contains_paid_content":false,"footnotes":""},"categories":[1],"tags":[],"class_list":["post-3210","post","type-post","status-publish","format-standard","has-post-thumbnail","hentry","category-estado"],"yoast_head":"<!-- This site is optimized with the Yoast SEO plugin v24.2 - https:\/\/yoast.com\/wordpress\/plugins\/seo\/ -->\n<title>Con juguetes y dulces celebra Miguel Varela a la ni\u00f1ez de las comunidades - Peri\u00f3dico Digital de Zacatecas<\/title>\n<meta name=\"robots\" content=\"index, follow, max-snippet:-1, max-image-preview:large, max-video-preview:-1\" \/>\n<link rel=\"canonical\" href=\"https:\/\/creston.com.mx\/index.php\/04\/con-juguetes-y-dulces-celebra-miguel-varela-a-la-ninez-de-las-comunidades\/estado\/2026\/\" \/>\n<meta property=\"og:locale\" content=\"es_ES\" \/>\n<meta property=\"og:type\" content=\"article\" \/>\n<meta property=\"og:title\" content=\"Con juguetes y dulces celebra Miguel Varela a la ni\u00f1ez de las comunidades - Peri\u00f3dico Digital de Zacatecas\" \/>\n<meta property=\"og:description\" content=\". Las ni\u00f1as y los ni\u00f1os disfrutaron de su festejo lleno de sorpresas, bolos, sonrisas y diversi\u00f3n con el show del payaso Tachuel\u00edn. . Durante un recorrido por las comunidades&hellip;\" \/>\n<meta property=\"og:url\" content=\"https:\/\/creston.com.mx\/index.php\/04\/con-juguetes-y-dulces-celebra-miguel-varela-a-la-ninez-de-las-comunidades\/estado\/2026\/\" \/>\n<meta property=\"og:site_name\" content=\"Peri\u00f3dico Digital de Zacatecas\" \/>\n<meta property=\"article:published_time\" content=\"2026-04-27T00:35:00+00:00\" \/>\n<meta property=\"article:modified_time\" content=\"2026-04-28T02:52:44+00:00\" \/>\n<meta property=\"og:image\" content=\"https:\/\/creston.com.mx\/wp-content\/uploads\/2026\/04\/IMG-20260425-WA0019.jpg\" \/>\n\t<meta property=\"og:image:width\" content=\"1600\" \/>\n\t<meta property=\"og:image:height\" content=\"1066\" \/>\n\t<meta property=\"og:image:type\" content=\"image\/jpeg\" \/>\n<meta name=\"author\" content=\"Periodico Creston\" \/>\n<meta name=\"twitter:card\" content=\"summary_large_image\" \/>\n<meta name=\"twitter:label1\" content=\"Escrito por\" \/>\n\t<meta name=\"twitter:data1\" content=\"Periodico Creston\" \/>\n\t<meta name=\"twitter:label2\" content=\"Tiempo de lectura\" \/>\n\t<meta name=\"twitter:data2\" content=\"3 minutos\" \/>\n<script type=\"application\/ld+json\" class=\"yoast-schema-graph\">{\"@context\":\"https:\/\/schema.org\",\"@graph\":[{\"@type\":\"Article\",\"@id\":\"https:\/\/creston.com.mx\/index.php\/04\/con-juguetes-y-dulces-celebra-miguel-varela-a-la-ninez-de-las-comunidades\/estado\/2026\/#article\",\"isPartOf\":{\"@id\":\"https:\/\/creston.com.mx\/index.php\/04\/con-juguetes-y-dulces-celebra-miguel-varela-a-la-ninez-de-las-comunidades\/estado\/2026\/\"},\"author\":{\"name\":\"Periodico Creston\",\"@id\":\"https:\/\/creston.com.mx\/#\/schema\/person\/01f2ce9e289bc5300c759925ef768c1d\"},\"headline\":\"Con juguetes y dulces celebra Miguel Varela a la ni\u00f1ez de las comunidades\",\"datePublished\":\"2026-04-27T00:35:00+00:00\",\"dateModified\":\"2026-04-28T02:52:44+00:00\",\"mainEntityOfPage\":{\"@id\":\"https:\/\/creston.com.mx\/index.php\/04\/con-juguetes-y-dulces-celebra-miguel-varela-a-la-ninez-de-las-comunidades\/estado\/2026\/\"},\"wordCount\":314,\"commentCount\":0,\"publisher\":{\"@id\":\"https:\/\/creston.com.mx\/#organization\"},\"image\":{\"@id\":\"https:\/\/creston.com.mx\/index.php\/04\/con-juguetes-y-dulces-celebra-miguel-varela-a-la-ninez-de-las-comunidades\/estado\/2026\/#primaryimage\"},\"thumbnailUrl\":\"https:\/\/creston.com.mx\/wp-content\/uploads\/2026\/04\/IMG-20260425-WA0019.jpg\",\"articleSection\":[\"Estado\"],\"inLanguage\":\"es\",\"potentialAction\":[{\"@type\":\"CommentAction\",\"name\":\"Comment\",\"target\":[\"https:\/\/creston.com.mx\/index.php\/04\/con-juguetes-y-dulces-celebra-miguel-varela-a-la-ninez-de-las-comunidades\/estado\/2026\/#respond\"]}]},{\"@type\":\"WebPage\",\"@id\":\"https:\/\/creston.com.mx\/index.php\/04\/con-juguetes-y-dulces-celebra-miguel-varela-a-la-ninez-de-las-comunidades\/estado\/2026\/\",\"url\":\"https:\/\/creston.com.mx\/index.php\/04\/con-juguetes-y-dulces-celebra-miguel-varela-a-la-ninez-de-las-comunidades\/estado\/2026\/\",\"name\":\"Con juguetes y dulces celebra Miguel Varela a la ni\u00f1ez de las comunidades - Peri\u00f3dico Digital de Zacatecas\",\"isPartOf\":{\"@id\":\"https:\/\/creston.com.mx\/#website\"},\"primaryImageOfPage\":{\"@id\":\"https:\/\/creston.com.mx\/index.php\/04\/con-juguetes-y-dulces-celebra-miguel-varela-a-la-ninez-de-las-comunidades\/estado\/2026\/#primaryimage\"},\"image\":{\"@id\":\"https:\/\/creston.com.mx\/index.php\/04\/con-juguetes-y-dulces-celebra-miguel-varela-a-la-ninez-de-las-comunidades\/estado\/2026\/#primaryimage\"},\"thumbnailUrl\":\"https:\/\/creston.com.mx\/wp-content\/uploads\/2026\/04\/IMG-20260425-WA0019.jpg\",\"datePublished\":\"2026-04-27T00:35:00+00:00\",\"dateModified\":\"2026-04-28T02:52:44+00:00\",\"breadcrumb\":{\"@id\":\"https:\/\/creston.com.mx\/index.php\/04\/con-juguetes-y-dulces-celebra-miguel-varela-a-la-ninez-de-las-comunidades\/estado\/2026\/#breadcrumb\"},\"inLanguage\":\"es\",\"potentialAction\":[{\"@type\":\"ReadAction\",\"target\":[\"https:\/\/creston.com.mx\/index.php\/04\/con-juguetes-y-dulces-celebra-miguel-varela-a-la-ninez-de-las-comunidades\/estado\/2026\/\"]}]},{\"@type\":\"ImageObject\",\"inLanguage\":\"es\",\"@id\":\"https:\/\/creston.com.mx\/index.php\/04\/con-juguetes-y-dulces-celebra-miguel-varela-a-la-ninez-de-las-comunidades\/estado\/2026\/#primaryimage\",\"url\":\"https:\/\/creston.com.mx\/wp-content\/uploads\/2026\/04\/IMG-20260425-WA0019.jpg\",\"contentUrl\":\"https:\/\/creston.com.mx\/wp-content\/uploads\/2026\/04\/IMG-20260425-WA0019.jpg\",\"width\":1600,\"height\":1066},{\"@type\":\"BreadcrumbList\",\"@id\":\"https:\/\/creston.com.mx\/index.php\/04\/con-juguetes-y-dulces-celebra-miguel-varela-a-la-ninez-de-las-comunidades\/estado\/2026\/#breadcrumb\",\"itemListElement\":[{\"@type\":\"ListItem\",\"position\":1,\"name\":\"Portada\",\"item\":\"https:\/\/creston.com.mx\/\"},{\"@type\":\"ListItem\",\"position\":2,\"name\":\"Con juguetes y dulces celebra Miguel Varela a la ni\u00f1ez de las comunidades\"}]},{\"@type\":\"WebSite\",\"@id\":\"https:\/\/creston.com.mx\/#website\",\"url\":\"https:\/\/creston.com.mx\/\",\"name\":\"Peri\u00f3dico Digital de Zacatecas\",\"description\":\"\",\"publisher\":{\"@id\":\"https:\/\/creston.com.mx\/#organization\"},\"potentialAction\":[{\"@type\":\"SearchAction\",\"target\":{\"@type\":\"EntryPoint\",\"urlTemplate\":\"https:\/\/creston.com.mx\/?s={search_term_string}\"},\"query-input\":{\"@type\":\"PropertyValueSpecification\",\"valueRequired\":true,\"valueName\":\"search_term_string\"}}],\"inLanguage\":\"es\"},{\"@type\":\"Organization\",\"@id\":\"https:\/\/creston.com.mx\/#organization\",\"name\":\"Peri\u00f3dico Digital de Zacatecas\",\"url\":\"https:\/\/creston.com.mx\/\",\"logo\":{\"@type\":\"ImageObject\",\"inLanguage\":\"es\",\"@id\":\"https:\/\/creston.com.mx\/#\/schema\/logo\/image\/\",\"url\":\"https:\/\/creston.com.mx\/wp-content\/uploads\/2026\/02\/cropped-Logo-Creston2.jpg\",\"contentUrl\":\"https:\/\/creston.com.mx\/wp-content\/uploads\/2026\/02\/cropped-Logo-Creston2.jpg\",\"width\":503,\"height\":194,\"caption\":\"Peri\u00f3dico Digital  de Zacatecas\"},\"image\":{\"@id\":\"https:\/\/creston.com.mx\/#\/schema\/logo\/image\/\"}},{\"@type\":\"Person\",\"@id\":\"https:\/\/creston.com.mx\/#\/schema\/person\/01f2ce9e289bc5300c759925ef768c1d\",\"name\":\"Periodico Creston\",\"image\":{\"@type\":\"ImageObject\",\"inLanguage\":\"es\",\"@id\":\"https:\/\/creston.com.mx\/#\/schema\/person\/image\/\",\"url\":\"https:\/\/secure.gravatar.com\/avatar\/c91eac1cf0d45897b6d294d474aa7713a194d460be0aaf72157553d050cda1c1?s=96&d=mm&r=g\",\"contentUrl\":\"https:\/\/secure.gravatar.com\/avatar\/c91eac1cf0d45897b6d294d474aa7713a194d460be0aaf72157553d050cda1c1?s=96&d=mm&r=g\",\"caption\":\"Periodico Creston\"},\"sameAs\":[\"https:\/\/creston.com.mx\"],\"url\":\"https:\/\/creston.com.mx\/index.php\/author\/cstnalja96\/\"}]}<\/script>\n<!-- \/ Yoast SEO plugin. -->","yoast_head_json":{"title":"Con juguetes y dulces celebra Miguel Varela a la ni\u00f1ez de las comunidades - Peri\u00f3dico Digital de Zacatecas","robots":{"index":"index","follow":"follow","max-snippet":"max-snippet:-1","max-image-preview":"max-image-preview:large","max-video-preview":"max-video-preview:-1"},"canonical":"https:\/\/creston.com.mx\/index.php\/04\/con-juguetes-y-dulces-celebra-miguel-varela-a-la-ninez-de-las-comunidades\/estado\/2026\/","og_locale":"es_ES","og_type":"article","og_title":"Con juguetes y dulces celebra Miguel Varela a la ni\u00f1ez de las comunidades - Peri\u00f3dico Digital de Zacatecas","og_description":". Las ni\u00f1as y los ni\u00f1os disfrutaron de su festejo lleno de sorpresas, bolos, sonrisas y diversi\u00f3n con el show del payaso Tachuel\u00edn. . Durante un recorrido por las comunidades&hellip;","og_url":"https:\/\/creston.com.mx\/index.php\/04\/con-juguetes-y-dulces-celebra-miguel-varela-a-la-ninez-de-las-comunidades\/estado\/2026\/","og_site_name":"Peri\u00f3dico Digital de Zacatecas","article_published_time":"2026-04-27T00:35:00+00:00","article_modified_time":"2026-04-28T02:52:44+00:00","og_image":[{"width":1600,"height":1066,"url":"https:\/\/creston.com.mx\/wp-content\/uploads\/2026\/04\/IMG-20260425-WA0019.jpg","type":"image\/jpeg"}],"author":"Periodico Creston","twitter_card":"summary_large_image","twitter_misc":{"Escrito por":"Periodico Creston","Tiempo de lectura":"3 minutos"},"schema":{"@context":"https:\/\/schema.org","@graph":[{"@type":"Article","@id":"https:\/\/creston.com.mx\/index.php\/04\/con-juguetes-y-dulces-celebra-miguel-varela-a-la-ninez-de-las-comunidades\/estado\/2026\/#article","isPartOf":{"@id":"https:\/\/creston.com.mx\/index.php\/04\/con-juguetes-y-dulces-celebra-miguel-varela-a-la-ninez-de-las-comunidades\/estado\/2026\/"},"author":{"name":"Periodico Creston","@id":"https:\/\/creston.com.mx\/#\/schema\/person\/01f2ce9e289bc5300c759925ef768c1d"},"headline":"Con juguetes y dulces celebra Miguel Varela a la ni\u00f1ez de las comunidades","datePublished":"2026-04-27T00:35:00+00:00","dateModified":"2026-04-28T02:52:44+00:00","mainEntityOfPage":{"@id":"https:\/\/creston.com.mx\/index.php\/04\/con-juguetes-y-dulces-celebra-miguel-varela-a-la-ninez-de-las-comunidades\/estado\/2026\/"},"wordCount":314,"commentCount":0,"publisher":{"@id":"https:\/\/creston.com.mx\/#organization"},"image":{"@id":"https:\/\/creston.com.mx\/index.php\/04\/con-juguetes-y-dulces-celebra-miguel-varela-a-la-ninez-de-las-comunidades\/estado\/2026\/#primaryimage"},"thumbnailUrl":"https:\/\/creston.com.mx\/wp-content\/uploads\/2026\/04\/IMG-20260425-WA0019.jpg","articleSection":["Estado"],"inLanguage":"es","potentialAction":[{"@type":"CommentAction","name":"Comment","target":["https:\/\/creston.com.mx\/index.php\/04\/con-juguetes-y-dulces-celebra-miguel-varela-a-la-ninez-de-las-comunidades\/estado\/2026\/#respond"]}]},{"@type":"WebPage","@id":"https:\/\/creston.com.mx\/index.php\/04\/con-juguetes-y-dulces-celebra-miguel-varela-a-la-ninez-de-las-comunidades\/estado\/2026\/","url":"https:\/\/creston.com.mx\/index.php\/04\/con-juguetes-y-dulces-celebra-miguel-varela-a-la-ninez-de-las-comunidades\/estado\/2026\/","name":"Con juguetes y dulces celebra Miguel Varela a la ni\u00f1ez de las comunidades - Peri\u00f3dico Digital de Zacatecas","isPartOf":{"@id":"https:\/\/creston.com.mx\/#website"},"primaryImageOfPage":{"@id":"https:\/\/creston.com.mx\/index.php\/04\/con-juguetes-y-dulces-celebra-miguel-varela-a-la-ninez-de-las-comunidades\/estado\/2026\/#primaryimage"},"image":{"@id":"https:\/\/creston.com.mx\/index.php\/04\/con-juguetes-y-dulces-celebra-miguel-varela-a-la-ninez-de-las-comunidades\/estado\/2026\/#primaryimage"},"thumbnailUrl":"https:\/\/creston.com.mx\/wp-content\/uploads\/2026\/04\/IMG-20260425-WA0019.jpg","datePublished":"2026-04-27T00:35:00+00:00","dateModified":"2026-04-28T02:52:44+00:00","breadcrumb":{"@id":"https:\/\/creston.com.mx\/index.php\/04\/con-juguetes-y-dulces-celebra-miguel-varela-a-la-ninez-de-las-comunidades\/estado\/2026\/#breadcrumb"},"inLanguage":"es","potentialAction":[{"@type":"ReadAction","target":["https:\/\/creston.com.mx\/index.php\/04\/con-juguetes-y-dulces-celebra-miguel-varela-a-la-ninez-de-las-comunidades\/estado\/2026\/"]}]},{"@type":"ImageObject","inLanguage":"es","@id":"https:\/\/creston.com.mx\/index.php\/04\/con-juguetes-y-dulces-celebra-miguel-varela-a-la-ninez-de-las-comunidades\/estado\/2026\/#primaryimage","url":"https:\/\/creston.com.mx\/wp-content\/uploads\/2026\/04\/IMG-20260425-WA0019.jpg","contentUrl":"https:\/\/creston.com.mx\/wp-content\/uploads\/2026\/04\/IMG-20260425-WA0019.jpg","width":1600,"height":1066},{"@type":"BreadcrumbList","@id":"https:\/\/creston.com.mx\/index.php\/04\/con-juguetes-y-dulces-celebra-miguel-varela-a-la-ninez-de-las-comunidades\/estado\/2026\/#breadcrumb","itemListElement":[{"@type":"ListItem","position":1,"name":"Portada","item":"https:\/\/creston.com.mx\/"},{"@type":"ListItem","position":2,"name":"Con juguetes y dulces celebra Miguel Varela a la ni\u00f1ez de las comunidades"}]},{"@type":"WebSite","@id":"https:\/\/creston.com.mx\/#website","url":"https:\/\/creston.com.mx\/","name":"Peri\u00f3dico Digital de Zacatecas","description":"","publisher":{"@id":"https:\/\/creston.com.mx\/#organization"},"potentialAction":[{"@type":"SearchAction","target":{"@type":"EntryPoint","urlTemplate":"https:\/\/creston.com.mx\/?s={search_term_string}"},"query-input":{"@type":"PropertyValueSpecification","valueRequired":true,"valueName":"search_term_string"}}],"inLanguage":"es"},{"@type":"Organization","@id":"https:\/\/creston.com.mx\/#organization","name":"Peri\u00f3dico Digital de Zacatecas","url":"https:\/\/creston.com.mx\/","logo":{"@type":"ImageObject","inLanguage":"es","@id":"https:\/\/creston.com.mx\/#\/schema\/logo\/image\/","url":"https:\/\/creston.com.mx\/wp-content\/uploads\/2026\/02\/cropped-Logo-Creston2.jpg","contentUrl":"https:\/\/creston.com.mx\/wp-content\/uploads\/2026\/02\/cropped-Logo-Creston2.jpg","width":503,"height":194,"caption":"Peri\u00f3dico Digital  de Zacatecas"},"image":{"@id":"https:\/\/creston.com.mx\/#\/schema\/logo\/image\/"}},{"@type":"Person","@id":"https:\/\/creston.com.mx\/#\/schema\/person\/01f2ce9e289bc5300c759925ef768c1d","name":"Periodico Creston","image":{"@type":"ImageObject","inLanguage":"es","@id":"https:\/\/creston.com.mx\/#\/schema\/person\/image\/","url":"https:\/\/secure.gravatar.com\/avatar\/c91eac1cf0d45897b6d294d474aa7713a194d460be0aaf72157553d050cda1c1?s=96&d=mm&r=g","contentUrl":"https:\/\/secure.gravatar.com\/avatar\/c91eac1cf0d45897b6d294d474aa7713a194d460be0aaf72157553d050cda1c1?s=96&d=mm&r=g","caption":"Periodico Creston"},"sameAs":["https:\/\/creston.com.mx"],"url":"https:\/\/creston.com.mx\/index.php\/author\/cstnalja96\/"}]}},"jetpack_sharing_enabled":true,"jetpack_featured_media_url":"https:\/\/creston.com.mx\/wp-content\/uploads\/2026\/04\/IMG-20260425-WA0019.jpg","_links":{"self":[{"href":"https:\/\/creston.com.mx\/index.php\/wp-json\/wp\/v2\/posts\/3210","targetHints":{"allow":["GET"]}}],"collection":[{"href":"https:\/\/creston.com.mx\/index.php\/wp-json\/wp\/v2\/posts"}],"about":[{"href":"https:\/\/creston.com.mx\/index.php\/wp-json\/wp\/v2\/types\/post"}],"author":[{"embeddable":true,"href":"https:\/\/creston.com.mx\/index.php\/wp-json\/wp\/v2\/users\/1"}],"replies":[{"embeddable":true,"href":"https:\/\/creston.com.mx\/index.php\/wp-json\/wp\/v2\/comments?post=3210"}],"version-history":[{"count":1,"href":"https:\/\/creston.com.mx\/index.php\/wp-json\/wp\/v2\/posts\/3210\/revisions"}],"predecessor-version":[{"id":3213,"href":"https:\/\/creston.com.mx\/index.php\/wp-json\/wp\/v2\/posts\/3210\/revisions\/3213"}],"wp:featuredmedia":[{"embeddable":true,"href":"https:\/\/creston.com.mx\/index.php\/wp-json\/wp\/v2\/media\/3211"}],"wp:attachment":[{"href":"https:\/\/creston.com.mx\/index.php\/wp-json\/wp\/v2\/media?parent=3210"}],"wp:term":[{"taxonomy":"category","embeddable":true,"href":"https:\/\/creston.com.mx\/index.php\/wp-json\/wp\/v2\/categories?post=3210"},{"taxonomy":"post_tag","embeddable":true,"href":"https:\/\/creston.com.mx\/index.php\/wp-json\/wp\/v2\/tags?post=3210"}],"curies":[{"name":"wp","href":"https:\/\/api.w.org\/{rel}","templated":true}]}}