{"id":3199,"date":"2026-04-24T20:30:00","date_gmt":"2026-04-25T01:30:00","guid":{"rendered":"https:\/\/creston.com.mx\/?p=3199"},"modified":"2026-04-27T21:17:14","modified_gmt":"2026-04-28T02:17:14","slug":"miguel-varela-celebra-a-la-ninez-con-lucha-libre","status":"publish","type":"post","link":"https:\/\/creston.com.mx\/index.php\/04\/miguel-varela-celebra-a-la-ninez-con-lucha-libre\/estado\/2026\/","title":{"rendered":"Miguel Varela Celebra a la Ni\u00f1ez con Lucha Libre"},"content":{"rendered":"\n<p>.<\/p>\n\n\n\n<p class=\"has-medium-font-size\"><strong><em>\u00a1M\u00e1scaras, Capas y Sonrisas! el evento fue organizado con mucho cari\u00f1o para festejar a las y los peque\u00f1os del hogar.<\/em><\/strong><\/p>\n\n\n\n<p>.<\/p>\n\n\n\n<p>Con una tarde llena de diversi\u00f3n, risas y sorpresas, el Ayuntamiento de Zacatecas y el Sistema Municipal DIF arrancaron los festejos del D\u00eda de la Ni\u00f1a y el Ni\u00f1o con una espectacular funci\u00f3n de lucha libre, dedicada a las y los peque\u00f1os de la capital.<\/p>\n\n\n<div class=\"wp-block-image\">\n<figure class=\"alignright size-large is-resized\"><img fetchpriority=\"high\" decoding=\"async\" width=\"1024\" height=\"682\" src=\"https:\/\/creston.com.mx\/wp-content\/uploads\/2026\/04\/IMG-20260424-WA0023-1024x682.jpg\" alt=\"\" class=\"wp-image-3201\" style=\"aspect-ratio:1.5014984159602707;width:572px;height:auto\" srcset=\"https:\/\/creston.com.mx\/wp-content\/uploads\/2026\/04\/IMG-20260424-WA0023-1024x682.jpg 1024w, https:\/\/creston.com.mx\/wp-content\/uploads\/2026\/04\/IMG-20260424-WA0023-300x200.jpg 300w, https:\/\/creston.com.mx\/wp-content\/uploads\/2026\/04\/IMG-20260424-WA0023-768x512.jpg 768w, https:\/\/creston.com.mx\/wp-content\/uploads\/2026\/04\/IMG-20260424-WA0023-1536x1023.jpg 1536w, https:\/\/creston.com.mx\/wp-content\/uploads\/2026\/04\/IMG-20260424-WA0023.jpg 1600w\" sizes=\"(max-width: 1024px) 100vw, 1024px\" \/><\/figure>\n<\/div>\n\n\n<p>El alcalde Miguel Varela expres\u00f3 que este evento fue organizado con mucho cari\u00f1o para festejar a las y los peque\u00f1os del hogar.<\/p>\n\n\n\n<p>\u00abEs una oportunidad de poder compartir en familia una tarde llena de diversi\u00f3n, sorpresas y sonrisas, en este evento especial que es de ustedes\u00bb, se\u00f1al\u00f3 el presidente municipal, acompa\u00f1ado de su esposa, la presidenta honor\u00edfica del DIF Municipal, Karla Estrada.<\/p>\n\n\n\n<p>Por su parte, la directora del Sistema Municipal DIF Zacatecas, Mitzia Pel\u00e1ez, destac\u00f3 que la ni\u00f1ez es el coraz\u00f3n de las familias capitalinas y que estas actividades buscan fortalecer la convivencia y el derecho de ni\u00f1as y ni\u00f1os a la recreaci\u00f3n.<\/p>\n\n\n<div class=\"wp-block-image\">\n<figure class=\"alignright size-large is-resized\"><img decoding=\"async\" width=\"1024\" height=\"684\" src=\"https:\/\/creston.com.mx\/wp-content\/uploads\/2026\/04\/IMG-20260424-WA0025-1024x684.jpg\" alt=\"\" class=\"wp-image-3202\" style=\"aspect-ratio:1.4970973249857713;width:571px;height:auto\" srcset=\"https:\/\/creston.com.mx\/wp-content\/uploads\/2026\/04\/IMG-20260424-WA0025-1024x684.jpg 1024w, https:\/\/creston.com.mx\/wp-content\/uploads\/2026\/04\/IMG-20260424-WA0025-300x200.jpg 300w, https:\/\/creston.com.mx\/wp-content\/uploads\/2026\/04\/IMG-20260424-WA0025-768x513.jpg 768w, https:\/\/creston.com.mx\/wp-content\/uploads\/2026\/04\/IMG-20260424-WA0025-1536x1025.jpg 1536w, https:\/\/creston.com.mx\/wp-content\/uploads\/2026\/04\/IMG-20260424-WA0025.jpg 1600w\" sizes=\"(max-width: 1024px) 100vw, 1024px\" \/><\/figure>\n<\/div>\n\n\n<p>Decenas de ni\u00f1as y ni\u00f1os, acompa\u00f1ados de sus familias, disfrutaron de un cartel de lujo que mantuvo la emoci\u00f3n al m\u00e1ximo.<\/p>\n\n\n\n<p>La lucha estelar estuvo a cargo de las mini estrellas La Parkita Indy vs Mini Mosco, as\u00ed como el encuentro entre Geruz vs Demencia Jr.<\/p>\n\n\n\n<p>El programa incluy\u00f3 adem\u00e1s los combates: Serpiente India Jr. vs Tiguer, El Guard\u00eda vs Taurocosis Jr., Maverick vs Mr. Acero y Taurocosis 2000 vs Mr. Acero Jr.<\/p>\n\n\n<div class=\"wp-block-image\">\n<figure class=\"alignright size-large is-resized\"><img decoding=\"async\" width=\"1024\" height=\"768\" src=\"https:\/\/creston.com.mx\/wp-content\/uploads\/2026\/04\/Anun-3T-1-1024x768.jpeg\" alt=\"\" class=\"wp-image-3193\" style=\"width:575px;height:auto\" srcset=\"https:\/\/creston.com.mx\/wp-content\/uploads\/2026\/04\/Anun-3T-1-1024x768.jpeg 1024w, https:\/\/creston.com.mx\/wp-content\/uploads\/2026\/04\/Anun-3T-1-300x225.jpeg 300w, https:\/\/creston.com.mx\/wp-content\/uploads\/2026\/04\/Anun-3T-1-768x576.jpeg 768w, https:\/\/creston.com.mx\/wp-content\/uploads\/2026\/04\/Anun-3T-1.jpeg 1448w\" sizes=\"(max-width: 1024px) 100vw, 1024px\" \/><\/figure>\n<\/div>\n\n\n<p>La funci\u00f3n tambi\u00e9n cont\u00f3 con lucha de damas, con la presentaci\u00f3n de Darck Lluvia vs Miss Fantasy y Chica Infernal vs Chica Tauro, quienes tambi\u00e9n se llevaron los aplausos del p\u00fablico.<\/p>\n\n\n\n<p>Con estas actividades, el Ayuntamiento capitalino y el DIF Municipal refrendan su compromiso de generar espacios de sana convivencia y alegr\u00eda para la ni\u00f1ez zacatecana, porque en la capital el cambio ya se nota.<\/p>\n\n\n\n<p>.<\/p>\n\n\n\n\n\n<p>.<\/p>\n\n\n<div class=\"wp-block-image\">\n<figure class=\"aligncenter size-large is-resized\"><a href=\"https:\/\/www.facebook.com\/AyuntamientoZacatecas\" target=\"_blank\" rel=\" noreferrer noopener\"><img loading=\"lazy\" decoding=\"async\" width=\"819\" height=\"1024\" src=\"https:\/\/creston.com.mx\/wp-content\/uploads\/2026\/02\/IMG-20260218-WA0018-819x1024.jpg\" alt=\"\" class=\"wp-image-2528\" style=\"width:639px;height:auto\" srcset=\"https:\/\/creston.com.mx\/wp-content\/uploads\/2026\/02\/IMG-20260218-WA0018-819x1024.jpg 819w, https:\/\/creston.com.mx\/wp-content\/uploads\/2026\/02\/IMG-20260218-WA0018-240x300.jpg 240w, https:\/\/creston.com.mx\/wp-content\/uploads\/2026\/02\/IMG-20260218-WA0018-768x960.jpg 768w, https:\/\/creston.com.mx\/wp-content\/uploads\/2026\/02\/IMG-20260218-WA0018-1229x1536.jpg 1229w, https:\/\/creston.com.mx\/wp-content\/uploads\/2026\/02\/IMG-20260218-WA0018.jpg 1280w\" sizes=\"(max-width: 819px) 100vw, 819px\" \/><\/a><\/figure>\n<\/div>","protected":false},"excerpt":{"rendered":"<p>. \u00a1M\u00e1scaras, Capas y Sonrisas! el evento fue organizado con mucho cari\u00f1o para festejar a las y los peque\u00f1os del hogar. . Con una tarde llena de diversi\u00f3n, risas y&hellip; <\/p>\n","protected":false},"author":1,"featured_media":3200,"comment_status":"open","ping_status":"closed","sticky":false,"template":"","format":"standard","meta":{"_jetpack_memberships_contains_paid_content":false,"footnotes":""},"categories":[1],"tags":[],"class_list":["post-3199","post","type-post","status-publish","format-standard","has-post-thumbnail","hentry","category-estado"],"yoast_head":"<!-- This site is optimized with the Yoast SEO plugin v24.2 - https:\/\/yoast.com\/wordpress\/plugins\/seo\/ -->\n<title>Miguel Varela Celebra a la Ni\u00f1ez con Lucha Libre - Peri\u00f3dico Digital de Zacatecas<\/title>\n<meta name=\"robots\" content=\"index, follow, max-snippet:-1, max-image-preview:large, max-video-preview:-1\" \/>\n<link rel=\"canonical\" href=\"https:\/\/creston.com.mx\/index.php\/04\/miguel-varela-celebra-a-la-ninez-con-lucha-libre\/estado\/2026\/\" \/>\n<meta property=\"og:locale\" content=\"es_ES\" \/>\n<meta property=\"og:type\" content=\"article\" \/>\n<meta property=\"og:title\" content=\"Miguel Varela Celebra a la Ni\u00f1ez con Lucha Libre - Peri\u00f3dico Digital de Zacatecas\" \/>\n<meta property=\"og:description\" content=\". \u00a1M\u00e1scaras, Capas y Sonrisas! el evento fue organizado con mucho cari\u00f1o para festejar a las y los peque\u00f1os del hogar. . Con una tarde llena de diversi\u00f3n, risas y&hellip;\" \/>\n<meta property=\"og:url\" content=\"https:\/\/creston.com.mx\/index.php\/04\/miguel-varela-celebra-a-la-ninez-con-lucha-libre\/estado\/2026\/\" \/>\n<meta property=\"og:site_name\" content=\"Peri\u00f3dico Digital de Zacatecas\" \/>\n<meta property=\"article:published_time\" content=\"2026-04-25T01:30:00+00:00\" \/>\n<meta property=\"article:modified_time\" content=\"2026-04-28T02:17:14+00:00\" \/>\n<meta property=\"og:image\" content=\"https:\/\/creston.com.mx\/wp-content\/uploads\/2026\/04\/IMG-20260424-WA0026.jpg\" \/>\n\t<meta property=\"og:image:width\" content=\"1600\" \/>\n\t<meta property=\"og:image:height\" content=\"1068\" \/>\n\t<meta property=\"og:image:type\" content=\"image\/jpeg\" \/>\n<meta name=\"author\" content=\"Periodico Creston\" \/>\n<meta name=\"twitter:card\" content=\"summary_large_image\" \/>\n<meta name=\"twitter:label1\" content=\"Escrito por\" \/>\n\t<meta name=\"twitter:data1\" content=\"Periodico Creston\" \/>\n\t<meta name=\"twitter:label2\" content=\"Tiempo de lectura\" \/>\n\t<meta name=\"twitter:data2\" content=\"3 minutos\" \/>\n<script type=\"application\/ld+json\" class=\"yoast-schema-graph\">{\"@context\":\"https:\/\/schema.org\",\"@graph\":[{\"@type\":\"Article\",\"@id\":\"https:\/\/creston.com.mx\/index.php\/04\/miguel-varela-celebra-a-la-ninez-con-lucha-libre\/estado\/2026\/#article\",\"isPartOf\":{\"@id\":\"https:\/\/creston.com.mx\/index.php\/04\/miguel-varela-celebra-a-la-ninez-con-lucha-libre\/estado\/2026\/\"},\"author\":{\"name\":\"Periodico Creston\",\"@id\":\"https:\/\/creston.com.mx\/#\/schema\/person\/01f2ce9e289bc5300c759925ef768c1d\"},\"headline\":\"Miguel Varela Celebra a la Ni\u00f1ez con Lucha Libre\",\"datePublished\":\"2026-04-25T01:30:00+00:00\",\"dateModified\":\"2026-04-28T02:17:14+00:00\",\"mainEntityOfPage\":{\"@id\":\"https:\/\/creston.com.mx\/index.php\/04\/miguel-varela-celebra-a-la-ninez-con-lucha-libre\/estado\/2026\/\"},\"wordCount\":350,\"commentCount\":0,\"publisher\":{\"@id\":\"https:\/\/creston.com.mx\/#organization\"},\"image\":{\"@id\":\"https:\/\/creston.com.mx\/index.php\/04\/miguel-varela-celebra-a-la-ninez-con-lucha-libre\/estado\/2026\/#primaryimage\"},\"thumbnailUrl\":\"https:\/\/creston.com.mx\/wp-content\/uploads\/2026\/04\/IMG-20260424-WA0026.jpg\",\"articleSection\":[\"Estado\"],\"inLanguage\":\"es\",\"potentialAction\":[{\"@type\":\"CommentAction\",\"name\":\"Comment\",\"target\":[\"https:\/\/creston.com.mx\/index.php\/04\/miguel-varela-celebra-a-la-ninez-con-lucha-libre\/estado\/2026\/#respond\"]}]},{\"@type\":\"WebPage\",\"@id\":\"https:\/\/creston.com.mx\/index.php\/04\/miguel-varela-celebra-a-la-ninez-con-lucha-libre\/estado\/2026\/\",\"url\":\"https:\/\/creston.com.mx\/index.php\/04\/miguel-varela-celebra-a-la-ninez-con-lucha-libre\/estado\/2026\/\",\"name\":\"Miguel Varela Celebra a la Ni\u00f1ez con Lucha Libre - Peri\u00f3dico Digital de Zacatecas\",\"isPartOf\":{\"@id\":\"https:\/\/creston.com.mx\/#website\"},\"primaryImageOfPage\":{\"@id\":\"https:\/\/creston.com.mx\/index.php\/04\/miguel-varela-celebra-a-la-ninez-con-lucha-libre\/estado\/2026\/#primaryimage\"},\"image\":{\"@id\":\"https:\/\/creston.com.mx\/index.php\/04\/miguel-varela-celebra-a-la-ninez-con-lucha-libre\/estado\/2026\/#primaryimage\"},\"thumbnailUrl\":\"https:\/\/creston.com.mx\/wp-content\/uploads\/2026\/04\/IMG-20260424-WA0026.jpg\",\"datePublished\":\"2026-04-25T01:30:00+00:00\",\"dateModified\":\"2026-04-28T02:17:14+00:00\",\"breadcrumb\":{\"@id\":\"https:\/\/creston.com.mx\/index.php\/04\/miguel-varela-celebra-a-la-ninez-con-lucha-libre\/estado\/2026\/#breadcrumb\"},\"inLanguage\":\"es\",\"potentialAction\":[{\"@type\":\"ReadAction\",\"target\":[\"https:\/\/creston.com.mx\/index.php\/04\/miguel-varela-celebra-a-la-ninez-con-lucha-libre\/estado\/2026\/\"]}]},{\"@type\":\"ImageObject\",\"inLanguage\":\"es\",\"@id\":\"https:\/\/creston.com.mx\/index.php\/04\/miguel-varela-celebra-a-la-ninez-con-lucha-libre\/estado\/2026\/#primaryimage\",\"url\":\"https:\/\/creston.com.mx\/wp-content\/uploads\/2026\/04\/IMG-20260424-WA0026.jpg\",\"contentUrl\":\"https:\/\/creston.com.mx\/wp-content\/uploads\/2026\/04\/IMG-20260424-WA0026.jpg\",\"width\":1600,\"height\":1068},{\"@type\":\"BreadcrumbList\",\"@id\":\"https:\/\/creston.com.mx\/index.php\/04\/miguel-varela-celebra-a-la-ninez-con-lucha-libre\/estado\/2026\/#breadcrumb\",\"itemListElement\":[{\"@type\":\"ListItem\",\"position\":1,\"name\":\"Portada\",\"item\":\"https:\/\/creston.com.mx\/\"},{\"@type\":\"ListItem\",\"position\":2,\"name\":\"Miguel Varela Celebra a la Ni\u00f1ez con Lucha Libre\"}]},{\"@type\":\"WebSite\",\"@id\":\"https:\/\/creston.com.mx\/#website\",\"url\":\"https:\/\/creston.com.mx\/\",\"name\":\"Peri\u00f3dico Digital de Zacatecas\",\"description\":\"\",\"publisher\":{\"@id\":\"https:\/\/creston.com.mx\/#organization\"},\"potentialAction\":[{\"@type\":\"SearchAction\",\"target\":{\"@type\":\"EntryPoint\",\"urlTemplate\":\"https:\/\/creston.com.mx\/?s={search_term_string}\"},\"query-input\":{\"@type\":\"PropertyValueSpecification\",\"valueRequired\":true,\"valueName\":\"search_term_string\"}}],\"inLanguage\":\"es\"},{\"@type\":\"Organization\",\"@id\":\"https:\/\/creston.com.mx\/#organization\",\"name\":\"Peri\u00f3dico Digital de Zacatecas\",\"url\":\"https:\/\/creston.com.mx\/\",\"logo\":{\"@type\":\"ImageObject\",\"inLanguage\":\"es\",\"@id\":\"https:\/\/creston.com.mx\/#\/schema\/logo\/image\/\",\"url\":\"https:\/\/creston.com.mx\/wp-content\/uploads\/2026\/02\/cropped-Logo-Creston2.jpg\",\"contentUrl\":\"https:\/\/creston.com.mx\/wp-content\/uploads\/2026\/02\/cropped-Logo-Creston2.jpg\",\"width\":503,\"height\":194,\"caption\":\"Peri\u00f3dico Digital  de Zacatecas\"},\"image\":{\"@id\":\"https:\/\/creston.com.mx\/#\/schema\/logo\/image\/\"}},{\"@type\":\"Person\",\"@id\":\"https:\/\/creston.com.mx\/#\/schema\/person\/01f2ce9e289bc5300c759925ef768c1d\",\"name\":\"Periodico Creston\",\"image\":{\"@type\":\"ImageObject\",\"inLanguage\":\"es\",\"@id\":\"https:\/\/creston.com.mx\/#\/schema\/person\/image\/\",\"url\":\"https:\/\/secure.gravatar.com\/avatar\/c91eac1cf0d45897b6d294d474aa7713a194d460be0aaf72157553d050cda1c1?s=96&d=mm&r=g\",\"contentUrl\":\"https:\/\/secure.gravatar.com\/avatar\/c91eac1cf0d45897b6d294d474aa7713a194d460be0aaf72157553d050cda1c1?s=96&d=mm&r=g\",\"caption\":\"Periodico Creston\"},\"sameAs\":[\"https:\/\/creston.com.mx\"],\"url\":\"https:\/\/creston.com.mx\/index.php\/author\/cstnalja96\/\"}]}<\/script>\n<!-- \/ Yoast SEO plugin. -->","yoast_head_json":{"title":"Miguel Varela Celebra a la Ni\u00f1ez con Lucha Libre - Peri\u00f3dico Digital de Zacatecas","robots":{"index":"index","follow":"follow","max-snippet":"max-snippet:-1","max-image-preview":"max-image-preview:large","max-video-preview":"max-video-preview:-1"},"canonical":"https:\/\/creston.com.mx\/index.php\/04\/miguel-varela-celebra-a-la-ninez-con-lucha-libre\/estado\/2026\/","og_locale":"es_ES","og_type":"article","og_title":"Miguel Varela Celebra a la Ni\u00f1ez con Lucha Libre - Peri\u00f3dico Digital de Zacatecas","og_description":". \u00a1M\u00e1scaras, Capas y Sonrisas! el evento fue organizado con mucho cari\u00f1o para festejar a las y los peque\u00f1os del hogar. . Con una tarde llena de diversi\u00f3n, risas y&hellip;","og_url":"https:\/\/creston.com.mx\/index.php\/04\/miguel-varela-celebra-a-la-ninez-con-lucha-libre\/estado\/2026\/","og_site_name":"Peri\u00f3dico Digital de Zacatecas","article_published_time":"2026-04-25T01:30:00+00:00","article_modified_time":"2026-04-28T02:17:14+00:00","og_image":[{"width":1600,"height":1068,"url":"https:\/\/creston.com.mx\/wp-content\/uploads\/2026\/04\/IMG-20260424-WA0026.jpg","type":"image\/jpeg"}],"author":"Periodico Creston","twitter_card":"summary_large_image","twitter_misc":{"Escrito por":"Periodico Creston","Tiempo de lectura":"3 minutos"},"schema":{"@context":"https:\/\/schema.org","@graph":[{"@type":"Article","@id":"https:\/\/creston.com.mx\/index.php\/04\/miguel-varela-celebra-a-la-ninez-con-lucha-libre\/estado\/2026\/#article","isPartOf":{"@id":"https:\/\/creston.com.mx\/index.php\/04\/miguel-varela-celebra-a-la-ninez-con-lucha-libre\/estado\/2026\/"},"author":{"name":"Periodico Creston","@id":"https:\/\/creston.com.mx\/#\/schema\/person\/01f2ce9e289bc5300c759925ef768c1d"},"headline":"Miguel Varela Celebra a la Ni\u00f1ez con Lucha Libre","datePublished":"2026-04-25T01:30:00+00:00","dateModified":"2026-04-28T02:17:14+00:00","mainEntityOfPage":{"@id":"https:\/\/creston.com.mx\/index.php\/04\/miguel-varela-celebra-a-la-ninez-con-lucha-libre\/estado\/2026\/"},"wordCount":350,"commentCount":0,"publisher":{"@id":"https:\/\/creston.com.mx\/#organization"},"image":{"@id":"https:\/\/creston.com.mx\/index.php\/04\/miguel-varela-celebra-a-la-ninez-con-lucha-libre\/estado\/2026\/#primaryimage"},"thumbnailUrl":"https:\/\/creston.com.mx\/wp-content\/uploads\/2026\/04\/IMG-20260424-WA0026.jpg","articleSection":["Estado"],"inLanguage":"es","potentialAction":[{"@type":"CommentAction","name":"Comment","target":["https:\/\/creston.com.mx\/index.php\/04\/miguel-varela-celebra-a-la-ninez-con-lucha-libre\/estado\/2026\/#respond"]}]},{"@type":"WebPage","@id":"https:\/\/creston.com.mx\/index.php\/04\/miguel-varela-celebra-a-la-ninez-con-lucha-libre\/estado\/2026\/","url":"https:\/\/creston.com.mx\/index.php\/04\/miguel-varela-celebra-a-la-ninez-con-lucha-libre\/estado\/2026\/","name":"Miguel Varela Celebra a la Ni\u00f1ez con Lucha Libre - Peri\u00f3dico Digital de Zacatecas","isPartOf":{"@id":"https:\/\/creston.com.mx\/#website"},"primaryImageOfPage":{"@id":"https:\/\/creston.com.mx\/index.php\/04\/miguel-varela-celebra-a-la-ninez-con-lucha-libre\/estado\/2026\/#primaryimage"},"image":{"@id":"https:\/\/creston.com.mx\/index.php\/04\/miguel-varela-celebra-a-la-ninez-con-lucha-libre\/estado\/2026\/#primaryimage"},"thumbnailUrl":"https:\/\/creston.com.mx\/wp-content\/uploads\/2026\/04\/IMG-20260424-WA0026.jpg","datePublished":"2026-04-25T01:30:00+00:00","dateModified":"2026-04-28T02:17:14+00:00","breadcrumb":{"@id":"https:\/\/creston.com.mx\/index.php\/04\/miguel-varela-celebra-a-la-ninez-con-lucha-libre\/estado\/2026\/#breadcrumb"},"inLanguage":"es","potentialAction":[{"@type":"ReadAction","target":["https:\/\/creston.com.mx\/index.php\/04\/miguel-varela-celebra-a-la-ninez-con-lucha-libre\/estado\/2026\/"]}]},{"@type":"ImageObject","inLanguage":"es","@id":"https:\/\/creston.com.mx\/index.php\/04\/miguel-varela-celebra-a-la-ninez-con-lucha-libre\/estado\/2026\/#primaryimage","url":"https:\/\/creston.com.mx\/wp-content\/uploads\/2026\/04\/IMG-20260424-WA0026.jpg","contentUrl":"https:\/\/creston.com.mx\/wp-content\/uploads\/2026\/04\/IMG-20260424-WA0026.jpg","width":1600,"height":1068},{"@type":"BreadcrumbList","@id":"https:\/\/creston.com.mx\/index.php\/04\/miguel-varela-celebra-a-la-ninez-con-lucha-libre\/estado\/2026\/#breadcrumb","itemListElement":[{"@type":"ListItem","position":1,"name":"Portada","item":"https:\/\/creston.com.mx\/"},{"@type":"ListItem","position":2,"name":"Miguel Varela Celebra a la Ni\u00f1ez con Lucha Libre"}]},{"@type":"WebSite","@id":"https:\/\/creston.com.mx\/#website","url":"https:\/\/creston.com.mx\/","name":"Peri\u00f3dico Digital de Zacatecas","description":"","publisher":{"@id":"https:\/\/creston.com.mx\/#organization"},"potentialAction":[{"@type":"SearchAction","target":{"@type":"EntryPoint","urlTemplate":"https:\/\/creston.com.mx\/?s={search_term_string}"},"query-input":{"@type":"PropertyValueSpecification","valueRequired":true,"valueName":"search_term_string"}}],"inLanguage":"es"},{"@type":"Organization","@id":"https:\/\/creston.com.mx\/#organization","name":"Peri\u00f3dico Digital de Zacatecas","url":"https:\/\/creston.com.mx\/","logo":{"@type":"ImageObject","inLanguage":"es","@id":"https:\/\/creston.com.mx\/#\/schema\/logo\/image\/","url":"https:\/\/creston.com.mx\/wp-content\/uploads\/2026\/02\/cropped-Logo-Creston2.jpg","contentUrl":"https:\/\/creston.com.mx\/wp-content\/uploads\/2026\/02\/cropped-Logo-Creston2.jpg","width":503,"height":194,"caption":"Peri\u00f3dico Digital  de Zacatecas"},"image":{"@id":"https:\/\/creston.com.mx\/#\/schema\/logo\/image\/"}},{"@type":"Person","@id":"https:\/\/creston.com.mx\/#\/schema\/person\/01f2ce9e289bc5300c759925ef768c1d","name":"Periodico Creston","image":{"@type":"ImageObject","inLanguage":"es","@id":"https:\/\/creston.com.mx\/#\/schema\/person\/image\/","url":"https:\/\/secure.gravatar.com\/avatar\/c91eac1cf0d45897b6d294d474aa7713a194d460be0aaf72157553d050cda1c1?s=96&d=mm&r=g","contentUrl":"https:\/\/secure.gravatar.com\/avatar\/c91eac1cf0d45897b6d294d474aa7713a194d460be0aaf72157553d050cda1c1?s=96&d=mm&r=g","caption":"Periodico Creston"},"sameAs":["https:\/\/creston.com.mx"],"url":"https:\/\/creston.com.mx\/index.php\/author\/cstnalja96\/"}]}},"jetpack_sharing_enabled":true,"jetpack_featured_media_url":"https:\/\/creston.com.mx\/wp-content\/uploads\/2026\/04\/IMG-20260424-WA0026.jpg","_links":{"self":[{"href":"https:\/\/creston.com.mx\/index.php\/wp-json\/wp\/v2\/posts\/3199","targetHints":{"allow":["GET"]}}],"collection":[{"href":"https:\/\/creston.com.mx\/index.php\/wp-json\/wp\/v2\/posts"}],"about":[{"href":"https:\/\/creston.com.mx\/index.php\/wp-json\/wp\/v2\/types\/post"}],"author":[{"embeddable":true,"href":"https:\/\/creston.com.mx\/index.php\/wp-json\/wp\/v2\/users\/1"}],"replies":[{"embeddable":true,"href":"https:\/\/creston.com.mx\/index.php\/wp-json\/wp\/v2\/comments?post=3199"}],"version-history":[{"count":1,"href":"https:\/\/creston.com.mx\/index.php\/wp-json\/wp\/v2\/posts\/3199\/revisions"}],"predecessor-version":[{"id":3203,"href":"https:\/\/creston.com.mx\/index.php\/wp-json\/wp\/v2\/posts\/3199\/revisions\/3203"}],"wp:featuredmedia":[{"embeddable":true,"href":"https:\/\/creston.com.mx\/index.php\/wp-json\/wp\/v2\/media\/3200"}],"wp:attachment":[{"href":"https:\/\/creston.com.mx\/index.php\/wp-json\/wp\/v2\/media?parent=3199"}],"wp:term":[{"taxonomy":"category","embeddable":true,"href":"https:\/\/creston.com.mx\/index.php\/wp-json\/wp\/v2\/categories?post=3199"},{"taxonomy":"post_tag","embeddable":true,"href":"https:\/\/creston.com.mx\/index.php\/wp-json\/wp\/v2\/tags?post=3199"}],"curies":[{"name":"wp","href":"https:\/\/api.w.org\/{rel}","templated":true}]}}