{"id":319,"date":"2025-01-29T21:57:07","date_gmt":"2025-01-30T03:57:07","guid":{"rendered":"https:\/\/creston.com.mx\/?p=319"},"modified":"2025-01-29T21:57:08","modified_gmt":"2025-01-30T03:57:08","slug":"reformas-van-al-fortalecimiento-del-sistema-de-justicia-en-mexico","status":"publish","type":"post","link":"https:\/\/creston.com.mx\/index.php\/01\/reformas-van-al-fortalecimiento-del-sistema-de-justicia-en-mexico\/politica\/2025\/","title":{"rendered":"Reformas van al fortalecimiento del sistema de justicia en M\u00e9xico"},"content":{"rendered":"\n<p>.<\/p>\n\n\n\n<p class=\"has-medium-font-size\"><strong><em>El Diputado Federal, Ulises Mej\u00eda Haro se re\u00fane con abogados e integrantes sindicales del Poder Judicial en Zacatecas.<\/em><\/strong><\/p>\n\n\n\n<p>.<\/p>\n\n\n\n<p>En el marco del proceso de reforma al Poder Judicial, el diputado federal Ulises Mej\u00eda Haro sostuvo un encuentro con abogadas, abogados e integrantes sindicales del Poder Judicial de la Federaci\u00f3n en Zacatecas, con el objetivo de intercambiar ideas sobre los recientes cambios constitucionales y escuchar sus propuestas para la adecuaci\u00f3n de las leyes reglamentarias.<\/p>\n\n\n\n<p>Durante la reuni\u00f3n, se destac\u00f3 la importancia de fortalecer la impartici\u00f3n de justicia, consolidar los \u00f3rganos jurisdiccionales y aligerar las cargas de trabajo, adem\u00e1s de robustecer las estructuras laborales en la base del Poder Judicial. Asimismo, se abord\u00f3 la necesidad de democratizar la designaci\u00f3n de jueces y magistrados a trav\u00e9s del voto directo de la ciudadan\u00eda, garantizando que quienes administran justicia cuenten con legitimidad y respaldo popular.<\/p>\n\n\n\n<figure class=\"wp-block-image\"><img fetchpriority=\"high\" decoding=\"async\" width=\"921\" height=\"413\" src=\"https:\/\/creston.com.mx\/wp-content\/uploads\/2025\/01\/IMG-20250128-WA0051.jpg\" alt=\"\" class=\"wp-image-321\" srcset=\"https:\/\/creston.com.mx\/wp-content\/uploads\/2025\/01\/IMG-20250128-WA0051.jpg 921w, https:\/\/creston.com.mx\/wp-content\/uploads\/2025\/01\/IMG-20250128-WA0051-300x135.jpg 300w, https:\/\/creston.com.mx\/wp-content\/uploads\/2025\/01\/IMG-20250128-WA0051-768x344.jpg 768w\" sizes=\"(max-width: 921px) 100vw, 921px\" \/><\/figure>\n\n\n\n<p>\u201cEstas reformas representan los primeros pasos hacia el fortalecimiento del sistema de justicia en M\u00e9xico, asegurando que sea m\u00e1s accesible, eficiente y equitativo para todas y todos\u201d, enfatiz\u00f3 Mej\u00eda Haro. El legislador reafirm\u00f3 su compromiso de seguir en territorio, dialogando con los distintos sectores involucrados en la impartici\u00f3n de justicia, para garantizar que las reformas reflejen las verdaderas necesidades de quienes integran el sistema judicial y de la ciudadan\u00eda en general.<\/p>\n","protected":false},"excerpt":{"rendered":"<p>. El Diputado Federal, Ulises Mej\u00eda Haro se re\u00fane con abogados e integrantes sindicales del Poder Judicial en Zacatecas. . En el marco del proceso de reforma al Poder Judicial,&hellip; <\/p>\n","protected":false},"author":1,"featured_media":320,"comment_status":"open","ping_status":"closed","sticky":false,"template":"","format":"standard","meta":{"_jetpack_memberships_contains_paid_content":false,"footnotes":""},"categories":[2],"tags":[],"class_list":["post-319","post","type-post","status-publish","format-standard","has-post-thumbnail","hentry","category-politica"],"yoast_head":"<!-- This site is optimized with the Yoast SEO plugin v24.2 - https:\/\/yoast.com\/wordpress\/plugins\/seo\/ -->\n<title>Reformas van al fortalecimiento del sistema de justicia en M\u00e9xico - Peri\u00f3dico Digital de Zacatecas<\/title>\n<meta name=\"robots\" content=\"index, follow, max-snippet:-1, max-image-preview:large, max-video-preview:-1\" \/>\n<link rel=\"canonical\" href=\"https:\/\/creston.com.mx\/index.php\/01\/reformas-van-al-fortalecimiento-del-sistema-de-justicia-en-mexico\/politica\/2025\/\" \/>\n<meta property=\"og:locale\" content=\"es_ES\" \/>\n<meta property=\"og:type\" content=\"article\" \/>\n<meta property=\"og:title\" content=\"Reformas van al fortalecimiento del sistema de justicia en M\u00e9xico - Peri\u00f3dico Digital de Zacatecas\" \/>\n<meta property=\"og:description\" content=\". El Diputado Federal, Ulises Mej\u00eda Haro se re\u00fane con abogados e integrantes sindicales del Poder Judicial en Zacatecas. . En el marco del proceso de reforma al Poder Judicial,&hellip;\" \/>\n<meta property=\"og:url\" content=\"https:\/\/creston.com.mx\/index.php\/01\/reformas-van-al-fortalecimiento-del-sistema-de-justicia-en-mexico\/politica\/2025\/\" \/>\n<meta property=\"og:site_name\" content=\"Peri\u00f3dico Digital de Zacatecas\" \/>\n<meta property=\"article:published_time\" content=\"2025-01-30T03:57:07+00:00\" \/>\n<meta property=\"article:modified_time\" content=\"2025-01-30T03:57:08+00:00\" \/>\n<meta property=\"og:image\" content=\"https:\/\/creston.com.mx\/wp-content\/uploads\/2025\/01\/IMG-20250128-WA0010.jpg\" \/>\n\t<meta property=\"og:image:width\" content=\"1280\" \/>\n\t<meta property=\"og:image:height\" content=\"826\" \/>\n\t<meta property=\"og:image:type\" content=\"image\/jpeg\" \/>\n<meta name=\"author\" content=\"Periodico Creston\" \/>\n<meta name=\"twitter:card\" content=\"summary_large_image\" \/>\n<meta name=\"twitter:label1\" content=\"Escrito por\" \/>\n\t<meta name=\"twitter:data1\" content=\"Periodico Creston\" \/>\n\t<meta name=\"twitter:label2\" content=\"Tiempo de lectura\" \/>\n\t<meta name=\"twitter:data2\" content=\"2 minutos\" \/>\n<script type=\"application\/ld+json\" class=\"yoast-schema-graph\">{\"@context\":\"https:\/\/schema.org\",\"@graph\":[{\"@type\":\"Article\",\"@id\":\"https:\/\/creston.com.mx\/index.php\/01\/reformas-van-al-fortalecimiento-del-sistema-de-justicia-en-mexico\/politica\/2025\/#article\",\"isPartOf\":{\"@id\":\"https:\/\/creston.com.mx\/index.php\/01\/reformas-van-al-fortalecimiento-del-sistema-de-justicia-en-mexico\/politica\/2025\/\"},\"author\":{\"name\":\"Periodico Creston\",\"@id\":\"https:\/\/creston.com.mx\/#\/schema\/person\/01f2ce9e289bc5300c759925ef768c1d\"},\"headline\":\"Reformas van al fortalecimiento del sistema de justicia en M\u00e9xico\",\"datePublished\":\"2025-01-30T03:57:07+00:00\",\"dateModified\":\"2025-01-30T03:57:08+00:00\",\"mainEntityOfPage\":{\"@id\":\"https:\/\/creston.com.mx\/index.php\/01\/reformas-van-al-fortalecimiento-del-sistema-de-justicia-en-mexico\/politica\/2025\/\"},\"wordCount\":238,\"commentCount\":0,\"publisher\":{\"@id\":\"https:\/\/creston.com.mx\/#organization\"},\"image\":{\"@id\":\"https:\/\/creston.com.mx\/index.php\/01\/reformas-van-al-fortalecimiento-del-sistema-de-justicia-en-mexico\/politica\/2025\/#primaryimage\"},\"thumbnailUrl\":\"https:\/\/creston.com.mx\/wp-content\/uploads\/2025\/01\/IMG-20250128-WA0010.jpg\",\"articleSection\":[\"Pol\u00edtica\"],\"inLanguage\":\"es\",\"potentialAction\":[{\"@type\":\"CommentAction\",\"name\":\"Comment\",\"target\":[\"https:\/\/creston.com.mx\/index.php\/01\/reformas-van-al-fortalecimiento-del-sistema-de-justicia-en-mexico\/politica\/2025\/#respond\"]}]},{\"@type\":\"WebPage\",\"@id\":\"https:\/\/creston.com.mx\/index.php\/01\/reformas-van-al-fortalecimiento-del-sistema-de-justicia-en-mexico\/politica\/2025\/\",\"url\":\"https:\/\/creston.com.mx\/index.php\/01\/reformas-van-al-fortalecimiento-del-sistema-de-justicia-en-mexico\/politica\/2025\/\",\"name\":\"Reformas van al fortalecimiento del sistema de justicia en M\u00e9xico - Peri\u00f3dico Digital de Zacatecas\",\"isPartOf\":{\"@id\":\"https:\/\/creston.com.mx\/#website\"},\"primaryImageOfPage\":{\"@id\":\"https:\/\/creston.com.mx\/index.php\/01\/reformas-van-al-fortalecimiento-del-sistema-de-justicia-en-mexico\/politica\/2025\/#primaryimage\"},\"image\":{\"@id\":\"https:\/\/creston.com.mx\/index.php\/01\/reformas-van-al-fortalecimiento-del-sistema-de-justicia-en-mexico\/politica\/2025\/#primaryimage\"},\"thumbnailUrl\":\"https:\/\/creston.com.mx\/wp-content\/uploads\/2025\/01\/IMG-20250128-WA0010.jpg\",\"datePublished\":\"2025-01-30T03:57:07+00:00\",\"dateModified\":\"2025-01-30T03:57:08+00:00\",\"breadcrumb\":{\"@id\":\"https:\/\/creston.com.mx\/index.php\/01\/reformas-van-al-fortalecimiento-del-sistema-de-justicia-en-mexico\/politica\/2025\/#breadcrumb\"},\"inLanguage\":\"es\",\"potentialAction\":[{\"@type\":\"ReadAction\",\"target\":[\"https:\/\/creston.com.mx\/index.php\/01\/reformas-van-al-fortalecimiento-del-sistema-de-justicia-en-mexico\/politica\/2025\/\"]}]},{\"@type\":\"ImageObject\",\"inLanguage\":\"es\",\"@id\":\"https:\/\/creston.com.mx\/index.php\/01\/reformas-van-al-fortalecimiento-del-sistema-de-justicia-en-mexico\/politica\/2025\/#primaryimage\",\"url\":\"https:\/\/creston.com.mx\/wp-content\/uploads\/2025\/01\/IMG-20250128-WA0010.jpg\",\"contentUrl\":\"https:\/\/creston.com.mx\/wp-content\/uploads\/2025\/01\/IMG-20250128-WA0010.jpg\",\"width\":1280,\"height\":826},{\"@type\":\"BreadcrumbList\",\"@id\":\"https:\/\/creston.com.mx\/index.php\/01\/reformas-van-al-fortalecimiento-del-sistema-de-justicia-en-mexico\/politica\/2025\/#breadcrumb\",\"itemListElement\":[{\"@type\":\"ListItem\",\"position\":1,\"name\":\"Portada\",\"item\":\"https:\/\/creston.com.mx\/\"},{\"@type\":\"ListItem\",\"position\":2,\"name\":\"Reformas van al fortalecimiento del sistema de justicia en M\u00e9xico\"}]},{\"@type\":\"WebSite\",\"@id\":\"https:\/\/creston.com.mx\/#website\",\"url\":\"https:\/\/creston.com.mx\/\",\"name\":\"Peri\u00f3dico Digital de Zacatecas\",\"description\":\"\",\"publisher\":{\"@id\":\"https:\/\/creston.com.mx\/#organization\"},\"potentialAction\":[{\"@type\":\"SearchAction\",\"target\":{\"@type\":\"EntryPoint\",\"urlTemplate\":\"https:\/\/creston.com.mx\/?s={search_term_string}\"},\"query-input\":{\"@type\":\"PropertyValueSpecification\",\"valueRequired\":true,\"valueName\":\"search_term_string\"}}],\"inLanguage\":\"es\"},{\"@type\":\"Organization\",\"@id\":\"https:\/\/creston.com.mx\/#organization\",\"name\":\"Peri\u00f3dico Digital de Zacatecas\",\"url\":\"https:\/\/creston.com.mx\/\",\"logo\":{\"@type\":\"ImageObject\",\"inLanguage\":\"es\",\"@id\":\"https:\/\/creston.com.mx\/#\/schema\/logo\/image\/\",\"url\":\"https:\/\/creston.com.mx\/wp-content\/uploads\/2026\/02\/cropped-Logo-Creston2.jpg\",\"contentUrl\":\"https:\/\/creston.com.mx\/wp-content\/uploads\/2026\/02\/cropped-Logo-Creston2.jpg\",\"width\":503,\"height\":194,\"caption\":\"Peri\u00f3dico Digital  de Zacatecas\"},\"image\":{\"@id\":\"https:\/\/creston.com.mx\/#\/schema\/logo\/image\/\"}},{\"@type\":\"Person\",\"@id\":\"https:\/\/creston.com.mx\/#\/schema\/person\/01f2ce9e289bc5300c759925ef768c1d\",\"name\":\"Periodico Creston\",\"image\":{\"@type\":\"ImageObject\",\"inLanguage\":\"es\",\"@id\":\"https:\/\/creston.com.mx\/#\/schema\/person\/image\/\",\"url\":\"https:\/\/secure.gravatar.com\/avatar\/c91eac1cf0d45897b6d294d474aa7713a194d460be0aaf72157553d050cda1c1?s=96&d=mm&r=g\",\"contentUrl\":\"https:\/\/secure.gravatar.com\/avatar\/c91eac1cf0d45897b6d294d474aa7713a194d460be0aaf72157553d050cda1c1?s=96&d=mm&r=g\",\"caption\":\"Periodico Creston\"},\"sameAs\":[\"https:\/\/creston.com.mx\"],\"url\":\"https:\/\/creston.com.mx\/index.php\/author\/cstnalja96\/\"}]}<\/script>\n<!-- \/ Yoast SEO plugin. -->","yoast_head_json":{"title":"Reformas van al fortalecimiento del sistema de justicia en M\u00e9xico - Peri\u00f3dico Digital de Zacatecas","robots":{"index":"index","follow":"follow","max-snippet":"max-snippet:-1","max-image-preview":"max-image-preview:large","max-video-preview":"max-video-preview:-1"},"canonical":"https:\/\/creston.com.mx\/index.php\/01\/reformas-van-al-fortalecimiento-del-sistema-de-justicia-en-mexico\/politica\/2025\/","og_locale":"es_ES","og_type":"article","og_title":"Reformas van al fortalecimiento del sistema de justicia en M\u00e9xico - Peri\u00f3dico Digital de Zacatecas","og_description":". El Diputado Federal, Ulises Mej\u00eda Haro se re\u00fane con abogados e integrantes sindicales del Poder Judicial en Zacatecas. . En el marco del proceso de reforma al Poder Judicial,&hellip;","og_url":"https:\/\/creston.com.mx\/index.php\/01\/reformas-van-al-fortalecimiento-del-sistema-de-justicia-en-mexico\/politica\/2025\/","og_site_name":"Peri\u00f3dico Digital de Zacatecas","article_published_time":"2025-01-30T03:57:07+00:00","article_modified_time":"2025-01-30T03:57:08+00:00","og_image":[{"width":1280,"height":826,"url":"https:\/\/creston.com.mx\/wp-content\/uploads\/2025\/01\/IMG-20250128-WA0010.jpg","type":"image\/jpeg"}],"author":"Periodico Creston","twitter_card":"summary_large_image","twitter_misc":{"Escrito por":"Periodico Creston","Tiempo de lectura":"2 minutos"},"schema":{"@context":"https:\/\/schema.org","@graph":[{"@type":"Article","@id":"https:\/\/creston.com.mx\/index.php\/01\/reformas-van-al-fortalecimiento-del-sistema-de-justicia-en-mexico\/politica\/2025\/#article","isPartOf":{"@id":"https:\/\/creston.com.mx\/index.php\/01\/reformas-van-al-fortalecimiento-del-sistema-de-justicia-en-mexico\/politica\/2025\/"},"author":{"name":"Periodico Creston","@id":"https:\/\/creston.com.mx\/#\/schema\/person\/01f2ce9e289bc5300c759925ef768c1d"},"headline":"Reformas van al fortalecimiento del sistema de justicia en M\u00e9xico","datePublished":"2025-01-30T03:57:07+00:00","dateModified":"2025-01-30T03:57:08+00:00","mainEntityOfPage":{"@id":"https:\/\/creston.com.mx\/index.php\/01\/reformas-van-al-fortalecimiento-del-sistema-de-justicia-en-mexico\/politica\/2025\/"},"wordCount":238,"commentCount":0,"publisher":{"@id":"https:\/\/creston.com.mx\/#organization"},"image":{"@id":"https:\/\/creston.com.mx\/index.php\/01\/reformas-van-al-fortalecimiento-del-sistema-de-justicia-en-mexico\/politica\/2025\/#primaryimage"},"thumbnailUrl":"https:\/\/creston.com.mx\/wp-content\/uploads\/2025\/01\/IMG-20250128-WA0010.jpg","articleSection":["Pol\u00edtica"],"inLanguage":"es","potentialAction":[{"@type":"CommentAction","name":"Comment","target":["https:\/\/creston.com.mx\/index.php\/01\/reformas-van-al-fortalecimiento-del-sistema-de-justicia-en-mexico\/politica\/2025\/#respond"]}]},{"@type":"WebPage","@id":"https:\/\/creston.com.mx\/index.php\/01\/reformas-van-al-fortalecimiento-del-sistema-de-justicia-en-mexico\/politica\/2025\/","url":"https:\/\/creston.com.mx\/index.php\/01\/reformas-van-al-fortalecimiento-del-sistema-de-justicia-en-mexico\/politica\/2025\/","name":"Reformas van al fortalecimiento del sistema de justicia en M\u00e9xico - Peri\u00f3dico Digital de Zacatecas","isPartOf":{"@id":"https:\/\/creston.com.mx\/#website"},"primaryImageOfPage":{"@id":"https:\/\/creston.com.mx\/index.php\/01\/reformas-van-al-fortalecimiento-del-sistema-de-justicia-en-mexico\/politica\/2025\/#primaryimage"},"image":{"@id":"https:\/\/creston.com.mx\/index.php\/01\/reformas-van-al-fortalecimiento-del-sistema-de-justicia-en-mexico\/politica\/2025\/#primaryimage"},"thumbnailUrl":"https:\/\/creston.com.mx\/wp-content\/uploads\/2025\/01\/IMG-20250128-WA0010.jpg","datePublished":"2025-01-30T03:57:07+00:00","dateModified":"2025-01-30T03:57:08+00:00","breadcrumb":{"@id":"https:\/\/creston.com.mx\/index.php\/01\/reformas-van-al-fortalecimiento-del-sistema-de-justicia-en-mexico\/politica\/2025\/#breadcrumb"},"inLanguage":"es","potentialAction":[{"@type":"ReadAction","target":["https:\/\/creston.com.mx\/index.php\/01\/reformas-van-al-fortalecimiento-del-sistema-de-justicia-en-mexico\/politica\/2025\/"]}]},{"@type":"ImageObject","inLanguage":"es","@id":"https:\/\/creston.com.mx\/index.php\/01\/reformas-van-al-fortalecimiento-del-sistema-de-justicia-en-mexico\/politica\/2025\/#primaryimage","url":"https:\/\/creston.com.mx\/wp-content\/uploads\/2025\/01\/IMG-20250128-WA0010.jpg","contentUrl":"https:\/\/creston.com.mx\/wp-content\/uploads\/2025\/01\/IMG-20250128-WA0010.jpg","width":1280,"height":826},{"@type":"BreadcrumbList","@id":"https:\/\/creston.com.mx\/index.php\/01\/reformas-van-al-fortalecimiento-del-sistema-de-justicia-en-mexico\/politica\/2025\/#breadcrumb","itemListElement":[{"@type":"ListItem","position":1,"name":"Portada","item":"https:\/\/creston.com.mx\/"},{"@type":"ListItem","position":2,"name":"Reformas van al fortalecimiento del sistema de justicia en M\u00e9xico"}]},{"@type":"WebSite","@id":"https:\/\/creston.com.mx\/#website","url":"https:\/\/creston.com.mx\/","name":"Peri\u00f3dico Digital de Zacatecas","description":"","publisher":{"@id":"https:\/\/creston.com.mx\/#organization"},"potentialAction":[{"@type":"SearchAction","target":{"@type":"EntryPoint","urlTemplate":"https:\/\/creston.com.mx\/?s={search_term_string}"},"query-input":{"@type":"PropertyValueSpecification","valueRequired":true,"valueName":"search_term_string"}}],"inLanguage":"es"},{"@type":"Organization","@id":"https:\/\/creston.com.mx\/#organization","name":"Peri\u00f3dico Digital de Zacatecas","url":"https:\/\/creston.com.mx\/","logo":{"@type":"ImageObject","inLanguage":"es","@id":"https:\/\/creston.com.mx\/#\/schema\/logo\/image\/","url":"https:\/\/creston.com.mx\/wp-content\/uploads\/2026\/02\/cropped-Logo-Creston2.jpg","contentUrl":"https:\/\/creston.com.mx\/wp-content\/uploads\/2026\/02\/cropped-Logo-Creston2.jpg","width":503,"height":194,"caption":"Peri\u00f3dico Digital  de Zacatecas"},"image":{"@id":"https:\/\/creston.com.mx\/#\/schema\/logo\/image\/"}},{"@type":"Person","@id":"https:\/\/creston.com.mx\/#\/schema\/person\/01f2ce9e289bc5300c759925ef768c1d","name":"Periodico Creston","image":{"@type":"ImageObject","inLanguage":"es","@id":"https:\/\/creston.com.mx\/#\/schema\/person\/image\/","url":"https:\/\/secure.gravatar.com\/avatar\/c91eac1cf0d45897b6d294d474aa7713a194d460be0aaf72157553d050cda1c1?s=96&d=mm&r=g","contentUrl":"https:\/\/secure.gravatar.com\/avatar\/c91eac1cf0d45897b6d294d474aa7713a194d460be0aaf72157553d050cda1c1?s=96&d=mm&r=g","caption":"Periodico Creston"},"sameAs":["https:\/\/creston.com.mx"],"url":"https:\/\/creston.com.mx\/index.php\/author\/cstnalja96\/"}]}},"jetpack_sharing_enabled":true,"jetpack_featured_media_url":"https:\/\/creston.com.mx\/wp-content\/uploads\/2025\/01\/IMG-20250128-WA0010.jpg","_links":{"self":[{"href":"https:\/\/creston.com.mx\/index.php\/wp-json\/wp\/v2\/posts\/319","targetHints":{"allow":["GET"]}}],"collection":[{"href":"https:\/\/creston.com.mx\/index.php\/wp-json\/wp\/v2\/posts"}],"about":[{"href":"https:\/\/creston.com.mx\/index.php\/wp-json\/wp\/v2\/types\/post"}],"author":[{"embeddable":true,"href":"https:\/\/creston.com.mx\/index.php\/wp-json\/wp\/v2\/users\/1"}],"replies":[{"embeddable":true,"href":"https:\/\/creston.com.mx\/index.php\/wp-json\/wp\/v2\/comments?post=319"}],"version-history":[{"count":1,"href":"https:\/\/creston.com.mx\/index.php\/wp-json\/wp\/v2\/posts\/319\/revisions"}],"predecessor-version":[{"id":322,"href":"https:\/\/creston.com.mx\/index.php\/wp-json\/wp\/v2\/posts\/319\/revisions\/322"}],"wp:featuredmedia":[{"embeddable":true,"href":"https:\/\/creston.com.mx\/index.php\/wp-json\/wp\/v2\/media\/320"}],"wp:attachment":[{"href":"https:\/\/creston.com.mx\/index.php\/wp-json\/wp\/v2\/media?parent=319"}],"wp:term":[{"taxonomy":"category","embeddable":true,"href":"https:\/\/creston.com.mx\/index.php\/wp-json\/wp\/v2\/categories?post=319"},{"taxonomy":"post_tag","embeddable":true,"href":"https:\/\/creston.com.mx\/index.php\/wp-json\/wp\/v2\/tags?post=319"}],"curies":[{"name":"wp","href":"https:\/\/api.w.org\/{rel}","templated":true}]}}