{"id":3186,"date":"2026-04-23T20:15:00","date_gmt":"2026-04-24T01:15:00","guid":{"rendered":"https:\/\/creston.com.mx\/?p=3186"},"modified":"2026-04-24T11:07:13","modified_gmt":"2026-04-24T16:07:13","slug":"inauguran-el-ii-congreso-internacional-de-cultura-para-la-paz","status":"publish","type":"post","link":"https:\/\/creston.com.mx\/index.php\/04\/inauguran-el-ii-congreso-internacional-de-cultura-para-la-paz\/estado\/2026\/","title":{"rendered":"Inauguran el II Congreso Internacional de Cultura para la Paz"},"content":{"rendered":"\n<p>.<\/p>\n\n\n\n<p class=\"has-medium-font-size\"><strong><em>Miguel Varela Pinedo encabez\u00f3 la inauguraci\u00f3n del II Congreso Internacional de Cultura para la Paz, un espacio de di\u00e1logo y reflexi\u00f3n que re\u00fane a expertos.<\/em><\/strong><\/p>\n\n\n\n<p>.<\/p>\n\n\n\n<p>Con la participaci\u00f3n de especialistas nacionales e internacionales, el presidente municipal Miguel Varela Pinedo encabez\u00f3 la inauguraci\u00f3n del II Congreso Internacional de Cultura para la Paz, un espacio de di\u00e1logo y reflexi\u00f3n que re\u00fane a expertos en temas fundamentales para el desarrollo social y humano.<\/p>\n\n\n\n<p>Durante su mensaje, el alcalde dio la bienvenida a representantes provenientes de pa\u00edses como Colombia, Guatemala, Polonia, Espa\u00f1a y Estados Unidos, destacando la importancia de generar puentes de colaboraci\u00f3n internacional en favor de la paz. \u201cEs un placer estar aqu\u00ed con ustedes en este congreso que re\u00fane a grandes expertos en el tema del medio ambiente, la paz, la educaci\u00f3n, las artes, la inclusi\u00f3n social y la salud\u201d, expres\u00f3.<\/p>\n\n\n\n<p>El evento, que tiene como sedes los municipios de Fresnillo y Zacatecas, contempla actividades los d\u00edas 23 y 24 de abril, incluyendo ponencias, exposiciones y encuentros acad\u00e9micos enfocados en combatir problem\u00e1ticas como la discriminaci\u00f3n, la desigualdad social y la violencia.<\/p>\n\n\n\n<p>En su intervenci\u00f3n, Varela Pinedo agradeci\u00f3 la participaci\u00f3n de destacadas personalidades como el doctor Edgar Mart\u00edn Moltalv\u00e1n Arauz, el doctor Jos\u00e9 Manuel Rubalcaba y la doctora Beatriz Mart\u00ednez P\u00e9rez, as\u00ed como representantes del \u00e1mbito de seguridad y cultura, quienes fortalecen el car\u00e1cter multidisciplinario del congreso.<\/p>\n\n\n<div class=\"wp-block-image\">\n<figure class=\"alignright size-large is-resized\"><img fetchpriority=\"high\" decoding=\"async\" width=\"1024\" height=\"683\" src=\"https:\/\/creston.com.mx\/wp-content\/uploads\/2026\/04\/Congre-cultura-paz-5-1024x683.jpeg\" alt=\"\" class=\"wp-image-3187\" style=\"aspect-ratio:1.4992732765254069;width:573px;height:auto\" srcset=\"https:\/\/creston.com.mx\/wp-content\/uploads\/2026\/04\/Congre-cultura-paz-5-1024x683.jpeg 1024w, https:\/\/creston.com.mx\/wp-content\/uploads\/2026\/04\/Congre-cultura-paz-5-300x200.jpeg 300w, https:\/\/creston.com.mx\/wp-content\/uploads\/2026\/04\/Congre-cultura-paz-5-768x512.jpeg 768w, https:\/\/creston.com.mx\/wp-content\/uploads\/2026\/04\/Congre-cultura-paz-5.jpeg 1040w\" sizes=\"(max-width: 1024px) 100vw, 1024px\" \/><\/figure>\n<\/div>\n\n\n<p>Resalt\u00f3 que este tipo de iniciativas ciudadanas consolidan a Zacatecas como un referente en la promoci\u00f3n de valores de convivencia arm\u00f3nica, impulsando acciones que contribuyen al bienestar colectivo y al desarrollo sostenible.<\/p>\n\n\n\n<p>Como parte del programa, el edil invit\u00f3 a los asistentes a las actividades en la Casa de Cultura, donde se llevar\u00eda a cabo la inauguraci\u00f3n de una exposici\u00f3n art\u00edstica, reafirmando el papel de las expresiones culturales como herramientas para la construcci\u00f3n de paz. <\/p>\n\n\n\n<p>Finalmente el presidente municipal realiz\u00f3 la declaratoria oficial de inauguraci\u00f3n del congreso, reiterando el compromiso de su administraci\u00f3n con la generaci\u00f3n de espacios que promuevan el di\u00e1logo, la inclusi\u00f3n y la transformaci\u00f3n social.<\/p>\n\n\n\n<p>.<\/p>\n\n\n\n\n\n<p>.<\/p>\n\n\n<div class=\"wp-block-image\">\n<figure class=\"aligncenter size-large is-resized\"><a href=\"https:\/\/www.facebook.com\/AyuntamientoZacatecas\" target=\"_blank\" rel=\" noreferrer noopener\"><img decoding=\"async\" width=\"819\" height=\"1024\" src=\"https:\/\/creston.com.mx\/wp-content\/uploads\/2026\/02\/IMG-20260218-WA0018-819x1024.jpg\" alt=\"\" class=\"wp-image-2528\" style=\"width:601px;height:auto\" srcset=\"https:\/\/creston.com.mx\/wp-content\/uploads\/2026\/02\/IMG-20260218-WA0018-819x1024.jpg 819w, https:\/\/creston.com.mx\/wp-content\/uploads\/2026\/02\/IMG-20260218-WA0018-240x300.jpg 240w, https:\/\/creston.com.mx\/wp-content\/uploads\/2026\/02\/IMG-20260218-WA0018-768x960.jpg 768w, https:\/\/creston.com.mx\/wp-content\/uploads\/2026\/02\/IMG-20260218-WA0018-1229x1536.jpg 1229w, https:\/\/creston.com.mx\/wp-content\/uploads\/2026\/02\/IMG-20260218-WA0018.jpg 1280w\" sizes=\"(max-width: 819px) 100vw, 819px\" \/><\/a><\/figure>\n<\/div>","protected":false},"excerpt":{"rendered":"<p>. Miguel Varela Pinedo encabez\u00f3 la inauguraci\u00f3n del II Congreso Internacional de Cultura para la Paz, un espacio de di\u00e1logo y reflexi\u00f3n que re\u00fane a expertos. . Con la participaci\u00f3n&hellip; <\/p>\n","protected":false},"author":1,"featured_media":3188,"comment_status":"open","ping_status":"closed","sticky":false,"template":"","format":"standard","meta":{"_jetpack_memberships_contains_paid_content":false,"footnotes":""},"categories":[1],"tags":[],"class_list":["post-3186","post","type-post","status-publish","format-standard","has-post-thumbnail","hentry","category-estado"],"yoast_head":"<!-- This site is optimized with the Yoast SEO plugin v24.2 - https:\/\/yoast.com\/wordpress\/plugins\/seo\/ -->\n<title>Inauguran el II Congreso Internacional de Cultura para la Paz - Peri\u00f3dico Digital de Zacatecas<\/title>\n<meta name=\"robots\" content=\"index, follow, max-snippet:-1, max-image-preview:large, max-video-preview:-1\" \/>\n<link rel=\"canonical\" href=\"https:\/\/creston.com.mx\/index.php\/04\/inauguran-el-ii-congreso-internacional-de-cultura-para-la-paz\/estado\/2026\/\" \/>\n<meta property=\"og:locale\" content=\"es_ES\" \/>\n<meta property=\"og:type\" content=\"article\" \/>\n<meta property=\"og:title\" content=\"Inauguran el II Congreso Internacional de Cultura para la Paz - Peri\u00f3dico Digital de Zacatecas\" \/>\n<meta property=\"og:description\" content=\". Miguel Varela Pinedo encabez\u00f3 la inauguraci\u00f3n del II Congreso Internacional de Cultura para la Paz, un espacio de di\u00e1logo y reflexi\u00f3n que re\u00fane a expertos. . Con la participaci\u00f3n&hellip;\" \/>\n<meta property=\"og:url\" content=\"https:\/\/creston.com.mx\/index.php\/04\/inauguran-el-ii-congreso-internacional-de-cultura-para-la-paz\/estado\/2026\/\" \/>\n<meta property=\"og:site_name\" content=\"Peri\u00f3dico Digital de Zacatecas\" \/>\n<meta property=\"article:published_time\" content=\"2026-04-24T01:15:00+00:00\" \/>\n<meta property=\"article:modified_time\" content=\"2026-04-24T16:07:13+00:00\" \/>\n<meta property=\"og:image\" content=\"https:\/\/creston.com.mx\/wp-content\/uploads\/2026\/04\/Congre-cultura-paz-1.jpeg\" \/>\n\t<meta property=\"og:image:width\" content=\"1040\" \/>\n\t<meta property=\"og:image:height\" content=\"694\" \/>\n\t<meta property=\"og:image:type\" content=\"image\/jpeg\" \/>\n<meta name=\"author\" content=\"Periodico Creston\" \/>\n<meta name=\"twitter:card\" content=\"summary_large_image\" \/>\n<meta name=\"twitter:label1\" content=\"Escrito por\" \/>\n\t<meta name=\"twitter:data1\" content=\"Periodico Creston\" \/>\n\t<meta name=\"twitter:label2\" content=\"Tiempo de lectura\" \/>\n\t<meta name=\"twitter:data2\" content=\"3 minutos\" \/>\n<script type=\"application\/ld+json\" class=\"yoast-schema-graph\">{\"@context\":\"https:\/\/schema.org\",\"@graph\":[{\"@type\":\"Article\",\"@id\":\"https:\/\/creston.com.mx\/index.php\/04\/inauguran-el-ii-congreso-internacional-de-cultura-para-la-paz\/estado\/2026\/#article\",\"isPartOf\":{\"@id\":\"https:\/\/creston.com.mx\/index.php\/04\/inauguran-el-ii-congreso-internacional-de-cultura-para-la-paz\/estado\/2026\/\"},\"author\":{\"name\":\"Periodico Creston\",\"@id\":\"https:\/\/creston.com.mx\/#\/schema\/person\/01f2ce9e289bc5300c759925ef768c1d\"},\"headline\":\"Inauguran el II Congreso Internacional de Cultura para la Paz\",\"datePublished\":\"2026-04-24T01:15:00+00:00\",\"dateModified\":\"2026-04-24T16:07:13+00:00\",\"mainEntityOfPage\":{\"@id\":\"https:\/\/creston.com.mx\/index.php\/04\/inauguran-el-ii-congreso-internacional-de-cultura-para-la-paz\/estado\/2026\/\"},\"wordCount\":379,\"commentCount\":0,\"publisher\":{\"@id\":\"https:\/\/creston.com.mx\/#organization\"},\"image\":{\"@id\":\"https:\/\/creston.com.mx\/index.php\/04\/inauguran-el-ii-congreso-internacional-de-cultura-para-la-paz\/estado\/2026\/#primaryimage\"},\"thumbnailUrl\":\"https:\/\/creston.com.mx\/wp-content\/uploads\/2026\/04\/Congre-cultura-paz-1.jpeg\",\"articleSection\":[\"Estado\"],\"inLanguage\":\"es\",\"potentialAction\":[{\"@type\":\"CommentAction\",\"name\":\"Comment\",\"target\":[\"https:\/\/creston.com.mx\/index.php\/04\/inauguran-el-ii-congreso-internacional-de-cultura-para-la-paz\/estado\/2026\/#respond\"]}]},{\"@type\":\"WebPage\",\"@id\":\"https:\/\/creston.com.mx\/index.php\/04\/inauguran-el-ii-congreso-internacional-de-cultura-para-la-paz\/estado\/2026\/\",\"url\":\"https:\/\/creston.com.mx\/index.php\/04\/inauguran-el-ii-congreso-internacional-de-cultura-para-la-paz\/estado\/2026\/\",\"name\":\"Inauguran el II Congreso Internacional de Cultura para la Paz - Peri\u00f3dico Digital de Zacatecas\",\"isPartOf\":{\"@id\":\"https:\/\/creston.com.mx\/#website\"},\"primaryImageOfPage\":{\"@id\":\"https:\/\/creston.com.mx\/index.php\/04\/inauguran-el-ii-congreso-internacional-de-cultura-para-la-paz\/estado\/2026\/#primaryimage\"},\"image\":{\"@id\":\"https:\/\/creston.com.mx\/index.php\/04\/inauguran-el-ii-congreso-internacional-de-cultura-para-la-paz\/estado\/2026\/#primaryimage\"},\"thumbnailUrl\":\"https:\/\/creston.com.mx\/wp-content\/uploads\/2026\/04\/Congre-cultura-paz-1.jpeg\",\"datePublished\":\"2026-04-24T01:15:00+00:00\",\"dateModified\":\"2026-04-24T16:07:13+00:00\",\"breadcrumb\":{\"@id\":\"https:\/\/creston.com.mx\/index.php\/04\/inauguran-el-ii-congreso-internacional-de-cultura-para-la-paz\/estado\/2026\/#breadcrumb\"},\"inLanguage\":\"es\",\"potentialAction\":[{\"@type\":\"ReadAction\",\"target\":[\"https:\/\/creston.com.mx\/index.php\/04\/inauguran-el-ii-congreso-internacional-de-cultura-para-la-paz\/estado\/2026\/\"]}]},{\"@type\":\"ImageObject\",\"inLanguage\":\"es\",\"@id\":\"https:\/\/creston.com.mx\/index.php\/04\/inauguran-el-ii-congreso-internacional-de-cultura-para-la-paz\/estado\/2026\/#primaryimage\",\"url\":\"https:\/\/creston.com.mx\/wp-content\/uploads\/2026\/04\/Congre-cultura-paz-1.jpeg\",\"contentUrl\":\"https:\/\/creston.com.mx\/wp-content\/uploads\/2026\/04\/Congre-cultura-paz-1.jpeg\",\"width\":1040,\"height\":694},{\"@type\":\"BreadcrumbList\",\"@id\":\"https:\/\/creston.com.mx\/index.php\/04\/inauguran-el-ii-congreso-internacional-de-cultura-para-la-paz\/estado\/2026\/#breadcrumb\",\"itemListElement\":[{\"@type\":\"ListItem\",\"position\":1,\"name\":\"Portada\",\"item\":\"https:\/\/creston.com.mx\/\"},{\"@type\":\"ListItem\",\"position\":2,\"name\":\"Inauguran el II Congreso Internacional de Cultura para la Paz\"}]},{\"@type\":\"WebSite\",\"@id\":\"https:\/\/creston.com.mx\/#website\",\"url\":\"https:\/\/creston.com.mx\/\",\"name\":\"Peri\u00f3dico Digital de Zacatecas\",\"description\":\"\",\"publisher\":{\"@id\":\"https:\/\/creston.com.mx\/#organization\"},\"potentialAction\":[{\"@type\":\"SearchAction\",\"target\":{\"@type\":\"EntryPoint\",\"urlTemplate\":\"https:\/\/creston.com.mx\/?s={search_term_string}\"},\"query-input\":{\"@type\":\"PropertyValueSpecification\",\"valueRequired\":true,\"valueName\":\"search_term_string\"}}],\"inLanguage\":\"es\"},{\"@type\":\"Organization\",\"@id\":\"https:\/\/creston.com.mx\/#organization\",\"name\":\"Peri\u00f3dico Digital de Zacatecas\",\"url\":\"https:\/\/creston.com.mx\/\",\"logo\":{\"@type\":\"ImageObject\",\"inLanguage\":\"es\",\"@id\":\"https:\/\/creston.com.mx\/#\/schema\/logo\/image\/\",\"url\":\"https:\/\/creston.com.mx\/wp-content\/uploads\/2026\/02\/cropped-Logo-Creston2.jpg\",\"contentUrl\":\"https:\/\/creston.com.mx\/wp-content\/uploads\/2026\/02\/cropped-Logo-Creston2.jpg\",\"width\":503,\"height\":194,\"caption\":\"Peri\u00f3dico Digital  de Zacatecas\"},\"image\":{\"@id\":\"https:\/\/creston.com.mx\/#\/schema\/logo\/image\/\"}},{\"@type\":\"Person\",\"@id\":\"https:\/\/creston.com.mx\/#\/schema\/person\/01f2ce9e289bc5300c759925ef768c1d\",\"name\":\"Periodico Creston\",\"image\":{\"@type\":\"ImageObject\",\"inLanguage\":\"es\",\"@id\":\"https:\/\/creston.com.mx\/#\/schema\/person\/image\/\",\"url\":\"https:\/\/secure.gravatar.com\/avatar\/c91eac1cf0d45897b6d294d474aa7713a194d460be0aaf72157553d050cda1c1?s=96&d=mm&r=g\",\"contentUrl\":\"https:\/\/secure.gravatar.com\/avatar\/c91eac1cf0d45897b6d294d474aa7713a194d460be0aaf72157553d050cda1c1?s=96&d=mm&r=g\",\"caption\":\"Periodico Creston\"},\"sameAs\":[\"https:\/\/creston.com.mx\"],\"url\":\"https:\/\/creston.com.mx\/index.php\/author\/cstnalja96\/\"}]}<\/script>\n<!-- \/ Yoast SEO plugin. -->","yoast_head_json":{"title":"Inauguran el II Congreso Internacional de Cultura para la Paz - Peri\u00f3dico Digital de Zacatecas","robots":{"index":"index","follow":"follow","max-snippet":"max-snippet:-1","max-image-preview":"max-image-preview:large","max-video-preview":"max-video-preview:-1"},"canonical":"https:\/\/creston.com.mx\/index.php\/04\/inauguran-el-ii-congreso-internacional-de-cultura-para-la-paz\/estado\/2026\/","og_locale":"es_ES","og_type":"article","og_title":"Inauguran el II Congreso Internacional de Cultura para la Paz - Peri\u00f3dico Digital de Zacatecas","og_description":". Miguel Varela Pinedo encabez\u00f3 la inauguraci\u00f3n del II Congreso Internacional de Cultura para la Paz, un espacio de di\u00e1logo y reflexi\u00f3n que re\u00fane a expertos. . Con la participaci\u00f3n&hellip;","og_url":"https:\/\/creston.com.mx\/index.php\/04\/inauguran-el-ii-congreso-internacional-de-cultura-para-la-paz\/estado\/2026\/","og_site_name":"Peri\u00f3dico Digital de Zacatecas","article_published_time":"2026-04-24T01:15:00+00:00","article_modified_time":"2026-04-24T16:07:13+00:00","og_image":[{"width":1040,"height":694,"url":"https:\/\/creston.com.mx\/wp-content\/uploads\/2026\/04\/Congre-cultura-paz-1.jpeg","type":"image\/jpeg"}],"author":"Periodico Creston","twitter_card":"summary_large_image","twitter_misc":{"Escrito por":"Periodico Creston","Tiempo de lectura":"3 minutos"},"schema":{"@context":"https:\/\/schema.org","@graph":[{"@type":"Article","@id":"https:\/\/creston.com.mx\/index.php\/04\/inauguran-el-ii-congreso-internacional-de-cultura-para-la-paz\/estado\/2026\/#article","isPartOf":{"@id":"https:\/\/creston.com.mx\/index.php\/04\/inauguran-el-ii-congreso-internacional-de-cultura-para-la-paz\/estado\/2026\/"},"author":{"name":"Periodico Creston","@id":"https:\/\/creston.com.mx\/#\/schema\/person\/01f2ce9e289bc5300c759925ef768c1d"},"headline":"Inauguran el II Congreso Internacional de Cultura para la Paz","datePublished":"2026-04-24T01:15:00+00:00","dateModified":"2026-04-24T16:07:13+00:00","mainEntityOfPage":{"@id":"https:\/\/creston.com.mx\/index.php\/04\/inauguran-el-ii-congreso-internacional-de-cultura-para-la-paz\/estado\/2026\/"},"wordCount":379,"commentCount":0,"publisher":{"@id":"https:\/\/creston.com.mx\/#organization"},"image":{"@id":"https:\/\/creston.com.mx\/index.php\/04\/inauguran-el-ii-congreso-internacional-de-cultura-para-la-paz\/estado\/2026\/#primaryimage"},"thumbnailUrl":"https:\/\/creston.com.mx\/wp-content\/uploads\/2026\/04\/Congre-cultura-paz-1.jpeg","articleSection":["Estado"],"inLanguage":"es","potentialAction":[{"@type":"CommentAction","name":"Comment","target":["https:\/\/creston.com.mx\/index.php\/04\/inauguran-el-ii-congreso-internacional-de-cultura-para-la-paz\/estado\/2026\/#respond"]}]},{"@type":"WebPage","@id":"https:\/\/creston.com.mx\/index.php\/04\/inauguran-el-ii-congreso-internacional-de-cultura-para-la-paz\/estado\/2026\/","url":"https:\/\/creston.com.mx\/index.php\/04\/inauguran-el-ii-congreso-internacional-de-cultura-para-la-paz\/estado\/2026\/","name":"Inauguran el II Congreso Internacional de Cultura para la Paz - Peri\u00f3dico Digital de Zacatecas","isPartOf":{"@id":"https:\/\/creston.com.mx\/#website"},"primaryImageOfPage":{"@id":"https:\/\/creston.com.mx\/index.php\/04\/inauguran-el-ii-congreso-internacional-de-cultura-para-la-paz\/estado\/2026\/#primaryimage"},"image":{"@id":"https:\/\/creston.com.mx\/index.php\/04\/inauguran-el-ii-congreso-internacional-de-cultura-para-la-paz\/estado\/2026\/#primaryimage"},"thumbnailUrl":"https:\/\/creston.com.mx\/wp-content\/uploads\/2026\/04\/Congre-cultura-paz-1.jpeg","datePublished":"2026-04-24T01:15:00+00:00","dateModified":"2026-04-24T16:07:13+00:00","breadcrumb":{"@id":"https:\/\/creston.com.mx\/index.php\/04\/inauguran-el-ii-congreso-internacional-de-cultura-para-la-paz\/estado\/2026\/#breadcrumb"},"inLanguage":"es","potentialAction":[{"@type":"ReadAction","target":["https:\/\/creston.com.mx\/index.php\/04\/inauguran-el-ii-congreso-internacional-de-cultura-para-la-paz\/estado\/2026\/"]}]},{"@type":"ImageObject","inLanguage":"es","@id":"https:\/\/creston.com.mx\/index.php\/04\/inauguran-el-ii-congreso-internacional-de-cultura-para-la-paz\/estado\/2026\/#primaryimage","url":"https:\/\/creston.com.mx\/wp-content\/uploads\/2026\/04\/Congre-cultura-paz-1.jpeg","contentUrl":"https:\/\/creston.com.mx\/wp-content\/uploads\/2026\/04\/Congre-cultura-paz-1.jpeg","width":1040,"height":694},{"@type":"BreadcrumbList","@id":"https:\/\/creston.com.mx\/index.php\/04\/inauguran-el-ii-congreso-internacional-de-cultura-para-la-paz\/estado\/2026\/#breadcrumb","itemListElement":[{"@type":"ListItem","position":1,"name":"Portada","item":"https:\/\/creston.com.mx\/"},{"@type":"ListItem","position":2,"name":"Inauguran el II Congreso Internacional de Cultura para la Paz"}]},{"@type":"WebSite","@id":"https:\/\/creston.com.mx\/#website","url":"https:\/\/creston.com.mx\/","name":"Peri\u00f3dico Digital de Zacatecas","description":"","publisher":{"@id":"https:\/\/creston.com.mx\/#organization"},"potentialAction":[{"@type":"SearchAction","target":{"@type":"EntryPoint","urlTemplate":"https:\/\/creston.com.mx\/?s={search_term_string}"},"query-input":{"@type":"PropertyValueSpecification","valueRequired":true,"valueName":"search_term_string"}}],"inLanguage":"es"},{"@type":"Organization","@id":"https:\/\/creston.com.mx\/#organization","name":"Peri\u00f3dico Digital de Zacatecas","url":"https:\/\/creston.com.mx\/","logo":{"@type":"ImageObject","inLanguage":"es","@id":"https:\/\/creston.com.mx\/#\/schema\/logo\/image\/","url":"https:\/\/creston.com.mx\/wp-content\/uploads\/2026\/02\/cropped-Logo-Creston2.jpg","contentUrl":"https:\/\/creston.com.mx\/wp-content\/uploads\/2026\/02\/cropped-Logo-Creston2.jpg","width":503,"height":194,"caption":"Peri\u00f3dico Digital  de Zacatecas"},"image":{"@id":"https:\/\/creston.com.mx\/#\/schema\/logo\/image\/"}},{"@type":"Person","@id":"https:\/\/creston.com.mx\/#\/schema\/person\/01f2ce9e289bc5300c759925ef768c1d","name":"Periodico Creston","image":{"@type":"ImageObject","inLanguage":"es","@id":"https:\/\/creston.com.mx\/#\/schema\/person\/image\/","url":"https:\/\/secure.gravatar.com\/avatar\/c91eac1cf0d45897b6d294d474aa7713a194d460be0aaf72157553d050cda1c1?s=96&d=mm&r=g","contentUrl":"https:\/\/secure.gravatar.com\/avatar\/c91eac1cf0d45897b6d294d474aa7713a194d460be0aaf72157553d050cda1c1?s=96&d=mm&r=g","caption":"Periodico Creston"},"sameAs":["https:\/\/creston.com.mx"],"url":"https:\/\/creston.com.mx\/index.php\/author\/cstnalja96\/"}]}},"jetpack_sharing_enabled":true,"jetpack_featured_media_url":"https:\/\/creston.com.mx\/wp-content\/uploads\/2026\/04\/Congre-cultura-paz-1.jpeg","_links":{"self":[{"href":"https:\/\/creston.com.mx\/index.php\/wp-json\/wp\/v2\/posts\/3186","targetHints":{"allow":["GET"]}}],"collection":[{"href":"https:\/\/creston.com.mx\/index.php\/wp-json\/wp\/v2\/posts"}],"about":[{"href":"https:\/\/creston.com.mx\/index.php\/wp-json\/wp\/v2\/types\/post"}],"author":[{"embeddable":true,"href":"https:\/\/creston.com.mx\/index.php\/wp-json\/wp\/v2\/users\/1"}],"replies":[{"embeddable":true,"href":"https:\/\/creston.com.mx\/index.php\/wp-json\/wp\/v2\/comments?post=3186"}],"version-history":[{"count":1,"href":"https:\/\/creston.com.mx\/index.php\/wp-json\/wp\/v2\/posts\/3186\/revisions"}],"predecessor-version":[{"id":3189,"href":"https:\/\/creston.com.mx\/index.php\/wp-json\/wp\/v2\/posts\/3186\/revisions\/3189"}],"wp:featuredmedia":[{"embeddable":true,"href":"https:\/\/creston.com.mx\/index.php\/wp-json\/wp\/v2\/media\/3188"}],"wp:attachment":[{"href":"https:\/\/creston.com.mx\/index.php\/wp-json\/wp\/v2\/media?parent=3186"}],"wp:term":[{"taxonomy":"category","embeddable":true,"href":"https:\/\/creston.com.mx\/index.php\/wp-json\/wp\/v2\/categories?post=3186"},{"taxonomy":"post_tag","embeddable":true,"href":"https:\/\/creston.com.mx\/index.php\/wp-json\/wp\/v2\/tags?post=3186"}],"curies":[{"name":"wp","href":"https:\/\/api.w.org\/{rel}","templated":true}]}}