{"id":3176,"date":"2026-04-23T20:22:00","date_gmt":"2026-04-24T01:22:00","guid":{"rendered":"https:\/\/creston.com.mx\/?p=3176"},"modified":"2026-04-24T10:54:22","modified_gmt":"2026-04-24T15:54:22","slug":"fortalecemos-las-agroexportaciones-ulises-mejia","status":"publish","type":"post","link":"https:\/\/creston.com.mx\/index.php\/04\/fortalecemos-las-agroexportaciones-ulises-mejia\/politica\/2026\/","title":{"rendered":"Fortalecemos las agroexportaciones: Ulises Mej\u00eda:"},"content":{"rendered":"\n<p>.<\/p>\n\n\n\n<p class=\"has-medium-font-size\"><strong><em>Se aprob\u00f3 el dictamen que transforma el modelo agroexportador del pa\u00eds al incorporar un mecanismo de certificaci\u00f3n laboral.<\/em><\/strong><\/p>\n\n\n\n<p>.<\/p>\n\n\n\n<p>En la C\u00e1mara de Diputados se aprob\u00f3 el dictamen que transforma el modelo agroexportador del pa\u00eds al incorporar un mecanismo de certificaci\u00f3n laboral que garantizar\u00e1 el respeto a los derechos de las personas trabajadoras del campo y elevar\u00e1 los est\u00e1ndares de producci\u00f3n frente a los mercados internacionales.<\/p>\n\n\n\n<p>El diputado federal Ulises Mej\u00eda Haro se\u00f1al\u00f3 que esta reforma coloca en el centro la dignidad del trabajo agr\u00edcola, permitiendo que los productos mexicanos no solo cumplan con calidad sanitaria, sino tambi\u00e9n con condiciones laborales justas en toda su cadena de valor.<\/p>\n\n\n\n<p>El legislador de Morena explic\u00f3 que la reforma faculta a la Secretar\u00eda del Trabajo y Previsi\u00f3n Social para emitir certificaciones de cumplimiento laboral, lo que fortalecer\u00e1 la competitividad de M\u00e9xico en mercados que hoy exigen trazabilidad social, ambiental y laboral.<\/p>\n\n\n\n<p>\u201cM\u00e9xico no puede competir a costa de la precariedad laboral; debemos hacerlo con calidad, responsabilidad social y respeto a nuestros trabajadores\u201d, afirm\u00f3. A\u00f1adi\u00f3 que este nuevo esquema contribuir\u00e1 a la formalizaci\u00f3n del empleo en el campo y a erradicar pr\u00e1cticas como el trabajo infantil o forzoso. <\/p>\n\n\n\n<p>Asimismo, destac\u00f3 que el dictamen incorpora un enfoque integral que vincula la pol\u00edtica laboral con la comercial y ambiental, incluyendo medidas para prevenir la deforestaci\u00f3n y el cambio ilegal de uso de suelo. <\/p>\n\n\n\n<p>Subray\u00f3 que este avance legislativo est\u00e1 alineado con la visi\u00f3n de la presidenta Claudia Sheinbaum, orientada a consolidar un pa\u00eds m\u00e1s competitivo y justo, donde el crecimiento econ\u00f3mico vaya de la mano con el bienestar de las personas y la sostenibilidad.<\/p>\n\n\n\n<p>.<\/p>\n\n\n\n\n\n<p>.<\/p>\n\n\n<div class=\"wp-block-image\">\n<figure class=\"aligncenter size-full is-resized\"><img fetchpriority=\"high\" decoding=\"async\" width=\"1275\" height=\"1500\" src=\"https:\/\/creston.com.mx\/wp-content\/uploads\/2025\/06\/Anuncio-salon-eventos.jpg\" alt=\"\" class=\"wp-image-966\" style=\"aspect-ratio:0.8500007905513305;width:690px;height:auto\" srcset=\"https:\/\/creston.com.mx\/wp-content\/uploads\/2025\/06\/Anuncio-salon-eventos.jpg 1275w, https:\/\/creston.com.mx\/wp-content\/uploads\/2025\/06\/Anuncio-salon-eventos-255x300.jpg 255w, https:\/\/creston.com.mx\/wp-content\/uploads\/2025\/06\/Anuncio-salon-eventos-870x1024.jpg 870w, https:\/\/creston.com.mx\/wp-content\/uploads\/2025\/06\/Anuncio-salon-eventos-768x904.jpg 768w\" sizes=\"(max-width: 1275px) 100vw, 1275px\" \/><\/figure>\n<\/div>","protected":false},"excerpt":{"rendered":"<p>. Se aprob\u00f3 el dictamen que transforma el modelo agroexportador del pa\u00eds al incorporar un mecanismo de certificaci\u00f3n laboral. . En la C\u00e1mara de Diputados se aprob\u00f3 el dictamen que&hellip; <\/p>\n","protected":false},"author":1,"featured_media":3177,"comment_status":"open","ping_status":"closed","sticky":false,"template":"","format":"standard","meta":{"_jetpack_memberships_contains_paid_content":false,"footnotes":""},"categories":[2],"tags":[],"class_list":["post-3176","post","type-post","status-publish","format-standard","has-post-thumbnail","hentry","category-politica"],"yoast_head":"<!-- This site is optimized with the Yoast SEO plugin v24.2 - https:\/\/yoast.com\/wordpress\/plugins\/seo\/ -->\n<title>Fortalecemos las agroexportaciones: Ulises Mej\u00eda: - Peri\u00f3dico Digital de Zacatecas<\/title>\n<meta name=\"robots\" content=\"index, follow, max-snippet:-1, max-image-preview:large, max-video-preview:-1\" \/>\n<link rel=\"canonical\" href=\"https:\/\/creston.com.mx\/index.php\/04\/fortalecemos-las-agroexportaciones-ulises-mejia\/politica\/2026\/\" \/>\n<meta property=\"og:locale\" content=\"es_ES\" \/>\n<meta property=\"og:type\" content=\"article\" \/>\n<meta property=\"og:title\" content=\"Fortalecemos las agroexportaciones: Ulises Mej\u00eda: - Peri\u00f3dico Digital de Zacatecas\" \/>\n<meta property=\"og:description\" content=\". Se aprob\u00f3 el dictamen que transforma el modelo agroexportador del pa\u00eds al incorporar un mecanismo de certificaci\u00f3n laboral. . En la C\u00e1mara de Diputados se aprob\u00f3 el dictamen que&hellip;\" \/>\n<meta property=\"og:url\" content=\"https:\/\/creston.com.mx\/index.php\/04\/fortalecemos-las-agroexportaciones-ulises-mejia\/politica\/2026\/\" \/>\n<meta property=\"og:site_name\" content=\"Peri\u00f3dico Digital de Zacatecas\" \/>\n<meta property=\"article:published_time\" content=\"2026-04-24T01:22:00+00:00\" \/>\n<meta property=\"article:modified_time\" content=\"2026-04-24T15:54:22+00:00\" \/>\n<meta property=\"og:image\" content=\"https:\/\/creston.com.mx\/wp-content\/uploads\/2026\/04\/Dip-Ulises-agroexportacion-e1777046049700.jpeg\" \/>\n\t<meta property=\"og:image:width\" content=\"799\" \/>\n\t<meta property=\"og:image:height\" content=\"505\" \/>\n\t<meta property=\"og:image:type\" content=\"image\/jpeg\" \/>\n<meta name=\"author\" content=\"Periodico Creston\" \/>\n<meta name=\"twitter:card\" content=\"summary_large_image\" \/>\n<meta name=\"twitter:label1\" content=\"Escrito por\" \/>\n\t<meta name=\"twitter:data1\" content=\"Periodico Creston\" \/>\n\t<meta name=\"twitter:label2\" content=\"Tiempo de lectura\" \/>\n\t<meta name=\"twitter:data2\" content=\"2 minutos\" \/>\n<script type=\"application\/ld+json\" class=\"yoast-schema-graph\">{\"@context\":\"https:\/\/schema.org\",\"@graph\":[{\"@type\":\"Article\",\"@id\":\"https:\/\/creston.com.mx\/index.php\/04\/fortalecemos-las-agroexportaciones-ulises-mejia\/politica\/2026\/#article\",\"isPartOf\":{\"@id\":\"https:\/\/creston.com.mx\/index.php\/04\/fortalecemos-las-agroexportaciones-ulises-mejia\/politica\/2026\/\"},\"author\":{\"name\":\"Periodico Creston\",\"@id\":\"https:\/\/creston.com.mx\/#\/schema\/person\/01f2ce9e289bc5300c759925ef768c1d\"},\"headline\":\"Fortalecemos las agroexportaciones: Ulises Mej\u00eda:\",\"datePublished\":\"2026-04-24T01:22:00+00:00\",\"dateModified\":\"2026-04-24T15:54:22+00:00\",\"mainEntityOfPage\":{\"@id\":\"https:\/\/creston.com.mx\/index.php\/04\/fortalecemos-las-agroexportaciones-ulises-mejia\/politica\/2026\/\"},\"wordCount\":297,\"commentCount\":0,\"publisher\":{\"@id\":\"https:\/\/creston.com.mx\/#organization\"},\"image\":{\"@id\":\"https:\/\/creston.com.mx\/index.php\/04\/fortalecemos-las-agroexportaciones-ulises-mejia\/politica\/2026\/#primaryimage\"},\"thumbnailUrl\":\"https:\/\/creston.com.mx\/wp-content\/uploads\/2026\/04\/Dip-Ulises-agroexportacion-e1777046049700.jpeg\",\"articleSection\":[\"Pol\u00edtica\"],\"inLanguage\":\"es\",\"potentialAction\":[{\"@type\":\"CommentAction\",\"name\":\"Comment\",\"target\":[\"https:\/\/creston.com.mx\/index.php\/04\/fortalecemos-las-agroexportaciones-ulises-mejia\/politica\/2026\/#respond\"]}]},{\"@type\":\"WebPage\",\"@id\":\"https:\/\/creston.com.mx\/index.php\/04\/fortalecemos-las-agroexportaciones-ulises-mejia\/politica\/2026\/\",\"url\":\"https:\/\/creston.com.mx\/index.php\/04\/fortalecemos-las-agroexportaciones-ulises-mejia\/politica\/2026\/\",\"name\":\"Fortalecemos las agroexportaciones: Ulises Mej\u00eda: - Peri\u00f3dico Digital de Zacatecas\",\"isPartOf\":{\"@id\":\"https:\/\/creston.com.mx\/#website\"},\"primaryImageOfPage\":{\"@id\":\"https:\/\/creston.com.mx\/index.php\/04\/fortalecemos-las-agroexportaciones-ulises-mejia\/politica\/2026\/#primaryimage\"},\"image\":{\"@id\":\"https:\/\/creston.com.mx\/index.php\/04\/fortalecemos-las-agroexportaciones-ulises-mejia\/politica\/2026\/#primaryimage\"},\"thumbnailUrl\":\"https:\/\/creston.com.mx\/wp-content\/uploads\/2026\/04\/Dip-Ulises-agroexportacion-e1777046049700.jpeg\",\"datePublished\":\"2026-04-24T01:22:00+00:00\",\"dateModified\":\"2026-04-24T15:54:22+00:00\",\"breadcrumb\":{\"@id\":\"https:\/\/creston.com.mx\/index.php\/04\/fortalecemos-las-agroexportaciones-ulises-mejia\/politica\/2026\/#breadcrumb\"},\"inLanguage\":\"es\",\"potentialAction\":[{\"@type\":\"ReadAction\",\"target\":[\"https:\/\/creston.com.mx\/index.php\/04\/fortalecemos-las-agroexportaciones-ulises-mejia\/politica\/2026\/\"]}]},{\"@type\":\"ImageObject\",\"inLanguage\":\"es\",\"@id\":\"https:\/\/creston.com.mx\/index.php\/04\/fortalecemos-las-agroexportaciones-ulises-mejia\/politica\/2026\/#primaryimage\",\"url\":\"https:\/\/creston.com.mx\/wp-content\/uploads\/2026\/04\/Dip-Ulises-agroexportacion-e1777046049700.jpeg\",\"contentUrl\":\"https:\/\/creston.com.mx\/wp-content\/uploads\/2026\/04\/Dip-Ulises-agroexportacion-e1777046049700.jpeg\",\"width\":799,\"height\":505},{\"@type\":\"BreadcrumbList\",\"@id\":\"https:\/\/creston.com.mx\/index.php\/04\/fortalecemos-las-agroexportaciones-ulises-mejia\/politica\/2026\/#breadcrumb\",\"itemListElement\":[{\"@type\":\"ListItem\",\"position\":1,\"name\":\"Portada\",\"item\":\"https:\/\/creston.com.mx\/\"},{\"@type\":\"ListItem\",\"position\":2,\"name\":\"Fortalecemos las agroexportaciones: Ulises Mej\u00eda:\"}]},{\"@type\":\"WebSite\",\"@id\":\"https:\/\/creston.com.mx\/#website\",\"url\":\"https:\/\/creston.com.mx\/\",\"name\":\"Peri\u00f3dico Digital de Zacatecas\",\"description\":\"\",\"publisher\":{\"@id\":\"https:\/\/creston.com.mx\/#organization\"},\"potentialAction\":[{\"@type\":\"SearchAction\",\"target\":{\"@type\":\"EntryPoint\",\"urlTemplate\":\"https:\/\/creston.com.mx\/?s={search_term_string}\"},\"query-input\":{\"@type\":\"PropertyValueSpecification\",\"valueRequired\":true,\"valueName\":\"search_term_string\"}}],\"inLanguage\":\"es\"},{\"@type\":\"Organization\",\"@id\":\"https:\/\/creston.com.mx\/#organization\",\"name\":\"Peri\u00f3dico Digital de Zacatecas\",\"url\":\"https:\/\/creston.com.mx\/\",\"logo\":{\"@type\":\"ImageObject\",\"inLanguage\":\"es\",\"@id\":\"https:\/\/creston.com.mx\/#\/schema\/logo\/image\/\",\"url\":\"https:\/\/creston.com.mx\/wp-content\/uploads\/2026\/02\/cropped-Logo-Creston2.jpg\",\"contentUrl\":\"https:\/\/creston.com.mx\/wp-content\/uploads\/2026\/02\/cropped-Logo-Creston2.jpg\",\"width\":503,\"height\":194,\"caption\":\"Peri\u00f3dico Digital  de Zacatecas\"},\"image\":{\"@id\":\"https:\/\/creston.com.mx\/#\/schema\/logo\/image\/\"}},{\"@type\":\"Person\",\"@id\":\"https:\/\/creston.com.mx\/#\/schema\/person\/01f2ce9e289bc5300c759925ef768c1d\",\"name\":\"Periodico Creston\",\"image\":{\"@type\":\"ImageObject\",\"inLanguage\":\"es\",\"@id\":\"https:\/\/creston.com.mx\/#\/schema\/person\/image\/\",\"url\":\"https:\/\/secure.gravatar.com\/avatar\/c91eac1cf0d45897b6d294d474aa7713a194d460be0aaf72157553d050cda1c1?s=96&d=mm&r=g\",\"contentUrl\":\"https:\/\/secure.gravatar.com\/avatar\/c91eac1cf0d45897b6d294d474aa7713a194d460be0aaf72157553d050cda1c1?s=96&d=mm&r=g\",\"caption\":\"Periodico Creston\"},\"sameAs\":[\"https:\/\/creston.com.mx\"],\"url\":\"https:\/\/creston.com.mx\/index.php\/author\/cstnalja96\/\"}]}<\/script>\n<!-- \/ Yoast SEO plugin. -->","yoast_head_json":{"title":"Fortalecemos las agroexportaciones: Ulises Mej\u00eda: - Peri\u00f3dico Digital de Zacatecas","robots":{"index":"index","follow":"follow","max-snippet":"max-snippet:-1","max-image-preview":"max-image-preview:large","max-video-preview":"max-video-preview:-1"},"canonical":"https:\/\/creston.com.mx\/index.php\/04\/fortalecemos-las-agroexportaciones-ulises-mejia\/politica\/2026\/","og_locale":"es_ES","og_type":"article","og_title":"Fortalecemos las agroexportaciones: Ulises Mej\u00eda: - Peri\u00f3dico Digital de Zacatecas","og_description":". Se aprob\u00f3 el dictamen que transforma el modelo agroexportador del pa\u00eds al incorporar un mecanismo de certificaci\u00f3n laboral. . En la C\u00e1mara de Diputados se aprob\u00f3 el dictamen que&hellip;","og_url":"https:\/\/creston.com.mx\/index.php\/04\/fortalecemos-las-agroexportaciones-ulises-mejia\/politica\/2026\/","og_site_name":"Peri\u00f3dico Digital de Zacatecas","article_published_time":"2026-04-24T01:22:00+00:00","article_modified_time":"2026-04-24T15:54:22+00:00","og_image":[{"width":799,"height":505,"url":"https:\/\/creston.com.mx\/wp-content\/uploads\/2026\/04\/Dip-Ulises-agroexportacion-e1777046049700.jpeg","type":"image\/jpeg"}],"author":"Periodico Creston","twitter_card":"summary_large_image","twitter_misc":{"Escrito por":"Periodico Creston","Tiempo de lectura":"2 minutos"},"schema":{"@context":"https:\/\/schema.org","@graph":[{"@type":"Article","@id":"https:\/\/creston.com.mx\/index.php\/04\/fortalecemos-las-agroexportaciones-ulises-mejia\/politica\/2026\/#article","isPartOf":{"@id":"https:\/\/creston.com.mx\/index.php\/04\/fortalecemos-las-agroexportaciones-ulises-mejia\/politica\/2026\/"},"author":{"name":"Periodico Creston","@id":"https:\/\/creston.com.mx\/#\/schema\/person\/01f2ce9e289bc5300c759925ef768c1d"},"headline":"Fortalecemos las agroexportaciones: Ulises Mej\u00eda:","datePublished":"2026-04-24T01:22:00+00:00","dateModified":"2026-04-24T15:54:22+00:00","mainEntityOfPage":{"@id":"https:\/\/creston.com.mx\/index.php\/04\/fortalecemos-las-agroexportaciones-ulises-mejia\/politica\/2026\/"},"wordCount":297,"commentCount":0,"publisher":{"@id":"https:\/\/creston.com.mx\/#organization"},"image":{"@id":"https:\/\/creston.com.mx\/index.php\/04\/fortalecemos-las-agroexportaciones-ulises-mejia\/politica\/2026\/#primaryimage"},"thumbnailUrl":"https:\/\/creston.com.mx\/wp-content\/uploads\/2026\/04\/Dip-Ulises-agroexportacion-e1777046049700.jpeg","articleSection":["Pol\u00edtica"],"inLanguage":"es","potentialAction":[{"@type":"CommentAction","name":"Comment","target":["https:\/\/creston.com.mx\/index.php\/04\/fortalecemos-las-agroexportaciones-ulises-mejia\/politica\/2026\/#respond"]}]},{"@type":"WebPage","@id":"https:\/\/creston.com.mx\/index.php\/04\/fortalecemos-las-agroexportaciones-ulises-mejia\/politica\/2026\/","url":"https:\/\/creston.com.mx\/index.php\/04\/fortalecemos-las-agroexportaciones-ulises-mejia\/politica\/2026\/","name":"Fortalecemos las agroexportaciones: Ulises Mej\u00eda: - Peri\u00f3dico Digital de Zacatecas","isPartOf":{"@id":"https:\/\/creston.com.mx\/#website"},"primaryImageOfPage":{"@id":"https:\/\/creston.com.mx\/index.php\/04\/fortalecemos-las-agroexportaciones-ulises-mejia\/politica\/2026\/#primaryimage"},"image":{"@id":"https:\/\/creston.com.mx\/index.php\/04\/fortalecemos-las-agroexportaciones-ulises-mejia\/politica\/2026\/#primaryimage"},"thumbnailUrl":"https:\/\/creston.com.mx\/wp-content\/uploads\/2026\/04\/Dip-Ulises-agroexportacion-e1777046049700.jpeg","datePublished":"2026-04-24T01:22:00+00:00","dateModified":"2026-04-24T15:54:22+00:00","breadcrumb":{"@id":"https:\/\/creston.com.mx\/index.php\/04\/fortalecemos-las-agroexportaciones-ulises-mejia\/politica\/2026\/#breadcrumb"},"inLanguage":"es","potentialAction":[{"@type":"ReadAction","target":["https:\/\/creston.com.mx\/index.php\/04\/fortalecemos-las-agroexportaciones-ulises-mejia\/politica\/2026\/"]}]},{"@type":"ImageObject","inLanguage":"es","@id":"https:\/\/creston.com.mx\/index.php\/04\/fortalecemos-las-agroexportaciones-ulises-mejia\/politica\/2026\/#primaryimage","url":"https:\/\/creston.com.mx\/wp-content\/uploads\/2026\/04\/Dip-Ulises-agroexportacion-e1777046049700.jpeg","contentUrl":"https:\/\/creston.com.mx\/wp-content\/uploads\/2026\/04\/Dip-Ulises-agroexportacion-e1777046049700.jpeg","width":799,"height":505},{"@type":"BreadcrumbList","@id":"https:\/\/creston.com.mx\/index.php\/04\/fortalecemos-las-agroexportaciones-ulises-mejia\/politica\/2026\/#breadcrumb","itemListElement":[{"@type":"ListItem","position":1,"name":"Portada","item":"https:\/\/creston.com.mx\/"},{"@type":"ListItem","position":2,"name":"Fortalecemos las agroexportaciones: Ulises Mej\u00eda:"}]},{"@type":"WebSite","@id":"https:\/\/creston.com.mx\/#website","url":"https:\/\/creston.com.mx\/","name":"Peri\u00f3dico Digital de Zacatecas","description":"","publisher":{"@id":"https:\/\/creston.com.mx\/#organization"},"potentialAction":[{"@type":"SearchAction","target":{"@type":"EntryPoint","urlTemplate":"https:\/\/creston.com.mx\/?s={search_term_string}"},"query-input":{"@type":"PropertyValueSpecification","valueRequired":true,"valueName":"search_term_string"}}],"inLanguage":"es"},{"@type":"Organization","@id":"https:\/\/creston.com.mx\/#organization","name":"Peri\u00f3dico Digital de Zacatecas","url":"https:\/\/creston.com.mx\/","logo":{"@type":"ImageObject","inLanguage":"es","@id":"https:\/\/creston.com.mx\/#\/schema\/logo\/image\/","url":"https:\/\/creston.com.mx\/wp-content\/uploads\/2026\/02\/cropped-Logo-Creston2.jpg","contentUrl":"https:\/\/creston.com.mx\/wp-content\/uploads\/2026\/02\/cropped-Logo-Creston2.jpg","width":503,"height":194,"caption":"Peri\u00f3dico Digital  de Zacatecas"},"image":{"@id":"https:\/\/creston.com.mx\/#\/schema\/logo\/image\/"}},{"@type":"Person","@id":"https:\/\/creston.com.mx\/#\/schema\/person\/01f2ce9e289bc5300c759925ef768c1d","name":"Periodico Creston","image":{"@type":"ImageObject","inLanguage":"es","@id":"https:\/\/creston.com.mx\/#\/schema\/person\/image\/","url":"https:\/\/secure.gravatar.com\/avatar\/c91eac1cf0d45897b6d294d474aa7713a194d460be0aaf72157553d050cda1c1?s=96&d=mm&r=g","contentUrl":"https:\/\/secure.gravatar.com\/avatar\/c91eac1cf0d45897b6d294d474aa7713a194d460be0aaf72157553d050cda1c1?s=96&d=mm&r=g","caption":"Periodico Creston"},"sameAs":["https:\/\/creston.com.mx"],"url":"https:\/\/creston.com.mx\/index.php\/author\/cstnalja96\/"}]}},"jetpack_sharing_enabled":true,"jetpack_featured_media_url":"https:\/\/creston.com.mx\/wp-content\/uploads\/2026\/04\/Dip-Ulises-agroexportacion-e1777046049700.jpeg","_links":{"self":[{"href":"https:\/\/creston.com.mx\/index.php\/wp-json\/wp\/v2\/posts\/3176","targetHints":{"allow":["GET"]}}],"collection":[{"href":"https:\/\/creston.com.mx\/index.php\/wp-json\/wp\/v2\/posts"}],"about":[{"href":"https:\/\/creston.com.mx\/index.php\/wp-json\/wp\/v2\/types\/post"}],"author":[{"embeddable":true,"href":"https:\/\/creston.com.mx\/index.php\/wp-json\/wp\/v2\/users\/1"}],"replies":[{"embeddable":true,"href":"https:\/\/creston.com.mx\/index.php\/wp-json\/wp\/v2\/comments?post=3176"}],"version-history":[{"count":1,"href":"https:\/\/creston.com.mx\/index.php\/wp-json\/wp\/v2\/posts\/3176\/revisions"}],"predecessor-version":[{"id":3178,"href":"https:\/\/creston.com.mx\/index.php\/wp-json\/wp\/v2\/posts\/3176\/revisions\/3178"}],"wp:featuredmedia":[{"embeddable":true,"href":"https:\/\/creston.com.mx\/index.php\/wp-json\/wp\/v2\/media\/3177"}],"wp:attachment":[{"href":"https:\/\/creston.com.mx\/index.php\/wp-json\/wp\/v2\/media?parent=3176"}],"wp:term":[{"taxonomy":"category","embeddable":true,"href":"https:\/\/creston.com.mx\/index.php\/wp-json\/wp\/v2\/categories?post=3176"},{"taxonomy":"post_tag","embeddable":true,"href":"https:\/\/creston.com.mx\/index.php\/wp-json\/wp\/v2\/tags?post=3176"}],"curies":[{"name":"wp","href":"https:\/\/api.w.org\/{rel}","templated":true}]}}