{"id":289,"date":"2025-01-28T12:26:35","date_gmt":"2025-01-28T18:26:35","guid":{"rendered":"https:\/\/creston.com.mx\/?p=289"},"modified":"2025-01-28T12:26:37","modified_gmt":"2025-01-28T18:26:37","slug":"directora-de-colegio-lamenta-construccion-del-segundo-piso","status":"publish","type":"post","link":"https:\/\/creston.com.mx\/index.php\/01\/directora-de-colegio-lamenta-construccion-del-segundo-piso\/estado\/2025\/","title":{"rendered":"Directora de Colegio lamenta construcci\u00f3n del segundo piso"},"content":{"rendered":"\n<p>.<\/p>\n\n\n\n<p class=\"has-medium-font-size\"><strong><em>Asiste el alcalde Miguel Varela al Colegio del Centro y presidir la ceremonia de honores a la Bandera.<\/em><\/strong><\/p>\n\n\n\n<p>.<\/p>\n\n\n\n<p>El alcalde de Zacatecas, Miguel Varela, visit\u00f3 el Colegio del Centro para participar en la ceremonia de honores a la Bandera y realizar un recorrido por el recinto acad\u00e9mico, dicha visita tiene como prop\u00f3sito detectar las necesidades de las escuelas de la capital y promover una din\u00e1mica de coordinaci\u00f3n y colaboraci\u00f3n para atender las diversas problem\u00e1ticas que enfrentan las instituciones educativas.<\/p>\n\n\n\n<p>Durante la ceremonia c\u00edvica, la directora del Colegio del Centro, Adela Guti\u00e9rrez, expres\u00f3 su preocupaci\u00f3n por la continuaci\u00f3n del proyecto de construcci\u00f3n del segundo piso en la ciudad.<\/p>\n\n\n\n<p>Guti\u00e9rrez se\u00f1al\u00f3 que dicha obra \u00ablastimar\u00e1 nuestros edificios patrimonio de la Humanidad, afectando las caracter\u00edsticas especiales que hacen \u00fanica a esta hermosa ciudad\u00bb.<\/p>\n\n\n\n<p>La directora hizo un llamado a considerar el impacto que esta infraestructura tendr\u00e1 sobre el patrimonio cultural de Zacatecas, reconocido a nivel internacional.<\/p>\n\n\n\n<p>Por su parte, el alcalde Miguel Varela reafirm\u00f3 su compromiso de trabajar por un Zacatecas mejor y poner a disposici\u00f3n de la comunidad estudiantil los servicios de la Presidencia Municipal para coadyuvar en la soluci\u00f3n de las necesidades que enfrentan las escuelas.<\/p>\n\n\n\n<p>Varela reiter\u00f3 la importancia de mantener un di\u00e1logo abierto con los actores involucrados para asegurar que el desarrollo de la ciudad respete y preserve su riqueza hist\u00f3rica y cultural. La visita forma parte del plan de Miguel Varela para fortalecer la comunicaci\u00f3n con los distintos sectores educativos, con el fin de generar soluciones conjuntas que mejoren las condiciones de los centros escolares en Zacatecas.<\/p>\n","protected":false},"excerpt":{"rendered":"<p>. Asiste el alcalde Miguel Varela al Colegio del Centro y presidir la ceremonia de honores a la Bandera. . El alcalde de Zacatecas, Miguel Varela, visit\u00f3 el Colegio del&hellip; <\/p>\n","protected":false},"author":1,"featured_media":290,"comment_status":"open","ping_status":"closed","sticky":false,"template":"","format":"standard","meta":{"_jetpack_memberships_contains_paid_content":false,"footnotes":""},"categories":[1],"tags":[],"class_list":["post-289","post","type-post","status-publish","format-standard","has-post-thumbnail","hentry","category-estado"],"yoast_head":"<!-- This site is optimized with the Yoast SEO plugin v24.2 - https:\/\/yoast.com\/wordpress\/plugins\/seo\/ -->\n<title>Directora de Colegio lamenta construcci\u00f3n del segundo piso - Peri\u00f3dico Digital de Zacatecas<\/title>\n<meta name=\"robots\" content=\"index, follow, max-snippet:-1, max-image-preview:large, max-video-preview:-1\" \/>\n<link rel=\"canonical\" href=\"https:\/\/creston.com.mx\/index.php\/01\/directora-de-colegio-lamenta-construccion-del-segundo-piso\/estado\/2025\/\" \/>\n<meta property=\"og:locale\" content=\"es_ES\" \/>\n<meta property=\"og:type\" content=\"article\" \/>\n<meta property=\"og:title\" content=\"Directora de Colegio lamenta construcci\u00f3n del segundo piso - Peri\u00f3dico Digital de Zacatecas\" \/>\n<meta property=\"og:description\" content=\". Asiste el alcalde Miguel Varela al Colegio del Centro y presidir la ceremonia de honores a la Bandera. . El alcalde de Zacatecas, Miguel Varela, visit\u00f3 el Colegio del&hellip;\" \/>\n<meta property=\"og:url\" content=\"https:\/\/creston.com.mx\/index.php\/01\/directora-de-colegio-lamenta-construccion-del-segundo-piso\/estado\/2025\/\" \/>\n<meta property=\"og:site_name\" content=\"Peri\u00f3dico Digital de Zacatecas\" \/>\n<meta property=\"article:published_time\" content=\"2025-01-28T18:26:35+00:00\" \/>\n<meta property=\"article:modified_time\" content=\"2025-01-28T18:26:37+00:00\" \/>\n<meta property=\"og:image\" content=\"https:\/\/creston.com.mx\/wp-content\/uploads\/2025\/01\/IMG-20250127-WA0034.jpg\" \/>\n\t<meta property=\"og:image:width\" content=\"1200\" \/>\n\t<meta property=\"og:image:height\" content=\"837\" \/>\n\t<meta property=\"og:image:type\" content=\"image\/jpeg\" \/>\n<meta name=\"author\" content=\"Periodico Creston\" \/>\n<meta name=\"twitter:card\" content=\"summary_large_image\" \/>\n<meta name=\"twitter:label1\" content=\"Escrito por\" \/>\n\t<meta name=\"twitter:data1\" content=\"Periodico Creston\" \/>\n\t<meta name=\"twitter:label2\" content=\"Tiempo de lectura\" \/>\n\t<meta name=\"twitter:data2\" content=\"2 minutos\" \/>\n<script type=\"application\/ld+json\" class=\"yoast-schema-graph\">{\"@context\":\"https:\/\/schema.org\",\"@graph\":[{\"@type\":\"Article\",\"@id\":\"https:\/\/creston.com.mx\/index.php\/01\/directora-de-colegio-lamenta-construccion-del-segundo-piso\/estado\/2025\/#article\",\"isPartOf\":{\"@id\":\"https:\/\/creston.com.mx\/index.php\/01\/directora-de-colegio-lamenta-construccion-del-segundo-piso\/estado\/2025\/\"},\"author\":{\"name\":\"Periodico Creston\",\"@id\":\"https:\/\/creston.com.mx\/#\/schema\/person\/01f2ce9e289bc5300c759925ef768c1d\"},\"headline\":\"Directora de Colegio lamenta construcci\u00f3n del segundo piso\",\"datePublished\":\"2025-01-28T18:26:35+00:00\",\"dateModified\":\"2025-01-28T18:26:37+00:00\",\"mainEntityOfPage\":{\"@id\":\"https:\/\/creston.com.mx\/index.php\/01\/directora-de-colegio-lamenta-construccion-del-segundo-piso\/estado\/2025\/\"},\"wordCount\":287,\"commentCount\":0,\"publisher\":{\"@id\":\"https:\/\/creston.com.mx\/#organization\"},\"image\":{\"@id\":\"https:\/\/creston.com.mx\/index.php\/01\/directora-de-colegio-lamenta-construccion-del-segundo-piso\/estado\/2025\/#primaryimage\"},\"thumbnailUrl\":\"https:\/\/creston.com.mx\/wp-content\/uploads\/2025\/01\/IMG-20250127-WA0034.jpg\",\"articleSection\":[\"Estado\"],\"inLanguage\":\"es\",\"potentialAction\":[{\"@type\":\"CommentAction\",\"name\":\"Comment\",\"target\":[\"https:\/\/creston.com.mx\/index.php\/01\/directora-de-colegio-lamenta-construccion-del-segundo-piso\/estado\/2025\/#respond\"]}]},{\"@type\":\"WebPage\",\"@id\":\"https:\/\/creston.com.mx\/index.php\/01\/directora-de-colegio-lamenta-construccion-del-segundo-piso\/estado\/2025\/\",\"url\":\"https:\/\/creston.com.mx\/index.php\/01\/directora-de-colegio-lamenta-construccion-del-segundo-piso\/estado\/2025\/\",\"name\":\"Directora de Colegio lamenta construcci\u00f3n del segundo piso - Peri\u00f3dico Digital de Zacatecas\",\"isPartOf\":{\"@id\":\"https:\/\/creston.com.mx\/#website\"},\"primaryImageOfPage\":{\"@id\":\"https:\/\/creston.com.mx\/index.php\/01\/directora-de-colegio-lamenta-construccion-del-segundo-piso\/estado\/2025\/#primaryimage\"},\"image\":{\"@id\":\"https:\/\/creston.com.mx\/index.php\/01\/directora-de-colegio-lamenta-construccion-del-segundo-piso\/estado\/2025\/#primaryimage\"},\"thumbnailUrl\":\"https:\/\/creston.com.mx\/wp-content\/uploads\/2025\/01\/IMG-20250127-WA0034.jpg\",\"datePublished\":\"2025-01-28T18:26:35+00:00\",\"dateModified\":\"2025-01-28T18:26:37+00:00\",\"breadcrumb\":{\"@id\":\"https:\/\/creston.com.mx\/index.php\/01\/directora-de-colegio-lamenta-construccion-del-segundo-piso\/estado\/2025\/#breadcrumb\"},\"inLanguage\":\"es\",\"potentialAction\":[{\"@type\":\"ReadAction\",\"target\":[\"https:\/\/creston.com.mx\/index.php\/01\/directora-de-colegio-lamenta-construccion-del-segundo-piso\/estado\/2025\/\"]}]},{\"@type\":\"ImageObject\",\"inLanguage\":\"es\",\"@id\":\"https:\/\/creston.com.mx\/index.php\/01\/directora-de-colegio-lamenta-construccion-del-segundo-piso\/estado\/2025\/#primaryimage\",\"url\":\"https:\/\/creston.com.mx\/wp-content\/uploads\/2025\/01\/IMG-20250127-WA0034.jpg\",\"contentUrl\":\"https:\/\/creston.com.mx\/wp-content\/uploads\/2025\/01\/IMG-20250127-WA0034.jpg\",\"width\":1200,\"height\":837},{\"@type\":\"BreadcrumbList\",\"@id\":\"https:\/\/creston.com.mx\/index.php\/01\/directora-de-colegio-lamenta-construccion-del-segundo-piso\/estado\/2025\/#breadcrumb\",\"itemListElement\":[{\"@type\":\"ListItem\",\"position\":1,\"name\":\"Portada\",\"item\":\"https:\/\/creston.com.mx\/\"},{\"@type\":\"ListItem\",\"position\":2,\"name\":\"Directora de Colegio lamenta construcci\u00f3n del segundo piso\"}]},{\"@type\":\"WebSite\",\"@id\":\"https:\/\/creston.com.mx\/#website\",\"url\":\"https:\/\/creston.com.mx\/\",\"name\":\"Peri\u00f3dico Digital de Zacatecas\",\"description\":\"\",\"publisher\":{\"@id\":\"https:\/\/creston.com.mx\/#organization\"},\"potentialAction\":[{\"@type\":\"SearchAction\",\"target\":{\"@type\":\"EntryPoint\",\"urlTemplate\":\"https:\/\/creston.com.mx\/?s={search_term_string}\"},\"query-input\":{\"@type\":\"PropertyValueSpecification\",\"valueRequired\":true,\"valueName\":\"search_term_string\"}}],\"inLanguage\":\"es\"},{\"@type\":\"Organization\",\"@id\":\"https:\/\/creston.com.mx\/#organization\",\"name\":\"Peri\u00f3dico Digital de Zacatecas\",\"url\":\"https:\/\/creston.com.mx\/\",\"logo\":{\"@type\":\"ImageObject\",\"inLanguage\":\"es\",\"@id\":\"https:\/\/creston.com.mx\/#\/schema\/logo\/image\/\",\"url\":\"https:\/\/creston.com.mx\/wp-content\/uploads\/2026\/02\/cropped-Logo-Creston2.jpg\",\"contentUrl\":\"https:\/\/creston.com.mx\/wp-content\/uploads\/2026\/02\/cropped-Logo-Creston2.jpg\",\"width\":503,\"height\":194,\"caption\":\"Peri\u00f3dico Digital  de Zacatecas\"},\"image\":{\"@id\":\"https:\/\/creston.com.mx\/#\/schema\/logo\/image\/\"}},{\"@type\":\"Person\",\"@id\":\"https:\/\/creston.com.mx\/#\/schema\/person\/01f2ce9e289bc5300c759925ef768c1d\",\"name\":\"Periodico Creston\",\"image\":{\"@type\":\"ImageObject\",\"inLanguage\":\"es\",\"@id\":\"https:\/\/creston.com.mx\/#\/schema\/person\/image\/\",\"url\":\"https:\/\/secure.gravatar.com\/avatar\/c91eac1cf0d45897b6d294d474aa7713a194d460be0aaf72157553d050cda1c1?s=96&d=mm&r=g\",\"contentUrl\":\"https:\/\/secure.gravatar.com\/avatar\/c91eac1cf0d45897b6d294d474aa7713a194d460be0aaf72157553d050cda1c1?s=96&d=mm&r=g\",\"caption\":\"Periodico Creston\"},\"sameAs\":[\"https:\/\/creston.com.mx\"],\"url\":\"https:\/\/creston.com.mx\/index.php\/author\/cstnalja96\/\"}]}<\/script>\n<!-- \/ Yoast SEO plugin. -->","yoast_head_json":{"title":"Directora de Colegio lamenta construcci\u00f3n del segundo piso - Peri\u00f3dico Digital de Zacatecas","robots":{"index":"index","follow":"follow","max-snippet":"max-snippet:-1","max-image-preview":"max-image-preview:large","max-video-preview":"max-video-preview:-1"},"canonical":"https:\/\/creston.com.mx\/index.php\/01\/directora-de-colegio-lamenta-construccion-del-segundo-piso\/estado\/2025\/","og_locale":"es_ES","og_type":"article","og_title":"Directora de Colegio lamenta construcci\u00f3n del segundo piso - Peri\u00f3dico Digital de Zacatecas","og_description":". Asiste el alcalde Miguel Varela al Colegio del Centro y presidir la ceremonia de honores a la Bandera. . El alcalde de Zacatecas, Miguel Varela, visit\u00f3 el Colegio del&hellip;","og_url":"https:\/\/creston.com.mx\/index.php\/01\/directora-de-colegio-lamenta-construccion-del-segundo-piso\/estado\/2025\/","og_site_name":"Peri\u00f3dico Digital de Zacatecas","article_published_time":"2025-01-28T18:26:35+00:00","article_modified_time":"2025-01-28T18:26:37+00:00","og_image":[{"width":1200,"height":837,"url":"https:\/\/creston.com.mx\/wp-content\/uploads\/2025\/01\/IMG-20250127-WA0034.jpg","type":"image\/jpeg"}],"author":"Periodico Creston","twitter_card":"summary_large_image","twitter_misc":{"Escrito por":"Periodico Creston","Tiempo de lectura":"2 minutos"},"schema":{"@context":"https:\/\/schema.org","@graph":[{"@type":"Article","@id":"https:\/\/creston.com.mx\/index.php\/01\/directora-de-colegio-lamenta-construccion-del-segundo-piso\/estado\/2025\/#article","isPartOf":{"@id":"https:\/\/creston.com.mx\/index.php\/01\/directora-de-colegio-lamenta-construccion-del-segundo-piso\/estado\/2025\/"},"author":{"name":"Periodico Creston","@id":"https:\/\/creston.com.mx\/#\/schema\/person\/01f2ce9e289bc5300c759925ef768c1d"},"headline":"Directora de Colegio lamenta construcci\u00f3n del segundo piso","datePublished":"2025-01-28T18:26:35+00:00","dateModified":"2025-01-28T18:26:37+00:00","mainEntityOfPage":{"@id":"https:\/\/creston.com.mx\/index.php\/01\/directora-de-colegio-lamenta-construccion-del-segundo-piso\/estado\/2025\/"},"wordCount":287,"commentCount":0,"publisher":{"@id":"https:\/\/creston.com.mx\/#organization"},"image":{"@id":"https:\/\/creston.com.mx\/index.php\/01\/directora-de-colegio-lamenta-construccion-del-segundo-piso\/estado\/2025\/#primaryimage"},"thumbnailUrl":"https:\/\/creston.com.mx\/wp-content\/uploads\/2025\/01\/IMG-20250127-WA0034.jpg","articleSection":["Estado"],"inLanguage":"es","potentialAction":[{"@type":"CommentAction","name":"Comment","target":["https:\/\/creston.com.mx\/index.php\/01\/directora-de-colegio-lamenta-construccion-del-segundo-piso\/estado\/2025\/#respond"]}]},{"@type":"WebPage","@id":"https:\/\/creston.com.mx\/index.php\/01\/directora-de-colegio-lamenta-construccion-del-segundo-piso\/estado\/2025\/","url":"https:\/\/creston.com.mx\/index.php\/01\/directora-de-colegio-lamenta-construccion-del-segundo-piso\/estado\/2025\/","name":"Directora de Colegio lamenta construcci\u00f3n del segundo piso - Peri\u00f3dico Digital de Zacatecas","isPartOf":{"@id":"https:\/\/creston.com.mx\/#website"},"primaryImageOfPage":{"@id":"https:\/\/creston.com.mx\/index.php\/01\/directora-de-colegio-lamenta-construccion-del-segundo-piso\/estado\/2025\/#primaryimage"},"image":{"@id":"https:\/\/creston.com.mx\/index.php\/01\/directora-de-colegio-lamenta-construccion-del-segundo-piso\/estado\/2025\/#primaryimage"},"thumbnailUrl":"https:\/\/creston.com.mx\/wp-content\/uploads\/2025\/01\/IMG-20250127-WA0034.jpg","datePublished":"2025-01-28T18:26:35+00:00","dateModified":"2025-01-28T18:26:37+00:00","breadcrumb":{"@id":"https:\/\/creston.com.mx\/index.php\/01\/directora-de-colegio-lamenta-construccion-del-segundo-piso\/estado\/2025\/#breadcrumb"},"inLanguage":"es","potentialAction":[{"@type":"ReadAction","target":["https:\/\/creston.com.mx\/index.php\/01\/directora-de-colegio-lamenta-construccion-del-segundo-piso\/estado\/2025\/"]}]},{"@type":"ImageObject","inLanguage":"es","@id":"https:\/\/creston.com.mx\/index.php\/01\/directora-de-colegio-lamenta-construccion-del-segundo-piso\/estado\/2025\/#primaryimage","url":"https:\/\/creston.com.mx\/wp-content\/uploads\/2025\/01\/IMG-20250127-WA0034.jpg","contentUrl":"https:\/\/creston.com.mx\/wp-content\/uploads\/2025\/01\/IMG-20250127-WA0034.jpg","width":1200,"height":837},{"@type":"BreadcrumbList","@id":"https:\/\/creston.com.mx\/index.php\/01\/directora-de-colegio-lamenta-construccion-del-segundo-piso\/estado\/2025\/#breadcrumb","itemListElement":[{"@type":"ListItem","position":1,"name":"Portada","item":"https:\/\/creston.com.mx\/"},{"@type":"ListItem","position":2,"name":"Directora de Colegio lamenta construcci\u00f3n del segundo piso"}]},{"@type":"WebSite","@id":"https:\/\/creston.com.mx\/#website","url":"https:\/\/creston.com.mx\/","name":"Peri\u00f3dico Digital de Zacatecas","description":"","publisher":{"@id":"https:\/\/creston.com.mx\/#organization"},"potentialAction":[{"@type":"SearchAction","target":{"@type":"EntryPoint","urlTemplate":"https:\/\/creston.com.mx\/?s={search_term_string}"},"query-input":{"@type":"PropertyValueSpecification","valueRequired":true,"valueName":"search_term_string"}}],"inLanguage":"es"},{"@type":"Organization","@id":"https:\/\/creston.com.mx\/#organization","name":"Peri\u00f3dico Digital de Zacatecas","url":"https:\/\/creston.com.mx\/","logo":{"@type":"ImageObject","inLanguage":"es","@id":"https:\/\/creston.com.mx\/#\/schema\/logo\/image\/","url":"https:\/\/creston.com.mx\/wp-content\/uploads\/2026\/02\/cropped-Logo-Creston2.jpg","contentUrl":"https:\/\/creston.com.mx\/wp-content\/uploads\/2026\/02\/cropped-Logo-Creston2.jpg","width":503,"height":194,"caption":"Peri\u00f3dico Digital  de Zacatecas"},"image":{"@id":"https:\/\/creston.com.mx\/#\/schema\/logo\/image\/"}},{"@type":"Person","@id":"https:\/\/creston.com.mx\/#\/schema\/person\/01f2ce9e289bc5300c759925ef768c1d","name":"Periodico Creston","image":{"@type":"ImageObject","inLanguage":"es","@id":"https:\/\/creston.com.mx\/#\/schema\/person\/image\/","url":"https:\/\/secure.gravatar.com\/avatar\/c91eac1cf0d45897b6d294d474aa7713a194d460be0aaf72157553d050cda1c1?s=96&d=mm&r=g","contentUrl":"https:\/\/secure.gravatar.com\/avatar\/c91eac1cf0d45897b6d294d474aa7713a194d460be0aaf72157553d050cda1c1?s=96&d=mm&r=g","caption":"Periodico Creston"},"sameAs":["https:\/\/creston.com.mx"],"url":"https:\/\/creston.com.mx\/index.php\/author\/cstnalja96\/"}]}},"jetpack_sharing_enabled":true,"jetpack_featured_media_url":"https:\/\/creston.com.mx\/wp-content\/uploads\/2025\/01\/IMG-20250127-WA0034.jpg","_links":{"self":[{"href":"https:\/\/creston.com.mx\/index.php\/wp-json\/wp\/v2\/posts\/289","targetHints":{"allow":["GET"]}}],"collection":[{"href":"https:\/\/creston.com.mx\/index.php\/wp-json\/wp\/v2\/posts"}],"about":[{"href":"https:\/\/creston.com.mx\/index.php\/wp-json\/wp\/v2\/types\/post"}],"author":[{"embeddable":true,"href":"https:\/\/creston.com.mx\/index.php\/wp-json\/wp\/v2\/users\/1"}],"replies":[{"embeddable":true,"href":"https:\/\/creston.com.mx\/index.php\/wp-json\/wp\/v2\/comments?post=289"}],"version-history":[{"count":1,"href":"https:\/\/creston.com.mx\/index.php\/wp-json\/wp\/v2\/posts\/289\/revisions"}],"predecessor-version":[{"id":291,"href":"https:\/\/creston.com.mx\/index.php\/wp-json\/wp\/v2\/posts\/289\/revisions\/291"}],"wp:featuredmedia":[{"embeddable":true,"href":"https:\/\/creston.com.mx\/index.php\/wp-json\/wp\/v2\/media\/290"}],"wp:attachment":[{"href":"https:\/\/creston.com.mx\/index.php\/wp-json\/wp\/v2\/media?parent=289"}],"wp:term":[{"taxonomy":"category","embeddable":true,"href":"https:\/\/creston.com.mx\/index.php\/wp-json\/wp\/v2\/categories?post=289"},{"taxonomy":"post_tag","embeddable":true,"href":"https:\/\/creston.com.mx\/index.php\/wp-json\/wp\/v2\/tags?post=289"}],"curies":[{"name":"wp","href":"https:\/\/api.w.org\/{rel}","templated":true}]}}