{"id":286,"date":"2025-01-28T12:19:20","date_gmt":"2025-01-28T18:19:20","guid":{"rendered":"https:\/\/creston.com.mx\/?p=286"},"modified":"2025-01-28T12:19:21","modified_gmt":"2025-01-28T18:19:21","slug":"pri-capacita-a-su-personal-en-uso-de-redes-sociales","status":"publish","type":"post","link":"https:\/\/creston.com.mx\/index.php\/01\/pri-capacita-a-su-personal-en-uso-de-redes-sociales\/politica\/2025\/","title":{"rendered":"PRI capacita a su personal en uso de redes sociales"},"content":{"rendered":"\n<p>.<\/p>\n\n\n\n<p class=\"has-medium-font-size\"><strong><em>Carlos Pe\u00f1a Badillo puso en marcha una capacitaci\u00f3n para llevar informaci\u00f3n digital hasta el \u00faltimo militante priista y a la ciudadan\u00eda en general.<\/em><\/strong><\/p>\n\n\n\n<p>.<\/p>\n\n\n\n<p>Con el prop\u00f3sito de entrar de lleno a la digitalizaci\u00f3n del partido, como lo ha demandado la dirigencia nacional en sus nuevas tareas de innovaci\u00f3n, digitalizaci\u00f3n y uso de la inteligencia artificial, el PRI de Zacatecas tendr\u00e1 que estar acorde con los trabajos similares que se realizan en los 32 estados de la Rep\u00fablica.<\/p>\n\n\n\n<p>Se trata que todos los integrantes del Comit\u00e9 Directivo Estatal, los titulares de sectores, organismos adherentes y todas las dirigencias municipales, inicien una nueva etapa informativa con todos los cuadros en sus respectivos municipios, para que el partido expanda su informaci\u00f3n y sus contenidos y se pueda masificar el mensaje pol\u00edtico que el PRI nacional busca hacer llegar a todo el priismo del pa\u00eds.<\/p>\n\n\n\n<p>En el caso de Zacatecas, la capacitaci\u00f3n nos permitir\u00e1 crear mejores contenidos para redireccionar acciones y emplear el espectro informativo, ya que no solo se informar\u00e1 para los medios locales de comunicaci\u00f3n sino hacia toda la militancia replicando los contenidos inform\u00e1ticos internos. Adem\u00e1s se busca que toda nuestra estructura territorial tenga presencia en las redes sociales a trav\u00e9s del activismo digital inteligente y bien estructurado.<\/p>\n","protected":false},"excerpt":{"rendered":"<p>. Carlos Pe\u00f1a Badillo puso en marcha una capacitaci\u00f3n para llevar informaci\u00f3n digital hasta el \u00faltimo militante priista y a la ciudadan\u00eda en general. . Con el prop\u00f3sito de entrar&hellip; <\/p>\n","protected":false},"author":1,"featured_media":287,"comment_status":"open","ping_status":"closed","sticky":false,"template":"","format":"standard","meta":{"_jetpack_memberships_contains_paid_content":false,"footnotes":""},"categories":[2],"tags":[],"class_list":["post-286","post","type-post","status-publish","format-standard","has-post-thumbnail","hentry","category-politica"],"yoast_head":"<!-- This site is optimized with the Yoast SEO plugin v24.2 - https:\/\/yoast.com\/wordpress\/plugins\/seo\/ -->\n<title>PRI capacita a su personal en uso de redes sociales - Peri\u00f3dico Digital de Zacatecas<\/title>\n<meta name=\"robots\" content=\"index, follow, max-snippet:-1, max-image-preview:large, max-video-preview:-1\" \/>\n<link rel=\"canonical\" href=\"https:\/\/creston.com.mx\/index.php\/01\/pri-capacita-a-su-personal-en-uso-de-redes-sociales\/politica\/2025\/\" \/>\n<meta property=\"og:locale\" content=\"es_ES\" \/>\n<meta property=\"og:type\" content=\"article\" \/>\n<meta property=\"og:title\" content=\"PRI capacita a su personal en uso de redes sociales - Peri\u00f3dico Digital de Zacatecas\" \/>\n<meta property=\"og:description\" content=\". Carlos Pe\u00f1a Badillo puso en marcha una capacitaci\u00f3n para llevar informaci\u00f3n digital hasta el \u00faltimo militante priista y a la ciudadan\u00eda en general. . Con el prop\u00f3sito de entrar&hellip;\" \/>\n<meta property=\"og:url\" content=\"https:\/\/creston.com.mx\/index.php\/01\/pri-capacita-a-su-personal-en-uso-de-redes-sociales\/politica\/2025\/\" \/>\n<meta property=\"og:site_name\" content=\"Peri\u00f3dico Digital de Zacatecas\" \/>\n<meta property=\"article:published_time\" content=\"2025-01-28T18:19:20+00:00\" \/>\n<meta property=\"article:modified_time\" content=\"2025-01-28T18:19:21+00:00\" \/>\n<meta property=\"og:image\" content=\"https:\/\/creston.com.mx\/wp-content\/uploads\/2025\/01\/IMG-20250127-WA0038.jpg\" \/>\n\t<meta property=\"og:image:width\" content=\"1280\" \/>\n\t<meta property=\"og:image:height\" content=\"852\" \/>\n\t<meta property=\"og:image:type\" content=\"image\/jpeg\" \/>\n<meta name=\"author\" content=\"Periodico Creston\" \/>\n<meta name=\"twitter:card\" content=\"summary_large_image\" \/>\n<meta name=\"twitter:label1\" content=\"Escrito por\" \/>\n\t<meta name=\"twitter:data1\" content=\"Periodico Creston\" \/>\n\t<meta name=\"twitter:label2\" content=\"Tiempo de lectura\" \/>\n\t<meta name=\"twitter:data2\" content=\"2 minutos\" \/>\n<script type=\"application\/ld+json\" class=\"yoast-schema-graph\">{\"@context\":\"https:\/\/schema.org\",\"@graph\":[{\"@type\":\"Article\",\"@id\":\"https:\/\/creston.com.mx\/index.php\/01\/pri-capacita-a-su-personal-en-uso-de-redes-sociales\/politica\/2025\/#article\",\"isPartOf\":{\"@id\":\"https:\/\/creston.com.mx\/index.php\/01\/pri-capacita-a-su-personal-en-uso-de-redes-sociales\/politica\/2025\/\"},\"author\":{\"name\":\"Periodico Creston\",\"@id\":\"https:\/\/creston.com.mx\/#\/schema\/person\/01f2ce9e289bc5300c759925ef768c1d\"},\"headline\":\"PRI capacita a su personal en uso de redes sociales\",\"datePublished\":\"2025-01-28T18:19:20+00:00\",\"dateModified\":\"2025-01-28T18:19:21+00:00\",\"mainEntityOfPage\":{\"@id\":\"https:\/\/creston.com.mx\/index.php\/01\/pri-capacita-a-su-personal-en-uso-de-redes-sociales\/politica\/2025\/\"},\"wordCount\":232,\"commentCount\":0,\"publisher\":{\"@id\":\"https:\/\/creston.com.mx\/#organization\"},\"image\":{\"@id\":\"https:\/\/creston.com.mx\/index.php\/01\/pri-capacita-a-su-personal-en-uso-de-redes-sociales\/politica\/2025\/#primaryimage\"},\"thumbnailUrl\":\"https:\/\/creston.com.mx\/wp-content\/uploads\/2025\/01\/IMG-20250127-WA0038.jpg\",\"articleSection\":[\"Pol\u00edtica\"],\"inLanguage\":\"es\",\"potentialAction\":[{\"@type\":\"CommentAction\",\"name\":\"Comment\",\"target\":[\"https:\/\/creston.com.mx\/index.php\/01\/pri-capacita-a-su-personal-en-uso-de-redes-sociales\/politica\/2025\/#respond\"]}]},{\"@type\":\"WebPage\",\"@id\":\"https:\/\/creston.com.mx\/index.php\/01\/pri-capacita-a-su-personal-en-uso-de-redes-sociales\/politica\/2025\/\",\"url\":\"https:\/\/creston.com.mx\/index.php\/01\/pri-capacita-a-su-personal-en-uso-de-redes-sociales\/politica\/2025\/\",\"name\":\"PRI capacita a su personal en uso de redes sociales - Peri\u00f3dico Digital de Zacatecas\",\"isPartOf\":{\"@id\":\"https:\/\/creston.com.mx\/#website\"},\"primaryImageOfPage\":{\"@id\":\"https:\/\/creston.com.mx\/index.php\/01\/pri-capacita-a-su-personal-en-uso-de-redes-sociales\/politica\/2025\/#primaryimage\"},\"image\":{\"@id\":\"https:\/\/creston.com.mx\/index.php\/01\/pri-capacita-a-su-personal-en-uso-de-redes-sociales\/politica\/2025\/#primaryimage\"},\"thumbnailUrl\":\"https:\/\/creston.com.mx\/wp-content\/uploads\/2025\/01\/IMG-20250127-WA0038.jpg\",\"datePublished\":\"2025-01-28T18:19:20+00:00\",\"dateModified\":\"2025-01-28T18:19:21+00:00\",\"breadcrumb\":{\"@id\":\"https:\/\/creston.com.mx\/index.php\/01\/pri-capacita-a-su-personal-en-uso-de-redes-sociales\/politica\/2025\/#breadcrumb\"},\"inLanguage\":\"es\",\"potentialAction\":[{\"@type\":\"ReadAction\",\"target\":[\"https:\/\/creston.com.mx\/index.php\/01\/pri-capacita-a-su-personal-en-uso-de-redes-sociales\/politica\/2025\/\"]}]},{\"@type\":\"ImageObject\",\"inLanguage\":\"es\",\"@id\":\"https:\/\/creston.com.mx\/index.php\/01\/pri-capacita-a-su-personal-en-uso-de-redes-sociales\/politica\/2025\/#primaryimage\",\"url\":\"https:\/\/creston.com.mx\/wp-content\/uploads\/2025\/01\/IMG-20250127-WA0038.jpg\",\"contentUrl\":\"https:\/\/creston.com.mx\/wp-content\/uploads\/2025\/01\/IMG-20250127-WA0038.jpg\",\"width\":1280,\"height\":852},{\"@type\":\"BreadcrumbList\",\"@id\":\"https:\/\/creston.com.mx\/index.php\/01\/pri-capacita-a-su-personal-en-uso-de-redes-sociales\/politica\/2025\/#breadcrumb\",\"itemListElement\":[{\"@type\":\"ListItem\",\"position\":1,\"name\":\"Portada\",\"item\":\"https:\/\/creston.com.mx\/\"},{\"@type\":\"ListItem\",\"position\":2,\"name\":\"PRI capacita a su personal en uso de redes sociales\"}]},{\"@type\":\"WebSite\",\"@id\":\"https:\/\/creston.com.mx\/#website\",\"url\":\"https:\/\/creston.com.mx\/\",\"name\":\"Peri\u00f3dico Digital de Zacatecas\",\"description\":\"\",\"publisher\":{\"@id\":\"https:\/\/creston.com.mx\/#organization\"},\"potentialAction\":[{\"@type\":\"SearchAction\",\"target\":{\"@type\":\"EntryPoint\",\"urlTemplate\":\"https:\/\/creston.com.mx\/?s={search_term_string}\"},\"query-input\":{\"@type\":\"PropertyValueSpecification\",\"valueRequired\":true,\"valueName\":\"search_term_string\"}}],\"inLanguage\":\"es\"},{\"@type\":\"Organization\",\"@id\":\"https:\/\/creston.com.mx\/#organization\",\"name\":\"Peri\u00f3dico Digital de Zacatecas\",\"url\":\"https:\/\/creston.com.mx\/\",\"logo\":{\"@type\":\"ImageObject\",\"inLanguage\":\"es\",\"@id\":\"https:\/\/creston.com.mx\/#\/schema\/logo\/image\/\",\"url\":\"https:\/\/creston.com.mx\/wp-content\/uploads\/2026\/02\/cropped-Logo-Creston2.jpg\",\"contentUrl\":\"https:\/\/creston.com.mx\/wp-content\/uploads\/2026\/02\/cropped-Logo-Creston2.jpg\",\"width\":503,\"height\":194,\"caption\":\"Peri\u00f3dico Digital  de Zacatecas\"},\"image\":{\"@id\":\"https:\/\/creston.com.mx\/#\/schema\/logo\/image\/\"}},{\"@type\":\"Person\",\"@id\":\"https:\/\/creston.com.mx\/#\/schema\/person\/01f2ce9e289bc5300c759925ef768c1d\",\"name\":\"Periodico Creston\",\"image\":{\"@type\":\"ImageObject\",\"inLanguage\":\"es\",\"@id\":\"https:\/\/creston.com.mx\/#\/schema\/person\/image\/\",\"url\":\"https:\/\/secure.gravatar.com\/avatar\/c91eac1cf0d45897b6d294d474aa7713a194d460be0aaf72157553d050cda1c1?s=96&d=mm&r=g\",\"contentUrl\":\"https:\/\/secure.gravatar.com\/avatar\/c91eac1cf0d45897b6d294d474aa7713a194d460be0aaf72157553d050cda1c1?s=96&d=mm&r=g\",\"caption\":\"Periodico Creston\"},\"sameAs\":[\"https:\/\/creston.com.mx\"],\"url\":\"https:\/\/creston.com.mx\/index.php\/author\/cstnalja96\/\"}]}<\/script>\n<!-- \/ Yoast SEO plugin. -->","yoast_head_json":{"title":"PRI capacita a su personal en uso de redes sociales - Peri\u00f3dico Digital de Zacatecas","robots":{"index":"index","follow":"follow","max-snippet":"max-snippet:-1","max-image-preview":"max-image-preview:large","max-video-preview":"max-video-preview:-1"},"canonical":"https:\/\/creston.com.mx\/index.php\/01\/pri-capacita-a-su-personal-en-uso-de-redes-sociales\/politica\/2025\/","og_locale":"es_ES","og_type":"article","og_title":"PRI capacita a su personal en uso de redes sociales - Peri\u00f3dico Digital de Zacatecas","og_description":". Carlos Pe\u00f1a Badillo puso en marcha una capacitaci\u00f3n para llevar informaci\u00f3n digital hasta el \u00faltimo militante priista y a la ciudadan\u00eda en general. . Con el prop\u00f3sito de entrar&hellip;","og_url":"https:\/\/creston.com.mx\/index.php\/01\/pri-capacita-a-su-personal-en-uso-de-redes-sociales\/politica\/2025\/","og_site_name":"Peri\u00f3dico Digital de Zacatecas","article_published_time":"2025-01-28T18:19:20+00:00","article_modified_time":"2025-01-28T18:19:21+00:00","og_image":[{"width":1280,"height":852,"url":"https:\/\/creston.com.mx\/wp-content\/uploads\/2025\/01\/IMG-20250127-WA0038.jpg","type":"image\/jpeg"}],"author":"Periodico Creston","twitter_card":"summary_large_image","twitter_misc":{"Escrito por":"Periodico Creston","Tiempo de lectura":"2 minutos"},"schema":{"@context":"https:\/\/schema.org","@graph":[{"@type":"Article","@id":"https:\/\/creston.com.mx\/index.php\/01\/pri-capacita-a-su-personal-en-uso-de-redes-sociales\/politica\/2025\/#article","isPartOf":{"@id":"https:\/\/creston.com.mx\/index.php\/01\/pri-capacita-a-su-personal-en-uso-de-redes-sociales\/politica\/2025\/"},"author":{"name":"Periodico Creston","@id":"https:\/\/creston.com.mx\/#\/schema\/person\/01f2ce9e289bc5300c759925ef768c1d"},"headline":"PRI capacita a su personal en uso de redes sociales","datePublished":"2025-01-28T18:19:20+00:00","dateModified":"2025-01-28T18:19:21+00:00","mainEntityOfPage":{"@id":"https:\/\/creston.com.mx\/index.php\/01\/pri-capacita-a-su-personal-en-uso-de-redes-sociales\/politica\/2025\/"},"wordCount":232,"commentCount":0,"publisher":{"@id":"https:\/\/creston.com.mx\/#organization"},"image":{"@id":"https:\/\/creston.com.mx\/index.php\/01\/pri-capacita-a-su-personal-en-uso-de-redes-sociales\/politica\/2025\/#primaryimage"},"thumbnailUrl":"https:\/\/creston.com.mx\/wp-content\/uploads\/2025\/01\/IMG-20250127-WA0038.jpg","articleSection":["Pol\u00edtica"],"inLanguage":"es","potentialAction":[{"@type":"CommentAction","name":"Comment","target":["https:\/\/creston.com.mx\/index.php\/01\/pri-capacita-a-su-personal-en-uso-de-redes-sociales\/politica\/2025\/#respond"]}]},{"@type":"WebPage","@id":"https:\/\/creston.com.mx\/index.php\/01\/pri-capacita-a-su-personal-en-uso-de-redes-sociales\/politica\/2025\/","url":"https:\/\/creston.com.mx\/index.php\/01\/pri-capacita-a-su-personal-en-uso-de-redes-sociales\/politica\/2025\/","name":"PRI capacita a su personal en uso de redes sociales - Peri\u00f3dico Digital de Zacatecas","isPartOf":{"@id":"https:\/\/creston.com.mx\/#website"},"primaryImageOfPage":{"@id":"https:\/\/creston.com.mx\/index.php\/01\/pri-capacita-a-su-personal-en-uso-de-redes-sociales\/politica\/2025\/#primaryimage"},"image":{"@id":"https:\/\/creston.com.mx\/index.php\/01\/pri-capacita-a-su-personal-en-uso-de-redes-sociales\/politica\/2025\/#primaryimage"},"thumbnailUrl":"https:\/\/creston.com.mx\/wp-content\/uploads\/2025\/01\/IMG-20250127-WA0038.jpg","datePublished":"2025-01-28T18:19:20+00:00","dateModified":"2025-01-28T18:19:21+00:00","breadcrumb":{"@id":"https:\/\/creston.com.mx\/index.php\/01\/pri-capacita-a-su-personal-en-uso-de-redes-sociales\/politica\/2025\/#breadcrumb"},"inLanguage":"es","potentialAction":[{"@type":"ReadAction","target":["https:\/\/creston.com.mx\/index.php\/01\/pri-capacita-a-su-personal-en-uso-de-redes-sociales\/politica\/2025\/"]}]},{"@type":"ImageObject","inLanguage":"es","@id":"https:\/\/creston.com.mx\/index.php\/01\/pri-capacita-a-su-personal-en-uso-de-redes-sociales\/politica\/2025\/#primaryimage","url":"https:\/\/creston.com.mx\/wp-content\/uploads\/2025\/01\/IMG-20250127-WA0038.jpg","contentUrl":"https:\/\/creston.com.mx\/wp-content\/uploads\/2025\/01\/IMG-20250127-WA0038.jpg","width":1280,"height":852},{"@type":"BreadcrumbList","@id":"https:\/\/creston.com.mx\/index.php\/01\/pri-capacita-a-su-personal-en-uso-de-redes-sociales\/politica\/2025\/#breadcrumb","itemListElement":[{"@type":"ListItem","position":1,"name":"Portada","item":"https:\/\/creston.com.mx\/"},{"@type":"ListItem","position":2,"name":"PRI capacita a su personal en uso de redes sociales"}]},{"@type":"WebSite","@id":"https:\/\/creston.com.mx\/#website","url":"https:\/\/creston.com.mx\/","name":"Peri\u00f3dico Digital de Zacatecas","description":"","publisher":{"@id":"https:\/\/creston.com.mx\/#organization"},"potentialAction":[{"@type":"SearchAction","target":{"@type":"EntryPoint","urlTemplate":"https:\/\/creston.com.mx\/?s={search_term_string}"},"query-input":{"@type":"PropertyValueSpecification","valueRequired":true,"valueName":"search_term_string"}}],"inLanguage":"es"},{"@type":"Organization","@id":"https:\/\/creston.com.mx\/#organization","name":"Peri\u00f3dico Digital de Zacatecas","url":"https:\/\/creston.com.mx\/","logo":{"@type":"ImageObject","inLanguage":"es","@id":"https:\/\/creston.com.mx\/#\/schema\/logo\/image\/","url":"https:\/\/creston.com.mx\/wp-content\/uploads\/2026\/02\/cropped-Logo-Creston2.jpg","contentUrl":"https:\/\/creston.com.mx\/wp-content\/uploads\/2026\/02\/cropped-Logo-Creston2.jpg","width":503,"height":194,"caption":"Peri\u00f3dico Digital  de Zacatecas"},"image":{"@id":"https:\/\/creston.com.mx\/#\/schema\/logo\/image\/"}},{"@type":"Person","@id":"https:\/\/creston.com.mx\/#\/schema\/person\/01f2ce9e289bc5300c759925ef768c1d","name":"Periodico Creston","image":{"@type":"ImageObject","inLanguage":"es","@id":"https:\/\/creston.com.mx\/#\/schema\/person\/image\/","url":"https:\/\/secure.gravatar.com\/avatar\/c91eac1cf0d45897b6d294d474aa7713a194d460be0aaf72157553d050cda1c1?s=96&d=mm&r=g","contentUrl":"https:\/\/secure.gravatar.com\/avatar\/c91eac1cf0d45897b6d294d474aa7713a194d460be0aaf72157553d050cda1c1?s=96&d=mm&r=g","caption":"Periodico Creston"},"sameAs":["https:\/\/creston.com.mx"],"url":"https:\/\/creston.com.mx\/index.php\/author\/cstnalja96\/"}]}},"jetpack_sharing_enabled":true,"jetpack_featured_media_url":"https:\/\/creston.com.mx\/wp-content\/uploads\/2025\/01\/IMG-20250127-WA0038.jpg","_links":{"self":[{"href":"https:\/\/creston.com.mx\/index.php\/wp-json\/wp\/v2\/posts\/286","targetHints":{"allow":["GET"]}}],"collection":[{"href":"https:\/\/creston.com.mx\/index.php\/wp-json\/wp\/v2\/posts"}],"about":[{"href":"https:\/\/creston.com.mx\/index.php\/wp-json\/wp\/v2\/types\/post"}],"author":[{"embeddable":true,"href":"https:\/\/creston.com.mx\/index.php\/wp-json\/wp\/v2\/users\/1"}],"replies":[{"embeddable":true,"href":"https:\/\/creston.com.mx\/index.php\/wp-json\/wp\/v2\/comments?post=286"}],"version-history":[{"count":1,"href":"https:\/\/creston.com.mx\/index.php\/wp-json\/wp\/v2\/posts\/286\/revisions"}],"predecessor-version":[{"id":288,"href":"https:\/\/creston.com.mx\/index.php\/wp-json\/wp\/v2\/posts\/286\/revisions\/288"}],"wp:featuredmedia":[{"embeddable":true,"href":"https:\/\/creston.com.mx\/index.php\/wp-json\/wp\/v2\/media\/287"}],"wp:attachment":[{"href":"https:\/\/creston.com.mx\/index.php\/wp-json\/wp\/v2\/media?parent=286"}],"wp:term":[{"taxonomy":"category","embeddable":true,"href":"https:\/\/creston.com.mx\/index.php\/wp-json\/wp\/v2\/categories?post=286"},{"taxonomy":"post_tag","embeddable":true,"href":"https:\/\/creston.com.mx\/index.php\/wp-json\/wp\/v2\/tags?post=286"}],"curies":[{"name":"wp","href":"https:\/\/api.w.org\/{rel}","templated":true}]}}