{"id":2807,"date":"2026-03-13T20:38:00","date_gmt":"2026-03-14T02:38:00","guid":{"rendered":"https:\/\/creston.com.mx\/?p=2807"},"modified":"2026-03-19T22:42:40","modified_gmt":"2026-03-20T04:42:40","slug":"municipio-repara-alumbrado-en-avenida-que-corresponde-al-estado","status":"publish","type":"post","link":"https:\/\/creston.com.mx\/index.php\/03\/municipio-repara-alumbrado-en-avenida-que-corresponde-al-estado\/estado\/2026\/","title":{"rendered":"Municipio repara alumbrado en avenida que corresponde al Estado"},"content":{"rendered":"\n<p>.<\/p>\n\n\n\n<p class=\"has-medium-font-size\"><strong><em>Miguel Varela inform\u00f3 que se decidi\u00f3 asumir la reparaci\u00f3n del alumbrado p\u00fablico en la avenida Nezahualc\u00f3yotl.<\/em><\/strong><\/p>\n\n\n\n<p>.<\/p>\n\n\n\n<p>El presidente municipal de Zacatecas, Miguel Varela, inform\u00f3 que el Ayuntamiento decidi\u00f3 asumir la reparaci\u00f3n del alumbrado p\u00fablico en la avenida Nezahualc\u00f3yotl, a pesar de que se trata de una vialidad que corresponde al Gobierno del Estado.<\/p>\n\n\n\n<p>El alcalde explic\u00f3 que esta avenida fue intervenida hace m\u00e1s de dos a\u00f1os; sin embargo, desde entonces no se atendi\u00f3 de manera adecuada el funcionamiento de las luminarias, situaci\u00f3n que gener\u00f3 inconformidad entre vecinos, comerciantes y personas que transitan diariamente por la zona.<\/p>\n\n\n\n<p>Ante las constantes quejas ciudadanas, el Gobierno Municipal determin\u00f3 intervenir directamente para reparar y poner nuevamente en funcionamiento las luminarias, con el objetivo de mejorar las condiciones de seguridad y visibilidad en esta importante vialidad de la capital.<\/p>\n\n\n\n<p>Miguel Varela se\u00f1al\u00f3 que la falta de iluminaci\u00f3n en distintos tramos de la avenida Nezahualc\u00f3yotl gener\u00f3 preocupaci\u00f3n entre habitantes y comerciantes cercanos, quienes reportaron afectaciones derivadas de la oscuridad, incluyendo robos en negocios y una creciente sensaci\u00f3n de inseguridad durante las noches.<\/p>\n\n\n\n<p>El presidente municipal subray\u00f3 que, aunque la vialidad no se encuentra bajo la jurisdicci\u00f3n directa del Ayuntamiento, su administraci\u00f3n decidi\u00f3 actuar para atender una demanda ciudadana leg\u00edtima y garantizar mejores condiciones para quienes viven, trabajan o circulan por esta zona de la ciudad.<\/p>\n\n\n\n<p>Varela tambi\u00e9n contrast\u00f3 el presupuesto del Gobierno del Estado con el del municipio. Se\u00f1al\u00f3 que mientras la administraci\u00f3n estatal dispone de m\u00e1s de 43 mil millones de pesos, el Ayuntamiento de Zacatecas opera con un presupuesto aproximado de 800 millones de pesos.<\/p>\n\n\n\n<p>A pesar de esta diferencia presupuestal, el alcalde afirm\u00f3 que su gobierno continuar\u00e1 trabajando para mejorar los servicios p\u00fablicos en la capital. <\/p>\n\n\n\n<p>Destac\u00f3 que acciones como la reparaci\u00f3n del alumbrado en la avenida Nezahualc\u00f3yotl reflejan el compromiso del Ayuntamiento de Zacatecas con la atenci\u00f3n directa a las necesidades de la ciudadan\u00eda y con la mejora de la seguridad en las vialidades de la ciudad.<\/p>\n\n\n\n<p>.<\/p>\n\n\n\n\n\n<p>.<\/p>\n\n\n<div class=\"wp-block-image\">\n<figure class=\"aligncenter size-large is-resized\"><a href=\"https:\/\/www.facebook.com\/AyuntamientoZacatecas\"><img fetchpriority=\"high\" decoding=\"async\" width=\"819\" height=\"1024\" src=\"https:\/\/creston.com.mx\/wp-content\/uploads\/2026\/02\/IMG-20260218-WA0018-819x1024.jpg\" alt=\"\" class=\"wp-image-2528\" style=\"width:579px;height:auto\" srcset=\"https:\/\/creston.com.mx\/wp-content\/uploads\/2026\/02\/IMG-20260218-WA0018-819x1024.jpg 819w, https:\/\/creston.com.mx\/wp-content\/uploads\/2026\/02\/IMG-20260218-WA0018-240x300.jpg 240w, https:\/\/creston.com.mx\/wp-content\/uploads\/2026\/02\/IMG-20260218-WA0018-768x960.jpg 768w, https:\/\/creston.com.mx\/wp-content\/uploads\/2026\/02\/IMG-20260218-WA0018-1229x1536.jpg 1229w, https:\/\/creston.com.mx\/wp-content\/uploads\/2026\/02\/IMG-20260218-WA0018.jpg 1280w\" sizes=\"(max-width: 819px) 100vw, 819px\" \/><\/a><\/figure>\n<\/div>","protected":false},"excerpt":{"rendered":"<p>. Miguel Varela inform\u00f3 que se decidi\u00f3 asumir la reparaci\u00f3n del alumbrado p\u00fablico en la avenida Nezahualc\u00f3yotl. . El presidente municipal de Zacatecas, Miguel Varela, inform\u00f3 que el Ayuntamiento decidi\u00f3&hellip; <\/p>\n","protected":false},"author":1,"featured_media":2808,"comment_status":"open","ping_status":"closed","sticky":false,"template":"","format":"standard","meta":{"_jetpack_memberships_contains_paid_content":false,"footnotes":""},"categories":[1],"tags":[],"class_list":["post-2807","post","type-post","status-publish","format-standard","has-post-thumbnail","hentry","category-estado"],"yoast_head":"<!-- This site is optimized with the Yoast SEO plugin v24.2 - https:\/\/yoast.com\/wordpress\/plugins\/seo\/ -->\n<title>Municipio repara alumbrado en avenida que corresponde al Estado - Peri\u00f3dico Digital de Zacatecas<\/title>\n<meta name=\"robots\" content=\"index, follow, max-snippet:-1, max-image-preview:large, max-video-preview:-1\" \/>\n<link rel=\"canonical\" href=\"https:\/\/creston.com.mx\/index.php\/03\/municipio-repara-alumbrado-en-avenida-que-corresponde-al-estado\/estado\/2026\/\" \/>\n<meta property=\"og:locale\" content=\"es_ES\" \/>\n<meta property=\"og:type\" content=\"article\" \/>\n<meta property=\"og:title\" content=\"Municipio repara alumbrado en avenida que corresponde al Estado - Peri\u00f3dico Digital de Zacatecas\" \/>\n<meta property=\"og:description\" content=\". Miguel Varela inform\u00f3 que se decidi\u00f3 asumir la reparaci\u00f3n del alumbrado p\u00fablico en la avenida Nezahualc\u00f3yotl. . El presidente municipal de Zacatecas, Miguel Varela, inform\u00f3 que el Ayuntamiento decidi\u00f3&hellip;\" \/>\n<meta property=\"og:url\" content=\"https:\/\/creston.com.mx\/index.php\/03\/municipio-repara-alumbrado-en-avenida-que-corresponde-al-estado\/estado\/2026\/\" \/>\n<meta property=\"og:site_name\" content=\"Peri\u00f3dico Digital de Zacatecas\" \/>\n<meta property=\"article:published_time\" content=\"2026-03-14T02:38:00+00:00\" \/>\n<meta property=\"article:modified_time\" content=\"2026-03-20T04:42:40+00:00\" \/>\n<meta property=\"og:image\" content=\"https:\/\/creston.com.mx\/wp-content\/uploads\/2026\/03\/IMG-20260314-WA0042.jpg\" \/>\n\t<meta property=\"og:image:width\" content=\"1280\" \/>\n\t<meta property=\"og:image:height\" content=\"851\" \/>\n\t<meta property=\"og:image:type\" content=\"image\/jpeg\" \/>\n<meta name=\"author\" content=\"Periodico Creston\" \/>\n<meta name=\"twitter:card\" content=\"summary_large_image\" \/>\n<meta name=\"twitter:label1\" content=\"Escrito por\" \/>\n\t<meta name=\"twitter:data1\" content=\"Periodico Creston\" \/>\n\t<meta name=\"twitter:label2\" content=\"Tiempo de lectura\" \/>\n\t<meta name=\"twitter:data2\" content=\"2 minutos\" \/>\n<script type=\"application\/ld+json\" class=\"yoast-schema-graph\">{\"@context\":\"https:\/\/schema.org\",\"@graph\":[{\"@type\":\"Article\",\"@id\":\"https:\/\/creston.com.mx\/index.php\/03\/municipio-repara-alumbrado-en-avenida-que-corresponde-al-estado\/estado\/2026\/#article\",\"isPartOf\":{\"@id\":\"https:\/\/creston.com.mx\/index.php\/03\/municipio-repara-alumbrado-en-avenida-que-corresponde-al-estado\/estado\/2026\/\"},\"author\":{\"name\":\"Periodico Creston\",\"@id\":\"https:\/\/creston.com.mx\/#\/schema\/person\/01f2ce9e289bc5300c759925ef768c1d\"},\"headline\":\"Municipio repara alumbrado en avenida que corresponde al Estado\",\"datePublished\":\"2026-03-14T02:38:00+00:00\",\"dateModified\":\"2026-03-20T04:42:40+00:00\",\"mainEntityOfPage\":{\"@id\":\"https:\/\/creston.com.mx\/index.php\/03\/municipio-repara-alumbrado-en-avenida-que-corresponde-al-estado\/estado\/2026\/\"},\"wordCount\":358,\"commentCount\":0,\"publisher\":{\"@id\":\"https:\/\/creston.com.mx\/#organization\"},\"image\":{\"@id\":\"https:\/\/creston.com.mx\/index.php\/03\/municipio-repara-alumbrado-en-avenida-que-corresponde-al-estado\/estado\/2026\/#primaryimage\"},\"thumbnailUrl\":\"https:\/\/creston.com.mx\/wp-content\/uploads\/2026\/03\/IMG-20260314-WA0042.jpg\",\"articleSection\":[\"Estado\"],\"inLanguage\":\"es\",\"potentialAction\":[{\"@type\":\"CommentAction\",\"name\":\"Comment\",\"target\":[\"https:\/\/creston.com.mx\/index.php\/03\/municipio-repara-alumbrado-en-avenida-que-corresponde-al-estado\/estado\/2026\/#respond\"]}]},{\"@type\":\"WebPage\",\"@id\":\"https:\/\/creston.com.mx\/index.php\/03\/municipio-repara-alumbrado-en-avenida-que-corresponde-al-estado\/estado\/2026\/\",\"url\":\"https:\/\/creston.com.mx\/index.php\/03\/municipio-repara-alumbrado-en-avenida-que-corresponde-al-estado\/estado\/2026\/\",\"name\":\"Municipio repara alumbrado en avenida que corresponde al Estado - Peri\u00f3dico Digital de Zacatecas\",\"isPartOf\":{\"@id\":\"https:\/\/creston.com.mx\/#website\"},\"primaryImageOfPage\":{\"@id\":\"https:\/\/creston.com.mx\/index.php\/03\/municipio-repara-alumbrado-en-avenida-que-corresponde-al-estado\/estado\/2026\/#primaryimage\"},\"image\":{\"@id\":\"https:\/\/creston.com.mx\/index.php\/03\/municipio-repara-alumbrado-en-avenida-que-corresponde-al-estado\/estado\/2026\/#primaryimage\"},\"thumbnailUrl\":\"https:\/\/creston.com.mx\/wp-content\/uploads\/2026\/03\/IMG-20260314-WA0042.jpg\",\"datePublished\":\"2026-03-14T02:38:00+00:00\",\"dateModified\":\"2026-03-20T04:42:40+00:00\",\"breadcrumb\":{\"@id\":\"https:\/\/creston.com.mx\/index.php\/03\/municipio-repara-alumbrado-en-avenida-que-corresponde-al-estado\/estado\/2026\/#breadcrumb\"},\"inLanguage\":\"es\",\"potentialAction\":[{\"@type\":\"ReadAction\",\"target\":[\"https:\/\/creston.com.mx\/index.php\/03\/municipio-repara-alumbrado-en-avenida-que-corresponde-al-estado\/estado\/2026\/\"]}]},{\"@type\":\"ImageObject\",\"inLanguage\":\"es\",\"@id\":\"https:\/\/creston.com.mx\/index.php\/03\/municipio-repara-alumbrado-en-avenida-que-corresponde-al-estado\/estado\/2026\/#primaryimage\",\"url\":\"https:\/\/creston.com.mx\/wp-content\/uploads\/2026\/03\/IMG-20260314-WA0042.jpg\",\"contentUrl\":\"https:\/\/creston.com.mx\/wp-content\/uploads\/2026\/03\/IMG-20260314-WA0042.jpg\",\"width\":1280,\"height\":851},{\"@type\":\"BreadcrumbList\",\"@id\":\"https:\/\/creston.com.mx\/index.php\/03\/municipio-repara-alumbrado-en-avenida-que-corresponde-al-estado\/estado\/2026\/#breadcrumb\",\"itemListElement\":[{\"@type\":\"ListItem\",\"position\":1,\"name\":\"Portada\",\"item\":\"https:\/\/creston.com.mx\/\"},{\"@type\":\"ListItem\",\"position\":2,\"name\":\"Municipio repara alumbrado en avenida que corresponde al Estado\"}]},{\"@type\":\"WebSite\",\"@id\":\"https:\/\/creston.com.mx\/#website\",\"url\":\"https:\/\/creston.com.mx\/\",\"name\":\"Peri\u00f3dico Digital de Zacatecas\",\"description\":\"\",\"publisher\":{\"@id\":\"https:\/\/creston.com.mx\/#organization\"},\"potentialAction\":[{\"@type\":\"SearchAction\",\"target\":{\"@type\":\"EntryPoint\",\"urlTemplate\":\"https:\/\/creston.com.mx\/?s={search_term_string}\"},\"query-input\":{\"@type\":\"PropertyValueSpecification\",\"valueRequired\":true,\"valueName\":\"search_term_string\"}}],\"inLanguage\":\"es\"},{\"@type\":\"Organization\",\"@id\":\"https:\/\/creston.com.mx\/#organization\",\"name\":\"Peri\u00f3dico Digital de Zacatecas\",\"url\":\"https:\/\/creston.com.mx\/\",\"logo\":{\"@type\":\"ImageObject\",\"inLanguage\":\"es\",\"@id\":\"https:\/\/creston.com.mx\/#\/schema\/logo\/image\/\",\"url\":\"https:\/\/creston.com.mx\/wp-content\/uploads\/2026\/02\/cropped-Logo-Creston2.jpg\",\"contentUrl\":\"https:\/\/creston.com.mx\/wp-content\/uploads\/2026\/02\/cropped-Logo-Creston2.jpg\",\"width\":503,\"height\":194,\"caption\":\"Peri\u00f3dico Digital  de Zacatecas\"},\"image\":{\"@id\":\"https:\/\/creston.com.mx\/#\/schema\/logo\/image\/\"}},{\"@type\":\"Person\",\"@id\":\"https:\/\/creston.com.mx\/#\/schema\/person\/01f2ce9e289bc5300c759925ef768c1d\",\"name\":\"Periodico Creston\",\"image\":{\"@type\":\"ImageObject\",\"inLanguage\":\"es\",\"@id\":\"https:\/\/creston.com.mx\/#\/schema\/person\/image\/\",\"url\":\"https:\/\/secure.gravatar.com\/avatar\/c91eac1cf0d45897b6d294d474aa7713a194d460be0aaf72157553d050cda1c1?s=96&d=mm&r=g\",\"contentUrl\":\"https:\/\/secure.gravatar.com\/avatar\/c91eac1cf0d45897b6d294d474aa7713a194d460be0aaf72157553d050cda1c1?s=96&d=mm&r=g\",\"caption\":\"Periodico Creston\"},\"sameAs\":[\"https:\/\/creston.com.mx\"],\"url\":\"https:\/\/creston.com.mx\/index.php\/author\/cstnalja96\/\"}]}<\/script>\n<!-- \/ Yoast SEO plugin. -->","yoast_head_json":{"title":"Municipio repara alumbrado en avenida que corresponde al Estado - Peri\u00f3dico Digital de Zacatecas","robots":{"index":"index","follow":"follow","max-snippet":"max-snippet:-1","max-image-preview":"max-image-preview:large","max-video-preview":"max-video-preview:-1"},"canonical":"https:\/\/creston.com.mx\/index.php\/03\/municipio-repara-alumbrado-en-avenida-que-corresponde-al-estado\/estado\/2026\/","og_locale":"es_ES","og_type":"article","og_title":"Municipio repara alumbrado en avenida que corresponde al Estado - Peri\u00f3dico Digital de Zacatecas","og_description":". Miguel Varela inform\u00f3 que se decidi\u00f3 asumir la reparaci\u00f3n del alumbrado p\u00fablico en la avenida Nezahualc\u00f3yotl. . El presidente municipal de Zacatecas, Miguel Varela, inform\u00f3 que el Ayuntamiento decidi\u00f3&hellip;","og_url":"https:\/\/creston.com.mx\/index.php\/03\/municipio-repara-alumbrado-en-avenida-que-corresponde-al-estado\/estado\/2026\/","og_site_name":"Peri\u00f3dico Digital de Zacatecas","article_published_time":"2026-03-14T02:38:00+00:00","article_modified_time":"2026-03-20T04:42:40+00:00","og_image":[{"width":1280,"height":851,"url":"https:\/\/creston.com.mx\/wp-content\/uploads\/2026\/03\/IMG-20260314-WA0042.jpg","type":"image\/jpeg"}],"author":"Periodico Creston","twitter_card":"summary_large_image","twitter_misc":{"Escrito por":"Periodico Creston","Tiempo de lectura":"2 minutos"},"schema":{"@context":"https:\/\/schema.org","@graph":[{"@type":"Article","@id":"https:\/\/creston.com.mx\/index.php\/03\/municipio-repara-alumbrado-en-avenida-que-corresponde-al-estado\/estado\/2026\/#article","isPartOf":{"@id":"https:\/\/creston.com.mx\/index.php\/03\/municipio-repara-alumbrado-en-avenida-que-corresponde-al-estado\/estado\/2026\/"},"author":{"name":"Periodico Creston","@id":"https:\/\/creston.com.mx\/#\/schema\/person\/01f2ce9e289bc5300c759925ef768c1d"},"headline":"Municipio repara alumbrado en avenida que corresponde al Estado","datePublished":"2026-03-14T02:38:00+00:00","dateModified":"2026-03-20T04:42:40+00:00","mainEntityOfPage":{"@id":"https:\/\/creston.com.mx\/index.php\/03\/municipio-repara-alumbrado-en-avenida-que-corresponde-al-estado\/estado\/2026\/"},"wordCount":358,"commentCount":0,"publisher":{"@id":"https:\/\/creston.com.mx\/#organization"},"image":{"@id":"https:\/\/creston.com.mx\/index.php\/03\/municipio-repara-alumbrado-en-avenida-que-corresponde-al-estado\/estado\/2026\/#primaryimage"},"thumbnailUrl":"https:\/\/creston.com.mx\/wp-content\/uploads\/2026\/03\/IMG-20260314-WA0042.jpg","articleSection":["Estado"],"inLanguage":"es","potentialAction":[{"@type":"CommentAction","name":"Comment","target":["https:\/\/creston.com.mx\/index.php\/03\/municipio-repara-alumbrado-en-avenida-que-corresponde-al-estado\/estado\/2026\/#respond"]}]},{"@type":"WebPage","@id":"https:\/\/creston.com.mx\/index.php\/03\/municipio-repara-alumbrado-en-avenida-que-corresponde-al-estado\/estado\/2026\/","url":"https:\/\/creston.com.mx\/index.php\/03\/municipio-repara-alumbrado-en-avenida-que-corresponde-al-estado\/estado\/2026\/","name":"Municipio repara alumbrado en avenida que corresponde al Estado - Peri\u00f3dico Digital de Zacatecas","isPartOf":{"@id":"https:\/\/creston.com.mx\/#website"},"primaryImageOfPage":{"@id":"https:\/\/creston.com.mx\/index.php\/03\/municipio-repara-alumbrado-en-avenida-que-corresponde-al-estado\/estado\/2026\/#primaryimage"},"image":{"@id":"https:\/\/creston.com.mx\/index.php\/03\/municipio-repara-alumbrado-en-avenida-que-corresponde-al-estado\/estado\/2026\/#primaryimage"},"thumbnailUrl":"https:\/\/creston.com.mx\/wp-content\/uploads\/2026\/03\/IMG-20260314-WA0042.jpg","datePublished":"2026-03-14T02:38:00+00:00","dateModified":"2026-03-20T04:42:40+00:00","breadcrumb":{"@id":"https:\/\/creston.com.mx\/index.php\/03\/municipio-repara-alumbrado-en-avenida-que-corresponde-al-estado\/estado\/2026\/#breadcrumb"},"inLanguage":"es","potentialAction":[{"@type":"ReadAction","target":["https:\/\/creston.com.mx\/index.php\/03\/municipio-repara-alumbrado-en-avenida-que-corresponde-al-estado\/estado\/2026\/"]}]},{"@type":"ImageObject","inLanguage":"es","@id":"https:\/\/creston.com.mx\/index.php\/03\/municipio-repara-alumbrado-en-avenida-que-corresponde-al-estado\/estado\/2026\/#primaryimage","url":"https:\/\/creston.com.mx\/wp-content\/uploads\/2026\/03\/IMG-20260314-WA0042.jpg","contentUrl":"https:\/\/creston.com.mx\/wp-content\/uploads\/2026\/03\/IMG-20260314-WA0042.jpg","width":1280,"height":851},{"@type":"BreadcrumbList","@id":"https:\/\/creston.com.mx\/index.php\/03\/municipio-repara-alumbrado-en-avenida-que-corresponde-al-estado\/estado\/2026\/#breadcrumb","itemListElement":[{"@type":"ListItem","position":1,"name":"Portada","item":"https:\/\/creston.com.mx\/"},{"@type":"ListItem","position":2,"name":"Municipio repara alumbrado en avenida que corresponde al Estado"}]},{"@type":"WebSite","@id":"https:\/\/creston.com.mx\/#website","url":"https:\/\/creston.com.mx\/","name":"Peri\u00f3dico Digital de Zacatecas","description":"","publisher":{"@id":"https:\/\/creston.com.mx\/#organization"},"potentialAction":[{"@type":"SearchAction","target":{"@type":"EntryPoint","urlTemplate":"https:\/\/creston.com.mx\/?s={search_term_string}"},"query-input":{"@type":"PropertyValueSpecification","valueRequired":true,"valueName":"search_term_string"}}],"inLanguage":"es"},{"@type":"Organization","@id":"https:\/\/creston.com.mx\/#organization","name":"Peri\u00f3dico Digital de Zacatecas","url":"https:\/\/creston.com.mx\/","logo":{"@type":"ImageObject","inLanguage":"es","@id":"https:\/\/creston.com.mx\/#\/schema\/logo\/image\/","url":"https:\/\/creston.com.mx\/wp-content\/uploads\/2026\/02\/cropped-Logo-Creston2.jpg","contentUrl":"https:\/\/creston.com.mx\/wp-content\/uploads\/2026\/02\/cropped-Logo-Creston2.jpg","width":503,"height":194,"caption":"Peri\u00f3dico Digital  de Zacatecas"},"image":{"@id":"https:\/\/creston.com.mx\/#\/schema\/logo\/image\/"}},{"@type":"Person","@id":"https:\/\/creston.com.mx\/#\/schema\/person\/01f2ce9e289bc5300c759925ef768c1d","name":"Periodico Creston","image":{"@type":"ImageObject","inLanguage":"es","@id":"https:\/\/creston.com.mx\/#\/schema\/person\/image\/","url":"https:\/\/secure.gravatar.com\/avatar\/c91eac1cf0d45897b6d294d474aa7713a194d460be0aaf72157553d050cda1c1?s=96&d=mm&r=g","contentUrl":"https:\/\/secure.gravatar.com\/avatar\/c91eac1cf0d45897b6d294d474aa7713a194d460be0aaf72157553d050cda1c1?s=96&d=mm&r=g","caption":"Periodico Creston"},"sameAs":["https:\/\/creston.com.mx"],"url":"https:\/\/creston.com.mx\/index.php\/author\/cstnalja96\/"}]}},"jetpack_sharing_enabled":true,"jetpack_featured_media_url":"https:\/\/creston.com.mx\/wp-content\/uploads\/2026\/03\/IMG-20260314-WA0042.jpg","_links":{"self":[{"href":"https:\/\/creston.com.mx\/index.php\/wp-json\/wp\/v2\/posts\/2807","targetHints":{"allow":["GET"]}}],"collection":[{"href":"https:\/\/creston.com.mx\/index.php\/wp-json\/wp\/v2\/posts"}],"about":[{"href":"https:\/\/creston.com.mx\/index.php\/wp-json\/wp\/v2\/types\/post"}],"author":[{"embeddable":true,"href":"https:\/\/creston.com.mx\/index.php\/wp-json\/wp\/v2\/users\/1"}],"replies":[{"embeddable":true,"href":"https:\/\/creston.com.mx\/index.php\/wp-json\/wp\/v2\/comments?post=2807"}],"version-history":[{"count":1,"href":"https:\/\/creston.com.mx\/index.php\/wp-json\/wp\/v2\/posts\/2807\/revisions"}],"predecessor-version":[{"id":2809,"href":"https:\/\/creston.com.mx\/index.php\/wp-json\/wp\/v2\/posts\/2807\/revisions\/2809"}],"wp:featuredmedia":[{"embeddable":true,"href":"https:\/\/creston.com.mx\/index.php\/wp-json\/wp\/v2\/media\/2808"}],"wp:attachment":[{"href":"https:\/\/creston.com.mx\/index.php\/wp-json\/wp\/v2\/media?parent=2807"}],"wp:term":[{"taxonomy":"category","embeddable":true,"href":"https:\/\/creston.com.mx\/index.php\/wp-json\/wp\/v2\/categories?post=2807"},{"taxonomy":"post_tag","embeddable":true,"href":"https:\/\/creston.com.mx\/index.php\/wp-json\/wp\/v2\/tags?post=2807"}],"curies":[{"name":"wp","href":"https:\/\/api.w.org\/{rel}","templated":true}]}}