{"id":2792,"date":"2026-03-11T19:46:00","date_gmt":"2026-03-12T01:46:00","guid":{"rendered":"https:\/\/creston.com.mx\/?p=2792"},"modified":"2026-03-12T10:29:02","modified_gmt":"2026-03-12T16:29:02","slug":"ulises-mejia-reafirma-compromiso-con-una-agenda-feminista","status":"publish","type":"post","link":"https:\/\/creston.com.mx\/index.php\/03\/ulises-mejia-reafirma-compromiso-con-una-agenda-feminista\/politica\/2026\/","title":{"rendered":"Ulises Mej\u00eda reafirma compromiso con una agenda feminista"},"content":{"rendered":"\n<p>.<\/p>\n\n\n\n<p class=\"has-medium-font-size\"><strong><em>Tuvo un encuentro con colectivas feministas realizado en el marco del D\u00eda Internacional de la Mujer.<\/em><\/strong><\/p>\n\n\n\n<p>.<\/p>\n\n\n\n<p>\u201cEl reconocimiento a las mujeres no debe quedarse solo en palabras; debe traducirse en leyes, pol\u00edticas p\u00fablicas y acciones concretas que garanticen igualdad, justicia y una vida libre de violencia\u201d, afirm\u00f3 el diputado federal Ulises Mej\u00eda Haro durante un encuentro con colectivas feministas realizado en el marco del D\u00eda Internacional de la Mujer.<\/p>\n\n\n\n<p>Ante cientos de mujeres de la zona metropolitana de Zacatecas y de municipios colindantes, el legislador reconoci\u00f3 la lucha, la dignidad y el esfuerzo de millones de mujeres que todos los d\u00edas contribuyen, con su trabajo y compromiso, a construir una sociedad m\u00e1s justa e igualitaria.<\/p>\n\n\n\n<p>El encuentro, organizado con integrantes del colectivo Mujeres de Un Movimiento Honesto, reuni\u00f3 a diversas colectivas feministas en un espacio de di\u00e1logo sobre los retos pendientes para avanzar hacia la igualdad sustantiva, erradicar la violencia y ampliar los derechos de las mujeres.<\/p>\n\n\n<div class=\"wp-block-image\">\n<figure class=\"alignright size-large is-resized\"><img fetchpriority=\"high\" decoding=\"async\" width=\"1024\" height=\"790\" src=\"https:\/\/creston.com.mx\/wp-content\/uploads\/2026\/03\/Ulises-reunion-mujeres-1-1024x790.jpeg\" alt=\"\" class=\"wp-image-2793\" style=\"aspect-ratio:1.2962105159414576;width:573px;height:auto\" srcset=\"https:\/\/creston.com.mx\/wp-content\/uploads\/2026\/03\/Ulises-reunion-mujeres-1-1024x790.jpeg 1024w, https:\/\/creston.com.mx\/wp-content\/uploads\/2026\/03\/Ulises-reunion-mujeres-1-300x232.jpeg 300w, https:\/\/creston.com.mx\/wp-content\/uploads\/2026\/03\/Ulises-reunion-mujeres-1-768x593.jpeg 768w, https:\/\/creston.com.mx\/wp-content\/uploads\/2026\/03\/Ulises-reunion-mujeres-1.jpeg 1280w\" sizes=\"(max-width: 1024px) 100vw, 1024px\" \/><\/figure>\n<\/div>\n\n\n<p>Entre las participaciones destac\u00f3 la de Mar\u00eda Luisa Sosa, integrante de la colectiva Olimpia de Gouges, quien plante\u00f3 la importancia de consolidar una agenda legislativa con perspectiva de g\u00e9nero basada en cinco ejes fundamentales: la paridad, la erradicaci\u00f3n de la violencia pol\u00edtica contra las mujeres, la garant\u00eda del ejercicio efectivo del cargo p\u00fablico, la democracia paritaria sustantiva y una reforma del Estado que asegure la igualdad sustantiva.<\/p>\n\n\n\n<p>Sosa subray\u00f3 que avanzar en estos temas permitir\u00e1 fortalecer los derechos pol\u00edticos de las mujeres, garantizar su participaci\u00f3n plena en la vida p\u00fablica y consolidar instituciones m\u00e1s representativas y democr\u00e1ticas.<\/p>\n\n\n\n<p>Por su parte, Lourdes Delgadillo, del colectivo Mujeres de Un Movimiento Honesto, se\u00f1al\u00f3 la importancia de continuar impulsando una agenda legislativa que coloque en el centro los derechos de las mujeres y fortalezca las pol\u00edticas p\u00fablicas orientadas a garantizar igualdad de oportunidades.<\/p>\n\n\n\n<p>En su intervenci\u00f3n, Laura Rodr\u00edguez, integrante de la Colectiva Feminista 29 de Mayo, habl\u00f3 sobre la necesidad de abrir m\u00e1s espacios para las j\u00f3venes, fortalecer la educaci\u00f3n con perspectiva de g\u00e9nero y ampliar las oportunidades acad\u00e9micas y profesionales para las nuevas generaciones.<\/p>\n\n\n\n<p>Asimismo, Karen M\u00e9ndez, presidenta de Mujeres de Un Movimiento Honesto en el estado, resalt\u00f3 la importancia de mantener la organizaci\u00f3n y la participaci\u00f3n activa de las mujeres en los espacios de toma de decisiones. Tambi\u00e9n destac\u00f3 el momento hist\u00f3rico que vive el pa\u00eds al contar con la primera mujer presidenta de M\u00e9xico, la Dra. Claudia Sheinbaum, quien contin\u00faa profundizando la transformaci\u00f3n de la vida p\u00fablica nacional.<\/p>\n\n\n<div class=\"wp-block-image\">\n<figure class=\"alignright size-large is-resized\"><img decoding=\"async\" width=\"539\" height=\"1024\" src=\"https:\/\/creston.com.mx\/wp-content\/uploads\/2026\/03\/Ulises-reunion-mujeres-6-e1773332363660-539x1024.jpeg\" alt=\"\" class=\"wp-image-2794\" style=\"width:381px;height:auto\" srcset=\"https:\/\/creston.com.mx\/wp-content\/uploads\/2026\/03\/Ulises-reunion-mujeres-6-e1773332363660-539x1024.jpeg 539w, https:\/\/creston.com.mx\/wp-content\/uploads\/2026\/03\/Ulises-reunion-mujeres-6-e1773332363660-158x300.jpeg 158w, https:\/\/creston.com.mx\/wp-content\/uploads\/2026\/03\/Ulises-reunion-mujeres-6-e1773332363660.jpeg 567w\" sizes=\"(max-width: 539px) 100vw, 539px\" \/><\/figure>\n<\/div>\n\n\n<p>Durante el encuentro tambi\u00e9n estuvieron presentes integrantes de diversas colectivas y organizaciones como Mujeres Sororas, Conciencia Universitaria, Mar\u00eda Elena Ortega de Red Plural, Zaira Villagrana de Mujeres Construyendo, Bel\u00e9n Guti\u00e9rrez y Martina Rodr\u00edguez Coordinadoras regionales de Mujeres de Un Movimiento Honesto, as\u00ed como la marchista ol\u00edmpica zacatecana Ilse Guerrero y Carmen Arreola, enlace de Un Movimiento Honesto con las universidades, quienes coincidieron en la importancia de fortalecer el trabajo conjunto entre sociedad civil y representantes populares.<\/p>\n\n\n\n<p>Ulises Mej\u00eda Haro destac\u00f3 que M\u00e9xico vive un momento hist\u00f3rico con la llegada de la primera mujer presidenta del pa\u00eds, la doctora Claudia Sheinbaum Pardo, quien ha impulsado reformas y pol\u00edticas p\u00fablicas orientadas a garantizar los derechos de las mujeres y reducir las brechas de desigualdad.<\/p>\n\n\n\n<p>Entre los avances m\u00e1s relevantes mencion\u00f3 la reforma constitucional en materia de igualdad sustantiva, que reconoce el derecho de las mujeres a una vida libre de violencia y obliga al Estado mexicano a garantizar condiciones reales de igualdad entre mujeres y hombres.<\/p>\n\n\n\n<p>Tambi\u00e9n resalt\u00f3 la creaci\u00f3n de la Secretar\u00eda de las Mujeres y el nombramiento de Citlalli Hern\u00e1ndez como su primera titular, instancia encargada de coordinar la pol\u00edtica nacional de igualdad de g\u00e9nero, impulsar pol\u00edticas p\u00fablicas para prevenir y erradicar la violencia contra las mujeres, promover su autonom\u00eda econ\u00f3mica y fortalecer su participaci\u00f3n en la vida p\u00fablica.<\/p>\n\n\n\n<p>Asimismo, destac\u00f3 la implementaci\u00f3n de programas como la Pensi\u00f3n Mujeres Bienestar, dirigida a mujeres de 60 a 64 a\u00f1os que a\u00fan no acceden a la pensi\u00f3n universal.<\/p>\n\n\n\n<p>A ello se suman programas que fortalecen el bienestar de las familias, como la Beca Universal Rita Cetina para estudiantes de educaci\u00f3n b\u00e1sica y el programa Salud Casa por Casa, que lleva atenci\u00f3n m\u00e9dica directamente a los hogares de adultos mayores y personas con discapacidad.<\/p>\n\n\n\n<p>Ulises Mej\u00eda Haro se\u00f1al\u00f3 que estas acciones forman parte del segundo piso de la Cuarta Transformaci\u00f3n, cuyo objetivo es garantizar derechos, reducir desigualdades y consolidar pol\u00edticas p\u00fablicas que beneficien a las mujeres y a sus familias. <\/p>\n\n\n\n<p>Finalmente, reiter\u00f3 que desde el Congreso de la Uni\u00f3n continuar\u00e1 impulsando iniciativas y reformas que fortalezcan una agenda feminista y garanticen igualdad sustantiva, justicia y oportunidades para todas.<\/p>\n\n\n\n<p>.<\/p>\n\n\n\n\n\n<p>.<\/p>\n\n\n<div class=\"wp-block-image\">\n<figure class=\"aligncenter size-large is-resized\"><img decoding=\"async\" width=\"870\" height=\"1024\" src=\"https:\/\/creston.com.mx\/wp-content\/uploads\/2025\/06\/Anuncio-salon-eventos-870x1024.jpg\" alt=\"\" class=\"wp-image-966\" style=\"aspect-ratio:0.8496124031007752;width:639px;height:auto\" srcset=\"https:\/\/creston.com.mx\/wp-content\/uploads\/2025\/06\/Anuncio-salon-eventos-870x1024.jpg 870w, https:\/\/creston.com.mx\/wp-content\/uploads\/2025\/06\/Anuncio-salon-eventos-255x300.jpg 255w, https:\/\/creston.com.mx\/wp-content\/uploads\/2025\/06\/Anuncio-salon-eventos-768x904.jpg 768w, https:\/\/creston.com.mx\/wp-content\/uploads\/2025\/06\/Anuncio-salon-eventos.jpg 1275w\" sizes=\"(max-width: 870px) 100vw, 870px\" \/><\/figure>\n<\/div>","protected":false},"excerpt":{"rendered":"<p>. Tuvo un encuentro con colectivas feministas realizado en el marco del D\u00eda Internacional de la Mujer. . \u201cEl reconocimiento a las mujeres no debe quedarse solo en palabras; debe&hellip; <\/p>\n","protected":false},"author":1,"featured_media":2795,"comment_status":"open","ping_status":"closed","sticky":false,"template":"","format":"standard","meta":{"_jetpack_memberships_contains_paid_content":false,"footnotes":""},"categories":[2],"tags":[],"class_list":["post-2792","post","type-post","status-publish","format-standard","has-post-thumbnail","hentry","category-politica"],"yoast_head":"<!-- This site is optimized with the Yoast SEO plugin v24.2 - https:\/\/yoast.com\/wordpress\/plugins\/seo\/ -->\n<title>Ulises Mej\u00eda reafirma compromiso con una agenda feminista - Peri\u00f3dico Digital de Zacatecas<\/title>\n<meta name=\"robots\" content=\"index, follow, max-snippet:-1, max-image-preview:large, max-video-preview:-1\" \/>\n<link rel=\"canonical\" href=\"https:\/\/creston.com.mx\/index.php\/03\/ulises-mejia-reafirma-compromiso-con-una-agenda-feminista\/politica\/2026\/\" \/>\n<meta property=\"og:locale\" content=\"es_ES\" \/>\n<meta property=\"og:type\" content=\"article\" \/>\n<meta property=\"og:title\" content=\"Ulises Mej\u00eda reafirma compromiso con una agenda feminista - Peri\u00f3dico Digital de Zacatecas\" \/>\n<meta property=\"og:description\" content=\". Tuvo un encuentro con colectivas feministas realizado en el marco del D\u00eda Internacional de la Mujer. . \u201cEl reconocimiento a las mujeres no debe quedarse solo en palabras; debe&hellip;\" \/>\n<meta property=\"og:url\" content=\"https:\/\/creston.com.mx\/index.php\/03\/ulises-mejia-reafirma-compromiso-con-una-agenda-feminista\/politica\/2026\/\" \/>\n<meta property=\"og:site_name\" content=\"Peri\u00f3dico Digital de Zacatecas\" \/>\n<meta property=\"article:published_time\" content=\"2026-03-12T01:46:00+00:00\" \/>\n<meta property=\"article:modified_time\" content=\"2026-03-12T16:29:02+00:00\" \/>\n<meta property=\"og:image\" content=\"https:\/\/creston.com.mx\/wp-content\/uploads\/2026\/03\/Ulises-reunion-mujeres-8.jpeg\" \/>\n\t<meta property=\"og:image:width\" content=\"1280\" \/>\n\t<meta property=\"og:image:height\" content=\"853\" \/>\n\t<meta property=\"og:image:type\" content=\"image\/jpeg\" \/>\n<meta name=\"author\" content=\"Periodico Creston\" \/>\n<meta name=\"twitter:card\" content=\"summary_large_image\" \/>\n<meta name=\"twitter:label1\" content=\"Escrito por\" \/>\n\t<meta name=\"twitter:data1\" content=\"Periodico Creston\" \/>\n\t<meta name=\"twitter:label2\" content=\"Tiempo de lectura\" \/>\n\t<meta name=\"twitter:data2\" content=\"5 minutos\" \/>\n<script type=\"application\/ld+json\" class=\"yoast-schema-graph\">{\"@context\":\"https:\/\/schema.org\",\"@graph\":[{\"@type\":\"Article\",\"@id\":\"https:\/\/creston.com.mx\/index.php\/03\/ulises-mejia-reafirma-compromiso-con-una-agenda-feminista\/politica\/2026\/#article\",\"isPartOf\":{\"@id\":\"https:\/\/creston.com.mx\/index.php\/03\/ulises-mejia-reafirma-compromiso-con-una-agenda-feminista\/politica\/2026\/\"},\"author\":{\"name\":\"Periodico Creston\",\"@id\":\"https:\/\/creston.com.mx\/#\/schema\/person\/01f2ce9e289bc5300c759925ef768c1d\"},\"headline\":\"Ulises Mej\u00eda reafirma compromiso con una agenda feminista\",\"datePublished\":\"2026-03-12T01:46:00+00:00\",\"dateModified\":\"2026-03-12T16:29:02+00:00\",\"mainEntityOfPage\":{\"@id\":\"https:\/\/creston.com.mx\/index.php\/03\/ulises-mejia-reafirma-compromiso-con-una-agenda-feminista\/politica\/2026\/\"},\"wordCount\":844,\"commentCount\":0,\"publisher\":{\"@id\":\"https:\/\/creston.com.mx\/#organization\"},\"image\":{\"@id\":\"https:\/\/creston.com.mx\/index.php\/03\/ulises-mejia-reafirma-compromiso-con-una-agenda-feminista\/politica\/2026\/#primaryimage\"},\"thumbnailUrl\":\"https:\/\/creston.com.mx\/wp-content\/uploads\/2026\/03\/Ulises-reunion-mujeres-8.jpeg\",\"articleSection\":[\"Pol\u00edtica\"],\"inLanguage\":\"es\",\"potentialAction\":[{\"@type\":\"CommentAction\",\"name\":\"Comment\",\"target\":[\"https:\/\/creston.com.mx\/index.php\/03\/ulises-mejia-reafirma-compromiso-con-una-agenda-feminista\/politica\/2026\/#respond\"]}]},{\"@type\":\"WebPage\",\"@id\":\"https:\/\/creston.com.mx\/index.php\/03\/ulises-mejia-reafirma-compromiso-con-una-agenda-feminista\/politica\/2026\/\",\"url\":\"https:\/\/creston.com.mx\/index.php\/03\/ulises-mejia-reafirma-compromiso-con-una-agenda-feminista\/politica\/2026\/\",\"name\":\"Ulises Mej\u00eda reafirma compromiso con una agenda feminista - Peri\u00f3dico Digital de Zacatecas\",\"isPartOf\":{\"@id\":\"https:\/\/creston.com.mx\/#website\"},\"primaryImageOfPage\":{\"@id\":\"https:\/\/creston.com.mx\/index.php\/03\/ulises-mejia-reafirma-compromiso-con-una-agenda-feminista\/politica\/2026\/#primaryimage\"},\"image\":{\"@id\":\"https:\/\/creston.com.mx\/index.php\/03\/ulises-mejia-reafirma-compromiso-con-una-agenda-feminista\/politica\/2026\/#primaryimage\"},\"thumbnailUrl\":\"https:\/\/creston.com.mx\/wp-content\/uploads\/2026\/03\/Ulises-reunion-mujeres-8.jpeg\",\"datePublished\":\"2026-03-12T01:46:00+00:00\",\"dateModified\":\"2026-03-12T16:29:02+00:00\",\"breadcrumb\":{\"@id\":\"https:\/\/creston.com.mx\/index.php\/03\/ulises-mejia-reafirma-compromiso-con-una-agenda-feminista\/politica\/2026\/#breadcrumb\"},\"inLanguage\":\"es\",\"potentialAction\":[{\"@type\":\"ReadAction\",\"target\":[\"https:\/\/creston.com.mx\/index.php\/03\/ulises-mejia-reafirma-compromiso-con-una-agenda-feminista\/politica\/2026\/\"]}]},{\"@type\":\"ImageObject\",\"inLanguage\":\"es\",\"@id\":\"https:\/\/creston.com.mx\/index.php\/03\/ulises-mejia-reafirma-compromiso-con-una-agenda-feminista\/politica\/2026\/#primaryimage\",\"url\":\"https:\/\/creston.com.mx\/wp-content\/uploads\/2026\/03\/Ulises-reunion-mujeres-8.jpeg\",\"contentUrl\":\"https:\/\/creston.com.mx\/wp-content\/uploads\/2026\/03\/Ulises-reunion-mujeres-8.jpeg\",\"width\":1280,\"height\":853},{\"@type\":\"BreadcrumbList\",\"@id\":\"https:\/\/creston.com.mx\/index.php\/03\/ulises-mejia-reafirma-compromiso-con-una-agenda-feminista\/politica\/2026\/#breadcrumb\",\"itemListElement\":[{\"@type\":\"ListItem\",\"position\":1,\"name\":\"Portada\",\"item\":\"https:\/\/creston.com.mx\/\"},{\"@type\":\"ListItem\",\"position\":2,\"name\":\"Ulises Mej\u00eda reafirma compromiso con una agenda feminista\"}]},{\"@type\":\"WebSite\",\"@id\":\"https:\/\/creston.com.mx\/#website\",\"url\":\"https:\/\/creston.com.mx\/\",\"name\":\"Peri\u00f3dico Digital de Zacatecas\",\"description\":\"\",\"publisher\":{\"@id\":\"https:\/\/creston.com.mx\/#organization\"},\"potentialAction\":[{\"@type\":\"SearchAction\",\"target\":{\"@type\":\"EntryPoint\",\"urlTemplate\":\"https:\/\/creston.com.mx\/?s={search_term_string}\"},\"query-input\":{\"@type\":\"PropertyValueSpecification\",\"valueRequired\":true,\"valueName\":\"search_term_string\"}}],\"inLanguage\":\"es\"},{\"@type\":\"Organization\",\"@id\":\"https:\/\/creston.com.mx\/#organization\",\"name\":\"Peri\u00f3dico Digital de Zacatecas\",\"url\":\"https:\/\/creston.com.mx\/\",\"logo\":{\"@type\":\"ImageObject\",\"inLanguage\":\"es\",\"@id\":\"https:\/\/creston.com.mx\/#\/schema\/logo\/image\/\",\"url\":\"https:\/\/creston.com.mx\/wp-content\/uploads\/2026\/02\/cropped-Logo-Creston2.jpg\",\"contentUrl\":\"https:\/\/creston.com.mx\/wp-content\/uploads\/2026\/02\/cropped-Logo-Creston2.jpg\",\"width\":503,\"height\":194,\"caption\":\"Peri\u00f3dico Digital  de Zacatecas\"},\"image\":{\"@id\":\"https:\/\/creston.com.mx\/#\/schema\/logo\/image\/\"}},{\"@type\":\"Person\",\"@id\":\"https:\/\/creston.com.mx\/#\/schema\/person\/01f2ce9e289bc5300c759925ef768c1d\",\"name\":\"Periodico Creston\",\"image\":{\"@type\":\"ImageObject\",\"inLanguage\":\"es\",\"@id\":\"https:\/\/creston.com.mx\/#\/schema\/person\/image\/\",\"url\":\"https:\/\/secure.gravatar.com\/avatar\/c91eac1cf0d45897b6d294d474aa7713a194d460be0aaf72157553d050cda1c1?s=96&d=mm&r=g\",\"contentUrl\":\"https:\/\/secure.gravatar.com\/avatar\/c91eac1cf0d45897b6d294d474aa7713a194d460be0aaf72157553d050cda1c1?s=96&d=mm&r=g\",\"caption\":\"Periodico Creston\"},\"sameAs\":[\"https:\/\/creston.com.mx\"],\"url\":\"https:\/\/creston.com.mx\/index.php\/author\/cstnalja96\/\"}]}<\/script>\n<!-- \/ Yoast SEO plugin. -->","yoast_head_json":{"title":"Ulises Mej\u00eda reafirma compromiso con una agenda feminista - Peri\u00f3dico Digital de Zacatecas","robots":{"index":"index","follow":"follow","max-snippet":"max-snippet:-1","max-image-preview":"max-image-preview:large","max-video-preview":"max-video-preview:-1"},"canonical":"https:\/\/creston.com.mx\/index.php\/03\/ulises-mejia-reafirma-compromiso-con-una-agenda-feminista\/politica\/2026\/","og_locale":"es_ES","og_type":"article","og_title":"Ulises Mej\u00eda reafirma compromiso con una agenda feminista - Peri\u00f3dico Digital de Zacatecas","og_description":". Tuvo un encuentro con colectivas feministas realizado en el marco del D\u00eda Internacional de la Mujer. . \u201cEl reconocimiento a las mujeres no debe quedarse solo en palabras; debe&hellip;","og_url":"https:\/\/creston.com.mx\/index.php\/03\/ulises-mejia-reafirma-compromiso-con-una-agenda-feminista\/politica\/2026\/","og_site_name":"Peri\u00f3dico Digital de Zacatecas","article_published_time":"2026-03-12T01:46:00+00:00","article_modified_time":"2026-03-12T16:29:02+00:00","og_image":[{"width":1280,"height":853,"url":"https:\/\/creston.com.mx\/wp-content\/uploads\/2026\/03\/Ulises-reunion-mujeres-8.jpeg","type":"image\/jpeg"}],"author":"Periodico Creston","twitter_card":"summary_large_image","twitter_misc":{"Escrito por":"Periodico Creston","Tiempo de lectura":"5 minutos"},"schema":{"@context":"https:\/\/schema.org","@graph":[{"@type":"Article","@id":"https:\/\/creston.com.mx\/index.php\/03\/ulises-mejia-reafirma-compromiso-con-una-agenda-feminista\/politica\/2026\/#article","isPartOf":{"@id":"https:\/\/creston.com.mx\/index.php\/03\/ulises-mejia-reafirma-compromiso-con-una-agenda-feminista\/politica\/2026\/"},"author":{"name":"Periodico Creston","@id":"https:\/\/creston.com.mx\/#\/schema\/person\/01f2ce9e289bc5300c759925ef768c1d"},"headline":"Ulises Mej\u00eda reafirma compromiso con una agenda feminista","datePublished":"2026-03-12T01:46:00+00:00","dateModified":"2026-03-12T16:29:02+00:00","mainEntityOfPage":{"@id":"https:\/\/creston.com.mx\/index.php\/03\/ulises-mejia-reafirma-compromiso-con-una-agenda-feminista\/politica\/2026\/"},"wordCount":844,"commentCount":0,"publisher":{"@id":"https:\/\/creston.com.mx\/#organization"},"image":{"@id":"https:\/\/creston.com.mx\/index.php\/03\/ulises-mejia-reafirma-compromiso-con-una-agenda-feminista\/politica\/2026\/#primaryimage"},"thumbnailUrl":"https:\/\/creston.com.mx\/wp-content\/uploads\/2026\/03\/Ulises-reunion-mujeres-8.jpeg","articleSection":["Pol\u00edtica"],"inLanguage":"es","potentialAction":[{"@type":"CommentAction","name":"Comment","target":["https:\/\/creston.com.mx\/index.php\/03\/ulises-mejia-reafirma-compromiso-con-una-agenda-feminista\/politica\/2026\/#respond"]}]},{"@type":"WebPage","@id":"https:\/\/creston.com.mx\/index.php\/03\/ulises-mejia-reafirma-compromiso-con-una-agenda-feminista\/politica\/2026\/","url":"https:\/\/creston.com.mx\/index.php\/03\/ulises-mejia-reafirma-compromiso-con-una-agenda-feminista\/politica\/2026\/","name":"Ulises Mej\u00eda reafirma compromiso con una agenda feminista - Peri\u00f3dico Digital de Zacatecas","isPartOf":{"@id":"https:\/\/creston.com.mx\/#website"},"primaryImageOfPage":{"@id":"https:\/\/creston.com.mx\/index.php\/03\/ulises-mejia-reafirma-compromiso-con-una-agenda-feminista\/politica\/2026\/#primaryimage"},"image":{"@id":"https:\/\/creston.com.mx\/index.php\/03\/ulises-mejia-reafirma-compromiso-con-una-agenda-feminista\/politica\/2026\/#primaryimage"},"thumbnailUrl":"https:\/\/creston.com.mx\/wp-content\/uploads\/2026\/03\/Ulises-reunion-mujeres-8.jpeg","datePublished":"2026-03-12T01:46:00+00:00","dateModified":"2026-03-12T16:29:02+00:00","breadcrumb":{"@id":"https:\/\/creston.com.mx\/index.php\/03\/ulises-mejia-reafirma-compromiso-con-una-agenda-feminista\/politica\/2026\/#breadcrumb"},"inLanguage":"es","potentialAction":[{"@type":"ReadAction","target":["https:\/\/creston.com.mx\/index.php\/03\/ulises-mejia-reafirma-compromiso-con-una-agenda-feminista\/politica\/2026\/"]}]},{"@type":"ImageObject","inLanguage":"es","@id":"https:\/\/creston.com.mx\/index.php\/03\/ulises-mejia-reafirma-compromiso-con-una-agenda-feminista\/politica\/2026\/#primaryimage","url":"https:\/\/creston.com.mx\/wp-content\/uploads\/2026\/03\/Ulises-reunion-mujeres-8.jpeg","contentUrl":"https:\/\/creston.com.mx\/wp-content\/uploads\/2026\/03\/Ulises-reunion-mujeres-8.jpeg","width":1280,"height":853},{"@type":"BreadcrumbList","@id":"https:\/\/creston.com.mx\/index.php\/03\/ulises-mejia-reafirma-compromiso-con-una-agenda-feminista\/politica\/2026\/#breadcrumb","itemListElement":[{"@type":"ListItem","position":1,"name":"Portada","item":"https:\/\/creston.com.mx\/"},{"@type":"ListItem","position":2,"name":"Ulises Mej\u00eda reafirma compromiso con una agenda feminista"}]},{"@type":"WebSite","@id":"https:\/\/creston.com.mx\/#website","url":"https:\/\/creston.com.mx\/","name":"Peri\u00f3dico Digital de Zacatecas","description":"","publisher":{"@id":"https:\/\/creston.com.mx\/#organization"},"potentialAction":[{"@type":"SearchAction","target":{"@type":"EntryPoint","urlTemplate":"https:\/\/creston.com.mx\/?s={search_term_string}"},"query-input":{"@type":"PropertyValueSpecification","valueRequired":true,"valueName":"search_term_string"}}],"inLanguage":"es"},{"@type":"Organization","@id":"https:\/\/creston.com.mx\/#organization","name":"Peri\u00f3dico Digital de Zacatecas","url":"https:\/\/creston.com.mx\/","logo":{"@type":"ImageObject","inLanguage":"es","@id":"https:\/\/creston.com.mx\/#\/schema\/logo\/image\/","url":"https:\/\/creston.com.mx\/wp-content\/uploads\/2026\/02\/cropped-Logo-Creston2.jpg","contentUrl":"https:\/\/creston.com.mx\/wp-content\/uploads\/2026\/02\/cropped-Logo-Creston2.jpg","width":503,"height":194,"caption":"Peri\u00f3dico Digital  de Zacatecas"},"image":{"@id":"https:\/\/creston.com.mx\/#\/schema\/logo\/image\/"}},{"@type":"Person","@id":"https:\/\/creston.com.mx\/#\/schema\/person\/01f2ce9e289bc5300c759925ef768c1d","name":"Periodico Creston","image":{"@type":"ImageObject","inLanguage":"es","@id":"https:\/\/creston.com.mx\/#\/schema\/person\/image\/","url":"https:\/\/secure.gravatar.com\/avatar\/c91eac1cf0d45897b6d294d474aa7713a194d460be0aaf72157553d050cda1c1?s=96&d=mm&r=g","contentUrl":"https:\/\/secure.gravatar.com\/avatar\/c91eac1cf0d45897b6d294d474aa7713a194d460be0aaf72157553d050cda1c1?s=96&d=mm&r=g","caption":"Periodico Creston"},"sameAs":["https:\/\/creston.com.mx"],"url":"https:\/\/creston.com.mx\/index.php\/author\/cstnalja96\/"}]}},"jetpack_sharing_enabled":true,"jetpack_featured_media_url":"https:\/\/creston.com.mx\/wp-content\/uploads\/2026\/03\/Ulises-reunion-mujeres-8.jpeg","_links":{"self":[{"href":"https:\/\/creston.com.mx\/index.php\/wp-json\/wp\/v2\/posts\/2792","targetHints":{"allow":["GET"]}}],"collection":[{"href":"https:\/\/creston.com.mx\/index.php\/wp-json\/wp\/v2\/posts"}],"about":[{"href":"https:\/\/creston.com.mx\/index.php\/wp-json\/wp\/v2\/types\/post"}],"author":[{"embeddable":true,"href":"https:\/\/creston.com.mx\/index.php\/wp-json\/wp\/v2\/users\/1"}],"replies":[{"embeddable":true,"href":"https:\/\/creston.com.mx\/index.php\/wp-json\/wp\/v2\/comments?post=2792"}],"version-history":[{"count":1,"href":"https:\/\/creston.com.mx\/index.php\/wp-json\/wp\/v2\/posts\/2792\/revisions"}],"predecessor-version":[{"id":2796,"href":"https:\/\/creston.com.mx\/index.php\/wp-json\/wp\/v2\/posts\/2792\/revisions\/2796"}],"wp:featuredmedia":[{"embeddable":true,"href":"https:\/\/creston.com.mx\/index.php\/wp-json\/wp\/v2\/media\/2795"}],"wp:attachment":[{"href":"https:\/\/creston.com.mx\/index.php\/wp-json\/wp\/v2\/media?parent=2792"}],"wp:term":[{"taxonomy":"category","embeddable":true,"href":"https:\/\/creston.com.mx\/index.php\/wp-json\/wp\/v2\/categories?post=2792"},{"taxonomy":"post_tag","embeddable":true,"href":"https:\/\/creston.com.mx\/index.php\/wp-json\/wp\/v2\/tags?post=2792"}],"curies":[{"name":"wp","href":"https:\/\/api.w.org\/{rel}","templated":true}]}}