{"id":279,"date":"2025-01-24T23:03:27","date_gmt":"2025-01-25T05:03:27","guid":{"rendered":"https:\/\/creston.com.mx\/?p=279"},"modified":"2025-01-24T23:03:28","modified_gmt":"2025-01-25T05:03:28","slug":"cancilleria-y-senado-defenderan-a-migrantes-saul-monreal","status":"publish","type":"post","link":"https:\/\/creston.com.mx\/index.php\/01\/cancilleria-y-senado-defenderan-a-migrantes-saul-monreal\/politica\/2025\/","title":{"rendered":"Canciller\u00eda y senado defender\u00e1n a migrantes: Sa\u00fal Monreal"},"content":{"rendered":"\n<p>.<\/p>\n\n\n\n<p class=\"has-medium-font-size\"><strong><em>La Iniciativa de Ley Anti-nepotismo se analizar\u00e1 con seriedad cuando llegue al Senado de la Rep\u00fablica, afirm\u00f3 el senador.<\/em><\/strong><\/p>\n\n\n\n<p>.<\/p>\n\n\n\n<p>En sus recorridos por los municipios de R\u00edo Grande y Francisco R. Murgu\u00eda-Nieves; y llevando a cabo sus asambleas del pueblo para dar a conocer el proceso de transformaci\u00f3n que vive nuestro pa\u00eds, el Senador de la Rep\u00fablica de MORENA por Zacatecas, Sa\u00fal Monreal \u00c1vila conden\u00f3 una vez m\u00e1s, la orden ejecutiva donde se deporta a nuestros migrantes, lamentablemente, ya decenas de ellos han sido v\u00edctimas de esta decisi\u00f3n xenof\u00f3bica y racista del presidente de Estados Unidos, Donald Trump.<\/p>\n\n\n\n<p>\u201cSenadores de Morena nos reuniremos con el Canciller Juan Ram\u00f3n de la Fuente para manifestar nuestro respaldo hacia nuestros migrantes deportados y, juntos fortalecer la estrategia de defensa y de ayuda para quienes ya se han visto afectados y mucho tememos que habr\u00e1 m\u00e1s\u201d, lament\u00f3 el senador.<\/p>\n\n\n\n<p>De hecho, he hablado con el gobernador David Monreal \u00c1vila y me coment\u00f3 que est\u00e1 en marcha un programa de ayuda para los migrantes zacatecanos. \u201cS\u00e9 por voz del mandatario que habr\u00e1 apoyos en lo econ\u00f3mico y se les ayudar\u00e1 con todos los programas sociales del bienestar, los migrantes no estar\u00e1n solos y vamos a seguir reprobando est\u00e1 insensibilidad del presidente de EU\u201d.<\/p>\n\n\n\n<p>Record\u00f3 el Senador de la Rep\u00fablica, que la propia presidenta Claudia Sheinbaum Pardo, con tono en\u00e9rgico ha defendido no s\u00f3lo a los migrantes, sino la soberan\u00eda nacional. \u201cLa doctora Sheinbaum tiene todo el respaldo de los Senadores de MORENA y partidos aliados, bueno, hasta de algunos de la oposici\u00f3n\u201d.<\/p>\n\n\n\n<p>UNA ELECCI\u00d3N HIST\u00d3RICA<\/p>\n\n\n\n<p>En conferencia de prensa con los trabajadores de los medios de comunicaci\u00f3n en R\u00edo Grande, Sa\u00fal Monreal inform\u00f3 que ya viene el segundo periodo ordinario de sesiones del segundo a\u00f1o legislativo, estamos trabajando en un paquete de varias iniciativas de ley de toda naturaleza, entre ellas, en la prohibici\u00f3n del ma\u00edz transg\u00e9nico para fortalecer el mercado interno.<\/p>\n\n\n\n<p>Una de las m\u00e1s importantes ser\u00e1 la fijar las reglas para la elecci\u00f3n que viene en el Poder Judicial. El 31 enero se conocer\u00e1 quienes podr\u00e1n participar en esta elecci\u00f3n hist\u00f3rica para el pa\u00eds, donde viene un nuevo marco jur\u00eddico, como es del dominio p\u00fablico que elegir\u00e1n a jueces (as), magistrados (as) y ministros (as), como ya lo dije, ser\u00e1 una elecci\u00f3n hist\u00f3rica, este tema de ver\u00e1 en el Senado. Finalmente, Sa\u00fal Monreal \u00c1vila, senador de la Rep\u00fablica termin\u00f3 su gira por R\u00edo Grande y Francisco R. Murgu\u00eda \u2013 Nieves, donde present\u00f3 su libro: \u201cSa\u00fal, una historia que nos conecta\u201d, no sin antes anunciar que ir\u00e1 a todos los 58 municipios del Estado, porque fue un compromiso con sus electores y los compromisos se cumplen, es ahora es momento de regresar a agradecer y a escuchar a la gente, termin\u00f3 diciendo.<\/p>\n","protected":false},"excerpt":{"rendered":"<p>. La Iniciativa de Ley Anti-nepotismo se analizar\u00e1 con seriedad cuando llegue al Senado de la Rep\u00fablica, afirm\u00f3 el senador. . En sus recorridos por los municipios de R\u00edo Grande&hellip; <\/p>\n","protected":false},"author":1,"featured_media":280,"comment_status":"open","ping_status":"closed","sticky":false,"template":"","format":"standard","meta":{"_jetpack_memberships_contains_paid_content":false,"footnotes":""},"categories":[2],"tags":[],"class_list":["post-279","post","type-post","status-publish","format-standard","has-post-thumbnail","hentry","category-politica"],"yoast_head":"<!-- This site is optimized with the Yoast SEO plugin v24.2 - https:\/\/yoast.com\/wordpress\/plugins\/seo\/ -->\n<title>Canciller\u00eda y senado defender\u00e1n a migrantes: Sa\u00fal Monreal - Peri\u00f3dico Digital de Zacatecas<\/title>\n<meta name=\"robots\" content=\"index, follow, max-snippet:-1, max-image-preview:large, max-video-preview:-1\" \/>\n<link rel=\"canonical\" href=\"https:\/\/creston.com.mx\/index.php\/01\/cancilleria-y-senado-defenderan-a-migrantes-saul-monreal\/politica\/2025\/\" \/>\n<meta property=\"og:locale\" content=\"es_ES\" \/>\n<meta property=\"og:type\" content=\"article\" \/>\n<meta property=\"og:title\" content=\"Canciller\u00eda y senado defender\u00e1n a migrantes: Sa\u00fal Monreal - Peri\u00f3dico Digital de Zacatecas\" \/>\n<meta property=\"og:description\" content=\". La Iniciativa de Ley Anti-nepotismo se analizar\u00e1 con seriedad cuando llegue al Senado de la Rep\u00fablica, afirm\u00f3 el senador. . En sus recorridos por los municipios de R\u00edo Grande&hellip;\" \/>\n<meta property=\"og:url\" content=\"https:\/\/creston.com.mx\/index.php\/01\/cancilleria-y-senado-defenderan-a-migrantes-saul-monreal\/politica\/2025\/\" \/>\n<meta property=\"og:site_name\" content=\"Peri\u00f3dico Digital de Zacatecas\" \/>\n<meta property=\"article:published_time\" content=\"2025-01-25T05:03:27+00:00\" \/>\n<meta property=\"article:modified_time\" content=\"2025-01-25T05:03:28+00:00\" \/>\n<meta property=\"og:image\" content=\"https:\/\/creston.com.mx\/wp-content\/uploads\/2025\/01\/IMG-20250124-WA0090.jpg\" \/>\n\t<meta property=\"og:image:width\" content=\"1280\" \/>\n\t<meta property=\"og:image:height\" content=\"960\" \/>\n\t<meta property=\"og:image:type\" content=\"image\/jpeg\" \/>\n<meta name=\"author\" content=\"Periodico Creston\" \/>\n<meta name=\"twitter:card\" content=\"summary_large_image\" \/>\n<meta name=\"twitter:label1\" content=\"Escrito por\" \/>\n\t<meta name=\"twitter:data1\" content=\"Periodico Creston\" \/>\n\t<meta name=\"twitter:label2\" content=\"Tiempo de lectura\" \/>\n\t<meta name=\"twitter:data2\" content=\"3 minutos\" \/>\n<script type=\"application\/ld+json\" class=\"yoast-schema-graph\">{\"@context\":\"https:\/\/schema.org\",\"@graph\":[{\"@type\":\"Article\",\"@id\":\"https:\/\/creston.com.mx\/index.php\/01\/cancilleria-y-senado-defenderan-a-migrantes-saul-monreal\/politica\/2025\/#article\",\"isPartOf\":{\"@id\":\"https:\/\/creston.com.mx\/index.php\/01\/cancilleria-y-senado-defenderan-a-migrantes-saul-monreal\/politica\/2025\/\"},\"author\":{\"name\":\"Periodico Creston\",\"@id\":\"https:\/\/creston.com.mx\/#\/schema\/person\/01f2ce9e289bc5300c759925ef768c1d\"},\"headline\":\"Canciller\u00eda y senado defender\u00e1n a migrantes: Sa\u00fal Monreal\",\"datePublished\":\"2025-01-25T05:03:27+00:00\",\"dateModified\":\"2025-01-25T05:03:28+00:00\",\"mainEntityOfPage\":{\"@id\":\"https:\/\/creston.com.mx\/index.php\/01\/cancilleria-y-senado-defenderan-a-migrantes-saul-monreal\/politica\/2025\/\"},\"wordCount\":511,\"commentCount\":0,\"publisher\":{\"@id\":\"https:\/\/creston.com.mx\/#organization\"},\"image\":{\"@id\":\"https:\/\/creston.com.mx\/index.php\/01\/cancilleria-y-senado-defenderan-a-migrantes-saul-monreal\/politica\/2025\/#primaryimage\"},\"thumbnailUrl\":\"https:\/\/creston.com.mx\/wp-content\/uploads\/2025\/01\/IMG-20250124-WA0090.jpg\",\"articleSection\":[\"Pol\u00edtica\"],\"inLanguage\":\"es\",\"potentialAction\":[{\"@type\":\"CommentAction\",\"name\":\"Comment\",\"target\":[\"https:\/\/creston.com.mx\/index.php\/01\/cancilleria-y-senado-defenderan-a-migrantes-saul-monreal\/politica\/2025\/#respond\"]}]},{\"@type\":\"WebPage\",\"@id\":\"https:\/\/creston.com.mx\/index.php\/01\/cancilleria-y-senado-defenderan-a-migrantes-saul-monreal\/politica\/2025\/\",\"url\":\"https:\/\/creston.com.mx\/index.php\/01\/cancilleria-y-senado-defenderan-a-migrantes-saul-monreal\/politica\/2025\/\",\"name\":\"Canciller\u00eda y senado defender\u00e1n a migrantes: Sa\u00fal Monreal - Peri\u00f3dico Digital de Zacatecas\",\"isPartOf\":{\"@id\":\"https:\/\/creston.com.mx\/#website\"},\"primaryImageOfPage\":{\"@id\":\"https:\/\/creston.com.mx\/index.php\/01\/cancilleria-y-senado-defenderan-a-migrantes-saul-monreal\/politica\/2025\/#primaryimage\"},\"image\":{\"@id\":\"https:\/\/creston.com.mx\/index.php\/01\/cancilleria-y-senado-defenderan-a-migrantes-saul-monreal\/politica\/2025\/#primaryimage\"},\"thumbnailUrl\":\"https:\/\/creston.com.mx\/wp-content\/uploads\/2025\/01\/IMG-20250124-WA0090.jpg\",\"datePublished\":\"2025-01-25T05:03:27+00:00\",\"dateModified\":\"2025-01-25T05:03:28+00:00\",\"breadcrumb\":{\"@id\":\"https:\/\/creston.com.mx\/index.php\/01\/cancilleria-y-senado-defenderan-a-migrantes-saul-monreal\/politica\/2025\/#breadcrumb\"},\"inLanguage\":\"es\",\"potentialAction\":[{\"@type\":\"ReadAction\",\"target\":[\"https:\/\/creston.com.mx\/index.php\/01\/cancilleria-y-senado-defenderan-a-migrantes-saul-monreal\/politica\/2025\/\"]}]},{\"@type\":\"ImageObject\",\"inLanguage\":\"es\",\"@id\":\"https:\/\/creston.com.mx\/index.php\/01\/cancilleria-y-senado-defenderan-a-migrantes-saul-monreal\/politica\/2025\/#primaryimage\",\"url\":\"https:\/\/creston.com.mx\/wp-content\/uploads\/2025\/01\/IMG-20250124-WA0090.jpg\",\"contentUrl\":\"https:\/\/creston.com.mx\/wp-content\/uploads\/2025\/01\/IMG-20250124-WA0090.jpg\",\"width\":1280,\"height\":960},{\"@type\":\"BreadcrumbList\",\"@id\":\"https:\/\/creston.com.mx\/index.php\/01\/cancilleria-y-senado-defenderan-a-migrantes-saul-monreal\/politica\/2025\/#breadcrumb\",\"itemListElement\":[{\"@type\":\"ListItem\",\"position\":1,\"name\":\"Portada\",\"item\":\"https:\/\/creston.com.mx\/\"},{\"@type\":\"ListItem\",\"position\":2,\"name\":\"Canciller\u00eda y senado defender\u00e1n a migrantes: Sa\u00fal Monreal\"}]},{\"@type\":\"WebSite\",\"@id\":\"https:\/\/creston.com.mx\/#website\",\"url\":\"https:\/\/creston.com.mx\/\",\"name\":\"Peri\u00f3dico Digital de Zacatecas\",\"description\":\"\",\"publisher\":{\"@id\":\"https:\/\/creston.com.mx\/#organization\"},\"potentialAction\":[{\"@type\":\"SearchAction\",\"target\":{\"@type\":\"EntryPoint\",\"urlTemplate\":\"https:\/\/creston.com.mx\/?s={search_term_string}\"},\"query-input\":{\"@type\":\"PropertyValueSpecification\",\"valueRequired\":true,\"valueName\":\"search_term_string\"}}],\"inLanguage\":\"es\"},{\"@type\":\"Organization\",\"@id\":\"https:\/\/creston.com.mx\/#organization\",\"name\":\"Peri\u00f3dico Digital de Zacatecas\",\"url\":\"https:\/\/creston.com.mx\/\",\"logo\":{\"@type\":\"ImageObject\",\"inLanguage\":\"es\",\"@id\":\"https:\/\/creston.com.mx\/#\/schema\/logo\/image\/\",\"url\":\"https:\/\/creston.com.mx\/wp-content\/uploads\/2026\/02\/cropped-Logo-Creston2.jpg\",\"contentUrl\":\"https:\/\/creston.com.mx\/wp-content\/uploads\/2026\/02\/cropped-Logo-Creston2.jpg\",\"width\":503,\"height\":194,\"caption\":\"Peri\u00f3dico Digital  de Zacatecas\"},\"image\":{\"@id\":\"https:\/\/creston.com.mx\/#\/schema\/logo\/image\/\"}},{\"@type\":\"Person\",\"@id\":\"https:\/\/creston.com.mx\/#\/schema\/person\/01f2ce9e289bc5300c759925ef768c1d\",\"name\":\"Periodico Creston\",\"image\":{\"@type\":\"ImageObject\",\"inLanguage\":\"es\",\"@id\":\"https:\/\/creston.com.mx\/#\/schema\/person\/image\/\",\"url\":\"https:\/\/secure.gravatar.com\/avatar\/c91eac1cf0d45897b6d294d474aa7713a194d460be0aaf72157553d050cda1c1?s=96&d=mm&r=g\",\"contentUrl\":\"https:\/\/secure.gravatar.com\/avatar\/c91eac1cf0d45897b6d294d474aa7713a194d460be0aaf72157553d050cda1c1?s=96&d=mm&r=g\",\"caption\":\"Periodico Creston\"},\"sameAs\":[\"https:\/\/creston.com.mx\"],\"url\":\"https:\/\/creston.com.mx\/index.php\/author\/cstnalja96\/\"}]}<\/script>\n<!-- \/ Yoast SEO plugin. -->","yoast_head_json":{"title":"Canciller\u00eda y senado defender\u00e1n a migrantes: Sa\u00fal Monreal - Peri\u00f3dico Digital de Zacatecas","robots":{"index":"index","follow":"follow","max-snippet":"max-snippet:-1","max-image-preview":"max-image-preview:large","max-video-preview":"max-video-preview:-1"},"canonical":"https:\/\/creston.com.mx\/index.php\/01\/cancilleria-y-senado-defenderan-a-migrantes-saul-monreal\/politica\/2025\/","og_locale":"es_ES","og_type":"article","og_title":"Canciller\u00eda y senado defender\u00e1n a migrantes: Sa\u00fal Monreal - Peri\u00f3dico Digital de Zacatecas","og_description":". La Iniciativa de Ley Anti-nepotismo se analizar\u00e1 con seriedad cuando llegue al Senado de la Rep\u00fablica, afirm\u00f3 el senador. . En sus recorridos por los municipios de R\u00edo Grande&hellip;","og_url":"https:\/\/creston.com.mx\/index.php\/01\/cancilleria-y-senado-defenderan-a-migrantes-saul-monreal\/politica\/2025\/","og_site_name":"Peri\u00f3dico Digital de Zacatecas","article_published_time":"2025-01-25T05:03:27+00:00","article_modified_time":"2025-01-25T05:03:28+00:00","og_image":[{"width":1280,"height":960,"url":"https:\/\/creston.com.mx\/wp-content\/uploads\/2025\/01\/IMG-20250124-WA0090.jpg","type":"image\/jpeg"}],"author":"Periodico Creston","twitter_card":"summary_large_image","twitter_misc":{"Escrito por":"Periodico Creston","Tiempo de lectura":"3 minutos"},"schema":{"@context":"https:\/\/schema.org","@graph":[{"@type":"Article","@id":"https:\/\/creston.com.mx\/index.php\/01\/cancilleria-y-senado-defenderan-a-migrantes-saul-monreal\/politica\/2025\/#article","isPartOf":{"@id":"https:\/\/creston.com.mx\/index.php\/01\/cancilleria-y-senado-defenderan-a-migrantes-saul-monreal\/politica\/2025\/"},"author":{"name":"Periodico Creston","@id":"https:\/\/creston.com.mx\/#\/schema\/person\/01f2ce9e289bc5300c759925ef768c1d"},"headline":"Canciller\u00eda y senado defender\u00e1n a migrantes: Sa\u00fal Monreal","datePublished":"2025-01-25T05:03:27+00:00","dateModified":"2025-01-25T05:03:28+00:00","mainEntityOfPage":{"@id":"https:\/\/creston.com.mx\/index.php\/01\/cancilleria-y-senado-defenderan-a-migrantes-saul-monreal\/politica\/2025\/"},"wordCount":511,"commentCount":0,"publisher":{"@id":"https:\/\/creston.com.mx\/#organization"},"image":{"@id":"https:\/\/creston.com.mx\/index.php\/01\/cancilleria-y-senado-defenderan-a-migrantes-saul-monreal\/politica\/2025\/#primaryimage"},"thumbnailUrl":"https:\/\/creston.com.mx\/wp-content\/uploads\/2025\/01\/IMG-20250124-WA0090.jpg","articleSection":["Pol\u00edtica"],"inLanguage":"es","potentialAction":[{"@type":"CommentAction","name":"Comment","target":["https:\/\/creston.com.mx\/index.php\/01\/cancilleria-y-senado-defenderan-a-migrantes-saul-monreal\/politica\/2025\/#respond"]}]},{"@type":"WebPage","@id":"https:\/\/creston.com.mx\/index.php\/01\/cancilleria-y-senado-defenderan-a-migrantes-saul-monreal\/politica\/2025\/","url":"https:\/\/creston.com.mx\/index.php\/01\/cancilleria-y-senado-defenderan-a-migrantes-saul-monreal\/politica\/2025\/","name":"Canciller\u00eda y senado defender\u00e1n a migrantes: Sa\u00fal Monreal - Peri\u00f3dico Digital de Zacatecas","isPartOf":{"@id":"https:\/\/creston.com.mx\/#website"},"primaryImageOfPage":{"@id":"https:\/\/creston.com.mx\/index.php\/01\/cancilleria-y-senado-defenderan-a-migrantes-saul-monreal\/politica\/2025\/#primaryimage"},"image":{"@id":"https:\/\/creston.com.mx\/index.php\/01\/cancilleria-y-senado-defenderan-a-migrantes-saul-monreal\/politica\/2025\/#primaryimage"},"thumbnailUrl":"https:\/\/creston.com.mx\/wp-content\/uploads\/2025\/01\/IMG-20250124-WA0090.jpg","datePublished":"2025-01-25T05:03:27+00:00","dateModified":"2025-01-25T05:03:28+00:00","breadcrumb":{"@id":"https:\/\/creston.com.mx\/index.php\/01\/cancilleria-y-senado-defenderan-a-migrantes-saul-monreal\/politica\/2025\/#breadcrumb"},"inLanguage":"es","potentialAction":[{"@type":"ReadAction","target":["https:\/\/creston.com.mx\/index.php\/01\/cancilleria-y-senado-defenderan-a-migrantes-saul-monreal\/politica\/2025\/"]}]},{"@type":"ImageObject","inLanguage":"es","@id":"https:\/\/creston.com.mx\/index.php\/01\/cancilleria-y-senado-defenderan-a-migrantes-saul-monreal\/politica\/2025\/#primaryimage","url":"https:\/\/creston.com.mx\/wp-content\/uploads\/2025\/01\/IMG-20250124-WA0090.jpg","contentUrl":"https:\/\/creston.com.mx\/wp-content\/uploads\/2025\/01\/IMG-20250124-WA0090.jpg","width":1280,"height":960},{"@type":"BreadcrumbList","@id":"https:\/\/creston.com.mx\/index.php\/01\/cancilleria-y-senado-defenderan-a-migrantes-saul-monreal\/politica\/2025\/#breadcrumb","itemListElement":[{"@type":"ListItem","position":1,"name":"Portada","item":"https:\/\/creston.com.mx\/"},{"@type":"ListItem","position":2,"name":"Canciller\u00eda y senado defender\u00e1n a migrantes: Sa\u00fal Monreal"}]},{"@type":"WebSite","@id":"https:\/\/creston.com.mx\/#website","url":"https:\/\/creston.com.mx\/","name":"Peri\u00f3dico Digital de Zacatecas","description":"","publisher":{"@id":"https:\/\/creston.com.mx\/#organization"},"potentialAction":[{"@type":"SearchAction","target":{"@type":"EntryPoint","urlTemplate":"https:\/\/creston.com.mx\/?s={search_term_string}"},"query-input":{"@type":"PropertyValueSpecification","valueRequired":true,"valueName":"search_term_string"}}],"inLanguage":"es"},{"@type":"Organization","@id":"https:\/\/creston.com.mx\/#organization","name":"Peri\u00f3dico Digital de Zacatecas","url":"https:\/\/creston.com.mx\/","logo":{"@type":"ImageObject","inLanguage":"es","@id":"https:\/\/creston.com.mx\/#\/schema\/logo\/image\/","url":"https:\/\/creston.com.mx\/wp-content\/uploads\/2026\/02\/cropped-Logo-Creston2.jpg","contentUrl":"https:\/\/creston.com.mx\/wp-content\/uploads\/2026\/02\/cropped-Logo-Creston2.jpg","width":503,"height":194,"caption":"Peri\u00f3dico Digital  de Zacatecas"},"image":{"@id":"https:\/\/creston.com.mx\/#\/schema\/logo\/image\/"}},{"@type":"Person","@id":"https:\/\/creston.com.mx\/#\/schema\/person\/01f2ce9e289bc5300c759925ef768c1d","name":"Periodico Creston","image":{"@type":"ImageObject","inLanguage":"es","@id":"https:\/\/creston.com.mx\/#\/schema\/person\/image\/","url":"https:\/\/secure.gravatar.com\/avatar\/c91eac1cf0d45897b6d294d474aa7713a194d460be0aaf72157553d050cda1c1?s=96&d=mm&r=g","contentUrl":"https:\/\/secure.gravatar.com\/avatar\/c91eac1cf0d45897b6d294d474aa7713a194d460be0aaf72157553d050cda1c1?s=96&d=mm&r=g","caption":"Periodico Creston"},"sameAs":["https:\/\/creston.com.mx"],"url":"https:\/\/creston.com.mx\/index.php\/author\/cstnalja96\/"}]}},"jetpack_sharing_enabled":true,"jetpack_featured_media_url":"https:\/\/creston.com.mx\/wp-content\/uploads\/2025\/01\/IMG-20250124-WA0090.jpg","_links":{"self":[{"href":"https:\/\/creston.com.mx\/index.php\/wp-json\/wp\/v2\/posts\/279","targetHints":{"allow":["GET"]}}],"collection":[{"href":"https:\/\/creston.com.mx\/index.php\/wp-json\/wp\/v2\/posts"}],"about":[{"href":"https:\/\/creston.com.mx\/index.php\/wp-json\/wp\/v2\/types\/post"}],"author":[{"embeddable":true,"href":"https:\/\/creston.com.mx\/index.php\/wp-json\/wp\/v2\/users\/1"}],"replies":[{"embeddable":true,"href":"https:\/\/creston.com.mx\/index.php\/wp-json\/wp\/v2\/comments?post=279"}],"version-history":[{"count":1,"href":"https:\/\/creston.com.mx\/index.php\/wp-json\/wp\/v2\/posts\/279\/revisions"}],"predecessor-version":[{"id":281,"href":"https:\/\/creston.com.mx\/index.php\/wp-json\/wp\/v2\/posts\/279\/revisions\/281"}],"wp:featuredmedia":[{"embeddable":true,"href":"https:\/\/creston.com.mx\/index.php\/wp-json\/wp\/v2\/media\/280"}],"wp:attachment":[{"href":"https:\/\/creston.com.mx\/index.php\/wp-json\/wp\/v2\/media?parent=279"}],"wp:term":[{"taxonomy":"category","embeddable":true,"href":"https:\/\/creston.com.mx\/index.php\/wp-json\/wp\/v2\/categories?post=279"},{"taxonomy":"post_tag","embeddable":true,"href":"https:\/\/creston.com.mx\/index.php\/wp-json\/wp\/v2\/tags?post=279"}],"curies":[{"name":"wp","href":"https:\/\/api.w.org\/{rel}","templated":true}]}}