{"id":273,"date":"2025-01-24T22:53:45","date_gmt":"2025-01-25T04:53:45","guid":{"rendered":"https:\/\/creston.com.mx\/?p=273"},"modified":"2025-01-24T22:53:46","modified_gmt":"2025-01-25T04:53:46","slug":"ulises-mejia-haro-agradece-el-apoyo-de-juchipila-y-municipios-de-la-region","status":"publish","type":"post","link":"https:\/\/creston.com.mx\/index.php\/01\/ulises-mejia-haro-agradece-el-apoyo-de-juchipila-y-municipios-de-la-region\/politica\/2025\/","title":{"rendered":"Ulises Mej\u00eda Haro agradece el apoyo de Juchipila y municipios de la regi\u00f3n"},"content":{"rendered":"\n<p>.<\/p>\n\n\n\n<p class=\"has-medium-font-size\"><strong><em>Comparti\u00f3 su iniciativa de apoyo a las Micro, Peque\u00f1as y Medianas Empresas (MiPymes), con el objetivo de fortalecer la econom\u00eda local y regional.<\/em><\/strong><\/p>\n\n\n\n<p>.<\/p>\n\n\n\n<p>Durante la Asamblea Informativa realizada en Juchipila, el diputado federal Ulises Mej\u00eda Haro expres\u00f3 su agradecimiento a la gente noble y trabajadora de Juchipila, Mezquital del Oro, Moyahua y Apozol por las muestras de aprecio y respaldo recibidas.<\/p>\n\n\n\n<p>En el evento, Ulises Mej\u00eda Haro comparti\u00f3 los avances de las reformas aprobadas en leyes y la Constituci\u00f3n, as\u00ed como las propuestas que se discutir\u00e1n en el pr\u00f3ximo periodo ordinario del Congreso de la Uni\u00f3n. Estas iniciativas forman parte del segundo piso de la Transformaci\u00f3n de la vida p\u00fablica del pa\u00eds, impulsada por la presidenta Claudia Sheinbaum. Adem\u00e1s, se presentaron derechos y programas en diferentes \u00e1reas clave para fortalecer el desarrollo econ\u00f3mico y social.<\/p>\n\n\n\n<p>Entre los temas destacados, se abord\u00f3 la iniciativa de apoyo a las Micro, Peque\u00f1as y Medianas Empresas (MiPymes), con el objetivo de fortalecer la econom\u00eda local y regional mediante pol\u00edticas p\u00fablicas que generen m\u00e1s oportunidades para emprendedores y peque\u00f1os negocios. Tambi\u00e9n se discuti\u00f3 el Plan Nacional H\u00eddrico, enfocado en garantizar la gesti\u00f3n responsable y sostenible del agua en beneficio de las comunidades, as\u00ed como el Plan M\u00e9xico, que busca detonar el desarrollo del pa\u00eds a trav\u00e9s de estrategias integrales para el bienestar social.<\/p>\n\n\n\n<p>La reuni\u00f3n cont\u00f3 con una amplia participaci\u00f3n de liderazgos regionales en comercio, peque\u00f1as empresas, magisterio, agricultura, ganader\u00eda, deporte, salud, j\u00f3venes, mujeres y ex presidentes municipales de la regi\u00f3n. Los asistentes compartieron propuestas y planteamientos para detonar proyectos que contribuyan al desarrollo de Zacatecas y sus comunidades. Ulises Mej\u00eda Haro reafirm\u00f3 su compromiso con Un Movimiento Honesto y con visi\u00f3n de futuro, que priorice la transformaci\u00f3n y el desarrollo integral del estado. Destac\u00f3 que, trabajando juntos, es posible construir un Zacatecas m\u00e1s pr\u00f3spero e inclusivo.<\/p>\n","protected":false},"excerpt":{"rendered":"<p>. Comparti\u00f3 su iniciativa de apoyo a las Micro, Peque\u00f1as y Medianas Empresas (MiPymes), con el objetivo de fortalecer la econom\u00eda local y regional. . Durante la Asamblea Informativa realizada&hellip; <\/p>\n","protected":false},"author":1,"featured_media":274,"comment_status":"open","ping_status":"closed","sticky":false,"template":"","format":"standard","meta":{"_jetpack_memberships_contains_paid_content":false,"footnotes":""},"categories":[2],"tags":[],"class_list":["post-273","post","type-post","status-publish","format-standard","has-post-thumbnail","hentry","category-politica"],"yoast_head":"<!-- This site is optimized with the Yoast SEO plugin v24.2 - https:\/\/yoast.com\/wordpress\/plugins\/seo\/ -->\n<title>Ulises Mej\u00eda Haro agradece el apoyo de Juchipila y municipios de la regi\u00f3n - Peri\u00f3dico Digital de Zacatecas<\/title>\n<meta name=\"robots\" content=\"index, follow, max-snippet:-1, max-image-preview:large, max-video-preview:-1\" \/>\n<link rel=\"canonical\" href=\"https:\/\/creston.com.mx\/index.php\/01\/ulises-mejia-haro-agradece-el-apoyo-de-juchipila-y-municipios-de-la-region\/politica\/2025\/\" \/>\n<meta property=\"og:locale\" content=\"es_ES\" \/>\n<meta property=\"og:type\" content=\"article\" \/>\n<meta property=\"og:title\" content=\"Ulises Mej\u00eda Haro agradece el apoyo de Juchipila y municipios de la regi\u00f3n - Peri\u00f3dico Digital de Zacatecas\" \/>\n<meta property=\"og:description\" content=\". Comparti\u00f3 su iniciativa de apoyo a las Micro, Peque\u00f1as y Medianas Empresas (MiPymes), con el objetivo de fortalecer la econom\u00eda local y regional. . Durante la Asamblea Informativa realizada&hellip;\" \/>\n<meta property=\"og:url\" content=\"https:\/\/creston.com.mx\/index.php\/01\/ulises-mejia-haro-agradece-el-apoyo-de-juchipila-y-municipios-de-la-region\/politica\/2025\/\" \/>\n<meta property=\"og:site_name\" content=\"Peri\u00f3dico Digital de Zacatecas\" \/>\n<meta property=\"article:published_time\" content=\"2025-01-25T04:53:45+00:00\" \/>\n<meta property=\"article:modified_time\" content=\"2025-01-25T04:53:46+00:00\" \/>\n<meta property=\"og:image\" content=\"https:\/\/creston.com.mx\/wp-content\/uploads\/2025\/01\/IMG-20250124-WA0094.jpg\" \/>\n\t<meta property=\"og:image:width\" content=\"1006\" \/>\n\t<meta property=\"og:image:height\" content=\"621\" \/>\n\t<meta property=\"og:image:type\" content=\"image\/jpeg\" \/>\n<meta name=\"author\" content=\"Periodico Creston\" \/>\n<meta name=\"twitter:card\" content=\"summary_large_image\" \/>\n<meta name=\"twitter:label1\" content=\"Escrito por\" \/>\n\t<meta name=\"twitter:data1\" content=\"Periodico Creston\" \/>\n\t<meta name=\"twitter:label2\" content=\"Tiempo de lectura\" \/>\n\t<meta name=\"twitter:data2\" content=\"2 minutos\" \/>\n<script type=\"application\/ld+json\" class=\"yoast-schema-graph\">{\"@context\":\"https:\/\/schema.org\",\"@graph\":[{\"@type\":\"Article\",\"@id\":\"https:\/\/creston.com.mx\/index.php\/01\/ulises-mejia-haro-agradece-el-apoyo-de-juchipila-y-municipios-de-la-region\/politica\/2025\/#article\",\"isPartOf\":{\"@id\":\"https:\/\/creston.com.mx\/index.php\/01\/ulises-mejia-haro-agradece-el-apoyo-de-juchipila-y-municipios-de-la-region\/politica\/2025\/\"},\"author\":{\"name\":\"Periodico Creston\",\"@id\":\"https:\/\/creston.com.mx\/#\/schema\/person\/01f2ce9e289bc5300c759925ef768c1d\"},\"headline\":\"Ulises Mej\u00eda Haro agradece el apoyo de Juchipila y municipios de la regi\u00f3n\",\"datePublished\":\"2025-01-25T04:53:45+00:00\",\"dateModified\":\"2025-01-25T04:53:46+00:00\",\"mainEntityOfPage\":{\"@id\":\"https:\/\/creston.com.mx\/index.php\/01\/ulises-mejia-haro-agradece-el-apoyo-de-juchipila-y-municipios-de-la-region\/politica\/2025\/\"},\"wordCount\":353,\"commentCount\":0,\"publisher\":{\"@id\":\"https:\/\/creston.com.mx\/#organization\"},\"image\":{\"@id\":\"https:\/\/creston.com.mx\/index.php\/01\/ulises-mejia-haro-agradece-el-apoyo-de-juchipila-y-municipios-de-la-region\/politica\/2025\/#primaryimage\"},\"thumbnailUrl\":\"https:\/\/creston.com.mx\/wp-content\/uploads\/2025\/01\/IMG-20250124-WA0094.jpg\",\"articleSection\":[\"Pol\u00edtica\"],\"inLanguage\":\"es\",\"potentialAction\":[{\"@type\":\"CommentAction\",\"name\":\"Comment\",\"target\":[\"https:\/\/creston.com.mx\/index.php\/01\/ulises-mejia-haro-agradece-el-apoyo-de-juchipila-y-municipios-de-la-region\/politica\/2025\/#respond\"]}]},{\"@type\":\"WebPage\",\"@id\":\"https:\/\/creston.com.mx\/index.php\/01\/ulises-mejia-haro-agradece-el-apoyo-de-juchipila-y-municipios-de-la-region\/politica\/2025\/\",\"url\":\"https:\/\/creston.com.mx\/index.php\/01\/ulises-mejia-haro-agradece-el-apoyo-de-juchipila-y-municipios-de-la-region\/politica\/2025\/\",\"name\":\"Ulises Mej\u00eda Haro agradece el apoyo de Juchipila y municipios de la regi\u00f3n - Peri\u00f3dico Digital de Zacatecas\",\"isPartOf\":{\"@id\":\"https:\/\/creston.com.mx\/#website\"},\"primaryImageOfPage\":{\"@id\":\"https:\/\/creston.com.mx\/index.php\/01\/ulises-mejia-haro-agradece-el-apoyo-de-juchipila-y-municipios-de-la-region\/politica\/2025\/#primaryimage\"},\"image\":{\"@id\":\"https:\/\/creston.com.mx\/index.php\/01\/ulises-mejia-haro-agradece-el-apoyo-de-juchipila-y-municipios-de-la-region\/politica\/2025\/#primaryimage\"},\"thumbnailUrl\":\"https:\/\/creston.com.mx\/wp-content\/uploads\/2025\/01\/IMG-20250124-WA0094.jpg\",\"datePublished\":\"2025-01-25T04:53:45+00:00\",\"dateModified\":\"2025-01-25T04:53:46+00:00\",\"breadcrumb\":{\"@id\":\"https:\/\/creston.com.mx\/index.php\/01\/ulises-mejia-haro-agradece-el-apoyo-de-juchipila-y-municipios-de-la-region\/politica\/2025\/#breadcrumb\"},\"inLanguage\":\"es\",\"potentialAction\":[{\"@type\":\"ReadAction\",\"target\":[\"https:\/\/creston.com.mx\/index.php\/01\/ulises-mejia-haro-agradece-el-apoyo-de-juchipila-y-municipios-de-la-region\/politica\/2025\/\"]}]},{\"@type\":\"ImageObject\",\"inLanguage\":\"es\",\"@id\":\"https:\/\/creston.com.mx\/index.php\/01\/ulises-mejia-haro-agradece-el-apoyo-de-juchipila-y-municipios-de-la-region\/politica\/2025\/#primaryimage\",\"url\":\"https:\/\/creston.com.mx\/wp-content\/uploads\/2025\/01\/IMG-20250124-WA0094.jpg\",\"contentUrl\":\"https:\/\/creston.com.mx\/wp-content\/uploads\/2025\/01\/IMG-20250124-WA0094.jpg\",\"width\":1006,\"height\":621},{\"@type\":\"BreadcrumbList\",\"@id\":\"https:\/\/creston.com.mx\/index.php\/01\/ulises-mejia-haro-agradece-el-apoyo-de-juchipila-y-municipios-de-la-region\/politica\/2025\/#breadcrumb\",\"itemListElement\":[{\"@type\":\"ListItem\",\"position\":1,\"name\":\"Portada\",\"item\":\"https:\/\/creston.com.mx\/\"},{\"@type\":\"ListItem\",\"position\":2,\"name\":\"Ulises Mej\u00eda Haro agradece el apoyo de Juchipila y municipios de la regi\u00f3n\"}]},{\"@type\":\"WebSite\",\"@id\":\"https:\/\/creston.com.mx\/#website\",\"url\":\"https:\/\/creston.com.mx\/\",\"name\":\"Peri\u00f3dico Digital de Zacatecas\",\"description\":\"\",\"publisher\":{\"@id\":\"https:\/\/creston.com.mx\/#organization\"},\"potentialAction\":[{\"@type\":\"SearchAction\",\"target\":{\"@type\":\"EntryPoint\",\"urlTemplate\":\"https:\/\/creston.com.mx\/?s={search_term_string}\"},\"query-input\":{\"@type\":\"PropertyValueSpecification\",\"valueRequired\":true,\"valueName\":\"search_term_string\"}}],\"inLanguage\":\"es\"},{\"@type\":\"Organization\",\"@id\":\"https:\/\/creston.com.mx\/#organization\",\"name\":\"Peri\u00f3dico Digital de Zacatecas\",\"url\":\"https:\/\/creston.com.mx\/\",\"logo\":{\"@type\":\"ImageObject\",\"inLanguage\":\"es\",\"@id\":\"https:\/\/creston.com.mx\/#\/schema\/logo\/image\/\",\"url\":\"https:\/\/creston.com.mx\/wp-content\/uploads\/2026\/02\/cropped-Logo-Creston2.jpg\",\"contentUrl\":\"https:\/\/creston.com.mx\/wp-content\/uploads\/2026\/02\/cropped-Logo-Creston2.jpg\",\"width\":503,\"height\":194,\"caption\":\"Peri\u00f3dico Digital  de Zacatecas\"},\"image\":{\"@id\":\"https:\/\/creston.com.mx\/#\/schema\/logo\/image\/\"}},{\"@type\":\"Person\",\"@id\":\"https:\/\/creston.com.mx\/#\/schema\/person\/01f2ce9e289bc5300c759925ef768c1d\",\"name\":\"Periodico Creston\",\"image\":{\"@type\":\"ImageObject\",\"inLanguage\":\"es\",\"@id\":\"https:\/\/creston.com.mx\/#\/schema\/person\/image\/\",\"url\":\"https:\/\/secure.gravatar.com\/avatar\/c91eac1cf0d45897b6d294d474aa7713a194d460be0aaf72157553d050cda1c1?s=96&d=mm&r=g\",\"contentUrl\":\"https:\/\/secure.gravatar.com\/avatar\/c91eac1cf0d45897b6d294d474aa7713a194d460be0aaf72157553d050cda1c1?s=96&d=mm&r=g\",\"caption\":\"Periodico Creston\"},\"sameAs\":[\"https:\/\/creston.com.mx\"],\"url\":\"https:\/\/creston.com.mx\/index.php\/author\/cstnalja96\/\"}]}<\/script>\n<!-- \/ Yoast SEO plugin. -->","yoast_head_json":{"title":"Ulises Mej\u00eda Haro agradece el apoyo de Juchipila y municipios de la regi\u00f3n - Peri\u00f3dico Digital de Zacatecas","robots":{"index":"index","follow":"follow","max-snippet":"max-snippet:-1","max-image-preview":"max-image-preview:large","max-video-preview":"max-video-preview:-1"},"canonical":"https:\/\/creston.com.mx\/index.php\/01\/ulises-mejia-haro-agradece-el-apoyo-de-juchipila-y-municipios-de-la-region\/politica\/2025\/","og_locale":"es_ES","og_type":"article","og_title":"Ulises Mej\u00eda Haro agradece el apoyo de Juchipila y municipios de la regi\u00f3n - Peri\u00f3dico Digital de Zacatecas","og_description":". Comparti\u00f3 su iniciativa de apoyo a las Micro, Peque\u00f1as y Medianas Empresas (MiPymes), con el objetivo de fortalecer la econom\u00eda local y regional. . Durante la Asamblea Informativa realizada&hellip;","og_url":"https:\/\/creston.com.mx\/index.php\/01\/ulises-mejia-haro-agradece-el-apoyo-de-juchipila-y-municipios-de-la-region\/politica\/2025\/","og_site_name":"Peri\u00f3dico Digital de Zacatecas","article_published_time":"2025-01-25T04:53:45+00:00","article_modified_time":"2025-01-25T04:53:46+00:00","og_image":[{"width":1006,"height":621,"url":"https:\/\/creston.com.mx\/wp-content\/uploads\/2025\/01\/IMG-20250124-WA0094.jpg","type":"image\/jpeg"}],"author":"Periodico Creston","twitter_card":"summary_large_image","twitter_misc":{"Escrito por":"Periodico Creston","Tiempo de lectura":"2 minutos"},"schema":{"@context":"https:\/\/schema.org","@graph":[{"@type":"Article","@id":"https:\/\/creston.com.mx\/index.php\/01\/ulises-mejia-haro-agradece-el-apoyo-de-juchipila-y-municipios-de-la-region\/politica\/2025\/#article","isPartOf":{"@id":"https:\/\/creston.com.mx\/index.php\/01\/ulises-mejia-haro-agradece-el-apoyo-de-juchipila-y-municipios-de-la-region\/politica\/2025\/"},"author":{"name":"Periodico Creston","@id":"https:\/\/creston.com.mx\/#\/schema\/person\/01f2ce9e289bc5300c759925ef768c1d"},"headline":"Ulises Mej\u00eda Haro agradece el apoyo de Juchipila y municipios de la regi\u00f3n","datePublished":"2025-01-25T04:53:45+00:00","dateModified":"2025-01-25T04:53:46+00:00","mainEntityOfPage":{"@id":"https:\/\/creston.com.mx\/index.php\/01\/ulises-mejia-haro-agradece-el-apoyo-de-juchipila-y-municipios-de-la-region\/politica\/2025\/"},"wordCount":353,"commentCount":0,"publisher":{"@id":"https:\/\/creston.com.mx\/#organization"},"image":{"@id":"https:\/\/creston.com.mx\/index.php\/01\/ulises-mejia-haro-agradece-el-apoyo-de-juchipila-y-municipios-de-la-region\/politica\/2025\/#primaryimage"},"thumbnailUrl":"https:\/\/creston.com.mx\/wp-content\/uploads\/2025\/01\/IMG-20250124-WA0094.jpg","articleSection":["Pol\u00edtica"],"inLanguage":"es","potentialAction":[{"@type":"CommentAction","name":"Comment","target":["https:\/\/creston.com.mx\/index.php\/01\/ulises-mejia-haro-agradece-el-apoyo-de-juchipila-y-municipios-de-la-region\/politica\/2025\/#respond"]}]},{"@type":"WebPage","@id":"https:\/\/creston.com.mx\/index.php\/01\/ulises-mejia-haro-agradece-el-apoyo-de-juchipila-y-municipios-de-la-region\/politica\/2025\/","url":"https:\/\/creston.com.mx\/index.php\/01\/ulises-mejia-haro-agradece-el-apoyo-de-juchipila-y-municipios-de-la-region\/politica\/2025\/","name":"Ulises Mej\u00eda Haro agradece el apoyo de Juchipila y municipios de la regi\u00f3n - Peri\u00f3dico Digital de Zacatecas","isPartOf":{"@id":"https:\/\/creston.com.mx\/#website"},"primaryImageOfPage":{"@id":"https:\/\/creston.com.mx\/index.php\/01\/ulises-mejia-haro-agradece-el-apoyo-de-juchipila-y-municipios-de-la-region\/politica\/2025\/#primaryimage"},"image":{"@id":"https:\/\/creston.com.mx\/index.php\/01\/ulises-mejia-haro-agradece-el-apoyo-de-juchipila-y-municipios-de-la-region\/politica\/2025\/#primaryimage"},"thumbnailUrl":"https:\/\/creston.com.mx\/wp-content\/uploads\/2025\/01\/IMG-20250124-WA0094.jpg","datePublished":"2025-01-25T04:53:45+00:00","dateModified":"2025-01-25T04:53:46+00:00","breadcrumb":{"@id":"https:\/\/creston.com.mx\/index.php\/01\/ulises-mejia-haro-agradece-el-apoyo-de-juchipila-y-municipios-de-la-region\/politica\/2025\/#breadcrumb"},"inLanguage":"es","potentialAction":[{"@type":"ReadAction","target":["https:\/\/creston.com.mx\/index.php\/01\/ulises-mejia-haro-agradece-el-apoyo-de-juchipila-y-municipios-de-la-region\/politica\/2025\/"]}]},{"@type":"ImageObject","inLanguage":"es","@id":"https:\/\/creston.com.mx\/index.php\/01\/ulises-mejia-haro-agradece-el-apoyo-de-juchipila-y-municipios-de-la-region\/politica\/2025\/#primaryimage","url":"https:\/\/creston.com.mx\/wp-content\/uploads\/2025\/01\/IMG-20250124-WA0094.jpg","contentUrl":"https:\/\/creston.com.mx\/wp-content\/uploads\/2025\/01\/IMG-20250124-WA0094.jpg","width":1006,"height":621},{"@type":"BreadcrumbList","@id":"https:\/\/creston.com.mx\/index.php\/01\/ulises-mejia-haro-agradece-el-apoyo-de-juchipila-y-municipios-de-la-region\/politica\/2025\/#breadcrumb","itemListElement":[{"@type":"ListItem","position":1,"name":"Portada","item":"https:\/\/creston.com.mx\/"},{"@type":"ListItem","position":2,"name":"Ulises Mej\u00eda Haro agradece el apoyo de Juchipila y municipios de la regi\u00f3n"}]},{"@type":"WebSite","@id":"https:\/\/creston.com.mx\/#website","url":"https:\/\/creston.com.mx\/","name":"Peri\u00f3dico Digital de Zacatecas","description":"","publisher":{"@id":"https:\/\/creston.com.mx\/#organization"},"potentialAction":[{"@type":"SearchAction","target":{"@type":"EntryPoint","urlTemplate":"https:\/\/creston.com.mx\/?s={search_term_string}"},"query-input":{"@type":"PropertyValueSpecification","valueRequired":true,"valueName":"search_term_string"}}],"inLanguage":"es"},{"@type":"Organization","@id":"https:\/\/creston.com.mx\/#organization","name":"Peri\u00f3dico Digital de Zacatecas","url":"https:\/\/creston.com.mx\/","logo":{"@type":"ImageObject","inLanguage":"es","@id":"https:\/\/creston.com.mx\/#\/schema\/logo\/image\/","url":"https:\/\/creston.com.mx\/wp-content\/uploads\/2026\/02\/cropped-Logo-Creston2.jpg","contentUrl":"https:\/\/creston.com.mx\/wp-content\/uploads\/2026\/02\/cropped-Logo-Creston2.jpg","width":503,"height":194,"caption":"Peri\u00f3dico Digital  de Zacatecas"},"image":{"@id":"https:\/\/creston.com.mx\/#\/schema\/logo\/image\/"}},{"@type":"Person","@id":"https:\/\/creston.com.mx\/#\/schema\/person\/01f2ce9e289bc5300c759925ef768c1d","name":"Periodico Creston","image":{"@type":"ImageObject","inLanguage":"es","@id":"https:\/\/creston.com.mx\/#\/schema\/person\/image\/","url":"https:\/\/secure.gravatar.com\/avatar\/c91eac1cf0d45897b6d294d474aa7713a194d460be0aaf72157553d050cda1c1?s=96&d=mm&r=g","contentUrl":"https:\/\/secure.gravatar.com\/avatar\/c91eac1cf0d45897b6d294d474aa7713a194d460be0aaf72157553d050cda1c1?s=96&d=mm&r=g","caption":"Periodico Creston"},"sameAs":["https:\/\/creston.com.mx"],"url":"https:\/\/creston.com.mx\/index.php\/author\/cstnalja96\/"}]}},"jetpack_sharing_enabled":true,"jetpack_featured_media_url":"https:\/\/creston.com.mx\/wp-content\/uploads\/2025\/01\/IMG-20250124-WA0094.jpg","_links":{"self":[{"href":"https:\/\/creston.com.mx\/index.php\/wp-json\/wp\/v2\/posts\/273","targetHints":{"allow":["GET"]}}],"collection":[{"href":"https:\/\/creston.com.mx\/index.php\/wp-json\/wp\/v2\/posts"}],"about":[{"href":"https:\/\/creston.com.mx\/index.php\/wp-json\/wp\/v2\/types\/post"}],"author":[{"embeddable":true,"href":"https:\/\/creston.com.mx\/index.php\/wp-json\/wp\/v2\/users\/1"}],"replies":[{"embeddable":true,"href":"https:\/\/creston.com.mx\/index.php\/wp-json\/wp\/v2\/comments?post=273"}],"version-history":[{"count":1,"href":"https:\/\/creston.com.mx\/index.php\/wp-json\/wp\/v2\/posts\/273\/revisions"}],"predecessor-version":[{"id":275,"href":"https:\/\/creston.com.mx\/index.php\/wp-json\/wp\/v2\/posts\/273\/revisions\/275"}],"wp:featuredmedia":[{"embeddable":true,"href":"https:\/\/creston.com.mx\/index.php\/wp-json\/wp\/v2\/media\/274"}],"wp:attachment":[{"href":"https:\/\/creston.com.mx\/index.php\/wp-json\/wp\/v2\/media?parent=273"}],"wp:term":[{"taxonomy":"category","embeddable":true,"href":"https:\/\/creston.com.mx\/index.php\/wp-json\/wp\/v2\/categories?post=273"},{"taxonomy":"post_tag","embeddable":true,"href":"https:\/\/creston.com.mx\/index.php\/wp-json\/wp\/v2\/tags?post=273"}],"curies":[{"name":"wp","href":"https:\/\/api.w.org\/{rel}","templated":true}]}}