{"id":2688,"date":"2026-03-03T20:00:00","date_gmt":"2026-03-04T02:00:00","guid":{"rendered":"https:\/\/creston.com.mx\/?p=2688"},"modified":"2026-03-03T23:05:21","modified_gmt":"2026-03-04T05:05:21","slug":"se-activa-el-centro-historico-con-musica-y-talento-juvenil","status":"publish","type":"post","link":"https:\/\/creston.com.mx\/index.php\/03\/se-activa-el-centro-historico-con-musica-y-talento-juvenil\/estado\/2026\/","title":{"rendered":"Se activa el Centro Hist\u00f3rico con m\u00fasica y talento juvenil"},"content":{"rendered":"\n<p>.<\/p>\n\n\n\n<p class=\"has-medium-font-size\"><strong><em>El Ayuntamiento de Zacatecas suma conciertos de g\u00e9neros alternativos en la Plazuela Goitia, ampliando la oferta cultural.<\/em><\/strong><\/p>\n\n\n\n<p>.<\/p>\n\n\n\n<p>Con el objetivo de fortalecer la vida cultural y tur\u00edstica del municipio, el Centro Hist\u00f3rico se activa los fines de semana con una agenda permanente de eventos musicales impulsados por la Direcci\u00f3n de Turismo Municipal.<\/p>\n\n\n\n<p>Adem\u00e1s de las ya tradicionales presentaciones de la Banda Sinf\u00f3nica y la Orquesta T\u00edpica del Municipio, ahora se suman conciertos de g\u00e9neros alternativos en la Plazuela Goitia, ampliando la oferta cultural y brindando espacios de expresi\u00f3n para nuevos talentos.<\/p>\n\n\n\n<p>Esta nueva etapa comenz\u00f3 con la destacada participaci\u00f3n de la banda juvenil Rocket Queen, agrupaci\u00f3n integrada por adolescentes apasionados por el hard rock y el thrash metal, quienes ofrecieron un concierto que fue bien recibido por las familias zacatecanas, turistas y visitantes del Centro Hist\u00f3rico.<\/p>\n\n\n<div class=\"wp-block-image\">\n<figure class=\"alignright size-large is-resized\"><img fetchpriority=\"high\" decoding=\"async\" width=\"768\" height=\"1024\" src=\"https:\/\/creston.com.mx\/wp-content\/uploads\/2026\/03\/Musica-juvenil-centro-2-768x1024.jpeg\" alt=\"\" class=\"wp-image-2690\" style=\"width:354px;height:auto\" srcset=\"https:\/\/creston.com.mx\/wp-content\/uploads\/2026\/03\/Musica-juvenil-centro-2-768x1024.jpeg 768w, https:\/\/creston.com.mx\/wp-content\/uploads\/2026\/03\/Musica-juvenil-centro-2-225x300.jpeg 225w, https:\/\/creston.com.mx\/wp-content\/uploads\/2026\/03\/Musica-juvenil-centro-2.jpeg 960w\" sizes=\"(max-width: 768px) 100vw, 768px\" \/><\/figure>\n<\/div>\n\n\n<p>Durante el evento se cont\u00f3 con la presencia de Berenice Villagrana, Directora General, y de \u00d3scar Contreras, Secretario de la Comisi\u00f3n de Turismo, Arte y Cultura, quienes reconocieron el talento y entusiasmo de los j\u00f3venes m\u00fasicos, destacando la importancia de generar espacios que fomenten la cultura, la convivencia comunitaria y el uso positivo de los espacios p\u00fablicos.<\/p>\n\n\n\n<p>La presentaci\u00f3n incluy\u00f3 interpretaciones de bandas ic\u00f3nicas del rock como Guns N\u2019 Roses, Metallica, Megadeth, Scorpions, Bon Jovi y Black Sabbath, as\u00ed como temas propios, consolidando una tarde de energ\u00eda y expresi\u00f3n art\u00edstica. <\/p>\n\n\n\n<p>Con estas acciones, el Gobierno Municipal refrenda su compromiso de impulsar el talento local, fortalecer la identidad multicultural y dinamizar la actividad tur\u00edstica y comercial del Centro Hist\u00f3rico, ofreciendo cada fin de semana experiencias culturales para todas y todos.<\/p>\n\n\n\n<p>.<\/p>\n\n\n\n\n\n<p>.<\/p>\n\n\n<div class=\"wp-block-image\">\n<figure class=\"aligncenter size-large is-resized\"><img decoding=\"async\" width=\"819\" height=\"1024\" src=\"https:\/\/creston.com.mx\/wp-content\/uploads\/2026\/02\/IMG-20260218-WA0018-819x1024.jpg\" alt=\"\" class=\"wp-image-2528\" style=\"width:547px;height:auto\" srcset=\"https:\/\/creston.com.mx\/wp-content\/uploads\/2026\/02\/IMG-20260218-WA0018-819x1024.jpg 819w, https:\/\/creston.com.mx\/wp-content\/uploads\/2026\/02\/IMG-20260218-WA0018-240x300.jpg 240w, https:\/\/creston.com.mx\/wp-content\/uploads\/2026\/02\/IMG-20260218-WA0018-768x960.jpg 768w, https:\/\/creston.com.mx\/wp-content\/uploads\/2026\/02\/IMG-20260218-WA0018-1229x1536.jpg 1229w, https:\/\/creston.com.mx\/wp-content\/uploads\/2026\/02\/IMG-20260218-WA0018.jpg 1280w\" sizes=\"(max-width: 819px) 100vw, 819px\" \/><\/figure>\n<\/div>","protected":false},"excerpt":{"rendered":"<p>. El Ayuntamiento de Zacatecas suma conciertos de g\u00e9neros alternativos en la Plazuela Goitia, ampliando la oferta cultural. . Con el objetivo de fortalecer la vida cultural y tur\u00edstica del&hellip; <\/p>\n","protected":false},"author":1,"featured_media":2689,"comment_status":"open","ping_status":"closed","sticky":false,"template":"","format":"standard","meta":{"_jetpack_memberships_contains_paid_content":false,"footnotes":""},"categories":[1],"tags":[],"class_list":["post-2688","post","type-post","status-publish","format-standard","has-post-thumbnail","hentry","category-estado"],"yoast_head":"<!-- This site is optimized with the Yoast SEO plugin v24.2 - https:\/\/yoast.com\/wordpress\/plugins\/seo\/ -->\n<title>Se activa el Centro Hist\u00f3rico con m\u00fasica y talento juvenil - Peri\u00f3dico Digital de Zacatecas<\/title>\n<meta name=\"robots\" content=\"index, follow, max-snippet:-1, max-image-preview:large, max-video-preview:-1\" \/>\n<link rel=\"canonical\" href=\"https:\/\/creston.com.mx\/index.php\/03\/se-activa-el-centro-historico-con-musica-y-talento-juvenil\/estado\/2026\/\" \/>\n<meta property=\"og:locale\" content=\"es_ES\" \/>\n<meta property=\"og:type\" content=\"article\" \/>\n<meta property=\"og:title\" content=\"Se activa el Centro Hist\u00f3rico con m\u00fasica y talento juvenil - Peri\u00f3dico Digital de Zacatecas\" \/>\n<meta property=\"og:description\" content=\". El Ayuntamiento de Zacatecas suma conciertos de g\u00e9neros alternativos en la Plazuela Goitia, ampliando la oferta cultural. . Con el objetivo de fortalecer la vida cultural y tur\u00edstica del&hellip;\" \/>\n<meta property=\"og:url\" content=\"https:\/\/creston.com.mx\/index.php\/03\/se-activa-el-centro-historico-con-musica-y-talento-juvenil\/estado\/2026\/\" \/>\n<meta property=\"og:site_name\" content=\"Peri\u00f3dico Digital de Zacatecas\" \/>\n<meta property=\"article:published_time\" content=\"2026-03-04T02:00:00+00:00\" \/>\n<meta property=\"article:modified_time\" content=\"2026-03-04T05:05:21+00:00\" \/>\n<meta property=\"og:image\" content=\"https:\/\/creston.com.mx\/wp-content\/uploads\/2026\/03\/Musica-juvenil-centro-3.jpeg\" \/>\n\t<meta property=\"og:image:width\" content=\"960\" \/>\n\t<meta property=\"og:image:height\" content=\"787\" \/>\n\t<meta property=\"og:image:type\" content=\"image\/jpeg\" \/>\n<meta name=\"author\" content=\"Periodico Creston\" \/>\n<meta name=\"twitter:card\" content=\"summary_large_image\" \/>\n<meta name=\"twitter:label1\" content=\"Escrito por\" \/>\n\t<meta name=\"twitter:data1\" content=\"Periodico Creston\" \/>\n\t<meta name=\"twitter:label2\" content=\"Tiempo de lectura\" \/>\n\t<meta name=\"twitter:data2\" content=\"2 minutos\" \/>\n<script type=\"application\/ld+json\" class=\"yoast-schema-graph\">{\"@context\":\"https:\/\/schema.org\",\"@graph\":[{\"@type\":\"Article\",\"@id\":\"https:\/\/creston.com.mx\/index.php\/03\/se-activa-el-centro-historico-con-musica-y-talento-juvenil\/estado\/2026\/#article\",\"isPartOf\":{\"@id\":\"https:\/\/creston.com.mx\/index.php\/03\/se-activa-el-centro-historico-con-musica-y-talento-juvenil\/estado\/2026\/\"},\"author\":{\"name\":\"Periodico Creston\",\"@id\":\"https:\/\/creston.com.mx\/#\/schema\/person\/01f2ce9e289bc5300c759925ef768c1d\"},\"headline\":\"Se activa el Centro Hist\u00f3rico con m\u00fasica y talento juvenil\",\"datePublished\":\"2026-03-04T02:00:00+00:00\",\"dateModified\":\"2026-03-04T05:05:21+00:00\",\"mainEntityOfPage\":{\"@id\":\"https:\/\/creston.com.mx\/index.php\/03\/se-activa-el-centro-historico-con-musica-y-talento-juvenil\/estado\/2026\/\"},\"wordCount\":300,\"commentCount\":0,\"publisher\":{\"@id\":\"https:\/\/creston.com.mx\/#organization\"},\"image\":{\"@id\":\"https:\/\/creston.com.mx\/index.php\/03\/se-activa-el-centro-historico-con-musica-y-talento-juvenil\/estado\/2026\/#primaryimage\"},\"thumbnailUrl\":\"https:\/\/creston.com.mx\/wp-content\/uploads\/2026\/03\/Musica-juvenil-centro-3.jpeg\",\"articleSection\":[\"Estado\"],\"inLanguage\":\"es\",\"potentialAction\":[{\"@type\":\"CommentAction\",\"name\":\"Comment\",\"target\":[\"https:\/\/creston.com.mx\/index.php\/03\/se-activa-el-centro-historico-con-musica-y-talento-juvenil\/estado\/2026\/#respond\"]}]},{\"@type\":\"WebPage\",\"@id\":\"https:\/\/creston.com.mx\/index.php\/03\/se-activa-el-centro-historico-con-musica-y-talento-juvenil\/estado\/2026\/\",\"url\":\"https:\/\/creston.com.mx\/index.php\/03\/se-activa-el-centro-historico-con-musica-y-talento-juvenil\/estado\/2026\/\",\"name\":\"Se activa el Centro Hist\u00f3rico con m\u00fasica y talento juvenil - Peri\u00f3dico Digital de Zacatecas\",\"isPartOf\":{\"@id\":\"https:\/\/creston.com.mx\/#website\"},\"primaryImageOfPage\":{\"@id\":\"https:\/\/creston.com.mx\/index.php\/03\/se-activa-el-centro-historico-con-musica-y-talento-juvenil\/estado\/2026\/#primaryimage\"},\"image\":{\"@id\":\"https:\/\/creston.com.mx\/index.php\/03\/se-activa-el-centro-historico-con-musica-y-talento-juvenil\/estado\/2026\/#primaryimage\"},\"thumbnailUrl\":\"https:\/\/creston.com.mx\/wp-content\/uploads\/2026\/03\/Musica-juvenil-centro-3.jpeg\",\"datePublished\":\"2026-03-04T02:00:00+00:00\",\"dateModified\":\"2026-03-04T05:05:21+00:00\",\"breadcrumb\":{\"@id\":\"https:\/\/creston.com.mx\/index.php\/03\/se-activa-el-centro-historico-con-musica-y-talento-juvenil\/estado\/2026\/#breadcrumb\"},\"inLanguage\":\"es\",\"potentialAction\":[{\"@type\":\"ReadAction\",\"target\":[\"https:\/\/creston.com.mx\/index.php\/03\/se-activa-el-centro-historico-con-musica-y-talento-juvenil\/estado\/2026\/\"]}]},{\"@type\":\"ImageObject\",\"inLanguage\":\"es\",\"@id\":\"https:\/\/creston.com.mx\/index.php\/03\/se-activa-el-centro-historico-con-musica-y-talento-juvenil\/estado\/2026\/#primaryimage\",\"url\":\"https:\/\/creston.com.mx\/wp-content\/uploads\/2026\/03\/Musica-juvenil-centro-3.jpeg\",\"contentUrl\":\"https:\/\/creston.com.mx\/wp-content\/uploads\/2026\/03\/Musica-juvenil-centro-3.jpeg\",\"width\":960,\"height\":787},{\"@type\":\"BreadcrumbList\",\"@id\":\"https:\/\/creston.com.mx\/index.php\/03\/se-activa-el-centro-historico-con-musica-y-talento-juvenil\/estado\/2026\/#breadcrumb\",\"itemListElement\":[{\"@type\":\"ListItem\",\"position\":1,\"name\":\"Portada\",\"item\":\"https:\/\/creston.com.mx\/\"},{\"@type\":\"ListItem\",\"position\":2,\"name\":\"Se activa el Centro Hist\u00f3rico con m\u00fasica y talento juvenil\"}]},{\"@type\":\"WebSite\",\"@id\":\"https:\/\/creston.com.mx\/#website\",\"url\":\"https:\/\/creston.com.mx\/\",\"name\":\"Peri\u00f3dico Digital de Zacatecas\",\"description\":\"\",\"publisher\":{\"@id\":\"https:\/\/creston.com.mx\/#organization\"},\"potentialAction\":[{\"@type\":\"SearchAction\",\"target\":{\"@type\":\"EntryPoint\",\"urlTemplate\":\"https:\/\/creston.com.mx\/?s={search_term_string}\"},\"query-input\":{\"@type\":\"PropertyValueSpecification\",\"valueRequired\":true,\"valueName\":\"search_term_string\"}}],\"inLanguage\":\"es\"},{\"@type\":\"Organization\",\"@id\":\"https:\/\/creston.com.mx\/#organization\",\"name\":\"Peri\u00f3dico Digital de Zacatecas\",\"url\":\"https:\/\/creston.com.mx\/\",\"logo\":{\"@type\":\"ImageObject\",\"inLanguage\":\"es\",\"@id\":\"https:\/\/creston.com.mx\/#\/schema\/logo\/image\/\",\"url\":\"https:\/\/creston.com.mx\/wp-content\/uploads\/2026\/02\/cropped-Logo-Creston2.jpg\",\"contentUrl\":\"https:\/\/creston.com.mx\/wp-content\/uploads\/2026\/02\/cropped-Logo-Creston2.jpg\",\"width\":503,\"height\":194,\"caption\":\"Peri\u00f3dico Digital  de Zacatecas\"},\"image\":{\"@id\":\"https:\/\/creston.com.mx\/#\/schema\/logo\/image\/\"}},{\"@type\":\"Person\",\"@id\":\"https:\/\/creston.com.mx\/#\/schema\/person\/01f2ce9e289bc5300c759925ef768c1d\",\"name\":\"Periodico Creston\",\"image\":{\"@type\":\"ImageObject\",\"inLanguage\":\"es\",\"@id\":\"https:\/\/creston.com.mx\/#\/schema\/person\/image\/\",\"url\":\"https:\/\/secure.gravatar.com\/avatar\/c91eac1cf0d45897b6d294d474aa7713a194d460be0aaf72157553d050cda1c1?s=96&d=mm&r=g\",\"contentUrl\":\"https:\/\/secure.gravatar.com\/avatar\/c91eac1cf0d45897b6d294d474aa7713a194d460be0aaf72157553d050cda1c1?s=96&d=mm&r=g\",\"caption\":\"Periodico Creston\"},\"sameAs\":[\"https:\/\/creston.com.mx\"],\"url\":\"https:\/\/creston.com.mx\/index.php\/author\/cstnalja96\/\"}]}<\/script>\n<!-- \/ Yoast SEO plugin. -->","yoast_head_json":{"title":"Se activa el Centro Hist\u00f3rico con m\u00fasica y talento juvenil - Peri\u00f3dico Digital de Zacatecas","robots":{"index":"index","follow":"follow","max-snippet":"max-snippet:-1","max-image-preview":"max-image-preview:large","max-video-preview":"max-video-preview:-1"},"canonical":"https:\/\/creston.com.mx\/index.php\/03\/se-activa-el-centro-historico-con-musica-y-talento-juvenil\/estado\/2026\/","og_locale":"es_ES","og_type":"article","og_title":"Se activa el Centro Hist\u00f3rico con m\u00fasica y talento juvenil - Peri\u00f3dico Digital de Zacatecas","og_description":". El Ayuntamiento de Zacatecas suma conciertos de g\u00e9neros alternativos en la Plazuela Goitia, ampliando la oferta cultural. . Con el objetivo de fortalecer la vida cultural y tur\u00edstica del&hellip;","og_url":"https:\/\/creston.com.mx\/index.php\/03\/se-activa-el-centro-historico-con-musica-y-talento-juvenil\/estado\/2026\/","og_site_name":"Peri\u00f3dico Digital de Zacatecas","article_published_time":"2026-03-04T02:00:00+00:00","article_modified_time":"2026-03-04T05:05:21+00:00","og_image":[{"width":960,"height":787,"url":"https:\/\/creston.com.mx\/wp-content\/uploads\/2026\/03\/Musica-juvenil-centro-3.jpeg","type":"image\/jpeg"}],"author":"Periodico Creston","twitter_card":"summary_large_image","twitter_misc":{"Escrito por":"Periodico Creston","Tiempo de lectura":"2 minutos"},"schema":{"@context":"https:\/\/schema.org","@graph":[{"@type":"Article","@id":"https:\/\/creston.com.mx\/index.php\/03\/se-activa-el-centro-historico-con-musica-y-talento-juvenil\/estado\/2026\/#article","isPartOf":{"@id":"https:\/\/creston.com.mx\/index.php\/03\/se-activa-el-centro-historico-con-musica-y-talento-juvenil\/estado\/2026\/"},"author":{"name":"Periodico Creston","@id":"https:\/\/creston.com.mx\/#\/schema\/person\/01f2ce9e289bc5300c759925ef768c1d"},"headline":"Se activa el Centro Hist\u00f3rico con m\u00fasica y talento juvenil","datePublished":"2026-03-04T02:00:00+00:00","dateModified":"2026-03-04T05:05:21+00:00","mainEntityOfPage":{"@id":"https:\/\/creston.com.mx\/index.php\/03\/se-activa-el-centro-historico-con-musica-y-talento-juvenil\/estado\/2026\/"},"wordCount":300,"commentCount":0,"publisher":{"@id":"https:\/\/creston.com.mx\/#organization"},"image":{"@id":"https:\/\/creston.com.mx\/index.php\/03\/se-activa-el-centro-historico-con-musica-y-talento-juvenil\/estado\/2026\/#primaryimage"},"thumbnailUrl":"https:\/\/creston.com.mx\/wp-content\/uploads\/2026\/03\/Musica-juvenil-centro-3.jpeg","articleSection":["Estado"],"inLanguage":"es","potentialAction":[{"@type":"CommentAction","name":"Comment","target":["https:\/\/creston.com.mx\/index.php\/03\/se-activa-el-centro-historico-con-musica-y-talento-juvenil\/estado\/2026\/#respond"]}]},{"@type":"WebPage","@id":"https:\/\/creston.com.mx\/index.php\/03\/se-activa-el-centro-historico-con-musica-y-talento-juvenil\/estado\/2026\/","url":"https:\/\/creston.com.mx\/index.php\/03\/se-activa-el-centro-historico-con-musica-y-talento-juvenil\/estado\/2026\/","name":"Se activa el Centro Hist\u00f3rico con m\u00fasica y talento juvenil - Peri\u00f3dico Digital de Zacatecas","isPartOf":{"@id":"https:\/\/creston.com.mx\/#website"},"primaryImageOfPage":{"@id":"https:\/\/creston.com.mx\/index.php\/03\/se-activa-el-centro-historico-con-musica-y-talento-juvenil\/estado\/2026\/#primaryimage"},"image":{"@id":"https:\/\/creston.com.mx\/index.php\/03\/se-activa-el-centro-historico-con-musica-y-talento-juvenil\/estado\/2026\/#primaryimage"},"thumbnailUrl":"https:\/\/creston.com.mx\/wp-content\/uploads\/2026\/03\/Musica-juvenil-centro-3.jpeg","datePublished":"2026-03-04T02:00:00+00:00","dateModified":"2026-03-04T05:05:21+00:00","breadcrumb":{"@id":"https:\/\/creston.com.mx\/index.php\/03\/se-activa-el-centro-historico-con-musica-y-talento-juvenil\/estado\/2026\/#breadcrumb"},"inLanguage":"es","potentialAction":[{"@type":"ReadAction","target":["https:\/\/creston.com.mx\/index.php\/03\/se-activa-el-centro-historico-con-musica-y-talento-juvenil\/estado\/2026\/"]}]},{"@type":"ImageObject","inLanguage":"es","@id":"https:\/\/creston.com.mx\/index.php\/03\/se-activa-el-centro-historico-con-musica-y-talento-juvenil\/estado\/2026\/#primaryimage","url":"https:\/\/creston.com.mx\/wp-content\/uploads\/2026\/03\/Musica-juvenil-centro-3.jpeg","contentUrl":"https:\/\/creston.com.mx\/wp-content\/uploads\/2026\/03\/Musica-juvenil-centro-3.jpeg","width":960,"height":787},{"@type":"BreadcrumbList","@id":"https:\/\/creston.com.mx\/index.php\/03\/se-activa-el-centro-historico-con-musica-y-talento-juvenil\/estado\/2026\/#breadcrumb","itemListElement":[{"@type":"ListItem","position":1,"name":"Portada","item":"https:\/\/creston.com.mx\/"},{"@type":"ListItem","position":2,"name":"Se activa el Centro Hist\u00f3rico con m\u00fasica y talento juvenil"}]},{"@type":"WebSite","@id":"https:\/\/creston.com.mx\/#website","url":"https:\/\/creston.com.mx\/","name":"Peri\u00f3dico Digital de Zacatecas","description":"","publisher":{"@id":"https:\/\/creston.com.mx\/#organization"},"potentialAction":[{"@type":"SearchAction","target":{"@type":"EntryPoint","urlTemplate":"https:\/\/creston.com.mx\/?s={search_term_string}"},"query-input":{"@type":"PropertyValueSpecification","valueRequired":true,"valueName":"search_term_string"}}],"inLanguage":"es"},{"@type":"Organization","@id":"https:\/\/creston.com.mx\/#organization","name":"Peri\u00f3dico Digital de Zacatecas","url":"https:\/\/creston.com.mx\/","logo":{"@type":"ImageObject","inLanguage":"es","@id":"https:\/\/creston.com.mx\/#\/schema\/logo\/image\/","url":"https:\/\/creston.com.mx\/wp-content\/uploads\/2026\/02\/cropped-Logo-Creston2.jpg","contentUrl":"https:\/\/creston.com.mx\/wp-content\/uploads\/2026\/02\/cropped-Logo-Creston2.jpg","width":503,"height":194,"caption":"Peri\u00f3dico Digital  de Zacatecas"},"image":{"@id":"https:\/\/creston.com.mx\/#\/schema\/logo\/image\/"}},{"@type":"Person","@id":"https:\/\/creston.com.mx\/#\/schema\/person\/01f2ce9e289bc5300c759925ef768c1d","name":"Periodico Creston","image":{"@type":"ImageObject","inLanguage":"es","@id":"https:\/\/creston.com.mx\/#\/schema\/person\/image\/","url":"https:\/\/secure.gravatar.com\/avatar\/c91eac1cf0d45897b6d294d474aa7713a194d460be0aaf72157553d050cda1c1?s=96&d=mm&r=g","contentUrl":"https:\/\/secure.gravatar.com\/avatar\/c91eac1cf0d45897b6d294d474aa7713a194d460be0aaf72157553d050cda1c1?s=96&d=mm&r=g","caption":"Periodico Creston"},"sameAs":["https:\/\/creston.com.mx"],"url":"https:\/\/creston.com.mx\/index.php\/author\/cstnalja96\/"}]}},"jetpack_sharing_enabled":true,"jetpack_featured_media_url":"https:\/\/creston.com.mx\/wp-content\/uploads\/2026\/03\/Musica-juvenil-centro-3.jpeg","_links":{"self":[{"href":"https:\/\/creston.com.mx\/index.php\/wp-json\/wp\/v2\/posts\/2688","targetHints":{"allow":["GET"]}}],"collection":[{"href":"https:\/\/creston.com.mx\/index.php\/wp-json\/wp\/v2\/posts"}],"about":[{"href":"https:\/\/creston.com.mx\/index.php\/wp-json\/wp\/v2\/types\/post"}],"author":[{"embeddable":true,"href":"https:\/\/creston.com.mx\/index.php\/wp-json\/wp\/v2\/users\/1"}],"replies":[{"embeddable":true,"href":"https:\/\/creston.com.mx\/index.php\/wp-json\/wp\/v2\/comments?post=2688"}],"version-history":[{"count":1,"href":"https:\/\/creston.com.mx\/index.php\/wp-json\/wp\/v2\/posts\/2688\/revisions"}],"predecessor-version":[{"id":2691,"href":"https:\/\/creston.com.mx\/index.php\/wp-json\/wp\/v2\/posts\/2688\/revisions\/2691"}],"wp:featuredmedia":[{"embeddable":true,"href":"https:\/\/creston.com.mx\/index.php\/wp-json\/wp\/v2\/media\/2689"}],"wp:attachment":[{"href":"https:\/\/creston.com.mx\/index.php\/wp-json\/wp\/v2\/media?parent=2688"}],"wp:term":[{"taxonomy":"category","embeddable":true,"href":"https:\/\/creston.com.mx\/index.php\/wp-json\/wp\/v2\/categories?post=2688"},{"taxonomy":"post_tag","embeddable":true,"href":"https:\/\/creston.com.mx\/index.php\/wp-json\/wp\/v2\/tags?post=2688"}],"curies":[{"name":"wp","href":"https:\/\/api.w.org\/{rel}","templated":true}]}}