{"id":2668,"date":"2026-03-02T20:15:00","date_gmt":"2026-03-03T02:15:00","guid":{"rendered":"https:\/\/creston.com.mx\/?p=2668"},"modified":"2026-03-03T17:25:08","modified_gmt":"2026-03-03T23:25:08","slug":"respaldaremos-la-iniciativa-presidencial-de-la-reforma-electoral-sma","status":"publish","type":"post","link":"https:\/\/creston.com.mx\/index.php\/03\/respaldaremos-la-iniciativa-presidencial-de-la-reforma-electoral-sma\/politica\/2026\/","title":{"rendered":"Respaldaremos la iniciativa presidencial de la Reforma Electoral: SMA"},"content":{"rendered":"\n<p>.<\/p>\n\n\n\n<p class=\"has-medium-font-size\"><strong><em>El senador llama a PT y PVEM a construir mayor\u00eda constitucional. La reforma contempla la reducci\u00f3n de plurinominales, financiamiento y gasto electoral; fiscalizaci\u00f3n m\u00e1s estricta.<\/em><\/strong><\/p>\n\n\n\n<p>.<\/p>\n\n\n\n<p>\u201cHabr\u00e1 menos privilegios, m\u00e1s territorio y mayor austeridad\u201d, destac\u00f3 el senador Sa\u00fal Monreal al hacer su postura de la reforma constitucional en materia electoral impulsada por la presidenta Claudia Sheinbaum, destacando que se trata de un cambio de gran calado que fortalece el federalismo, reduce privilegios y consolida la austeridad republicana.<\/p>\n\n\n\n<p>Explic\u00f3 que la propuesta elimina las senadur\u00edas plurinominales, dejando \u00fanicamente las de mayor\u00eda relativa y primera minor\u00eda, recuperando as\u00ed la esencia del Senado como \u00f3rgano representativo del pacto federal entre entidades.<\/p>\n\n\n\n<p>Tambi\u00e9n contempla la Regulaci\u00f3n y Homologaci\u00f3n de salarios en congresos locales, Ajustes en la integraci\u00f3n de cabildos, con un tope de hasta 15 regidur\u00edas seg\u00fan poblaci\u00f3n.<\/p>\n\n\n\n<p>En la Reducci\u00f3n del n\u00famero de legisladores federales, \u201cSe busca que quienes aspiren a un cargo vayan al territorio, hagan trabajo directo con la ciudadan\u00eda y no dependan de listas plurinominales como premio partidista\u201d, sostuvo.<\/p>\n\n\n\n<p>La reforma plantea una disminuci\u00f3n de hasta 25% en el financiamiento a partidos pol\u00edticos y ajustes presupuestales al Instituto Nacional Electoral, al Tribunal Electoral y a los organismos p\u00fablicos locales electorales (OPLEs), evitando duplicidades y empalmando procesos electorales para reducir costos.<\/p>\n\n\n\n<p>El senador Monreal subray\u00f3 que en el pasado se incrementaron nuevamente los presupuestos legislativos tras reducciones temporales, por lo que ahora la disminuci\u00f3n quedar\u00eda establecida en la Constituci\u00f3n.<\/p>\n\n\n\n<p>\u201cSe trata no solo de ahorrar, sino de ordenar y hacer eficiente el gasto p\u00fablico en materia electoral\u201d, puntualiz\u00f3.<\/p>\n\n\n\n<p>Ante se\u00f1alamientos de la oposici\u00f3n en cuanto al dinero ilegal en campa\u00f1as, el senador asegur\u00f3 que el sistema electoral mexicano ya cuenta con mecanismos robustos de fiscalizaci\u00f3n, y que la reforma fortalecer\u00e1 esa vigilancia mediante coordinaci\u00f3n directa con el SAT y la Unidad de Inteligencia Financiera.<\/p>\n\n\n<div class=\"wp-block-image\">\n<figure class=\"alignright size-large is-resized\"><img fetchpriority=\"high\" decoding=\"async\" width=\"1024\" height=\"785\" src=\"https:\/\/creston.com.mx\/wp-content\/uploads\/2026\/03\/Saul-confer-marz2-5-scaled-e1772580263530-1024x785.jpeg\" alt=\"\" class=\"wp-image-2670\" style=\"aspect-ratio:1.304470728260061;width:540px;height:auto\" srcset=\"https:\/\/creston.com.mx\/wp-content\/uploads\/2026\/03\/Saul-confer-marz2-5-scaled-e1772580263530-1024x785.jpeg 1024w, https:\/\/creston.com.mx\/wp-content\/uploads\/2026\/03\/Saul-confer-marz2-5-scaled-e1772580263530-300x230.jpeg 300w, https:\/\/creston.com.mx\/wp-content\/uploads\/2026\/03\/Saul-confer-marz2-5-scaled-e1772580263530-768x589.jpeg 768w, https:\/\/creston.com.mx\/wp-content\/uploads\/2026\/03\/Saul-confer-marz2-5-scaled-e1772580263530-1536x1178.jpeg 1536w, https:\/\/creston.com.mx\/wp-content\/uploads\/2026\/03\/Saul-confer-marz2-5-scaled-e1772580263530.jpeg 1920w\" sizes=\"(max-width: 1024px) 100vw, 1024px\" \/><\/figure>\n<\/div>\n\n\n<p>Acot\u00f3 mencionando los puntos concretos de la reforma como son que, se refuerzan topes de campa\u00f1a. Se eliminan esquemas opacos. Se proh\u00edbe el uso de efectivo en financiamiento electoral. Se endurecen sanciones que pueden llegar a la cancelaci\u00f3n de registros.<\/p>\n\n\n\n<p>\u201cLas elecciones est\u00e1n blindadas y lo estar\u00e1n a\u00fan m\u00e1s; no hay espacio para recursos il\u00edcitos\u201d, afirm\u00f3.<\/p>\n\n\n\n<p>El Grupo Parlamentario de Morena ha expresado su respaldo total a la iniciativa. El senador hizo un llamado respetuoso al Partido del Trabajo y al Partido Verde Ecologista de M\u00e9xico para consolidar la mayor\u00eda calificada necesaria.<\/p>\n\n\n\n<p>Record\u00f3 que en legislaturas anteriores se han logrado m\u00e1s de 24 reformas constitucionales en alianza, por lo que confi\u00f3 en que prevalecer\u00e1 la responsabilidad pol\u00edtica.<\/p>\n\n\n\n<p>\u201cSer\u00e1n d\u00edas intensos de debate en comisiones y en el pleno. Estamos convencidos de que esta reforma beneficiar\u00e1 a la democracia, a la ciudadan\u00eda y colocar\u00e1 a M\u00e9xico a la vanguardia\u201d, concluy\u00f3.<\/p>\n\n\n\n<p>.<\/p>\n\n\n\n\n\n<p>.<\/p>\n\n\n<div class=\"wp-block-image\">\n<figure class=\"aligncenter size-large is-resized\"><img decoding=\"async\" width=\"870\" height=\"1024\" src=\"https:\/\/creston.com.mx\/wp-content\/uploads\/2025\/06\/Anuncio-salon-eventos-870x1024.jpg\" alt=\"\" class=\"wp-image-966\" style=\"aspect-ratio:0.8496112270054997;width:580px;height:auto\" srcset=\"https:\/\/creston.com.mx\/wp-content\/uploads\/2025\/06\/Anuncio-salon-eventos-870x1024.jpg 870w, https:\/\/creston.com.mx\/wp-content\/uploads\/2025\/06\/Anuncio-salon-eventos-255x300.jpg 255w, https:\/\/creston.com.mx\/wp-content\/uploads\/2025\/06\/Anuncio-salon-eventos-768x904.jpg 768w, https:\/\/creston.com.mx\/wp-content\/uploads\/2025\/06\/Anuncio-salon-eventos.jpg 1275w\" sizes=\"(max-width: 870px) 100vw, 870px\" \/><\/figure>\n<\/div>","protected":false},"excerpt":{"rendered":"<p>. El senador llama a PT y PVEM a construir mayor\u00eda constitucional. La reforma contempla la reducci\u00f3n de plurinominales, financiamiento y gasto electoral; fiscalizaci\u00f3n m\u00e1s estricta. . \u201cHabr\u00e1 menos privilegios,&hellip; <\/p>\n","protected":false},"author":1,"featured_media":2669,"comment_status":"open","ping_status":"closed","sticky":false,"template":"","format":"standard","meta":{"_jetpack_memberships_contains_paid_content":false,"footnotes":""},"categories":[2],"tags":[],"class_list":["post-2668","post","type-post","status-publish","format-standard","has-post-thumbnail","hentry","category-politica"],"yoast_head":"<!-- This site is optimized with the Yoast SEO plugin v24.2 - https:\/\/yoast.com\/wordpress\/plugins\/seo\/ -->\n<title>Respaldaremos la iniciativa presidencial de la Reforma Electoral: SMA - Peri\u00f3dico Digital de Zacatecas<\/title>\n<meta name=\"robots\" content=\"index, follow, max-snippet:-1, max-image-preview:large, max-video-preview:-1\" \/>\n<link rel=\"canonical\" href=\"https:\/\/creston.com.mx\/index.php\/03\/respaldaremos-la-iniciativa-presidencial-de-la-reforma-electoral-sma\/politica\/2026\/\" \/>\n<meta property=\"og:locale\" content=\"es_ES\" \/>\n<meta property=\"og:type\" content=\"article\" \/>\n<meta property=\"og:title\" content=\"Respaldaremos la iniciativa presidencial de la Reforma Electoral: SMA - Peri\u00f3dico Digital de Zacatecas\" \/>\n<meta property=\"og:description\" content=\". El senador llama a PT y PVEM a construir mayor\u00eda constitucional. La reforma contempla la reducci\u00f3n de plurinominales, financiamiento y gasto electoral; fiscalizaci\u00f3n m\u00e1s estricta. . \u201cHabr\u00e1 menos privilegios,&hellip;\" \/>\n<meta property=\"og:url\" content=\"https:\/\/creston.com.mx\/index.php\/03\/respaldaremos-la-iniciativa-presidencial-de-la-reforma-electoral-sma\/politica\/2026\/\" \/>\n<meta property=\"og:site_name\" content=\"Peri\u00f3dico Digital de Zacatecas\" \/>\n<meta property=\"article:published_time\" content=\"2026-03-03T02:15:00+00:00\" \/>\n<meta property=\"article:modified_time\" content=\"2026-03-03T23:25:08+00:00\" \/>\n<meta property=\"og:image\" content=\"https:\/\/creston.com.mx\/wp-content\/uploads\/2026\/03\/20260302_091006-scaled.jpg\" \/>\n\t<meta property=\"og:image:width\" content=\"2560\" \/>\n\t<meta property=\"og:image:height\" content=\"1567\" \/>\n\t<meta property=\"og:image:type\" content=\"image\/jpeg\" \/>\n<meta name=\"author\" content=\"Periodico Creston\" \/>\n<meta name=\"twitter:card\" content=\"summary_large_image\" \/>\n<meta name=\"twitter:label1\" content=\"Escrito por\" \/>\n\t<meta name=\"twitter:data1\" content=\"Periodico Creston\" \/>\n\t<meta name=\"twitter:label2\" content=\"Tiempo de lectura\" \/>\n\t<meta name=\"twitter:data2\" content=\"3 minutos\" \/>\n<script type=\"application\/ld+json\" class=\"yoast-schema-graph\">{\"@context\":\"https:\/\/schema.org\",\"@graph\":[{\"@type\":\"Article\",\"@id\":\"https:\/\/creston.com.mx\/index.php\/03\/respaldaremos-la-iniciativa-presidencial-de-la-reforma-electoral-sma\/politica\/2026\/#article\",\"isPartOf\":{\"@id\":\"https:\/\/creston.com.mx\/index.php\/03\/respaldaremos-la-iniciativa-presidencial-de-la-reforma-electoral-sma\/politica\/2026\/\"},\"author\":{\"name\":\"Periodico Creston\",\"@id\":\"https:\/\/creston.com.mx\/#\/schema\/person\/01f2ce9e289bc5300c759925ef768c1d\"},\"headline\":\"Respaldaremos la iniciativa presidencial de la Reforma Electoral: SMA\",\"datePublished\":\"2026-03-03T02:15:00+00:00\",\"dateModified\":\"2026-03-03T23:25:08+00:00\",\"mainEntityOfPage\":{\"@id\":\"https:\/\/creston.com.mx\/index.php\/03\/respaldaremos-la-iniciativa-presidencial-de-la-reforma-electoral-sma\/politica\/2026\/\"},\"wordCount\":504,\"commentCount\":0,\"publisher\":{\"@id\":\"https:\/\/creston.com.mx\/#organization\"},\"image\":{\"@id\":\"https:\/\/creston.com.mx\/index.php\/03\/respaldaremos-la-iniciativa-presidencial-de-la-reforma-electoral-sma\/politica\/2026\/#primaryimage\"},\"thumbnailUrl\":\"https:\/\/creston.com.mx\/wp-content\/uploads\/2026\/03\/20260302_091006-scaled.jpg\",\"articleSection\":[\"Pol\u00edtica\"],\"inLanguage\":\"es\",\"potentialAction\":[{\"@type\":\"CommentAction\",\"name\":\"Comment\",\"target\":[\"https:\/\/creston.com.mx\/index.php\/03\/respaldaremos-la-iniciativa-presidencial-de-la-reforma-electoral-sma\/politica\/2026\/#respond\"]}]},{\"@type\":\"WebPage\",\"@id\":\"https:\/\/creston.com.mx\/index.php\/03\/respaldaremos-la-iniciativa-presidencial-de-la-reforma-electoral-sma\/politica\/2026\/\",\"url\":\"https:\/\/creston.com.mx\/index.php\/03\/respaldaremos-la-iniciativa-presidencial-de-la-reforma-electoral-sma\/politica\/2026\/\",\"name\":\"Respaldaremos la iniciativa presidencial de la Reforma Electoral: SMA - Peri\u00f3dico Digital de Zacatecas\",\"isPartOf\":{\"@id\":\"https:\/\/creston.com.mx\/#website\"},\"primaryImageOfPage\":{\"@id\":\"https:\/\/creston.com.mx\/index.php\/03\/respaldaremos-la-iniciativa-presidencial-de-la-reforma-electoral-sma\/politica\/2026\/#primaryimage\"},\"image\":{\"@id\":\"https:\/\/creston.com.mx\/index.php\/03\/respaldaremos-la-iniciativa-presidencial-de-la-reforma-electoral-sma\/politica\/2026\/#primaryimage\"},\"thumbnailUrl\":\"https:\/\/creston.com.mx\/wp-content\/uploads\/2026\/03\/20260302_091006-scaled.jpg\",\"datePublished\":\"2026-03-03T02:15:00+00:00\",\"dateModified\":\"2026-03-03T23:25:08+00:00\",\"breadcrumb\":{\"@id\":\"https:\/\/creston.com.mx\/index.php\/03\/respaldaremos-la-iniciativa-presidencial-de-la-reforma-electoral-sma\/politica\/2026\/#breadcrumb\"},\"inLanguage\":\"es\",\"potentialAction\":[{\"@type\":\"ReadAction\",\"target\":[\"https:\/\/creston.com.mx\/index.php\/03\/respaldaremos-la-iniciativa-presidencial-de-la-reforma-electoral-sma\/politica\/2026\/\"]}]},{\"@type\":\"ImageObject\",\"inLanguage\":\"es\",\"@id\":\"https:\/\/creston.com.mx\/index.php\/03\/respaldaremos-la-iniciativa-presidencial-de-la-reforma-electoral-sma\/politica\/2026\/#primaryimage\",\"url\":\"https:\/\/creston.com.mx\/wp-content\/uploads\/2026\/03\/20260302_091006-scaled.jpg\",\"contentUrl\":\"https:\/\/creston.com.mx\/wp-content\/uploads\/2026\/03\/20260302_091006-scaled.jpg\",\"width\":2560,\"height\":1567},{\"@type\":\"BreadcrumbList\",\"@id\":\"https:\/\/creston.com.mx\/index.php\/03\/respaldaremos-la-iniciativa-presidencial-de-la-reforma-electoral-sma\/politica\/2026\/#breadcrumb\",\"itemListElement\":[{\"@type\":\"ListItem\",\"position\":1,\"name\":\"Portada\",\"item\":\"https:\/\/creston.com.mx\/\"},{\"@type\":\"ListItem\",\"position\":2,\"name\":\"Respaldaremos la iniciativa presidencial de la Reforma Electoral: SMA\"}]},{\"@type\":\"WebSite\",\"@id\":\"https:\/\/creston.com.mx\/#website\",\"url\":\"https:\/\/creston.com.mx\/\",\"name\":\"Peri\u00f3dico Digital de Zacatecas\",\"description\":\"\",\"publisher\":{\"@id\":\"https:\/\/creston.com.mx\/#organization\"},\"potentialAction\":[{\"@type\":\"SearchAction\",\"target\":{\"@type\":\"EntryPoint\",\"urlTemplate\":\"https:\/\/creston.com.mx\/?s={search_term_string}\"},\"query-input\":{\"@type\":\"PropertyValueSpecification\",\"valueRequired\":true,\"valueName\":\"search_term_string\"}}],\"inLanguage\":\"es\"},{\"@type\":\"Organization\",\"@id\":\"https:\/\/creston.com.mx\/#organization\",\"name\":\"Peri\u00f3dico Digital de Zacatecas\",\"url\":\"https:\/\/creston.com.mx\/\",\"logo\":{\"@type\":\"ImageObject\",\"inLanguage\":\"es\",\"@id\":\"https:\/\/creston.com.mx\/#\/schema\/logo\/image\/\",\"url\":\"https:\/\/creston.com.mx\/wp-content\/uploads\/2026\/02\/cropped-Logo-Creston2.jpg\",\"contentUrl\":\"https:\/\/creston.com.mx\/wp-content\/uploads\/2026\/02\/cropped-Logo-Creston2.jpg\",\"width\":503,\"height\":194,\"caption\":\"Peri\u00f3dico Digital  de Zacatecas\"},\"image\":{\"@id\":\"https:\/\/creston.com.mx\/#\/schema\/logo\/image\/\"}},{\"@type\":\"Person\",\"@id\":\"https:\/\/creston.com.mx\/#\/schema\/person\/01f2ce9e289bc5300c759925ef768c1d\",\"name\":\"Periodico Creston\",\"image\":{\"@type\":\"ImageObject\",\"inLanguage\":\"es\",\"@id\":\"https:\/\/creston.com.mx\/#\/schema\/person\/image\/\",\"url\":\"https:\/\/secure.gravatar.com\/avatar\/c91eac1cf0d45897b6d294d474aa7713a194d460be0aaf72157553d050cda1c1?s=96&d=mm&r=g\",\"contentUrl\":\"https:\/\/secure.gravatar.com\/avatar\/c91eac1cf0d45897b6d294d474aa7713a194d460be0aaf72157553d050cda1c1?s=96&d=mm&r=g\",\"caption\":\"Periodico Creston\"},\"sameAs\":[\"https:\/\/creston.com.mx\"],\"url\":\"https:\/\/creston.com.mx\/index.php\/author\/cstnalja96\/\"}]}<\/script>\n<!-- \/ Yoast SEO plugin. -->","yoast_head_json":{"title":"Respaldaremos la iniciativa presidencial de la Reforma Electoral: SMA - Peri\u00f3dico Digital de Zacatecas","robots":{"index":"index","follow":"follow","max-snippet":"max-snippet:-1","max-image-preview":"max-image-preview:large","max-video-preview":"max-video-preview:-1"},"canonical":"https:\/\/creston.com.mx\/index.php\/03\/respaldaremos-la-iniciativa-presidencial-de-la-reforma-electoral-sma\/politica\/2026\/","og_locale":"es_ES","og_type":"article","og_title":"Respaldaremos la iniciativa presidencial de la Reforma Electoral: SMA - Peri\u00f3dico Digital de Zacatecas","og_description":". El senador llama a PT y PVEM a construir mayor\u00eda constitucional. La reforma contempla la reducci\u00f3n de plurinominales, financiamiento y gasto electoral; fiscalizaci\u00f3n m\u00e1s estricta. . \u201cHabr\u00e1 menos privilegios,&hellip;","og_url":"https:\/\/creston.com.mx\/index.php\/03\/respaldaremos-la-iniciativa-presidencial-de-la-reforma-electoral-sma\/politica\/2026\/","og_site_name":"Peri\u00f3dico Digital de Zacatecas","article_published_time":"2026-03-03T02:15:00+00:00","article_modified_time":"2026-03-03T23:25:08+00:00","og_image":[{"width":2560,"height":1567,"url":"https:\/\/creston.com.mx\/wp-content\/uploads\/2026\/03\/20260302_091006-scaled.jpg","type":"image\/jpeg"}],"author":"Periodico Creston","twitter_card":"summary_large_image","twitter_misc":{"Escrito por":"Periodico Creston","Tiempo de lectura":"3 minutos"},"schema":{"@context":"https:\/\/schema.org","@graph":[{"@type":"Article","@id":"https:\/\/creston.com.mx\/index.php\/03\/respaldaremos-la-iniciativa-presidencial-de-la-reforma-electoral-sma\/politica\/2026\/#article","isPartOf":{"@id":"https:\/\/creston.com.mx\/index.php\/03\/respaldaremos-la-iniciativa-presidencial-de-la-reforma-electoral-sma\/politica\/2026\/"},"author":{"name":"Periodico Creston","@id":"https:\/\/creston.com.mx\/#\/schema\/person\/01f2ce9e289bc5300c759925ef768c1d"},"headline":"Respaldaremos la iniciativa presidencial de la Reforma Electoral: SMA","datePublished":"2026-03-03T02:15:00+00:00","dateModified":"2026-03-03T23:25:08+00:00","mainEntityOfPage":{"@id":"https:\/\/creston.com.mx\/index.php\/03\/respaldaremos-la-iniciativa-presidencial-de-la-reforma-electoral-sma\/politica\/2026\/"},"wordCount":504,"commentCount":0,"publisher":{"@id":"https:\/\/creston.com.mx\/#organization"},"image":{"@id":"https:\/\/creston.com.mx\/index.php\/03\/respaldaremos-la-iniciativa-presidencial-de-la-reforma-electoral-sma\/politica\/2026\/#primaryimage"},"thumbnailUrl":"https:\/\/creston.com.mx\/wp-content\/uploads\/2026\/03\/20260302_091006-scaled.jpg","articleSection":["Pol\u00edtica"],"inLanguage":"es","potentialAction":[{"@type":"CommentAction","name":"Comment","target":["https:\/\/creston.com.mx\/index.php\/03\/respaldaremos-la-iniciativa-presidencial-de-la-reforma-electoral-sma\/politica\/2026\/#respond"]}]},{"@type":"WebPage","@id":"https:\/\/creston.com.mx\/index.php\/03\/respaldaremos-la-iniciativa-presidencial-de-la-reforma-electoral-sma\/politica\/2026\/","url":"https:\/\/creston.com.mx\/index.php\/03\/respaldaremos-la-iniciativa-presidencial-de-la-reforma-electoral-sma\/politica\/2026\/","name":"Respaldaremos la iniciativa presidencial de la Reforma Electoral: SMA - Peri\u00f3dico Digital de Zacatecas","isPartOf":{"@id":"https:\/\/creston.com.mx\/#website"},"primaryImageOfPage":{"@id":"https:\/\/creston.com.mx\/index.php\/03\/respaldaremos-la-iniciativa-presidencial-de-la-reforma-electoral-sma\/politica\/2026\/#primaryimage"},"image":{"@id":"https:\/\/creston.com.mx\/index.php\/03\/respaldaremos-la-iniciativa-presidencial-de-la-reforma-electoral-sma\/politica\/2026\/#primaryimage"},"thumbnailUrl":"https:\/\/creston.com.mx\/wp-content\/uploads\/2026\/03\/20260302_091006-scaled.jpg","datePublished":"2026-03-03T02:15:00+00:00","dateModified":"2026-03-03T23:25:08+00:00","breadcrumb":{"@id":"https:\/\/creston.com.mx\/index.php\/03\/respaldaremos-la-iniciativa-presidencial-de-la-reforma-electoral-sma\/politica\/2026\/#breadcrumb"},"inLanguage":"es","potentialAction":[{"@type":"ReadAction","target":["https:\/\/creston.com.mx\/index.php\/03\/respaldaremos-la-iniciativa-presidencial-de-la-reforma-electoral-sma\/politica\/2026\/"]}]},{"@type":"ImageObject","inLanguage":"es","@id":"https:\/\/creston.com.mx\/index.php\/03\/respaldaremos-la-iniciativa-presidencial-de-la-reforma-electoral-sma\/politica\/2026\/#primaryimage","url":"https:\/\/creston.com.mx\/wp-content\/uploads\/2026\/03\/20260302_091006-scaled.jpg","contentUrl":"https:\/\/creston.com.mx\/wp-content\/uploads\/2026\/03\/20260302_091006-scaled.jpg","width":2560,"height":1567},{"@type":"BreadcrumbList","@id":"https:\/\/creston.com.mx\/index.php\/03\/respaldaremos-la-iniciativa-presidencial-de-la-reforma-electoral-sma\/politica\/2026\/#breadcrumb","itemListElement":[{"@type":"ListItem","position":1,"name":"Portada","item":"https:\/\/creston.com.mx\/"},{"@type":"ListItem","position":2,"name":"Respaldaremos la iniciativa presidencial de la Reforma Electoral: SMA"}]},{"@type":"WebSite","@id":"https:\/\/creston.com.mx\/#website","url":"https:\/\/creston.com.mx\/","name":"Peri\u00f3dico Digital de Zacatecas","description":"","publisher":{"@id":"https:\/\/creston.com.mx\/#organization"},"potentialAction":[{"@type":"SearchAction","target":{"@type":"EntryPoint","urlTemplate":"https:\/\/creston.com.mx\/?s={search_term_string}"},"query-input":{"@type":"PropertyValueSpecification","valueRequired":true,"valueName":"search_term_string"}}],"inLanguage":"es"},{"@type":"Organization","@id":"https:\/\/creston.com.mx\/#organization","name":"Peri\u00f3dico Digital de Zacatecas","url":"https:\/\/creston.com.mx\/","logo":{"@type":"ImageObject","inLanguage":"es","@id":"https:\/\/creston.com.mx\/#\/schema\/logo\/image\/","url":"https:\/\/creston.com.mx\/wp-content\/uploads\/2026\/02\/cropped-Logo-Creston2.jpg","contentUrl":"https:\/\/creston.com.mx\/wp-content\/uploads\/2026\/02\/cropped-Logo-Creston2.jpg","width":503,"height":194,"caption":"Peri\u00f3dico Digital  de Zacatecas"},"image":{"@id":"https:\/\/creston.com.mx\/#\/schema\/logo\/image\/"}},{"@type":"Person","@id":"https:\/\/creston.com.mx\/#\/schema\/person\/01f2ce9e289bc5300c759925ef768c1d","name":"Periodico Creston","image":{"@type":"ImageObject","inLanguage":"es","@id":"https:\/\/creston.com.mx\/#\/schema\/person\/image\/","url":"https:\/\/secure.gravatar.com\/avatar\/c91eac1cf0d45897b6d294d474aa7713a194d460be0aaf72157553d050cda1c1?s=96&d=mm&r=g","contentUrl":"https:\/\/secure.gravatar.com\/avatar\/c91eac1cf0d45897b6d294d474aa7713a194d460be0aaf72157553d050cda1c1?s=96&d=mm&r=g","caption":"Periodico Creston"},"sameAs":["https:\/\/creston.com.mx"],"url":"https:\/\/creston.com.mx\/index.php\/author\/cstnalja96\/"}]}},"jetpack_sharing_enabled":true,"jetpack_featured_media_url":"https:\/\/creston.com.mx\/wp-content\/uploads\/2026\/03\/20260302_091006-scaled.jpg","_links":{"self":[{"href":"https:\/\/creston.com.mx\/index.php\/wp-json\/wp\/v2\/posts\/2668","targetHints":{"allow":["GET"]}}],"collection":[{"href":"https:\/\/creston.com.mx\/index.php\/wp-json\/wp\/v2\/posts"}],"about":[{"href":"https:\/\/creston.com.mx\/index.php\/wp-json\/wp\/v2\/types\/post"}],"author":[{"embeddable":true,"href":"https:\/\/creston.com.mx\/index.php\/wp-json\/wp\/v2\/users\/1"}],"replies":[{"embeddable":true,"href":"https:\/\/creston.com.mx\/index.php\/wp-json\/wp\/v2\/comments?post=2668"}],"version-history":[{"count":1,"href":"https:\/\/creston.com.mx\/index.php\/wp-json\/wp\/v2\/posts\/2668\/revisions"}],"predecessor-version":[{"id":2671,"href":"https:\/\/creston.com.mx\/index.php\/wp-json\/wp\/v2\/posts\/2668\/revisions\/2671"}],"wp:featuredmedia":[{"embeddable":true,"href":"https:\/\/creston.com.mx\/index.php\/wp-json\/wp\/v2\/media\/2669"}],"wp:attachment":[{"href":"https:\/\/creston.com.mx\/index.php\/wp-json\/wp\/v2\/media?parent=2668"}],"wp:term":[{"taxonomy":"category","embeddable":true,"href":"https:\/\/creston.com.mx\/index.php\/wp-json\/wp\/v2\/categories?post=2668"},{"taxonomy":"post_tag","embeddable":true,"href":"https:\/\/creston.com.mx\/index.php\/wp-json\/wp\/v2\/tags?post=2668"}],"curies":[{"name":"wp","href":"https:\/\/api.w.org\/{rel}","templated":true}]}}