{"id":2641,"date":"2026-03-01T20:08:00","date_gmt":"2026-03-02T02:08:00","guid":{"rendered":"https:\/\/creston.com.mx\/?p=2641"},"modified":"2026-03-03T15:43:29","modified_gmt":"2026-03-03T21:43:29","slug":"diputado-federal-jose-narro-cespedes-hara-acciones-en-defensa-del-campo","status":"publish","type":"post","link":"https:\/\/creston.com.mx\/index.php\/03\/diputado-federal-jose-narro-cespedes-hara-acciones-en-defensa-del-campo\/politica\/2026\/","title":{"rendered":"Diputado federal Jos\u00e9 Narro C\u00e9spedes har\u00e1 acciones en defensa del campo"},"content":{"rendered":"\n<p>.<\/p>\n\n\n\n<p class=\"has-medium-font-size\"><em><strong>Se realizar\u00e1 en Fresnillo un Encuentro Regional de Productores de Frijol con representantes de Chihuahua, Durango y Zacatecas.<\/strong><\/em><\/p>\n\n\n\n<p>.<\/p>\n\n\n\n<p>En conferencia de prensa, el diputado federal Jos\u00e9 Narro C\u00e9spedes hizo un llamado a la paz internacional, exhortando a fortalecer el papel de la Organizaci\u00f3n de las Naciones Unidas y a establecer un cese al fuego inmediato y mecanismos de di\u00e1logo para resolver los conflictos por la v\u00eda pac\u00edfica.<\/p>\n\n\n\n<p>En materia agropecuaria, anunci\u00f3 que este 1 de marzo se realizar\u00e1 en Fresnillo un Encuentro Regional de Productores de Frijol con representantes de Chihuahua, Durango y Zacatecas, con el objetivo de definir acciones ante la crisis del acopio y comercializaci\u00f3n.<\/p>\n\n\n\n<p>El legislador expres\u00f3 su confianza en que la Presidenta autorice la ampliaci\u00f3n del programa de acopio, pero advirti\u00f3 que tambi\u00e9n debe garantizarse su correcta aplicaci\u00f3n. Denunci\u00f3 actos de extorsi\u00f3n y cobros indebidos en centros de acopio, por lo que propuso presencia de la Guardia Nacional, auditor\u00edas para erradicar corrupci\u00f3n y suspender la licitaci\u00f3n de 90 mil toneladas que presionan el precio a la baja.<\/p>\n\n\n\n<p>Asimismo, plante\u00f3 abrir una mesa de negociaci\u00f3n con comercializadoras como Herdez, Valle Verde y La Coste\u00f1a, para que el precio de garant\u00eda cumpla su funci\u00f3n de estabilizar el mercado. Se\u00f1al\u00f3 que mientras el frijol se vende hasta en 45 pesos por kilo en tiendas como Walmart, a los productores se les paga hasta ocho pesos, lo que calific\u00f3 como especulaci\u00f3n.<\/p>\n\n\n<div class=\"wp-block-image\">\n<figure class=\"alignright size-large is-resized\"><img fetchpriority=\"high\" decoding=\"async\" width=\"1024\" height=\"626\" src=\"https:\/\/creston.com.mx\/wp-content\/uploads\/2026\/03\/20260301_093809-1024x626.jpg\" alt=\"\" class=\"wp-image-2643\" style=\"aspect-ratio:1.635820895522388;width:504px;height:auto\" srcset=\"https:\/\/creston.com.mx\/wp-content\/uploads\/2026\/03\/20260301_093809-1024x626.jpg 1024w, https:\/\/creston.com.mx\/wp-content\/uploads\/2026\/03\/20260301_093809-300x183.jpg 300w, https:\/\/creston.com.mx\/wp-content\/uploads\/2026\/03\/20260301_093809-768x470.jpg 768w, https:\/\/creston.com.mx\/wp-content\/uploads\/2026\/03\/20260301_093809-1536x939.jpg 1536w, https:\/\/creston.com.mx\/wp-content\/uploads\/2026\/03\/20260301_093809-2048x1252.jpg 2048w\" sizes=\"(max-width: 1024px) 100vw, 1024px\" \/><\/figure>\n<\/div>\n\n\n<p>Tambi\u00e9n propuso el cierre temporal de fronteras mientras se coloca la cosecha nacional, tanto en frijol como en ajo, ante la ca\u00edda de precios por importaciones que compiten en condiciones desleales. Destac\u00f3 que Zacatecas es l\u00edder nacional en producci\u00f3n de ajo y debe protegerse a sus agricultores.<\/p>\n\n\n\n<p>Inform\u00f3 que la Comisi\u00f3n de Agricultura de la C\u00e1mara de Diputados ya aprob\u00f3 un pronunciamiento sobre el frijol que buscar\u00e1 llevar al Pleno.<\/p>\n\n\n\n<p>Adem\u00e1s, anunci\u00f3 reuniones en la Ciudad de M\u00e9xico con la Secretar\u00eda de Gobernaci\u00f3n para abordar los temas del frijol y el agua, y confirm\u00f3 que una comisi\u00f3n acudir\u00e1 ante la Secretar\u00eda de Educaci\u00f3n P\u00fablica para exigir soluci\u00f3n a los retrasos de pago y falta de prestaciones a trabajadoras del programa de educaci\u00f3n inicial.<\/p>\n\n\n\n<p>Finalmente, reiter\u00f3 que se actuar\u00e1 con responsabilidad y firmeza para defender al campo zacatecano y garantizar precios justos y transparencia en el acopio.<\/p>\n\n\n\n<p>.<\/p>\n\n\n\n\n\n<p>.<\/p>\n\n\n\n<figure class=\"wp-block-gallery has-nested-images columns-default is-cropped wp-block-gallery-1 is-layout-flex wp-block-gallery-is-layout-flex\">\n<figure class=\"wp-block-image size-large is-resized\"><img decoding=\"async\" width=\"870\" height=\"1024\" data-id=\"966\" src=\"https:\/\/creston.com.mx\/wp-content\/uploads\/2025\/06\/Anuncio-salon-eventos-870x1024.jpg\" alt=\"\" class=\"wp-image-966\" style=\"width:420px;height:auto\" srcset=\"https:\/\/creston.com.mx\/wp-content\/uploads\/2025\/06\/Anuncio-salon-eventos-870x1024.jpg 870w, https:\/\/creston.com.mx\/wp-content\/uploads\/2025\/06\/Anuncio-salon-eventos-255x300.jpg 255w, https:\/\/creston.com.mx\/wp-content\/uploads\/2025\/06\/Anuncio-salon-eventos-768x904.jpg 768w, https:\/\/creston.com.mx\/wp-content\/uploads\/2025\/06\/Anuncio-salon-eventos.jpg 1275w\" sizes=\"(max-width: 870px) 100vw, 870px\" \/><\/figure>\n\n\n\n<figure class=\"wp-block-image size-large is-resized\"><img decoding=\"async\" width=\"819\" height=\"1024\" data-id=\"2528\" src=\"https:\/\/creston.com.mx\/wp-content\/uploads\/2026\/02\/IMG-20260218-WA0018-819x1024.jpg\" alt=\"\" class=\"wp-image-2528\" style=\"width:410px;height:auto\" srcset=\"https:\/\/creston.com.mx\/wp-content\/uploads\/2026\/02\/IMG-20260218-WA0018-819x1024.jpg 819w, https:\/\/creston.com.mx\/wp-content\/uploads\/2026\/02\/IMG-20260218-WA0018-240x300.jpg 240w, https:\/\/creston.com.mx\/wp-content\/uploads\/2026\/02\/IMG-20260218-WA0018-768x960.jpg 768w, https:\/\/creston.com.mx\/wp-content\/uploads\/2026\/02\/IMG-20260218-WA0018-1229x1536.jpg 1229w, https:\/\/creston.com.mx\/wp-content\/uploads\/2026\/02\/IMG-20260218-WA0018.jpg 1280w\" sizes=\"(max-width: 819px) 100vw, 819px\" \/><\/figure>\n<\/figure>\n","protected":false},"excerpt":{"rendered":"<p>. Se realizar\u00e1 en Fresnillo un Encuentro Regional de Productores de Frijol con representantes de Chihuahua, Durango y Zacatecas. . En conferencia de prensa, el diputado federal Jos\u00e9 Narro C\u00e9spedes&hellip; <\/p>\n","protected":false},"author":1,"featured_media":2642,"comment_status":"open","ping_status":"closed","sticky":false,"template":"","format":"standard","meta":{"_jetpack_memberships_contains_paid_content":false,"footnotes":""},"categories":[2],"tags":[],"class_list":["post-2641","post","type-post","status-publish","format-standard","has-post-thumbnail","hentry","category-politica"],"yoast_head":"<!-- This site is optimized with the Yoast SEO plugin v24.2 - https:\/\/yoast.com\/wordpress\/plugins\/seo\/ -->\n<title>Diputado federal Jos\u00e9 Narro C\u00e9spedes har\u00e1 acciones en defensa del campo - Peri\u00f3dico Digital de Zacatecas<\/title>\n<meta name=\"robots\" content=\"index, follow, max-snippet:-1, max-image-preview:large, max-video-preview:-1\" \/>\n<link rel=\"canonical\" href=\"https:\/\/creston.com.mx\/index.php\/03\/diputado-federal-jose-narro-cespedes-hara-acciones-en-defensa-del-campo\/politica\/2026\/\" \/>\n<meta property=\"og:locale\" content=\"es_ES\" \/>\n<meta property=\"og:type\" content=\"article\" \/>\n<meta property=\"og:title\" content=\"Diputado federal Jos\u00e9 Narro C\u00e9spedes har\u00e1 acciones en defensa del campo - Peri\u00f3dico Digital de Zacatecas\" \/>\n<meta property=\"og:description\" content=\". Se realizar\u00e1 en Fresnillo un Encuentro Regional de Productores de Frijol con representantes de Chihuahua, Durango y Zacatecas. . En conferencia de prensa, el diputado federal Jos\u00e9 Narro C\u00e9spedes&hellip;\" \/>\n<meta property=\"og:url\" content=\"https:\/\/creston.com.mx\/index.php\/03\/diputado-federal-jose-narro-cespedes-hara-acciones-en-defensa-del-campo\/politica\/2026\/\" \/>\n<meta property=\"og:site_name\" content=\"Peri\u00f3dico Digital de Zacatecas\" \/>\n<meta property=\"article:published_time\" content=\"2026-03-02T02:08:00+00:00\" \/>\n<meta property=\"article:modified_time\" content=\"2026-03-03T21:43:29+00:00\" \/>\n<meta property=\"og:image\" content=\"https:\/\/creston.com.mx\/wp-content\/uploads\/2026\/03\/20260301_095333-scaled.jpg\" \/>\n\t<meta property=\"og:image:width\" content=\"2560\" \/>\n\t<meta property=\"og:image:height\" content=\"1725\" \/>\n\t<meta property=\"og:image:type\" content=\"image\/jpeg\" \/>\n<meta name=\"author\" content=\"Periodico Creston\" \/>\n<meta name=\"twitter:card\" content=\"summary_large_image\" \/>\n<meta name=\"twitter:label1\" content=\"Escrito por\" \/>\n\t<meta name=\"twitter:data1\" content=\"Periodico Creston\" \/>\n\t<meta name=\"twitter:label2\" content=\"Tiempo de lectura\" \/>\n\t<meta name=\"twitter:data2\" content=\"3 minutos\" \/>\n<script type=\"application\/ld+json\" class=\"yoast-schema-graph\">{\"@context\":\"https:\/\/schema.org\",\"@graph\":[{\"@type\":\"Article\",\"@id\":\"https:\/\/creston.com.mx\/index.php\/03\/diputado-federal-jose-narro-cespedes-hara-acciones-en-defensa-del-campo\/politica\/2026\/#article\",\"isPartOf\":{\"@id\":\"https:\/\/creston.com.mx\/index.php\/03\/diputado-federal-jose-narro-cespedes-hara-acciones-en-defensa-del-campo\/politica\/2026\/\"},\"author\":{\"name\":\"Periodico Creston\",\"@id\":\"https:\/\/creston.com.mx\/#\/schema\/person\/01f2ce9e289bc5300c759925ef768c1d\"},\"headline\":\"Diputado federal Jos\u00e9 Narro C\u00e9spedes har\u00e1 acciones en defensa del campo\",\"datePublished\":\"2026-03-02T02:08:00+00:00\",\"dateModified\":\"2026-03-03T21:43:29+00:00\",\"mainEntityOfPage\":{\"@id\":\"https:\/\/creston.com.mx\/index.php\/03\/diputado-federal-jose-narro-cespedes-hara-acciones-en-defensa-del-campo\/politica\/2026\/\"},\"wordCount\":421,\"commentCount\":0,\"publisher\":{\"@id\":\"https:\/\/creston.com.mx\/#organization\"},\"image\":{\"@id\":\"https:\/\/creston.com.mx\/index.php\/03\/diputado-federal-jose-narro-cespedes-hara-acciones-en-defensa-del-campo\/politica\/2026\/#primaryimage\"},\"thumbnailUrl\":\"https:\/\/creston.com.mx\/wp-content\/uploads\/2026\/03\/20260301_095333-scaled.jpg\",\"articleSection\":[\"Pol\u00edtica\"],\"inLanguage\":\"es\",\"potentialAction\":[{\"@type\":\"CommentAction\",\"name\":\"Comment\",\"target\":[\"https:\/\/creston.com.mx\/index.php\/03\/diputado-federal-jose-narro-cespedes-hara-acciones-en-defensa-del-campo\/politica\/2026\/#respond\"]}]},{\"@type\":\"WebPage\",\"@id\":\"https:\/\/creston.com.mx\/index.php\/03\/diputado-federal-jose-narro-cespedes-hara-acciones-en-defensa-del-campo\/politica\/2026\/\",\"url\":\"https:\/\/creston.com.mx\/index.php\/03\/diputado-federal-jose-narro-cespedes-hara-acciones-en-defensa-del-campo\/politica\/2026\/\",\"name\":\"Diputado federal Jos\u00e9 Narro C\u00e9spedes har\u00e1 acciones en defensa del campo - Peri\u00f3dico Digital de Zacatecas\",\"isPartOf\":{\"@id\":\"https:\/\/creston.com.mx\/#website\"},\"primaryImageOfPage\":{\"@id\":\"https:\/\/creston.com.mx\/index.php\/03\/diputado-federal-jose-narro-cespedes-hara-acciones-en-defensa-del-campo\/politica\/2026\/#primaryimage\"},\"image\":{\"@id\":\"https:\/\/creston.com.mx\/index.php\/03\/diputado-federal-jose-narro-cespedes-hara-acciones-en-defensa-del-campo\/politica\/2026\/#primaryimage\"},\"thumbnailUrl\":\"https:\/\/creston.com.mx\/wp-content\/uploads\/2026\/03\/20260301_095333-scaled.jpg\",\"datePublished\":\"2026-03-02T02:08:00+00:00\",\"dateModified\":\"2026-03-03T21:43:29+00:00\",\"breadcrumb\":{\"@id\":\"https:\/\/creston.com.mx\/index.php\/03\/diputado-federal-jose-narro-cespedes-hara-acciones-en-defensa-del-campo\/politica\/2026\/#breadcrumb\"},\"inLanguage\":\"es\",\"potentialAction\":[{\"@type\":\"ReadAction\",\"target\":[\"https:\/\/creston.com.mx\/index.php\/03\/diputado-federal-jose-narro-cespedes-hara-acciones-en-defensa-del-campo\/politica\/2026\/\"]}]},{\"@type\":\"ImageObject\",\"inLanguage\":\"es\",\"@id\":\"https:\/\/creston.com.mx\/index.php\/03\/diputado-federal-jose-narro-cespedes-hara-acciones-en-defensa-del-campo\/politica\/2026\/#primaryimage\",\"url\":\"https:\/\/creston.com.mx\/wp-content\/uploads\/2026\/03\/20260301_095333-scaled.jpg\",\"contentUrl\":\"https:\/\/creston.com.mx\/wp-content\/uploads\/2026\/03\/20260301_095333-scaled.jpg\",\"width\":2560,\"height\":1725},{\"@type\":\"BreadcrumbList\",\"@id\":\"https:\/\/creston.com.mx\/index.php\/03\/diputado-federal-jose-narro-cespedes-hara-acciones-en-defensa-del-campo\/politica\/2026\/#breadcrumb\",\"itemListElement\":[{\"@type\":\"ListItem\",\"position\":1,\"name\":\"Portada\",\"item\":\"https:\/\/creston.com.mx\/\"},{\"@type\":\"ListItem\",\"position\":2,\"name\":\"Diputado federal Jos\u00e9 Narro C\u00e9spedes har\u00e1 acciones en defensa del campo\"}]},{\"@type\":\"WebSite\",\"@id\":\"https:\/\/creston.com.mx\/#website\",\"url\":\"https:\/\/creston.com.mx\/\",\"name\":\"Peri\u00f3dico Digital de Zacatecas\",\"description\":\"\",\"publisher\":{\"@id\":\"https:\/\/creston.com.mx\/#organization\"},\"potentialAction\":[{\"@type\":\"SearchAction\",\"target\":{\"@type\":\"EntryPoint\",\"urlTemplate\":\"https:\/\/creston.com.mx\/?s={search_term_string}\"},\"query-input\":{\"@type\":\"PropertyValueSpecification\",\"valueRequired\":true,\"valueName\":\"search_term_string\"}}],\"inLanguage\":\"es\"},{\"@type\":\"Organization\",\"@id\":\"https:\/\/creston.com.mx\/#organization\",\"name\":\"Peri\u00f3dico Digital de Zacatecas\",\"url\":\"https:\/\/creston.com.mx\/\",\"logo\":{\"@type\":\"ImageObject\",\"inLanguage\":\"es\",\"@id\":\"https:\/\/creston.com.mx\/#\/schema\/logo\/image\/\",\"url\":\"https:\/\/creston.com.mx\/wp-content\/uploads\/2026\/02\/cropped-Logo-Creston2.jpg\",\"contentUrl\":\"https:\/\/creston.com.mx\/wp-content\/uploads\/2026\/02\/cropped-Logo-Creston2.jpg\",\"width\":503,\"height\":194,\"caption\":\"Peri\u00f3dico Digital  de Zacatecas\"},\"image\":{\"@id\":\"https:\/\/creston.com.mx\/#\/schema\/logo\/image\/\"}},{\"@type\":\"Person\",\"@id\":\"https:\/\/creston.com.mx\/#\/schema\/person\/01f2ce9e289bc5300c759925ef768c1d\",\"name\":\"Periodico Creston\",\"image\":{\"@type\":\"ImageObject\",\"inLanguage\":\"es\",\"@id\":\"https:\/\/creston.com.mx\/#\/schema\/person\/image\/\",\"url\":\"https:\/\/secure.gravatar.com\/avatar\/c91eac1cf0d45897b6d294d474aa7713a194d460be0aaf72157553d050cda1c1?s=96&d=mm&r=g\",\"contentUrl\":\"https:\/\/secure.gravatar.com\/avatar\/c91eac1cf0d45897b6d294d474aa7713a194d460be0aaf72157553d050cda1c1?s=96&d=mm&r=g\",\"caption\":\"Periodico Creston\"},\"sameAs\":[\"https:\/\/creston.com.mx\"],\"url\":\"https:\/\/creston.com.mx\/index.php\/author\/cstnalja96\/\"}]}<\/script>\n<!-- \/ Yoast SEO plugin. -->","yoast_head_json":{"title":"Diputado federal Jos\u00e9 Narro C\u00e9spedes har\u00e1 acciones en defensa del campo - Peri\u00f3dico Digital de Zacatecas","robots":{"index":"index","follow":"follow","max-snippet":"max-snippet:-1","max-image-preview":"max-image-preview:large","max-video-preview":"max-video-preview:-1"},"canonical":"https:\/\/creston.com.mx\/index.php\/03\/diputado-federal-jose-narro-cespedes-hara-acciones-en-defensa-del-campo\/politica\/2026\/","og_locale":"es_ES","og_type":"article","og_title":"Diputado federal Jos\u00e9 Narro C\u00e9spedes har\u00e1 acciones en defensa del campo - Peri\u00f3dico Digital de Zacatecas","og_description":". Se realizar\u00e1 en Fresnillo un Encuentro Regional de Productores de Frijol con representantes de Chihuahua, Durango y Zacatecas. . En conferencia de prensa, el diputado federal Jos\u00e9 Narro C\u00e9spedes&hellip;","og_url":"https:\/\/creston.com.mx\/index.php\/03\/diputado-federal-jose-narro-cespedes-hara-acciones-en-defensa-del-campo\/politica\/2026\/","og_site_name":"Peri\u00f3dico Digital de Zacatecas","article_published_time":"2026-03-02T02:08:00+00:00","article_modified_time":"2026-03-03T21:43:29+00:00","og_image":[{"width":2560,"height":1725,"url":"https:\/\/creston.com.mx\/wp-content\/uploads\/2026\/03\/20260301_095333-scaled.jpg","type":"image\/jpeg"}],"author":"Periodico Creston","twitter_card":"summary_large_image","twitter_misc":{"Escrito por":"Periodico Creston","Tiempo de lectura":"3 minutos"},"schema":{"@context":"https:\/\/schema.org","@graph":[{"@type":"Article","@id":"https:\/\/creston.com.mx\/index.php\/03\/diputado-federal-jose-narro-cespedes-hara-acciones-en-defensa-del-campo\/politica\/2026\/#article","isPartOf":{"@id":"https:\/\/creston.com.mx\/index.php\/03\/diputado-federal-jose-narro-cespedes-hara-acciones-en-defensa-del-campo\/politica\/2026\/"},"author":{"name":"Periodico Creston","@id":"https:\/\/creston.com.mx\/#\/schema\/person\/01f2ce9e289bc5300c759925ef768c1d"},"headline":"Diputado federal Jos\u00e9 Narro C\u00e9spedes har\u00e1 acciones en defensa del campo","datePublished":"2026-03-02T02:08:00+00:00","dateModified":"2026-03-03T21:43:29+00:00","mainEntityOfPage":{"@id":"https:\/\/creston.com.mx\/index.php\/03\/diputado-federal-jose-narro-cespedes-hara-acciones-en-defensa-del-campo\/politica\/2026\/"},"wordCount":421,"commentCount":0,"publisher":{"@id":"https:\/\/creston.com.mx\/#organization"},"image":{"@id":"https:\/\/creston.com.mx\/index.php\/03\/diputado-federal-jose-narro-cespedes-hara-acciones-en-defensa-del-campo\/politica\/2026\/#primaryimage"},"thumbnailUrl":"https:\/\/creston.com.mx\/wp-content\/uploads\/2026\/03\/20260301_095333-scaled.jpg","articleSection":["Pol\u00edtica"],"inLanguage":"es","potentialAction":[{"@type":"CommentAction","name":"Comment","target":["https:\/\/creston.com.mx\/index.php\/03\/diputado-federal-jose-narro-cespedes-hara-acciones-en-defensa-del-campo\/politica\/2026\/#respond"]}]},{"@type":"WebPage","@id":"https:\/\/creston.com.mx\/index.php\/03\/diputado-federal-jose-narro-cespedes-hara-acciones-en-defensa-del-campo\/politica\/2026\/","url":"https:\/\/creston.com.mx\/index.php\/03\/diputado-federal-jose-narro-cespedes-hara-acciones-en-defensa-del-campo\/politica\/2026\/","name":"Diputado federal Jos\u00e9 Narro C\u00e9spedes har\u00e1 acciones en defensa del campo - Peri\u00f3dico Digital de Zacatecas","isPartOf":{"@id":"https:\/\/creston.com.mx\/#website"},"primaryImageOfPage":{"@id":"https:\/\/creston.com.mx\/index.php\/03\/diputado-federal-jose-narro-cespedes-hara-acciones-en-defensa-del-campo\/politica\/2026\/#primaryimage"},"image":{"@id":"https:\/\/creston.com.mx\/index.php\/03\/diputado-federal-jose-narro-cespedes-hara-acciones-en-defensa-del-campo\/politica\/2026\/#primaryimage"},"thumbnailUrl":"https:\/\/creston.com.mx\/wp-content\/uploads\/2026\/03\/20260301_095333-scaled.jpg","datePublished":"2026-03-02T02:08:00+00:00","dateModified":"2026-03-03T21:43:29+00:00","breadcrumb":{"@id":"https:\/\/creston.com.mx\/index.php\/03\/diputado-federal-jose-narro-cespedes-hara-acciones-en-defensa-del-campo\/politica\/2026\/#breadcrumb"},"inLanguage":"es","potentialAction":[{"@type":"ReadAction","target":["https:\/\/creston.com.mx\/index.php\/03\/diputado-federal-jose-narro-cespedes-hara-acciones-en-defensa-del-campo\/politica\/2026\/"]}]},{"@type":"ImageObject","inLanguage":"es","@id":"https:\/\/creston.com.mx\/index.php\/03\/diputado-federal-jose-narro-cespedes-hara-acciones-en-defensa-del-campo\/politica\/2026\/#primaryimage","url":"https:\/\/creston.com.mx\/wp-content\/uploads\/2026\/03\/20260301_095333-scaled.jpg","contentUrl":"https:\/\/creston.com.mx\/wp-content\/uploads\/2026\/03\/20260301_095333-scaled.jpg","width":2560,"height":1725},{"@type":"BreadcrumbList","@id":"https:\/\/creston.com.mx\/index.php\/03\/diputado-federal-jose-narro-cespedes-hara-acciones-en-defensa-del-campo\/politica\/2026\/#breadcrumb","itemListElement":[{"@type":"ListItem","position":1,"name":"Portada","item":"https:\/\/creston.com.mx\/"},{"@type":"ListItem","position":2,"name":"Diputado federal Jos\u00e9 Narro C\u00e9spedes har\u00e1 acciones en defensa del campo"}]},{"@type":"WebSite","@id":"https:\/\/creston.com.mx\/#website","url":"https:\/\/creston.com.mx\/","name":"Peri\u00f3dico Digital de Zacatecas","description":"","publisher":{"@id":"https:\/\/creston.com.mx\/#organization"},"potentialAction":[{"@type":"SearchAction","target":{"@type":"EntryPoint","urlTemplate":"https:\/\/creston.com.mx\/?s={search_term_string}"},"query-input":{"@type":"PropertyValueSpecification","valueRequired":true,"valueName":"search_term_string"}}],"inLanguage":"es"},{"@type":"Organization","@id":"https:\/\/creston.com.mx\/#organization","name":"Peri\u00f3dico Digital de Zacatecas","url":"https:\/\/creston.com.mx\/","logo":{"@type":"ImageObject","inLanguage":"es","@id":"https:\/\/creston.com.mx\/#\/schema\/logo\/image\/","url":"https:\/\/creston.com.mx\/wp-content\/uploads\/2026\/02\/cropped-Logo-Creston2.jpg","contentUrl":"https:\/\/creston.com.mx\/wp-content\/uploads\/2026\/02\/cropped-Logo-Creston2.jpg","width":503,"height":194,"caption":"Peri\u00f3dico Digital  de Zacatecas"},"image":{"@id":"https:\/\/creston.com.mx\/#\/schema\/logo\/image\/"}},{"@type":"Person","@id":"https:\/\/creston.com.mx\/#\/schema\/person\/01f2ce9e289bc5300c759925ef768c1d","name":"Periodico Creston","image":{"@type":"ImageObject","inLanguage":"es","@id":"https:\/\/creston.com.mx\/#\/schema\/person\/image\/","url":"https:\/\/secure.gravatar.com\/avatar\/c91eac1cf0d45897b6d294d474aa7713a194d460be0aaf72157553d050cda1c1?s=96&d=mm&r=g","contentUrl":"https:\/\/secure.gravatar.com\/avatar\/c91eac1cf0d45897b6d294d474aa7713a194d460be0aaf72157553d050cda1c1?s=96&d=mm&r=g","caption":"Periodico Creston"},"sameAs":["https:\/\/creston.com.mx"],"url":"https:\/\/creston.com.mx\/index.php\/author\/cstnalja96\/"}]}},"jetpack_sharing_enabled":true,"jetpack_featured_media_url":"https:\/\/creston.com.mx\/wp-content\/uploads\/2026\/03\/20260301_095333-scaled.jpg","_links":{"self":[{"href":"https:\/\/creston.com.mx\/index.php\/wp-json\/wp\/v2\/posts\/2641","targetHints":{"allow":["GET"]}}],"collection":[{"href":"https:\/\/creston.com.mx\/index.php\/wp-json\/wp\/v2\/posts"}],"about":[{"href":"https:\/\/creston.com.mx\/index.php\/wp-json\/wp\/v2\/types\/post"}],"author":[{"embeddable":true,"href":"https:\/\/creston.com.mx\/index.php\/wp-json\/wp\/v2\/users\/1"}],"replies":[{"embeddable":true,"href":"https:\/\/creston.com.mx\/index.php\/wp-json\/wp\/v2\/comments?post=2641"}],"version-history":[{"count":1,"href":"https:\/\/creston.com.mx\/index.php\/wp-json\/wp\/v2\/posts\/2641\/revisions"}],"predecessor-version":[{"id":2644,"href":"https:\/\/creston.com.mx\/index.php\/wp-json\/wp\/v2\/posts\/2641\/revisions\/2644"}],"wp:featuredmedia":[{"embeddable":true,"href":"https:\/\/creston.com.mx\/index.php\/wp-json\/wp\/v2\/media\/2642"}],"wp:attachment":[{"href":"https:\/\/creston.com.mx\/index.php\/wp-json\/wp\/v2\/media?parent=2641"}],"wp:term":[{"taxonomy":"category","embeddable":true,"href":"https:\/\/creston.com.mx\/index.php\/wp-json\/wp\/v2\/categories?post=2641"},{"taxonomy":"post_tag","embeddable":true,"href":"https:\/\/creston.com.mx\/index.php\/wp-json\/wp\/v2\/tags?post=2641"}],"curies":[{"name":"wp","href":"https:\/\/api.w.org\/{rel}","templated":true}]}}