{"id":2632,"date":"2026-02-27T20:25:00","date_gmt":"2026-02-28T02:25:00","guid":{"rendered":"https:\/\/creston.com.mx\/?p=2632"},"modified":"2026-03-03T13:32:25","modified_gmt":"2026-03-03T19:32:25","slug":"impulsamos-una-agenda-legislativa-con-perspectiva-feminista-ulises-mejia","status":"publish","type":"post","link":"https:\/\/creston.com.mx\/index.php\/02\/impulsamos-una-agenda-legislativa-con-perspectiva-feminista-ulises-mejia\/informacion-general\/2026\/","title":{"rendered":"Impulsamos una agenda legislativa con perspectiva feminista: Ulises Mej\u00eda"},"content":{"rendered":"\n<p>.<\/p>\n\n\n\n<p class=\"has-medium-font-size\"><strong><em>Organizan el conversatorio \u201cPor una agenda legislativa con perspectiva feminista e igualdad sustantiva\u201d.<\/em><\/strong><\/p>\n\n\n\n<p>.<\/p>\n\n\n\n<p>Como parte de las mesas de trabajo para la construcci\u00f3n de la agenda legislativa del segundo a\u00f1o de la LXVI Legislatura en el Congreso de la Uni\u00f3n, el diputado federal Ulises Mej\u00eda Haro organiz\u00f3 el conversatorio \u201cPor una agenda legislativa con perspectiva feminista e igualdad sustantiva\u201d, un espacio de di\u00e1logo, reflexi\u00f3n e incidencia con la participaci\u00f3n de instituciones electorales, organizaciones de la sociedad civil y diversos colectivos feministas.<\/p>\n\n\n\n<p>El conversatorio tuvo como objetivo incorporar una perspectiva feminista en la agenda legislativa, entendida no solo como paridad num\u00e9rica, sino como la garant\u00eda de condiciones reales de acceso, permanencia y ejercicio efectivo del poder para las mujeres, as\u00ed como la erradicaci\u00f3n de la violencia pol\u00edtica y de las desigualdades estructurales en el \u00e1mbito pol\u00edtico-electoral.<\/p>\n\n\n\n<p>Durante el encuentro particip\u00f3 Carla Humphrey, consejera electoral del INE, quien subray\u00f3 la importancia de fortalecer los mecanismos institucionales que garanticen el acceso efectivo de las mujeres a la justicia y a los cargos p\u00fablicos, destacando que la paridad debe traducirse en decisiones con impacto real en la vida de las mujeres.<\/p>\n\n\n<div class=\"wp-block-image\">\n<figure class=\"alignleft size-large is-resized\"><img fetchpriority=\"high\" decoding=\"async\" width=\"1024\" height=\"768\" src=\"https:\/\/creston.com.mx\/wp-content\/uploads\/2026\/03\/IMG-20260228-WA0018-1024x768.jpg\" alt=\"\" class=\"wp-image-2636\" style=\"width:447px;height:auto\" srcset=\"https:\/\/creston.com.mx\/wp-content\/uploads\/2026\/03\/IMG-20260228-WA0018-1024x768.jpg 1024w, https:\/\/creston.com.mx\/wp-content\/uploads\/2026\/03\/IMG-20260228-WA0018-300x225.jpg 300w, https:\/\/creston.com.mx\/wp-content\/uploads\/2026\/03\/IMG-20260228-WA0018-768x576.jpg 768w, https:\/\/creston.com.mx\/wp-content\/uploads\/2026\/03\/IMG-20260228-WA0018-1536x1152.jpg 1536w, https:\/\/creston.com.mx\/wp-content\/uploads\/2026\/03\/IMG-20260228-WA0018.jpg 1600w\" sizes=\"(max-width: 1024px) 100vw, 1024px\" \/><\/figure>\n<\/div>\n\n\n<p>Por su parte, Dulce Montserrat Enr\u00edquez, enlace de los congresos de la Secretar\u00eda de las Mujeres del Gobierno de M\u00e9xico, se\u00f1al\u00f3 los avances que se han alcanzado a nivel nacional con la llegada de la primera mujer presidenta, Claudia Sheinbaum, quien ha impulsado una agenda desde el territorio para lograr la igualdad sustantiva y el respeto a los derechos de las mujeres. Asimismo, reconoci\u00f3 las experiencias locales que han sido motor de avances en materia de paridad e igualdad de g\u00e9nero.<\/p>\n\n\n\n<p>En su intervenci\u00f3n, Mar\u00eda Luisa Sosa de la Torre, presidenta de la colectiva Olimpia de Gouges, hizo un llamado a no retroceder en los derechos conquistados, recordando que la participaci\u00f3n pol\u00edtica de las mujeres ha sido resultado de luchas hist\u00f3ricas y que el reto actual es garantizar el ejercicio real del poder, sin violencia ni simulaciones.<\/p>\n\n\n\n<p>Desde la sociedad civil, Adriana Aguilar, del \u00e1rea de Equis Justicia para las Mujeres, expuso la necesidad de incorporar criterios de igualdad sustantiva y perspectiva feminista en la pr\u00f3xima reforma electoral y judicial, particularmente para asegurar la idoneidad de los perfiles, prevenir la violencia pol\u00edtica y garantizar condiciones equitativas en los procesos de elecci\u00f3n, incluidos los del Poder Judicial.<\/p>\n\n\n<div class=\"wp-block-image\">\n<figure class=\"alignleft size-large is-resized\"><img decoding=\"async\" width=\"768\" height=\"1024\" src=\"https:\/\/creston.com.mx\/wp-content\/uploads\/2026\/03\/IMG-20260228-WA0020-768x1024.jpg\" alt=\"\" class=\"wp-image-2633\" style=\"aspect-ratio:0.7500141876170479;width:355px;height:auto\" srcset=\"https:\/\/creston.com.mx\/wp-content\/uploads\/2026\/03\/IMG-20260228-WA0020-768x1024.jpg 768w, https:\/\/creston.com.mx\/wp-content\/uploads\/2026\/03\/IMG-20260228-WA0020-225x300.jpg 225w, https:\/\/creston.com.mx\/wp-content\/uploads\/2026\/03\/IMG-20260228-WA0020-1152x1536.jpg 1152w, https:\/\/creston.com.mx\/wp-content\/uploads\/2026\/03\/IMG-20260228-WA0020.jpg 1200w\" sizes=\"(max-width: 768px) 100vw, 768px\" \/><\/figure>\n<\/div>\n\n\n<p>Asimismo, Karen M\u00e9ndez, del cap\u00edtulo Mujeres de Un Movimiento Honesto, destac\u00f3 que una agenda legislativa con perspectiva feminista debe reconocer los derechos pol\u00edtico-electorales de las mujeres como derechos llave, indispensables para avanzar en la igualdad sustantiva y en el fortalecimiento democr\u00e1tico. Reconoci\u00f3 el trabajo de la secretaria de las Mujeres, Citlalli Hern\u00e1ndez, quien desde su responsabilidad ha impulsado una participaci\u00f3n transversal de las mujeres en los \u00e1mbitos p\u00fablico y privado.<\/p>\n\n\n\n<p>En tanto, Carmen Arreola, de Mujeres Universitarias de Un Movimiento Honesto, subray\u00f3 la importancia de que las universidades y espacios acad\u00e9micos est\u00e9n obligados a cumplir el marco de igualdad sustantiva y paridad en el acceso a los cargos de toma de decisiones, se\u00f1alando que la autonom\u00eda no puede ser pretexto para la exclusi\u00f3n.<\/p>\n\n\n\n<p>Durante los trabajos se coincidi\u00f3 en que la agenda legislativa con perspectiva feminista debe estructurarse en cinco grandes ejes: paridad sustantiva; violencia pol\u00edtica contra las mujeres; garant\u00eda del ejercicio efectivo del cargo; democracia paritaria sustantiva; y reforma del Estado para la igualdad sustantiva.<\/p>\n\n\n<div class=\"wp-block-image\">\n<figure class=\"alignright size-large is-resized\"><img decoding=\"async\" width=\"1024\" height=\"770\" src=\"https:\/\/creston.com.mx\/wp-content\/uploads\/2026\/03\/IMG-20260228-WA0023-e1772566293164-1024x770.jpg\" alt=\"\" class=\"wp-image-2634\" style=\"aspect-ratio:1.3298953435461853;width:471px;height:auto\" srcset=\"https:\/\/creston.com.mx\/wp-content\/uploads\/2026\/03\/IMG-20260228-WA0023-e1772566293164-1024x770.jpg 1024w, https:\/\/creston.com.mx\/wp-content\/uploads\/2026\/03\/IMG-20260228-WA0023-e1772566293164-300x225.jpg 300w, https:\/\/creston.com.mx\/wp-content\/uploads\/2026\/03\/IMG-20260228-WA0023-e1772566293164-768x577.jpg 768w, https:\/\/creston.com.mx\/wp-content\/uploads\/2026\/03\/IMG-20260228-WA0023-e1772566293164.jpg 1304w\" sizes=\"(max-width: 1024px) 100vw, 1024px\" \/><\/figure>\n<\/div>\n\n\n<p>Finalmente, el diputado federal Ulises Mej\u00eda Haro refrend\u00f3 su compromiso de seguir construyendo, desde el Congreso de la Uni\u00f3n, una agenda legislativa con perspectiva feminista, basada en el di\u00e1logo con las mujeres organizadas, la escucha activa y la traducci\u00f3n de estas propuestas en iniciativas concretas que fortalezcan la democracia y garanticen una vida libre de violencia y con igualdad sustantiva para todas las mujeres.<\/p>\n\n\n\n<p>.<\/p>\n\n\n\n\n\n<p>.<\/p>\n\n\n<div class=\"wp-block-image\">\n<figure class=\"aligncenter size-large is-resized\"><img loading=\"lazy\" decoding=\"async\" width=\"870\" height=\"1024\" src=\"https:\/\/creston.com.mx\/wp-content\/uploads\/2025\/06\/Anuncio-salon-eventos-870x1024.jpg\" alt=\"\" class=\"wp-image-966\" style=\"aspect-ratio:0.8496112270054997;width:554px;height:auto\" srcset=\"https:\/\/creston.com.mx\/wp-content\/uploads\/2025\/06\/Anuncio-salon-eventos-870x1024.jpg 870w, https:\/\/creston.com.mx\/wp-content\/uploads\/2025\/06\/Anuncio-salon-eventos-255x300.jpg 255w, https:\/\/creston.com.mx\/wp-content\/uploads\/2025\/06\/Anuncio-salon-eventos-768x904.jpg 768w, https:\/\/creston.com.mx\/wp-content\/uploads\/2025\/06\/Anuncio-salon-eventos.jpg 1275w\" sizes=\"(max-width: 870px) 100vw, 870px\" \/><\/figure>\n<\/div>","protected":false},"excerpt":{"rendered":"<p>. Organizan el conversatorio \u201cPor una agenda legislativa con perspectiva feminista e igualdad sustantiva\u201d. . Como parte de las mesas de trabajo para la construcci\u00f3n de la agenda legislativa del&hellip; <\/p>\n","protected":false},"author":1,"featured_media":2635,"comment_status":"open","ping_status":"closed","sticky":false,"template":"","format":"standard","meta":{"_jetpack_memberships_contains_paid_content":false,"footnotes":""},"categories":[4],"tags":[],"class_list":["post-2632","post","type-post","status-publish","format-standard","has-post-thumbnail","hentry","category-informacion-general"],"yoast_head":"<!-- This site is optimized with the Yoast SEO plugin v24.2 - https:\/\/yoast.com\/wordpress\/plugins\/seo\/ -->\n<title>Impulsamos una agenda legislativa con perspectiva feminista: Ulises Mej\u00eda - Peri\u00f3dico Digital de Zacatecas<\/title>\n<meta name=\"robots\" content=\"index, follow, max-snippet:-1, max-image-preview:large, max-video-preview:-1\" \/>\n<link rel=\"canonical\" href=\"https:\/\/creston.com.mx\/index.php\/02\/impulsamos-una-agenda-legislativa-con-perspectiva-feminista-ulises-mejia\/informacion-general\/2026\/\" \/>\n<meta property=\"og:locale\" content=\"es_ES\" \/>\n<meta property=\"og:type\" content=\"article\" \/>\n<meta property=\"og:title\" content=\"Impulsamos una agenda legislativa con perspectiva feminista: Ulises Mej\u00eda - Peri\u00f3dico Digital de Zacatecas\" \/>\n<meta property=\"og:description\" content=\". Organizan el conversatorio \u201cPor una agenda legislativa con perspectiva feminista e igualdad sustantiva\u201d. . Como parte de las mesas de trabajo para la construcci\u00f3n de la agenda legislativa del&hellip;\" \/>\n<meta property=\"og:url\" content=\"https:\/\/creston.com.mx\/index.php\/02\/impulsamos-una-agenda-legislativa-con-perspectiva-feminista-ulises-mejia\/informacion-general\/2026\/\" \/>\n<meta property=\"og:site_name\" content=\"Peri\u00f3dico Digital de Zacatecas\" \/>\n<meta property=\"article:published_time\" content=\"2026-02-28T02:25:00+00:00\" \/>\n<meta property=\"article:modified_time\" content=\"2026-03-03T19:32:25+00:00\" \/>\n<meta property=\"og:image\" content=\"https:\/\/creston.com.mx\/wp-content\/uploads\/2026\/03\/IMG-20260228-WA0017-e1772566159223.jpg\" \/>\n\t<meta property=\"og:image:width\" content=\"1212\" \/>\n\t<meta property=\"og:image:height\" content=\"702\" \/>\n\t<meta property=\"og:image:type\" content=\"image\/jpeg\" \/>\n<meta name=\"author\" content=\"Periodico Creston\" \/>\n<meta name=\"twitter:card\" content=\"summary_large_image\" \/>\n<meta name=\"twitter:label1\" content=\"Escrito por\" \/>\n\t<meta name=\"twitter:data1\" content=\"Periodico Creston\" \/>\n\t<meta name=\"twitter:label2\" content=\"Tiempo de lectura\" \/>\n\t<meta name=\"twitter:data2\" content=\"4 minutos\" \/>\n<script type=\"application\/ld+json\" class=\"yoast-schema-graph\">{\"@context\":\"https:\/\/schema.org\",\"@graph\":[{\"@type\":\"Article\",\"@id\":\"https:\/\/creston.com.mx\/index.php\/02\/impulsamos-una-agenda-legislativa-con-perspectiva-feminista-ulises-mejia\/informacion-general\/2026\/#article\",\"isPartOf\":{\"@id\":\"https:\/\/creston.com.mx\/index.php\/02\/impulsamos-una-agenda-legislativa-con-perspectiva-feminista-ulises-mejia\/informacion-general\/2026\/\"},\"author\":{\"name\":\"Periodico Creston\",\"@id\":\"https:\/\/creston.com.mx\/#\/schema\/person\/01f2ce9e289bc5300c759925ef768c1d\"},\"headline\":\"Impulsamos una agenda legislativa con perspectiva feminista: Ulises Mej\u00eda\",\"datePublished\":\"2026-02-28T02:25:00+00:00\",\"dateModified\":\"2026-03-03T19:32:25+00:00\",\"mainEntityOfPage\":{\"@id\":\"https:\/\/creston.com.mx\/index.php\/02\/impulsamos-una-agenda-legislativa-con-perspectiva-feminista-ulises-mejia\/informacion-general\/2026\/\"},\"wordCount\":667,\"commentCount\":0,\"publisher\":{\"@id\":\"https:\/\/creston.com.mx\/#organization\"},\"image\":{\"@id\":\"https:\/\/creston.com.mx\/index.php\/02\/impulsamos-una-agenda-legislativa-con-perspectiva-feminista-ulises-mejia\/informacion-general\/2026\/#primaryimage\"},\"thumbnailUrl\":\"https:\/\/creston.com.mx\/wp-content\/uploads\/2026\/03\/IMG-20260228-WA0017-e1772566159223.jpg\",\"articleSection\":[\"Informaci\u00f3n General\"],\"inLanguage\":\"es\",\"potentialAction\":[{\"@type\":\"CommentAction\",\"name\":\"Comment\",\"target\":[\"https:\/\/creston.com.mx\/index.php\/02\/impulsamos-una-agenda-legislativa-con-perspectiva-feminista-ulises-mejia\/informacion-general\/2026\/#respond\"]}]},{\"@type\":\"WebPage\",\"@id\":\"https:\/\/creston.com.mx\/index.php\/02\/impulsamos-una-agenda-legislativa-con-perspectiva-feminista-ulises-mejia\/informacion-general\/2026\/\",\"url\":\"https:\/\/creston.com.mx\/index.php\/02\/impulsamos-una-agenda-legislativa-con-perspectiva-feminista-ulises-mejia\/informacion-general\/2026\/\",\"name\":\"Impulsamos una agenda legislativa con perspectiva feminista: Ulises Mej\u00eda - Peri\u00f3dico Digital de Zacatecas\",\"isPartOf\":{\"@id\":\"https:\/\/creston.com.mx\/#website\"},\"primaryImageOfPage\":{\"@id\":\"https:\/\/creston.com.mx\/index.php\/02\/impulsamos-una-agenda-legislativa-con-perspectiva-feminista-ulises-mejia\/informacion-general\/2026\/#primaryimage\"},\"image\":{\"@id\":\"https:\/\/creston.com.mx\/index.php\/02\/impulsamos-una-agenda-legislativa-con-perspectiva-feminista-ulises-mejia\/informacion-general\/2026\/#primaryimage\"},\"thumbnailUrl\":\"https:\/\/creston.com.mx\/wp-content\/uploads\/2026\/03\/IMG-20260228-WA0017-e1772566159223.jpg\",\"datePublished\":\"2026-02-28T02:25:00+00:00\",\"dateModified\":\"2026-03-03T19:32:25+00:00\",\"breadcrumb\":{\"@id\":\"https:\/\/creston.com.mx\/index.php\/02\/impulsamos-una-agenda-legislativa-con-perspectiva-feminista-ulises-mejia\/informacion-general\/2026\/#breadcrumb\"},\"inLanguage\":\"es\",\"potentialAction\":[{\"@type\":\"ReadAction\",\"target\":[\"https:\/\/creston.com.mx\/index.php\/02\/impulsamos-una-agenda-legislativa-con-perspectiva-feminista-ulises-mejia\/informacion-general\/2026\/\"]}]},{\"@type\":\"ImageObject\",\"inLanguage\":\"es\",\"@id\":\"https:\/\/creston.com.mx\/index.php\/02\/impulsamos-una-agenda-legislativa-con-perspectiva-feminista-ulises-mejia\/informacion-general\/2026\/#primaryimage\",\"url\":\"https:\/\/creston.com.mx\/wp-content\/uploads\/2026\/03\/IMG-20260228-WA0017-e1772566159223.jpg\",\"contentUrl\":\"https:\/\/creston.com.mx\/wp-content\/uploads\/2026\/03\/IMG-20260228-WA0017-e1772566159223.jpg\",\"width\":1212,\"height\":702},{\"@type\":\"BreadcrumbList\",\"@id\":\"https:\/\/creston.com.mx\/index.php\/02\/impulsamos-una-agenda-legislativa-con-perspectiva-feminista-ulises-mejia\/informacion-general\/2026\/#breadcrumb\",\"itemListElement\":[{\"@type\":\"ListItem\",\"position\":1,\"name\":\"Portada\",\"item\":\"https:\/\/creston.com.mx\/\"},{\"@type\":\"ListItem\",\"position\":2,\"name\":\"Impulsamos una agenda legislativa con perspectiva feminista: Ulises Mej\u00eda\"}]},{\"@type\":\"WebSite\",\"@id\":\"https:\/\/creston.com.mx\/#website\",\"url\":\"https:\/\/creston.com.mx\/\",\"name\":\"Peri\u00f3dico Digital de Zacatecas\",\"description\":\"\",\"publisher\":{\"@id\":\"https:\/\/creston.com.mx\/#organization\"},\"potentialAction\":[{\"@type\":\"SearchAction\",\"target\":{\"@type\":\"EntryPoint\",\"urlTemplate\":\"https:\/\/creston.com.mx\/?s={search_term_string}\"},\"query-input\":{\"@type\":\"PropertyValueSpecification\",\"valueRequired\":true,\"valueName\":\"search_term_string\"}}],\"inLanguage\":\"es\"},{\"@type\":\"Organization\",\"@id\":\"https:\/\/creston.com.mx\/#organization\",\"name\":\"Peri\u00f3dico Digital de Zacatecas\",\"url\":\"https:\/\/creston.com.mx\/\",\"logo\":{\"@type\":\"ImageObject\",\"inLanguage\":\"es\",\"@id\":\"https:\/\/creston.com.mx\/#\/schema\/logo\/image\/\",\"url\":\"https:\/\/creston.com.mx\/wp-content\/uploads\/2026\/02\/cropped-Logo-Creston2.jpg\",\"contentUrl\":\"https:\/\/creston.com.mx\/wp-content\/uploads\/2026\/02\/cropped-Logo-Creston2.jpg\",\"width\":503,\"height\":194,\"caption\":\"Peri\u00f3dico Digital  de Zacatecas\"},\"image\":{\"@id\":\"https:\/\/creston.com.mx\/#\/schema\/logo\/image\/\"}},{\"@type\":\"Person\",\"@id\":\"https:\/\/creston.com.mx\/#\/schema\/person\/01f2ce9e289bc5300c759925ef768c1d\",\"name\":\"Periodico Creston\",\"image\":{\"@type\":\"ImageObject\",\"inLanguage\":\"es\",\"@id\":\"https:\/\/creston.com.mx\/#\/schema\/person\/image\/\",\"url\":\"https:\/\/secure.gravatar.com\/avatar\/c91eac1cf0d45897b6d294d474aa7713a194d460be0aaf72157553d050cda1c1?s=96&d=mm&r=g\",\"contentUrl\":\"https:\/\/secure.gravatar.com\/avatar\/c91eac1cf0d45897b6d294d474aa7713a194d460be0aaf72157553d050cda1c1?s=96&d=mm&r=g\",\"caption\":\"Periodico Creston\"},\"sameAs\":[\"https:\/\/creston.com.mx\"],\"url\":\"https:\/\/creston.com.mx\/index.php\/author\/cstnalja96\/\"}]}<\/script>\n<!-- \/ Yoast SEO plugin. -->","yoast_head_json":{"title":"Impulsamos una agenda legislativa con perspectiva feminista: Ulises Mej\u00eda - Peri\u00f3dico Digital de Zacatecas","robots":{"index":"index","follow":"follow","max-snippet":"max-snippet:-1","max-image-preview":"max-image-preview:large","max-video-preview":"max-video-preview:-1"},"canonical":"https:\/\/creston.com.mx\/index.php\/02\/impulsamos-una-agenda-legislativa-con-perspectiva-feminista-ulises-mejia\/informacion-general\/2026\/","og_locale":"es_ES","og_type":"article","og_title":"Impulsamos una agenda legislativa con perspectiva feminista: Ulises Mej\u00eda - Peri\u00f3dico Digital de Zacatecas","og_description":". Organizan el conversatorio \u201cPor una agenda legislativa con perspectiva feminista e igualdad sustantiva\u201d. . Como parte de las mesas de trabajo para la construcci\u00f3n de la agenda legislativa del&hellip;","og_url":"https:\/\/creston.com.mx\/index.php\/02\/impulsamos-una-agenda-legislativa-con-perspectiva-feminista-ulises-mejia\/informacion-general\/2026\/","og_site_name":"Peri\u00f3dico Digital de Zacatecas","article_published_time":"2026-02-28T02:25:00+00:00","article_modified_time":"2026-03-03T19:32:25+00:00","og_image":[{"width":1212,"height":702,"url":"https:\/\/creston.com.mx\/wp-content\/uploads\/2026\/03\/IMG-20260228-WA0017-e1772566159223.jpg","type":"image\/jpeg"}],"author":"Periodico Creston","twitter_card":"summary_large_image","twitter_misc":{"Escrito por":"Periodico Creston","Tiempo de lectura":"4 minutos"},"schema":{"@context":"https:\/\/schema.org","@graph":[{"@type":"Article","@id":"https:\/\/creston.com.mx\/index.php\/02\/impulsamos-una-agenda-legislativa-con-perspectiva-feminista-ulises-mejia\/informacion-general\/2026\/#article","isPartOf":{"@id":"https:\/\/creston.com.mx\/index.php\/02\/impulsamos-una-agenda-legislativa-con-perspectiva-feminista-ulises-mejia\/informacion-general\/2026\/"},"author":{"name":"Periodico Creston","@id":"https:\/\/creston.com.mx\/#\/schema\/person\/01f2ce9e289bc5300c759925ef768c1d"},"headline":"Impulsamos una agenda legislativa con perspectiva feminista: Ulises Mej\u00eda","datePublished":"2026-02-28T02:25:00+00:00","dateModified":"2026-03-03T19:32:25+00:00","mainEntityOfPage":{"@id":"https:\/\/creston.com.mx\/index.php\/02\/impulsamos-una-agenda-legislativa-con-perspectiva-feminista-ulises-mejia\/informacion-general\/2026\/"},"wordCount":667,"commentCount":0,"publisher":{"@id":"https:\/\/creston.com.mx\/#organization"},"image":{"@id":"https:\/\/creston.com.mx\/index.php\/02\/impulsamos-una-agenda-legislativa-con-perspectiva-feminista-ulises-mejia\/informacion-general\/2026\/#primaryimage"},"thumbnailUrl":"https:\/\/creston.com.mx\/wp-content\/uploads\/2026\/03\/IMG-20260228-WA0017-e1772566159223.jpg","articleSection":["Informaci\u00f3n General"],"inLanguage":"es","potentialAction":[{"@type":"CommentAction","name":"Comment","target":["https:\/\/creston.com.mx\/index.php\/02\/impulsamos-una-agenda-legislativa-con-perspectiva-feminista-ulises-mejia\/informacion-general\/2026\/#respond"]}]},{"@type":"WebPage","@id":"https:\/\/creston.com.mx\/index.php\/02\/impulsamos-una-agenda-legislativa-con-perspectiva-feminista-ulises-mejia\/informacion-general\/2026\/","url":"https:\/\/creston.com.mx\/index.php\/02\/impulsamos-una-agenda-legislativa-con-perspectiva-feminista-ulises-mejia\/informacion-general\/2026\/","name":"Impulsamos una agenda legislativa con perspectiva feminista: Ulises Mej\u00eda - Peri\u00f3dico Digital de Zacatecas","isPartOf":{"@id":"https:\/\/creston.com.mx\/#website"},"primaryImageOfPage":{"@id":"https:\/\/creston.com.mx\/index.php\/02\/impulsamos-una-agenda-legislativa-con-perspectiva-feminista-ulises-mejia\/informacion-general\/2026\/#primaryimage"},"image":{"@id":"https:\/\/creston.com.mx\/index.php\/02\/impulsamos-una-agenda-legislativa-con-perspectiva-feminista-ulises-mejia\/informacion-general\/2026\/#primaryimage"},"thumbnailUrl":"https:\/\/creston.com.mx\/wp-content\/uploads\/2026\/03\/IMG-20260228-WA0017-e1772566159223.jpg","datePublished":"2026-02-28T02:25:00+00:00","dateModified":"2026-03-03T19:32:25+00:00","breadcrumb":{"@id":"https:\/\/creston.com.mx\/index.php\/02\/impulsamos-una-agenda-legislativa-con-perspectiva-feminista-ulises-mejia\/informacion-general\/2026\/#breadcrumb"},"inLanguage":"es","potentialAction":[{"@type":"ReadAction","target":["https:\/\/creston.com.mx\/index.php\/02\/impulsamos-una-agenda-legislativa-con-perspectiva-feminista-ulises-mejia\/informacion-general\/2026\/"]}]},{"@type":"ImageObject","inLanguage":"es","@id":"https:\/\/creston.com.mx\/index.php\/02\/impulsamos-una-agenda-legislativa-con-perspectiva-feminista-ulises-mejia\/informacion-general\/2026\/#primaryimage","url":"https:\/\/creston.com.mx\/wp-content\/uploads\/2026\/03\/IMG-20260228-WA0017-e1772566159223.jpg","contentUrl":"https:\/\/creston.com.mx\/wp-content\/uploads\/2026\/03\/IMG-20260228-WA0017-e1772566159223.jpg","width":1212,"height":702},{"@type":"BreadcrumbList","@id":"https:\/\/creston.com.mx\/index.php\/02\/impulsamos-una-agenda-legislativa-con-perspectiva-feminista-ulises-mejia\/informacion-general\/2026\/#breadcrumb","itemListElement":[{"@type":"ListItem","position":1,"name":"Portada","item":"https:\/\/creston.com.mx\/"},{"@type":"ListItem","position":2,"name":"Impulsamos una agenda legislativa con perspectiva feminista: Ulises Mej\u00eda"}]},{"@type":"WebSite","@id":"https:\/\/creston.com.mx\/#website","url":"https:\/\/creston.com.mx\/","name":"Peri\u00f3dico Digital de Zacatecas","description":"","publisher":{"@id":"https:\/\/creston.com.mx\/#organization"},"potentialAction":[{"@type":"SearchAction","target":{"@type":"EntryPoint","urlTemplate":"https:\/\/creston.com.mx\/?s={search_term_string}"},"query-input":{"@type":"PropertyValueSpecification","valueRequired":true,"valueName":"search_term_string"}}],"inLanguage":"es"},{"@type":"Organization","@id":"https:\/\/creston.com.mx\/#organization","name":"Peri\u00f3dico Digital de Zacatecas","url":"https:\/\/creston.com.mx\/","logo":{"@type":"ImageObject","inLanguage":"es","@id":"https:\/\/creston.com.mx\/#\/schema\/logo\/image\/","url":"https:\/\/creston.com.mx\/wp-content\/uploads\/2026\/02\/cropped-Logo-Creston2.jpg","contentUrl":"https:\/\/creston.com.mx\/wp-content\/uploads\/2026\/02\/cropped-Logo-Creston2.jpg","width":503,"height":194,"caption":"Peri\u00f3dico Digital  de Zacatecas"},"image":{"@id":"https:\/\/creston.com.mx\/#\/schema\/logo\/image\/"}},{"@type":"Person","@id":"https:\/\/creston.com.mx\/#\/schema\/person\/01f2ce9e289bc5300c759925ef768c1d","name":"Periodico Creston","image":{"@type":"ImageObject","inLanguage":"es","@id":"https:\/\/creston.com.mx\/#\/schema\/person\/image\/","url":"https:\/\/secure.gravatar.com\/avatar\/c91eac1cf0d45897b6d294d474aa7713a194d460be0aaf72157553d050cda1c1?s=96&d=mm&r=g","contentUrl":"https:\/\/secure.gravatar.com\/avatar\/c91eac1cf0d45897b6d294d474aa7713a194d460be0aaf72157553d050cda1c1?s=96&d=mm&r=g","caption":"Periodico Creston"},"sameAs":["https:\/\/creston.com.mx"],"url":"https:\/\/creston.com.mx\/index.php\/author\/cstnalja96\/"}]}},"jetpack_sharing_enabled":true,"jetpack_featured_media_url":"https:\/\/creston.com.mx\/wp-content\/uploads\/2026\/03\/IMG-20260228-WA0017-e1772566159223.jpg","_links":{"self":[{"href":"https:\/\/creston.com.mx\/index.php\/wp-json\/wp\/v2\/posts\/2632","targetHints":{"allow":["GET"]}}],"collection":[{"href":"https:\/\/creston.com.mx\/index.php\/wp-json\/wp\/v2\/posts"}],"about":[{"href":"https:\/\/creston.com.mx\/index.php\/wp-json\/wp\/v2\/types\/post"}],"author":[{"embeddable":true,"href":"https:\/\/creston.com.mx\/index.php\/wp-json\/wp\/v2\/users\/1"}],"replies":[{"embeddable":true,"href":"https:\/\/creston.com.mx\/index.php\/wp-json\/wp\/v2\/comments?post=2632"}],"version-history":[{"count":1,"href":"https:\/\/creston.com.mx\/index.php\/wp-json\/wp\/v2\/posts\/2632\/revisions"}],"predecessor-version":[{"id":2637,"href":"https:\/\/creston.com.mx\/index.php\/wp-json\/wp\/v2\/posts\/2632\/revisions\/2637"}],"wp:featuredmedia":[{"embeddable":true,"href":"https:\/\/creston.com.mx\/index.php\/wp-json\/wp\/v2\/media\/2635"}],"wp:attachment":[{"href":"https:\/\/creston.com.mx\/index.php\/wp-json\/wp\/v2\/media?parent=2632"}],"wp:term":[{"taxonomy":"category","embeddable":true,"href":"https:\/\/creston.com.mx\/index.php\/wp-json\/wp\/v2\/categories?post=2632"},{"taxonomy":"post_tag","embeddable":true,"href":"https:\/\/creston.com.mx\/index.php\/wp-json\/wp\/v2\/tags?post=2632"}],"curies":[{"name":"wp","href":"https:\/\/api.w.org\/{rel}","templated":true}]}}