{"id":2627,"date":"2026-02-27T20:19:00","date_gmt":"2026-02-28T02:19:00","guid":{"rendered":"https:\/\/creston.com.mx\/?p=2627"},"modified":"2026-03-03T13:25:08","modified_gmt":"2026-03-03T19:25:08","slug":"reposteria-y-salud-mental-en-la-capital","status":"publish","type":"post","link":"https:\/\/creston.com.mx\/index.php\/02\/reposteria-y-salud-mental-en-la-capital\/estado\/2026\/","title":{"rendered":"Reposter\u00eda y Salud Mental en la Capital"},"content":{"rendered":"\n<p>.<\/p>\n\n\n\n<p class=\"has-medium-font-size\"><strong><em>El objetivo es el fomento de la inteligencia emocional y desarrollo de habilidades creativas.<\/em><\/strong><\/p>\n\n\n\n<p>.<\/p>\n\n\n\n<p>En una suma de esfuerzos por el beneficio de la ni\u00f1ez zacatecana, el alcalde Miguel Varela y su esposa, la presidenta honor\u00edfica del DIF Municipal, Karla Estrada, impulsan una iniciativa innovadora para complementar los d\u00edas de Consejo T\u00e9cnico Escolar.<\/p>\n\n\n\n<p>Las actividades, desarrolladas en la los centros sociales del municipio, vinculan el arte de la reposter\u00eda con el manejo de los sentimientos, permitiendo que los peque\u00f1os aprendan en un ambiente seguro y profesional.<\/p>\n\n\n<div class=\"wp-block-image\">\n<figure class=\"alignright size-large is-resized\"><img fetchpriority=\"high\" decoding=\"async\" width=\"1024\" height=\"682\" src=\"https:\/\/creston.com.mx\/wp-content\/uploads\/2026\/03\/IMG-20260228-WA0033-1024x682.jpg\" alt=\"\" class=\"wp-image-2628\" style=\"aspect-ratio:1.5014984159602707;width:525px;height:auto\" srcset=\"https:\/\/creston.com.mx\/wp-content\/uploads\/2026\/03\/IMG-20260228-WA0033-1024x682.jpg 1024w, https:\/\/creston.com.mx\/wp-content\/uploads\/2026\/03\/IMG-20260228-WA0033-300x200.jpg 300w, https:\/\/creston.com.mx\/wp-content\/uploads\/2026\/03\/IMG-20260228-WA0033-768x512.jpg 768w, https:\/\/creston.com.mx\/wp-content\/uploads\/2026\/03\/IMG-20260228-WA0033-1536x1023.jpg 1536w, https:\/\/creston.com.mx\/wp-content\/uploads\/2026\/03\/IMG-20260228-WA0033.jpg 1600w\" sizes=\"(max-width: 1024px) 100vw, 1024px\" \/><\/figure>\n<\/div>\n\n\n<p>Dentro de este programa, psic\u00f3logos especializados del DIF imparten pl\u00e1ticas dise\u00f1adas para que los ni\u00f1os aprendan a reconocer y gestionar sus emociones de manera efectiva.<\/p>\n\n\n\n<p>A trav\u00e9s de la cocina, se brindan herramientas pr\u00e1cticas para manejar la frustraci\u00f3n, cultivar la paciencia y estimular la creatividad.<\/p>\n\n\n\n<p>El objetivo es que los participantes no solo adquieran conocimientos t\u00e9cnicos, sino que fortalezcan su capacidad de respuesta ante retos cotidianos, fomentando al mismo tiempo el trabajo en equipo y el compa\u00f1erismo.<\/p>\n\n\n<div class=\"wp-block-image\">\n<figure class=\"alignright size-large is-resized\"><img decoding=\"async\" width=\"1024\" height=\"682\" src=\"https:\/\/creston.com.mx\/wp-content\/uploads\/2026\/03\/IMG-20260228-WA0036-1024x682.jpg\" alt=\"\" class=\"wp-image-2630\" style=\"aspect-ratio:1.5014984159602707;width:539px;height:auto\" srcset=\"https:\/\/creston.com.mx\/wp-content\/uploads\/2026\/03\/IMG-20260228-WA0036-1024x682.jpg 1024w, https:\/\/creston.com.mx\/wp-content\/uploads\/2026\/03\/IMG-20260228-WA0036-300x200.jpg 300w, https:\/\/creston.com.mx\/wp-content\/uploads\/2026\/03\/IMG-20260228-WA0036-768x512.jpg 768w, https:\/\/creston.com.mx\/wp-content\/uploads\/2026\/03\/IMG-20260228-WA0036-1536x1023.jpg 1536w, https:\/\/creston.com.mx\/wp-content\/uploads\/2026\/03\/IMG-20260228-WA0036.jpg 1600w\" sizes=\"(max-width: 1024px) 100vw, 1024px\" \/><\/figure>\n<\/div>\n\n\n<p>Desde la Coordinaci\u00f3n de Centros Sociales, se proyecta que los pr\u00f3ximos viernes de consejo t\u00e9cnico aborden diversas tem\u00e1ticas integrales para el desarrollo infantil. Mientras que este mes se enfoc\u00f3 en el aspecto psicol\u00f3gico, las siguientes ediciones tratar\u00e1n temas fundamentales como la salud y la inclusi\u00f3n, entre otros.<\/p>\n\n\n\n<p>Con estas acciones, la administraci\u00f3n municipal reafirma su compromiso de brindar una formaci\u00f3n integral que prepare a las nuevas generaciones con inteligencia emocional.<\/p>\n\n\n\n<p>.<\/p>\n\n\n\n\n\n<p>.<\/p>\n\n\n<div class=\"wp-block-image\">\n<figure class=\"aligncenter size-large is-resized\"><img decoding=\"async\" width=\"819\" height=\"1024\" src=\"https:\/\/creston.com.mx\/wp-content\/uploads\/2026\/02\/IMG-20260218-WA0018-819x1024.jpg\" alt=\"\" class=\"wp-image-2528\" style=\"width:553px;height:auto\" srcset=\"https:\/\/creston.com.mx\/wp-content\/uploads\/2026\/02\/IMG-20260218-WA0018-819x1024.jpg 819w, https:\/\/creston.com.mx\/wp-content\/uploads\/2026\/02\/IMG-20260218-WA0018-240x300.jpg 240w, https:\/\/creston.com.mx\/wp-content\/uploads\/2026\/02\/IMG-20260218-WA0018-768x960.jpg 768w, https:\/\/creston.com.mx\/wp-content\/uploads\/2026\/02\/IMG-20260218-WA0018-1229x1536.jpg 1229w, https:\/\/creston.com.mx\/wp-content\/uploads\/2026\/02\/IMG-20260218-WA0018.jpg 1280w\" sizes=\"(max-width: 819px) 100vw, 819px\" \/><\/figure>\n<\/div>","protected":false},"excerpt":{"rendered":"<p>. El objetivo es el fomento de la inteligencia emocional y desarrollo de habilidades creativas. . En una suma de esfuerzos por el beneficio de la ni\u00f1ez zacatecana, el alcalde&hellip; <\/p>\n","protected":false},"author":1,"featured_media":2629,"comment_status":"open","ping_status":"closed","sticky":false,"template":"","format":"standard","meta":{"_jetpack_memberships_contains_paid_content":false,"footnotes":""},"categories":[1],"tags":[],"class_list":["post-2627","post","type-post","status-publish","format-standard","has-post-thumbnail","hentry","category-estado"],"yoast_head":"<!-- This site is optimized with the Yoast SEO plugin v24.2 - https:\/\/yoast.com\/wordpress\/plugins\/seo\/ -->\n<title>Reposter\u00eda y Salud Mental en la Capital - Peri\u00f3dico Digital de Zacatecas<\/title>\n<meta name=\"robots\" content=\"index, follow, max-snippet:-1, max-image-preview:large, max-video-preview:-1\" \/>\n<link rel=\"canonical\" href=\"https:\/\/creston.com.mx\/index.php\/02\/reposteria-y-salud-mental-en-la-capital\/estado\/2026\/\" \/>\n<meta property=\"og:locale\" content=\"es_ES\" \/>\n<meta property=\"og:type\" content=\"article\" \/>\n<meta property=\"og:title\" content=\"Reposter\u00eda y Salud Mental en la Capital - Peri\u00f3dico Digital de Zacatecas\" \/>\n<meta property=\"og:description\" content=\". El objetivo es el fomento de la inteligencia emocional y desarrollo de habilidades creativas. . En una suma de esfuerzos por el beneficio de la ni\u00f1ez zacatecana, el alcalde&hellip;\" \/>\n<meta property=\"og:url\" content=\"https:\/\/creston.com.mx\/index.php\/02\/reposteria-y-salud-mental-en-la-capital\/estado\/2026\/\" \/>\n<meta property=\"og:site_name\" content=\"Peri\u00f3dico Digital de Zacatecas\" \/>\n<meta property=\"article:published_time\" content=\"2026-02-28T02:19:00+00:00\" \/>\n<meta property=\"article:modified_time\" content=\"2026-03-03T19:25:08+00:00\" \/>\n<meta property=\"og:image\" content=\"https:\/\/creston.com.mx\/wp-content\/uploads\/2026\/03\/IMG-20260228-WA0035.jpg\" \/>\n\t<meta property=\"og:image:width\" content=\"1600\" \/>\n\t<meta property=\"og:image:height\" content=\"1066\" \/>\n\t<meta property=\"og:image:type\" content=\"image\/jpeg\" \/>\n<meta name=\"author\" content=\"Periodico Creston\" \/>\n<meta name=\"twitter:card\" content=\"summary_large_image\" \/>\n<meta name=\"twitter:label1\" content=\"Escrito por\" \/>\n\t<meta name=\"twitter:data1\" content=\"Periodico Creston\" \/>\n\t<meta name=\"twitter:label2\" content=\"Tiempo de lectura\" \/>\n\t<meta name=\"twitter:data2\" content=\"2 minutos\" \/>\n<script type=\"application\/ld+json\" class=\"yoast-schema-graph\">{\"@context\":\"https:\/\/schema.org\",\"@graph\":[{\"@type\":\"Article\",\"@id\":\"https:\/\/creston.com.mx\/index.php\/02\/reposteria-y-salud-mental-en-la-capital\/estado\/2026\/#article\",\"isPartOf\":{\"@id\":\"https:\/\/creston.com.mx\/index.php\/02\/reposteria-y-salud-mental-en-la-capital\/estado\/2026\/\"},\"author\":{\"name\":\"Periodico Creston\",\"@id\":\"https:\/\/creston.com.mx\/#\/schema\/person\/01f2ce9e289bc5300c759925ef768c1d\"},\"headline\":\"Reposter\u00eda y Salud Mental en la Capital\",\"datePublished\":\"2026-02-28T02:19:00+00:00\",\"dateModified\":\"2026-03-03T19:25:08+00:00\",\"mainEntityOfPage\":{\"@id\":\"https:\/\/creston.com.mx\/index.php\/02\/reposteria-y-salud-mental-en-la-capital\/estado\/2026\/\"},\"wordCount\":265,\"commentCount\":0,\"publisher\":{\"@id\":\"https:\/\/creston.com.mx\/#organization\"},\"image\":{\"@id\":\"https:\/\/creston.com.mx\/index.php\/02\/reposteria-y-salud-mental-en-la-capital\/estado\/2026\/#primaryimage\"},\"thumbnailUrl\":\"https:\/\/creston.com.mx\/wp-content\/uploads\/2026\/03\/IMG-20260228-WA0035.jpg\",\"articleSection\":[\"Estado\"],\"inLanguage\":\"es\",\"potentialAction\":[{\"@type\":\"CommentAction\",\"name\":\"Comment\",\"target\":[\"https:\/\/creston.com.mx\/index.php\/02\/reposteria-y-salud-mental-en-la-capital\/estado\/2026\/#respond\"]}]},{\"@type\":\"WebPage\",\"@id\":\"https:\/\/creston.com.mx\/index.php\/02\/reposteria-y-salud-mental-en-la-capital\/estado\/2026\/\",\"url\":\"https:\/\/creston.com.mx\/index.php\/02\/reposteria-y-salud-mental-en-la-capital\/estado\/2026\/\",\"name\":\"Reposter\u00eda y Salud Mental en la Capital - Peri\u00f3dico Digital de Zacatecas\",\"isPartOf\":{\"@id\":\"https:\/\/creston.com.mx\/#website\"},\"primaryImageOfPage\":{\"@id\":\"https:\/\/creston.com.mx\/index.php\/02\/reposteria-y-salud-mental-en-la-capital\/estado\/2026\/#primaryimage\"},\"image\":{\"@id\":\"https:\/\/creston.com.mx\/index.php\/02\/reposteria-y-salud-mental-en-la-capital\/estado\/2026\/#primaryimage\"},\"thumbnailUrl\":\"https:\/\/creston.com.mx\/wp-content\/uploads\/2026\/03\/IMG-20260228-WA0035.jpg\",\"datePublished\":\"2026-02-28T02:19:00+00:00\",\"dateModified\":\"2026-03-03T19:25:08+00:00\",\"breadcrumb\":{\"@id\":\"https:\/\/creston.com.mx\/index.php\/02\/reposteria-y-salud-mental-en-la-capital\/estado\/2026\/#breadcrumb\"},\"inLanguage\":\"es\",\"potentialAction\":[{\"@type\":\"ReadAction\",\"target\":[\"https:\/\/creston.com.mx\/index.php\/02\/reposteria-y-salud-mental-en-la-capital\/estado\/2026\/\"]}]},{\"@type\":\"ImageObject\",\"inLanguage\":\"es\",\"@id\":\"https:\/\/creston.com.mx\/index.php\/02\/reposteria-y-salud-mental-en-la-capital\/estado\/2026\/#primaryimage\",\"url\":\"https:\/\/creston.com.mx\/wp-content\/uploads\/2026\/03\/IMG-20260228-WA0035.jpg\",\"contentUrl\":\"https:\/\/creston.com.mx\/wp-content\/uploads\/2026\/03\/IMG-20260228-WA0035.jpg\",\"width\":1600,\"height\":1066},{\"@type\":\"BreadcrumbList\",\"@id\":\"https:\/\/creston.com.mx\/index.php\/02\/reposteria-y-salud-mental-en-la-capital\/estado\/2026\/#breadcrumb\",\"itemListElement\":[{\"@type\":\"ListItem\",\"position\":1,\"name\":\"Portada\",\"item\":\"https:\/\/creston.com.mx\/\"},{\"@type\":\"ListItem\",\"position\":2,\"name\":\"Reposter\u00eda y Salud Mental en la Capital\"}]},{\"@type\":\"WebSite\",\"@id\":\"https:\/\/creston.com.mx\/#website\",\"url\":\"https:\/\/creston.com.mx\/\",\"name\":\"Peri\u00f3dico Digital de Zacatecas\",\"description\":\"\",\"publisher\":{\"@id\":\"https:\/\/creston.com.mx\/#organization\"},\"potentialAction\":[{\"@type\":\"SearchAction\",\"target\":{\"@type\":\"EntryPoint\",\"urlTemplate\":\"https:\/\/creston.com.mx\/?s={search_term_string}\"},\"query-input\":{\"@type\":\"PropertyValueSpecification\",\"valueRequired\":true,\"valueName\":\"search_term_string\"}}],\"inLanguage\":\"es\"},{\"@type\":\"Organization\",\"@id\":\"https:\/\/creston.com.mx\/#organization\",\"name\":\"Peri\u00f3dico Digital de Zacatecas\",\"url\":\"https:\/\/creston.com.mx\/\",\"logo\":{\"@type\":\"ImageObject\",\"inLanguage\":\"es\",\"@id\":\"https:\/\/creston.com.mx\/#\/schema\/logo\/image\/\",\"url\":\"https:\/\/creston.com.mx\/wp-content\/uploads\/2026\/02\/cropped-Logo-Creston2.jpg\",\"contentUrl\":\"https:\/\/creston.com.mx\/wp-content\/uploads\/2026\/02\/cropped-Logo-Creston2.jpg\",\"width\":503,\"height\":194,\"caption\":\"Peri\u00f3dico Digital  de Zacatecas\"},\"image\":{\"@id\":\"https:\/\/creston.com.mx\/#\/schema\/logo\/image\/\"}},{\"@type\":\"Person\",\"@id\":\"https:\/\/creston.com.mx\/#\/schema\/person\/01f2ce9e289bc5300c759925ef768c1d\",\"name\":\"Periodico Creston\",\"image\":{\"@type\":\"ImageObject\",\"inLanguage\":\"es\",\"@id\":\"https:\/\/creston.com.mx\/#\/schema\/person\/image\/\",\"url\":\"https:\/\/secure.gravatar.com\/avatar\/c91eac1cf0d45897b6d294d474aa7713a194d460be0aaf72157553d050cda1c1?s=96&d=mm&r=g\",\"contentUrl\":\"https:\/\/secure.gravatar.com\/avatar\/c91eac1cf0d45897b6d294d474aa7713a194d460be0aaf72157553d050cda1c1?s=96&d=mm&r=g\",\"caption\":\"Periodico Creston\"},\"sameAs\":[\"https:\/\/creston.com.mx\"],\"url\":\"https:\/\/creston.com.mx\/index.php\/author\/cstnalja96\/\"}]}<\/script>\n<!-- \/ Yoast SEO plugin. -->","yoast_head_json":{"title":"Reposter\u00eda y Salud Mental en la Capital - Peri\u00f3dico Digital de Zacatecas","robots":{"index":"index","follow":"follow","max-snippet":"max-snippet:-1","max-image-preview":"max-image-preview:large","max-video-preview":"max-video-preview:-1"},"canonical":"https:\/\/creston.com.mx\/index.php\/02\/reposteria-y-salud-mental-en-la-capital\/estado\/2026\/","og_locale":"es_ES","og_type":"article","og_title":"Reposter\u00eda y Salud Mental en la Capital - Peri\u00f3dico Digital de Zacatecas","og_description":". El objetivo es el fomento de la inteligencia emocional y desarrollo de habilidades creativas. . En una suma de esfuerzos por el beneficio de la ni\u00f1ez zacatecana, el alcalde&hellip;","og_url":"https:\/\/creston.com.mx\/index.php\/02\/reposteria-y-salud-mental-en-la-capital\/estado\/2026\/","og_site_name":"Peri\u00f3dico Digital de Zacatecas","article_published_time":"2026-02-28T02:19:00+00:00","article_modified_time":"2026-03-03T19:25:08+00:00","og_image":[{"width":1600,"height":1066,"url":"https:\/\/creston.com.mx\/wp-content\/uploads\/2026\/03\/IMG-20260228-WA0035.jpg","type":"image\/jpeg"}],"author":"Periodico Creston","twitter_card":"summary_large_image","twitter_misc":{"Escrito por":"Periodico Creston","Tiempo de lectura":"2 minutos"},"schema":{"@context":"https:\/\/schema.org","@graph":[{"@type":"Article","@id":"https:\/\/creston.com.mx\/index.php\/02\/reposteria-y-salud-mental-en-la-capital\/estado\/2026\/#article","isPartOf":{"@id":"https:\/\/creston.com.mx\/index.php\/02\/reposteria-y-salud-mental-en-la-capital\/estado\/2026\/"},"author":{"name":"Periodico Creston","@id":"https:\/\/creston.com.mx\/#\/schema\/person\/01f2ce9e289bc5300c759925ef768c1d"},"headline":"Reposter\u00eda y Salud Mental en la Capital","datePublished":"2026-02-28T02:19:00+00:00","dateModified":"2026-03-03T19:25:08+00:00","mainEntityOfPage":{"@id":"https:\/\/creston.com.mx\/index.php\/02\/reposteria-y-salud-mental-en-la-capital\/estado\/2026\/"},"wordCount":265,"commentCount":0,"publisher":{"@id":"https:\/\/creston.com.mx\/#organization"},"image":{"@id":"https:\/\/creston.com.mx\/index.php\/02\/reposteria-y-salud-mental-en-la-capital\/estado\/2026\/#primaryimage"},"thumbnailUrl":"https:\/\/creston.com.mx\/wp-content\/uploads\/2026\/03\/IMG-20260228-WA0035.jpg","articleSection":["Estado"],"inLanguage":"es","potentialAction":[{"@type":"CommentAction","name":"Comment","target":["https:\/\/creston.com.mx\/index.php\/02\/reposteria-y-salud-mental-en-la-capital\/estado\/2026\/#respond"]}]},{"@type":"WebPage","@id":"https:\/\/creston.com.mx\/index.php\/02\/reposteria-y-salud-mental-en-la-capital\/estado\/2026\/","url":"https:\/\/creston.com.mx\/index.php\/02\/reposteria-y-salud-mental-en-la-capital\/estado\/2026\/","name":"Reposter\u00eda y Salud Mental en la Capital - Peri\u00f3dico Digital de Zacatecas","isPartOf":{"@id":"https:\/\/creston.com.mx\/#website"},"primaryImageOfPage":{"@id":"https:\/\/creston.com.mx\/index.php\/02\/reposteria-y-salud-mental-en-la-capital\/estado\/2026\/#primaryimage"},"image":{"@id":"https:\/\/creston.com.mx\/index.php\/02\/reposteria-y-salud-mental-en-la-capital\/estado\/2026\/#primaryimage"},"thumbnailUrl":"https:\/\/creston.com.mx\/wp-content\/uploads\/2026\/03\/IMG-20260228-WA0035.jpg","datePublished":"2026-02-28T02:19:00+00:00","dateModified":"2026-03-03T19:25:08+00:00","breadcrumb":{"@id":"https:\/\/creston.com.mx\/index.php\/02\/reposteria-y-salud-mental-en-la-capital\/estado\/2026\/#breadcrumb"},"inLanguage":"es","potentialAction":[{"@type":"ReadAction","target":["https:\/\/creston.com.mx\/index.php\/02\/reposteria-y-salud-mental-en-la-capital\/estado\/2026\/"]}]},{"@type":"ImageObject","inLanguage":"es","@id":"https:\/\/creston.com.mx\/index.php\/02\/reposteria-y-salud-mental-en-la-capital\/estado\/2026\/#primaryimage","url":"https:\/\/creston.com.mx\/wp-content\/uploads\/2026\/03\/IMG-20260228-WA0035.jpg","contentUrl":"https:\/\/creston.com.mx\/wp-content\/uploads\/2026\/03\/IMG-20260228-WA0035.jpg","width":1600,"height":1066},{"@type":"BreadcrumbList","@id":"https:\/\/creston.com.mx\/index.php\/02\/reposteria-y-salud-mental-en-la-capital\/estado\/2026\/#breadcrumb","itemListElement":[{"@type":"ListItem","position":1,"name":"Portada","item":"https:\/\/creston.com.mx\/"},{"@type":"ListItem","position":2,"name":"Reposter\u00eda y Salud Mental en la Capital"}]},{"@type":"WebSite","@id":"https:\/\/creston.com.mx\/#website","url":"https:\/\/creston.com.mx\/","name":"Peri\u00f3dico Digital de Zacatecas","description":"","publisher":{"@id":"https:\/\/creston.com.mx\/#organization"},"potentialAction":[{"@type":"SearchAction","target":{"@type":"EntryPoint","urlTemplate":"https:\/\/creston.com.mx\/?s={search_term_string}"},"query-input":{"@type":"PropertyValueSpecification","valueRequired":true,"valueName":"search_term_string"}}],"inLanguage":"es"},{"@type":"Organization","@id":"https:\/\/creston.com.mx\/#organization","name":"Peri\u00f3dico Digital de Zacatecas","url":"https:\/\/creston.com.mx\/","logo":{"@type":"ImageObject","inLanguage":"es","@id":"https:\/\/creston.com.mx\/#\/schema\/logo\/image\/","url":"https:\/\/creston.com.mx\/wp-content\/uploads\/2026\/02\/cropped-Logo-Creston2.jpg","contentUrl":"https:\/\/creston.com.mx\/wp-content\/uploads\/2026\/02\/cropped-Logo-Creston2.jpg","width":503,"height":194,"caption":"Peri\u00f3dico Digital  de Zacatecas"},"image":{"@id":"https:\/\/creston.com.mx\/#\/schema\/logo\/image\/"}},{"@type":"Person","@id":"https:\/\/creston.com.mx\/#\/schema\/person\/01f2ce9e289bc5300c759925ef768c1d","name":"Periodico Creston","image":{"@type":"ImageObject","inLanguage":"es","@id":"https:\/\/creston.com.mx\/#\/schema\/person\/image\/","url":"https:\/\/secure.gravatar.com\/avatar\/c91eac1cf0d45897b6d294d474aa7713a194d460be0aaf72157553d050cda1c1?s=96&d=mm&r=g","contentUrl":"https:\/\/secure.gravatar.com\/avatar\/c91eac1cf0d45897b6d294d474aa7713a194d460be0aaf72157553d050cda1c1?s=96&d=mm&r=g","caption":"Periodico Creston"},"sameAs":["https:\/\/creston.com.mx"],"url":"https:\/\/creston.com.mx\/index.php\/author\/cstnalja96\/"}]}},"jetpack_sharing_enabled":true,"jetpack_featured_media_url":"https:\/\/creston.com.mx\/wp-content\/uploads\/2026\/03\/IMG-20260228-WA0035.jpg","_links":{"self":[{"href":"https:\/\/creston.com.mx\/index.php\/wp-json\/wp\/v2\/posts\/2627","targetHints":{"allow":["GET"]}}],"collection":[{"href":"https:\/\/creston.com.mx\/index.php\/wp-json\/wp\/v2\/posts"}],"about":[{"href":"https:\/\/creston.com.mx\/index.php\/wp-json\/wp\/v2\/types\/post"}],"author":[{"embeddable":true,"href":"https:\/\/creston.com.mx\/index.php\/wp-json\/wp\/v2\/users\/1"}],"replies":[{"embeddable":true,"href":"https:\/\/creston.com.mx\/index.php\/wp-json\/wp\/v2\/comments?post=2627"}],"version-history":[{"count":1,"href":"https:\/\/creston.com.mx\/index.php\/wp-json\/wp\/v2\/posts\/2627\/revisions"}],"predecessor-version":[{"id":2631,"href":"https:\/\/creston.com.mx\/index.php\/wp-json\/wp\/v2\/posts\/2627\/revisions\/2631"}],"wp:featuredmedia":[{"embeddable":true,"href":"https:\/\/creston.com.mx\/index.php\/wp-json\/wp\/v2\/media\/2629"}],"wp:attachment":[{"href":"https:\/\/creston.com.mx\/index.php\/wp-json\/wp\/v2\/media?parent=2627"}],"wp:term":[{"taxonomy":"category","embeddable":true,"href":"https:\/\/creston.com.mx\/index.php\/wp-json\/wp\/v2\/categories?post=2627"},{"taxonomy":"post_tag","embeddable":true,"href":"https:\/\/creston.com.mx\/index.php\/wp-json\/wp\/v2\/tags?post=2627"}],"curies":[{"name":"wp","href":"https:\/\/api.w.org\/{rel}","templated":true}]}}