{"id":2622,"date":"2026-02-25T20:17:00","date_gmt":"2026-02-26T02:17:00","guid":{"rendered":"https:\/\/creston.com.mx\/?p=2622"},"modified":"2026-02-26T13:38:49","modified_gmt":"2026-02-26T19:38:49","slug":"mejora-ayuntamiento-infraestructura-en-escuelas-de-la-capital","status":"publish","type":"post","link":"https:\/\/creston.com.mx\/index.php\/02\/mejora-ayuntamiento-infraestructura-en-escuelas-de-la-capital\/estado\/2026\/","title":{"rendered":"Mejora ayuntamiento infraestructura en escuelas de la Capital"},"content":{"rendered":"\n<p>.<\/p>\n\n\n\n<p class=\"has-medium-font-size\"><strong><em>El alcalde Miguel Varela mejora la creaci\u00f3n de accesos inclusivos y fomenta la cultura ecol\u00f3gica.<\/em><\/strong><\/p>\n\n\n\n<p>.<\/p>\n\n\n\n<p>Durante la ceremonia de honores a la bandera en el Jard\u00edn de Ni\u00f1os \u201cCitlalli\u201d, ubicado en la colonia Lomas de la Soledad se atendieron las necesidades m\u00e1s apremiantes de sus instalaciones, como parte del programa \u201cEl Alcalde en tu escuela\u201d, inform\u00f3 el Presidente Municipal de Zacatecas, Miguel \u00c1ngel Varela Pinedo.<\/p>\n\n\n\n<p>La visi\u00f3n de la actual administraci\u00f3n, liderada por Varela Pinedo, se ha distinguido desde su inicio por mantener una cercan\u00eda genuina con las instituciones educativas. Esto, a trav\u00e9s de el \u00e1rea de Educaci\u00f3n encabezada por la maestra Paloma de la Luz Mart\u00ednez Aranda, en coordinaci\u00f3n con la doctora Nancy Espinosa Medina, Directora General de Solidaridad y Desarrollo Humano.<\/p>\n\n\n<div class=\"wp-block-image\">\n<figure class=\"alignright size-large is-resized\"><img fetchpriority=\"high\" decoding=\"async\" width=\"1024\" height=\"684\" src=\"https:\/\/creston.com.mx\/wp-content\/uploads\/2026\/02\/Mvp-esc-citlali-4-1024x684.jpeg\" alt=\"\" class=\"wp-image-2623\" style=\"aspect-ratio:1.4970973249857713;width:547px;height:auto\" srcset=\"https:\/\/creston.com.mx\/wp-content\/uploads\/2026\/02\/Mvp-esc-citlali-4-1024x684.jpeg 1024w, https:\/\/creston.com.mx\/wp-content\/uploads\/2026\/02\/Mvp-esc-citlali-4-300x200.jpeg 300w, https:\/\/creston.com.mx\/wp-content\/uploads\/2026\/02\/Mvp-esc-citlali-4-768x513.jpeg 768w, https:\/\/creston.com.mx\/wp-content\/uploads\/2026\/02\/Mvp-esc-citlali-4-1536x1025.jpeg 1536w, https:\/\/creston.com.mx\/wp-content\/uploads\/2026\/02\/Mvp-esc-citlali-4.jpeg 1600w\" sizes=\"(max-width: 1024px) 100vw, 1024px\" \/><\/figure>\n<\/div>\n\n\n<p>El alcalde resalt\u00f3 que estas visitas y recorridos directos son fundamentales para contribuir de manera efectiva con la infraestructura escolar y los servicios b\u00e1sicos, elementos que resultan indispensables para elevar la calidad de los espacios donde conviven diariamente las ni\u00f1as y ni\u00f1os de la capital.<\/p>\n\n\n\n<p>Este enfoque busca consolidar un entorno digno y funcional que permita el crecimiento integral de las nuevas generaciones, alej\u00e1ndose de promesas superficiales y enfoc\u00e1ndose en resultados tangibles para la comunidad estudiantil.<\/p>\n\n\n\n<p>Al concluir el protocolo c\u00edvico, las autoridades realizaron un recorrido por los alrededores del plantel, espec\u00edficamente sobre la calle de los Constituyentes. Durante el trayecto, el presidente Miguel Varela atendi\u00f3 personalmente la petici\u00f3n de la directora de la instituci\u00f3n, la Profra. Mar\u00eda Elena Villalpando, quien solicit\u00f3 la construcci\u00f3n de una rampa de discapacidad.<\/p>\n\n\n<div class=\"wp-block-image\">\n<figure class=\"alignright size-large is-resized\"><img decoding=\"async\" width=\"1024\" height=\"684\" src=\"https:\/\/creston.com.mx\/wp-content\/uploads\/2026\/02\/Mvp-esc-citlali-2-1024x684.jpeg\" alt=\"\" class=\"wp-image-2625\" style=\"aspect-ratio:1.4970973249857713;width:532px;height:auto\" srcset=\"https:\/\/creston.com.mx\/wp-content\/uploads\/2026\/02\/Mvp-esc-citlali-2-1024x684.jpeg 1024w, https:\/\/creston.com.mx\/wp-content\/uploads\/2026\/02\/Mvp-esc-citlali-2-300x200.jpeg 300w, https:\/\/creston.com.mx\/wp-content\/uploads\/2026\/02\/Mvp-esc-citlali-2-768x513.jpeg 768w, https:\/\/creston.com.mx\/wp-content\/uploads\/2026\/02\/Mvp-esc-citlali-2-1536x1025.jpeg 1536w, https:\/\/creston.com.mx\/wp-content\/uploads\/2026\/02\/Mvp-esc-citlali-2.jpeg 1600w\" sizes=\"(max-width: 1024px) 100vw, 1024px\" \/><\/figure>\n<\/div>\n\n\n<p>Esta obra es prioritaria para garantizar una atenci\u00f3n adecuada y segura tanto al personal docente como a los alumnos que presentan alguna condici\u00f3n de movilidad diferente, reafirmando el compromiso del Ayuntamiento con la inclusi\u00f3n y la eliminaci\u00f3n de barreras arquitect\u00f3nicas en las zonas escolares.<\/p>\n\n\n\n<p>Finalmente, en una acci\u00f3n conjunta con la Direcci\u00f3n de Medio Ambiente del municipio, se llev\u00f3 a cabo una jornada de reforestaci\u00f3n en la que se plantaron 14 \u00e1rboles de la especie \u201ctrueno\u201d. En esta actividad participaron con entusiasmo los alumnos del grupo de tercer a\u00f1o del jard\u00edn de ni\u00f1os, quienes, junto a los elementos de la Guardia Nacional, contribuyeron a mejorar el entorno verde de su escuela.<\/p>\n\n\n\n<p>.<\/p>\n\n\n\n\n\n<p>.<\/p>\n\n\n<div class=\"wp-block-image\">\n<figure class=\"aligncenter size-large is-resized\"><img decoding=\"async\" width=\"819\" height=\"1024\" src=\"https:\/\/creston.com.mx\/wp-content\/uploads\/2026\/02\/IMG-20260218-WA0018-819x1024.jpg\" alt=\"\" class=\"wp-image-2528\" style=\"width:559px;height:auto\" srcset=\"https:\/\/creston.com.mx\/wp-content\/uploads\/2026\/02\/IMG-20260218-WA0018-819x1024.jpg 819w, https:\/\/creston.com.mx\/wp-content\/uploads\/2026\/02\/IMG-20260218-WA0018-240x300.jpg 240w, https:\/\/creston.com.mx\/wp-content\/uploads\/2026\/02\/IMG-20260218-WA0018-768x960.jpg 768w, https:\/\/creston.com.mx\/wp-content\/uploads\/2026\/02\/IMG-20260218-WA0018-1229x1536.jpg 1229w, https:\/\/creston.com.mx\/wp-content\/uploads\/2026\/02\/IMG-20260218-WA0018.jpg 1280w\" sizes=\"(max-width: 819px) 100vw, 819px\" \/><\/figure>\n<\/div>","protected":false},"excerpt":{"rendered":"<p>. El alcalde Miguel Varela mejora la creaci\u00f3n de accesos inclusivos y fomenta la cultura ecol\u00f3gica. . Durante la ceremonia de honores a la bandera en el Jard\u00edn de Ni\u00f1os&hellip; <\/p>\n","protected":false},"author":1,"featured_media":2624,"comment_status":"open","ping_status":"closed","sticky":false,"template":"","format":"standard","meta":{"_jetpack_memberships_contains_paid_content":false,"footnotes":""},"categories":[1],"tags":[],"class_list":["post-2622","post","type-post","status-publish","format-standard","has-post-thumbnail","hentry","category-estado"],"yoast_head":"<!-- This site is optimized with the Yoast SEO plugin v24.2 - https:\/\/yoast.com\/wordpress\/plugins\/seo\/ -->\n<title>Mejora ayuntamiento infraestructura en escuelas de la Capital - Peri\u00f3dico Digital de Zacatecas<\/title>\n<meta name=\"robots\" content=\"index, follow, max-snippet:-1, max-image-preview:large, max-video-preview:-1\" \/>\n<link rel=\"canonical\" href=\"https:\/\/creston.com.mx\/index.php\/02\/mejora-ayuntamiento-infraestructura-en-escuelas-de-la-capital\/estado\/2026\/\" \/>\n<meta property=\"og:locale\" content=\"es_ES\" \/>\n<meta property=\"og:type\" content=\"article\" \/>\n<meta property=\"og:title\" content=\"Mejora ayuntamiento infraestructura en escuelas de la Capital - Peri\u00f3dico Digital de Zacatecas\" \/>\n<meta property=\"og:description\" content=\". El alcalde Miguel Varela mejora la creaci\u00f3n de accesos inclusivos y fomenta la cultura ecol\u00f3gica. . Durante la ceremonia de honores a la bandera en el Jard\u00edn de Ni\u00f1os&hellip;\" \/>\n<meta property=\"og:url\" content=\"https:\/\/creston.com.mx\/index.php\/02\/mejora-ayuntamiento-infraestructura-en-escuelas-de-la-capital\/estado\/2026\/\" \/>\n<meta property=\"og:site_name\" content=\"Peri\u00f3dico Digital de Zacatecas\" \/>\n<meta property=\"article:published_time\" content=\"2026-02-26T02:17:00+00:00\" \/>\n<meta property=\"article:modified_time\" content=\"2026-02-26T19:38:49+00:00\" \/>\n<meta property=\"og:image\" content=\"https:\/\/creston.com.mx\/wp-content\/uploads\/2026\/02\/Mvp-esc-citlali-1.jpeg\" \/>\n\t<meta property=\"og:image:width\" content=\"1440\" \/>\n\t<meta property=\"og:image:height\" content=\"960\" \/>\n\t<meta property=\"og:image:type\" content=\"image\/jpeg\" \/>\n<meta name=\"author\" content=\"Periodico Creston\" \/>\n<meta name=\"twitter:card\" content=\"summary_large_image\" \/>\n<meta name=\"twitter:label1\" content=\"Escrito por\" \/>\n\t<meta name=\"twitter:data1\" content=\"Periodico Creston\" \/>\n\t<meta name=\"twitter:label2\" content=\"Tiempo de lectura\" \/>\n\t<meta name=\"twitter:data2\" content=\"3 minutos\" \/>\n<script type=\"application\/ld+json\" class=\"yoast-schema-graph\">{\"@context\":\"https:\/\/schema.org\",\"@graph\":[{\"@type\":\"Article\",\"@id\":\"https:\/\/creston.com.mx\/index.php\/02\/mejora-ayuntamiento-infraestructura-en-escuelas-de-la-capital\/estado\/2026\/#article\",\"isPartOf\":{\"@id\":\"https:\/\/creston.com.mx\/index.php\/02\/mejora-ayuntamiento-infraestructura-en-escuelas-de-la-capital\/estado\/2026\/\"},\"author\":{\"name\":\"Periodico Creston\",\"@id\":\"https:\/\/creston.com.mx\/#\/schema\/person\/01f2ce9e289bc5300c759925ef768c1d\"},\"headline\":\"Mejora ayuntamiento infraestructura en escuelas de la Capital\",\"datePublished\":\"2026-02-26T02:17:00+00:00\",\"dateModified\":\"2026-02-26T19:38:49+00:00\",\"mainEntityOfPage\":{\"@id\":\"https:\/\/creston.com.mx\/index.php\/02\/mejora-ayuntamiento-infraestructura-en-escuelas-de-la-capital\/estado\/2026\/\"},\"wordCount\":404,\"commentCount\":0,\"publisher\":{\"@id\":\"https:\/\/creston.com.mx\/#organization\"},\"image\":{\"@id\":\"https:\/\/creston.com.mx\/index.php\/02\/mejora-ayuntamiento-infraestructura-en-escuelas-de-la-capital\/estado\/2026\/#primaryimage\"},\"thumbnailUrl\":\"https:\/\/creston.com.mx\/wp-content\/uploads\/2026\/02\/Mvp-esc-citlali-1.jpeg\",\"articleSection\":[\"Estado\"],\"inLanguage\":\"es\",\"potentialAction\":[{\"@type\":\"CommentAction\",\"name\":\"Comment\",\"target\":[\"https:\/\/creston.com.mx\/index.php\/02\/mejora-ayuntamiento-infraestructura-en-escuelas-de-la-capital\/estado\/2026\/#respond\"]}]},{\"@type\":\"WebPage\",\"@id\":\"https:\/\/creston.com.mx\/index.php\/02\/mejora-ayuntamiento-infraestructura-en-escuelas-de-la-capital\/estado\/2026\/\",\"url\":\"https:\/\/creston.com.mx\/index.php\/02\/mejora-ayuntamiento-infraestructura-en-escuelas-de-la-capital\/estado\/2026\/\",\"name\":\"Mejora ayuntamiento infraestructura en escuelas de la Capital - Peri\u00f3dico Digital de Zacatecas\",\"isPartOf\":{\"@id\":\"https:\/\/creston.com.mx\/#website\"},\"primaryImageOfPage\":{\"@id\":\"https:\/\/creston.com.mx\/index.php\/02\/mejora-ayuntamiento-infraestructura-en-escuelas-de-la-capital\/estado\/2026\/#primaryimage\"},\"image\":{\"@id\":\"https:\/\/creston.com.mx\/index.php\/02\/mejora-ayuntamiento-infraestructura-en-escuelas-de-la-capital\/estado\/2026\/#primaryimage\"},\"thumbnailUrl\":\"https:\/\/creston.com.mx\/wp-content\/uploads\/2026\/02\/Mvp-esc-citlali-1.jpeg\",\"datePublished\":\"2026-02-26T02:17:00+00:00\",\"dateModified\":\"2026-02-26T19:38:49+00:00\",\"breadcrumb\":{\"@id\":\"https:\/\/creston.com.mx\/index.php\/02\/mejora-ayuntamiento-infraestructura-en-escuelas-de-la-capital\/estado\/2026\/#breadcrumb\"},\"inLanguage\":\"es\",\"potentialAction\":[{\"@type\":\"ReadAction\",\"target\":[\"https:\/\/creston.com.mx\/index.php\/02\/mejora-ayuntamiento-infraestructura-en-escuelas-de-la-capital\/estado\/2026\/\"]}]},{\"@type\":\"ImageObject\",\"inLanguage\":\"es\",\"@id\":\"https:\/\/creston.com.mx\/index.php\/02\/mejora-ayuntamiento-infraestructura-en-escuelas-de-la-capital\/estado\/2026\/#primaryimage\",\"url\":\"https:\/\/creston.com.mx\/wp-content\/uploads\/2026\/02\/Mvp-esc-citlali-1.jpeg\",\"contentUrl\":\"https:\/\/creston.com.mx\/wp-content\/uploads\/2026\/02\/Mvp-esc-citlali-1.jpeg\",\"width\":1440,\"height\":960},{\"@type\":\"BreadcrumbList\",\"@id\":\"https:\/\/creston.com.mx\/index.php\/02\/mejora-ayuntamiento-infraestructura-en-escuelas-de-la-capital\/estado\/2026\/#breadcrumb\",\"itemListElement\":[{\"@type\":\"ListItem\",\"position\":1,\"name\":\"Portada\",\"item\":\"https:\/\/creston.com.mx\/\"},{\"@type\":\"ListItem\",\"position\":2,\"name\":\"Mejora ayuntamiento infraestructura en escuelas de la Capital\"}]},{\"@type\":\"WebSite\",\"@id\":\"https:\/\/creston.com.mx\/#website\",\"url\":\"https:\/\/creston.com.mx\/\",\"name\":\"Peri\u00f3dico Digital de Zacatecas\",\"description\":\"\",\"publisher\":{\"@id\":\"https:\/\/creston.com.mx\/#organization\"},\"potentialAction\":[{\"@type\":\"SearchAction\",\"target\":{\"@type\":\"EntryPoint\",\"urlTemplate\":\"https:\/\/creston.com.mx\/?s={search_term_string}\"},\"query-input\":{\"@type\":\"PropertyValueSpecification\",\"valueRequired\":true,\"valueName\":\"search_term_string\"}}],\"inLanguage\":\"es\"},{\"@type\":\"Organization\",\"@id\":\"https:\/\/creston.com.mx\/#organization\",\"name\":\"Peri\u00f3dico Digital de Zacatecas\",\"url\":\"https:\/\/creston.com.mx\/\",\"logo\":{\"@type\":\"ImageObject\",\"inLanguage\":\"es\",\"@id\":\"https:\/\/creston.com.mx\/#\/schema\/logo\/image\/\",\"url\":\"https:\/\/creston.com.mx\/wp-content\/uploads\/2026\/02\/cropped-Logo-Creston2.jpg\",\"contentUrl\":\"https:\/\/creston.com.mx\/wp-content\/uploads\/2026\/02\/cropped-Logo-Creston2.jpg\",\"width\":503,\"height\":194,\"caption\":\"Peri\u00f3dico Digital  de Zacatecas\"},\"image\":{\"@id\":\"https:\/\/creston.com.mx\/#\/schema\/logo\/image\/\"}},{\"@type\":\"Person\",\"@id\":\"https:\/\/creston.com.mx\/#\/schema\/person\/01f2ce9e289bc5300c759925ef768c1d\",\"name\":\"Periodico Creston\",\"image\":{\"@type\":\"ImageObject\",\"inLanguage\":\"es\",\"@id\":\"https:\/\/creston.com.mx\/#\/schema\/person\/image\/\",\"url\":\"https:\/\/secure.gravatar.com\/avatar\/c91eac1cf0d45897b6d294d474aa7713a194d460be0aaf72157553d050cda1c1?s=96&d=mm&r=g\",\"contentUrl\":\"https:\/\/secure.gravatar.com\/avatar\/c91eac1cf0d45897b6d294d474aa7713a194d460be0aaf72157553d050cda1c1?s=96&d=mm&r=g\",\"caption\":\"Periodico Creston\"},\"sameAs\":[\"https:\/\/creston.com.mx\"],\"url\":\"https:\/\/creston.com.mx\/index.php\/author\/cstnalja96\/\"}]}<\/script>\n<!-- \/ Yoast SEO plugin. -->","yoast_head_json":{"title":"Mejora ayuntamiento infraestructura en escuelas de la Capital - Peri\u00f3dico Digital de Zacatecas","robots":{"index":"index","follow":"follow","max-snippet":"max-snippet:-1","max-image-preview":"max-image-preview:large","max-video-preview":"max-video-preview:-1"},"canonical":"https:\/\/creston.com.mx\/index.php\/02\/mejora-ayuntamiento-infraestructura-en-escuelas-de-la-capital\/estado\/2026\/","og_locale":"es_ES","og_type":"article","og_title":"Mejora ayuntamiento infraestructura en escuelas de la Capital - Peri\u00f3dico Digital de Zacatecas","og_description":". El alcalde Miguel Varela mejora la creaci\u00f3n de accesos inclusivos y fomenta la cultura ecol\u00f3gica. . Durante la ceremonia de honores a la bandera en el Jard\u00edn de Ni\u00f1os&hellip;","og_url":"https:\/\/creston.com.mx\/index.php\/02\/mejora-ayuntamiento-infraestructura-en-escuelas-de-la-capital\/estado\/2026\/","og_site_name":"Peri\u00f3dico Digital de Zacatecas","article_published_time":"2026-02-26T02:17:00+00:00","article_modified_time":"2026-02-26T19:38:49+00:00","og_image":[{"width":1440,"height":960,"url":"https:\/\/creston.com.mx\/wp-content\/uploads\/2026\/02\/Mvp-esc-citlali-1.jpeg","type":"image\/jpeg"}],"author":"Periodico Creston","twitter_card":"summary_large_image","twitter_misc":{"Escrito por":"Periodico Creston","Tiempo de lectura":"3 minutos"},"schema":{"@context":"https:\/\/schema.org","@graph":[{"@type":"Article","@id":"https:\/\/creston.com.mx\/index.php\/02\/mejora-ayuntamiento-infraestructura-en-escuelas-de-la-capital\/estado\/2026\/#article","isPartOf":{"@id":"https:\/\/creston.com.mx\/index.php\/02\/mejora-ayuntamiento-infraestructura-en-escuelas-de-la-capital\/estado\/2026\/"},"author":{"name":"Periodico Creston","@id":"https:\/\/creston.com.mx\/#\/schema\/person\/01f2ce9e289bc5300c759925ef768c1d"},"headline":"Mejora ayuntamiento infraestructura en escuelas de la Capital","datePublished":"2026-02-26T02:17:00+00:00","dateModified":"2026-02-26T19:38:49+00:00","mainEntityOfPage":{"@id":"https:\/\/creston.com.mx\/index.php\/02\/mejora-ayuntamiento-infraestructura-en-escuelas-de-la-capital\/estado\/2026\/"},"wordCount":404,"commentCount":0,"publisher":{"@id":"https:\/\/creston.com.mx\/#organization"},"image":{"@id":"https:\/\/creston.com.mx\/index.php\/02\/mejora-ayuntamiento-infraestructura-en-escuelas-de-la-capital\/estado\/2026\/#primaryimage"},"thumbnailUrl":"https:\/\/creston.com.mx\/wp-content\/uploads\/2026\/02\/Mvp-esc-citlali-1.jpeg","articleSection":["Estado"],"inLanguage":"es","potentialAction":[{"@type":"CommentAction","name":"Comment","target":["https:\/\/creston.com.mx\/index.php\/02\/mejora-ayuntamiento-infraestructura-en-escuelas-de-la-capital\/estado\/2026\/#respond"]}]},{"@type":"WebPage","@id":"https:\/\/creston.com.mx\/index.php\/02\/mejora-ayuntamiento-infraestructura-en-escuelas-de-la-capital\/estado\/2026\/","url":"https:\/\/creston.com.mx\/index.php\/02\/mejora-ayuntamiento-infraestructura-en-escuelas-de-la-capital\/estado\/2026\/","name":"Mejora ayuntamiento infraestructura en escuelas de la Capital - Peri\u00f3dico Digital de Zacatecas","isPartOf":{"@id":"https:\/\/creston.com.mx\/#website"},"primaryImageOfPage":{"@id":"https:\/\/creston.com.mx\/index.php\/02\/mejora-ayuntamiento-infraestructura-en-escuelas-de-la-capital\/estado\/2026\/#primaryimage"},"image":{"@id":"https:\/\/creston.com.mx\/index.php\/02\/mejora-ayuntamiento-infraestructura-en-escuelas-de-la-capital\/estado\/2026\/#primaryimage"},"thumbnailUrl":"https:\/\/creston.com.mx\/wp-content\/uploads\/2026\/02\/Mvp-esc-citlali-1.jpeg","datePublished":"2026-02-26T02:17:00+00:00","dateModified":"2026-02-26T19:38:49+00:00","breadcrumb":{"@id":"https:\/\/creston.com.mx\/index.php\/02\/mejora-ayuntamiento-infraestructura-en-escuelas-de-la-capital\/estado\/2026\/#breadcrumb"},"inLanguage":"es","potentialAction":[{"@type":"ReadAction","target":["https:\/\/creston.com.mx\/index.php\/02\/mejora-ayuntamiento-infraestructura-en-escuelas-de-la-capital\/estado\/2026\/"]}]},{"@type":"ImageObject","inLanguage":"es","@id":"https:\/\/creston.com.mx\/index.php\/02\/mejora-ayuntamiento-infraestructura-en-escuelas-de-la-capital\/estado\/2026\/#primaryimage","url":"https:\/\/creston.com.mx\/wp-content\/uploads\/2026\/02\/Mvp-esc-citlali-1.jpeg","contentUrl":"https:\/\/creston.com.mx\/wp-content\/uploads\/2026\/02\/Mvp-esc-citlali-1.jpeg","width":1440,"height":960},{"@type":"BreadcrumbList","@id":"https:\/\/creston.com.mx\/index.php\/02\/mejora-ayuntamiento-infraestructura-en-escuelas-de-la-capital\/estado\/2026\/#breadcrumb","itemListElement":[{"@type":"ListItem","position":1,"name":"Portada","item":"https:\/\/creston.com.mx\/"},{"@type":"ListItem","position":2,"name":"Mejora ayuntamiento infraestructura en escuelas de la Capital"}]},{"@type":"WebSite","@id":"https:\/\/creston.com.mx\/#website","url":"https:\/\/creston.com.mx\/","name":"Peri\u00f3dico Digital de Zacatecas","description":"","publisher":{"@id":"https:\/\/creston.com.mx\/#organization"},"potentialAction":[{"@type":"SearchAction","target":{"@type":"EntryPoint","urlTemplate":"https:\/\/creston.com.mx\/?s={search_term_string}"},"query-input":{"@type":"PropertyValueSpecification","valueRequired":true,"valueName":"search_term_string"}}],"inLanguage":"es"},{"@type":"Organization","@id":"https:\/\/creston.com.mx\/#organization","name":"Peri\u00f3dico Digital de Zacatecas","url":"https:\/\/creston.com.mx\/","logo":{"@type":"ImageObject","inLanguage":"es","@id":"https:\/\/creston.com.mx\/#\/schema\/logo\/image\/","url":"https:\/\/creston.com.mx\/wp-content\/uploads\/2026\/02\/cropped-Logo-Creston2.jpg","contentUrl":"https:\/\/creston.com.mx\/wp-content\/uploads\/2026\/02\/cropped-Logo-Creston2.jpg","width":503,"height":194,"caption":"Peri\u00f3dico Digital  de Zacatecas"},"image":{"@id":"https:\/\/creston.com.mx\/#\/schema\/logo\/image\/"}},{"@type":"Person","@id":"https:\/\/creston.com.mx\/#\/schema\/person\/01f2ce9e289bc5300c759925ef768c1d","name":"Periodico Creston","image":{"@type":"ImageObject","inLanguage":"es","@id":"https:\/\/creston.com.mx\/#\/schema\/person\/image\/","url":"https:\/\/secure.gravatar.com\/avatar\/c91eac1cf0d45897b6d294d474aa7713a194d460be0aaf72157553d050cda1c1?s=96&d=mm&r=g","contentUrl":"https:\/\/secure.gravatar.com\/avatar\/c91eac1cf0d45897b6d294d474aa7713a194d460be0aaf72157553d050cda1c1?s=96&d=mm&r=g","caption":"Periodico Creston"},"sameAs":["https:\/\/creston.com.mx"],"url":"https:\/\/creston.com.mx\/index.php\/author\/cstnalja96\/"}]}},"jetpack_sharing_enabled":true,"jetpack_featured_media_url":"https:\/\/creston.com.mx\/wp-content\/uploads\/2026\/02\/Mvp-esc-citlali-1.jpeg","_links":{"self":[{"href":"https:\/\/creston.com.mx\/index.php\/wp-json\/wp\/v2\/posts\/2622","targetHints":{"allow":["GET"]}}],"collection":[{"href":"https:\/\/creston.com.mx\/index.php\/wp-json\/wp\/v2\/posts"}],"about":[{"href":"https:\/\/creston.com.mx\/index.php\/wp-json\/wp\/v2\/types\/post"}],"author":[{"embeddable":true,"href":"https:\/\/creston.com.mx\/index.php\/wp-json\/wp\/v2\/users\/1"}],"replies":[{"embeddable":true,"href":"https:\/\/creston.com.mx\/index.php\/wp-json\/wp\/v2\/comments?post=2622"}],"version-history":[{"count":1,"href":"https:\/\/creston.com.mx\/index.php\/wp-json\/wp\/v2\/posts\/2622\/revisions"}],"predecessor-version":[{"id":2626,"href":"https:\/\/creston.com.mx\/index.php\/wp-json\/wp\/v2\/posts\/2622\/revisions\/2626"}],"wp:featuredmedia":[{"embeddable":true,"href":"https:\/\/creston.com.mx\/index.php\/wp-json\/wp\/v2\/media\/2624"}],"wp:attachment":[{"href":"https:\/\/creston.com.mx\/index.php\/wp-json\/wp\/v2\/media?parent=2622"}],"wp:term":[{"taxonomy":"category","embeddable":true,"href":"https:\/\/creston.com.mx\/index.php\/wp-json\/wp\/v2\/categories?post=2622"},{"taxonomy":"post_tag","embeddable":true,"href":"https:\/\/creston.com.mx\/index.php\/wp-json\/wp\/v2\/tags?post=2622"}],"curies":[{"name":"wp","href":"https:\/\/api.w.org\/{rel}","templated":true}]}}