{"id":2613,"date":"2026-02-25T20:12:00","date_gmt":"2026-02-26T02:12:00","guid":{"rendered":"https:\/\/creston.com.mx\/?p=2613"},"modified":"2026-02-26T13:29:19","modified_gmt":"2026-02-26T19:29:19","slug":"ayuntamiento-exige-a-jiapaz-asumir-responsabilidad-en-quebradilla","status":"publish","type":"post","link":"https:\/\/creston.com.mx\/index.php\/02\/ayuntamiento-exige-a-jiapaz-asumir-responsabilidad-en-quebradilla\/estado\/2026\/","title":{"rendered":"Ayuntamiento exige a Jiapaz asumir responsabilidad en Quebradilla"},"content":{"rendered":"\n<p>.<\/p>\n\n\n\n<p class=\"has-medium-font-size\"><strong><em>Piden se actu\u00e9 de inmediato y se cierra la vialidad ante la evidencia del riesgo estructural.<\/em><\/strong><\/p>\n\n\n\n<p>.<\/p>\n\n\n\n<p>El Ayuntamiento de Zacatecas determin\u00f3 el cierre inmediato de la circulaci\u00f3n vehicular en la zona de Quebradilla, luego de constatar da\u00f1os estructurales crecientes asociados a una fuga de agua vinculada a trabajos realizados por la Jiapaz, situaci\u00f3n que hoy representa un riesgo real de socavaci\u00f3n y posible colapso del terreno.<\/p>\n\n\n\n<p>La directora general de Calidad de Vida y Servicios P\u00fablicos, Lupita Flores, inform\u00f3 que la noche del 23 de febrero vecinos reportaron vibraciones inusuales en el piso de la calle, mismas que comenzaron tras la reparaci\u00f3n de una fuga por parte del organismo operador. De acuerdo con los testimonios ciudadanos, personal de la JIAPAZ hab\u00eda asegurado que el problema estaba resuelto; sin embargo, las revisiones municipales confirmaron que las afectaciones persist\u00edan y evolucionaban.<\/p>\n\n\n<div class=\"wp-block-image\">\n<figure class=\"alignleft size-large is-resized\"><img fetchpriority=\"high\" decoding=\"async\" width=\"1024\" height=\"473\" src=\"https:\/\/creston.com.mx\/wp-content\/uploads\/2026\/02\/Lupita-flores-1024x473.jpeg\" alt=\"\" class=\"wp-image-2615\" style=\"aspect-ratio:2.1649382716049383;width:488px;height:auto\" srcset=\"https:\/\/creston.com.mx\/wp-content\/uploads\/2026\/02\/Lupita-flores-1024x473.jpeg 1024w, https:\/\/creston.com.mx\/wp-content\/uploads\/2026\/02\/Lupita-flores-300x139.jpeg 300w, https:\/\/creston.com.mx\/wp-content\/uploads\/2026\/02\/Lupita-flores-768x355.jpeg 768w, https:\/\/creston.com.mx\/wp-content\/uploads\/2026\/02\/Lupita-flores.jpeg 1280w\" sizes=\"(max-width: 1024px) 100vw, 1024px\" \/><\/figure>\n<\/div>\n\n\n<p>Ingenieros del \u00e1rea de Servicios P\u00fablicos acudieron al sitio y detectaron vibraciones activas en el terreno. En una segunda inspecci\u00f3n se comprob\u00f3 que el deterioro avanz\u00f3 r\u00e1pidamente: el pavimento presenta levantamientos y grietas, la balaustrada central muestra afectaciones y existen indicios claros de socavaci\u00f3n subterr\u00e1nea.<\/p>\n\n\n\n<p>La funcionaria advirti\u00f3 que la filtraci\u00f3n podr\u00eda extenderse desde la zona de la fuga hasta \u00e1reas inferiores cercanas a un plantel educativo, lo que incrementa la preocupaci\u00f3n por la estabilidad del subsuelo. Especialistas municipales se\u00f1alaron que la presencia de tiros de mina y cavidades naturales agrava el escenario, pues la humedad debilita el material y acelera el riesgo de hundimientos.<\/p>\n\n\n\n<p>Ante esta situaci\u00f3n, el Ayuntamiento orden\u00f3 el cierre de la vialidad con apoyo de Tr\u00e1nsito del Estado y envi\u00f3 un oficio formal a la JIAPAZ para que se lleve a cabo la reparaci\u00f3n inmediata de la fuga, as\u00ed como la realizaci\u00f3n de estudios de mec\u00e1nica de suelos e hidr\u00e1ulicos que permitan determinar el alcance real del da\u00f1o. Hasta el momento, la autoridad municipal inform\u00f3 que no ha recibido respuesta oficial del organismo.<\/p>\n\n\n\n<p>Lupita Flores subray\u00f3 que el problema dej\u00f3 de ser una simple fuga superficial y evidenci\u00f3 fallas en la atenci\u00f3n del sistema hidr\u00e1ulico, por lo que el Ayuntamiento reiter\u00f3 su llamado a la Jiapaz para que asuma su responsabilidad, atienda con seriedad las quejas ciudadanas y garantice condiciones de seguridad para la poblaci\u00f3n, particularmente ante el incremento en las tarifas aplicadas por el organismo sin que ello se refleje en una mejora del servicio.<\/p>\n\n\n\n<p>.<\/p>\n\n\n\n\n\n<p>.<\/p>\n\n\n\n<figure class=\"wp-block-gallery has-nested-images columns-default is-cropped wp-block-gallery-1 is-layout-flex wp-block-gallery-is-layout-flex\">\n<figure class=\"wp-block-image size-large is-resized\"><img decoding=\"async\" width=\"819\" height=\"1024\" data-id=\"2528\" src=\"https:\/\/creston.com.mx\/wp-content\/uploads\/2026\/02\/IMG-20260218-WA0018-819x1024.jpg\" alt=\"\" class=\"wp-image-2528\" style=\"width:375px;height:auto\" srcset=\"https:\/\/creston.com.mx\/wp-content\/uploads\/2026\/02\/IMG-20260218-WA0018-819x1024.jpg 819w, https:\/\/creston.com.mx\/wp-content\/uploads\/2026\/02\/IMG-20260218-WA0018-240x300.jpg 240w, https:\/\/creston.com.mx\/wp-content\/uploads\/2026\/02\/IMG-20260218-WA0018-768x960.jpg 768w, https:\/\/creston.com.mx\/wp-content\/uploads\/2026\/02\/IMG-20260218-WA0018-1229x1536.jpg 1229w, https:\/\/creston.com.mx\/wp-content\/uploads\/2026\/02\/IMG-20260218-WA0018.jpg 1280w\" sizes=\"(max-width: 819px) 100vw, 819px\" \/><\/figure>\n\n\n\n<figure class=\"wp-block-image size-large is-resized\"><img decoding=\"async\" width=\"870\" height=\"1024\" data-id=\"966\" src=\"https:\/\/creston.com.mx\/wp-content\/uploads\/2025\/06\/Anuncio-salon-eventos-870x1024.jpg\" alt=\"\" class=\"wp-image-966\" style=\"width:437px;height:auto\" srcset=\"https:\/\/creston.com.mx\/wp-content\/uploads\/2025\/06\/Anuncio-salon-eventos-870x1024.jpg 870w, https:\/\/creston.com.mx\/wp-content\/uploads\/2025\/06\/Anuncio-salon-eventos-255x300.jpg 255w, https:\/\/creston.com.mx\/wp-content\/uploads\/2025\/06\/Anuncio-salon-eventos-768x904.jpg 768w, https:\/\/creston.com.mx\/wp-content\/uploads\/2025\/06\/Anuncio-salon-eventos.jpg 1275w\" sizes=\"(max-width: 870px) 100vw, 870px\" \/><\/figure>\n<\/figure>\n\n\n\n<p><\/p>\n","protected":false},"excerpt":{"rendered":"<p>. Piden se actu\u00e9 de inmediato y se cierra la vialidad ante la evidencia del riesgo estructural. . El Ayuntamiento de Zacatecas determin\u00f3 el cierre inmediato de la circulaci\u00f3n vehicular&hellip; <\/p>\n","protected":false},"author":1,"featured_media":2614,"comment_status":"open","ping_status":"closed","sticky":false,"template":"","format":"standard","meta":{"_jetpack_memberships_contains_paid_content":false,"footnotes":""},"categories":[1],"tags":[],"class_list":["post-2613","post","type-post","status-publish","format-standard","has-post-thumbnail","hentry","category-estado"],"yoast_head":"<!-- This site is optimized with the Yoast SEO plugin v24.2 - https:\/\/yoast.com\/wordpress\/plugins\/seo\/ -->\n<title>Ayuntamiento exige a Jiapaz asumir responsabilidad en Quebradilla - Peri\u00f3dico Digital de Zacatecas<\/title>\n<meta name=\"robots\" content=\"index, follow, max-snippet:-1, max-image-preview:large, max-video-preview:-1\" \/>\n<link rel=\"canonical\" href=\"https:\/\/creston.com.mx\/index.php\/02\/ayuntamiento-exige-a-jiapaz-asumir-responsabilidad-en-quebradilla\/estado\/2026\/\" \/>\n<meta property=\"og:locale\" content=\"es_ES\" \/>\n<meta property=\"og:type\" content=\"article\" \/>\n<meta property=\"og:title\" content=\"Ayuntamiento exige a Jiapaz asumir responsabilidad en Quebradilla - Peri\u00f3dico Digital de Zacatecas\" \/>\n<meta property=\"og:description\" content=\". Piden se actu\u00e9 de inmediato y se cierra la vialidad ante la evidencia del riesgo estructural. . El Ayuntamiento de Zacatecas determin\u00f3 el cierre inmediato de la circulaci\u00f3n vehicular&hellip;\" \/>\n<meta property=\"og:url\" content=\"https:\/\/creston.com.mx\/index.php\/02\/ayuntamiento-exige-a-jiapaz-asumir-responsabilidad-en-quebradilla\/estado\/2026\/\" \/>\n<meta property=\"og:site_name\" content=\"Peri\u00f3dico Digital de Zacatecas\" \/>\n<meta property=\"article:published_time\" content=\"2026-02-26T02:12:00+00:00\" \/>\n<meta property=\"article:modified_time\" content=\"2026-02-26T19:29:19+00:00\" \/>\n<meta property=\"og:image\" content=\"https:\/\/creston.com.mx\/wp-content\/uploads\/2026\/02\/IMG-20260224-WA0020-e1772134113119.jpg\" \/>\n\t<meta property=\"og:image:width\" content=\"1237\" \/>\n\t<meta property=\"og:image:height\" content=\"850\" \/>\n\t<meta property=\"og:image:type\" content=\"image\/jpeg\" \/>\n<meta name=\"author\" content=\"Periodico Creston\" \/>\n<meta name=\"twitter:card\" content=\"summary_large_image\" \/>\n<meta name=\"twitter:label1\" content=\"Escrito por\" \/>\n\t<meta name=\"twitter:data1\" content=\"Periodico Creston\" \/>\n\t<meta name=\"twitter:label2\" content=\"Tiempo de lectura\" \/>\n\t<meta name=\"twitter:data2\" content=\"3 minutos\" \/>\n<script type=\"application\/ld+json\" class=\"yoast-schema-graph\">{\"@context\":\"https:\/\/schema.org\",\"@graph\":[{\"@type\":\"Article\",\"@id\":\"https:\/\/creston.com.mx\/index.php\/02\/ayuntamiento-exige-a-jiapaz-asumir-responsabilidad-en-quebradilla\/estado\/2026\/#article\",\"isPartOf\":{\"@id\":\"https:\/\/creston.com.mx\/index.php\/02\/ayuntamiento-exige-a-jiapaz-asumir-responsabilidad-en-quebradilla\/estado\/2026\/\"},\"author\":{\"name\":\"Periodico Creston\",\"@id\":\"https:\/\/creston.com.mx\/#\/schema\/person\/01f2ce9e289bc5300c759925ef768c1d\"},\"headline\":\"Ayuntamiento exige a Jiapaz asumir responsabilidad en Quebradilla\",\"datePublished\":\"2026-02-26T02:12:00+00:00\",\"dateModified\":\"2026-02-26T19:29:19+00:00\",\"mainEntityOfPage\":{\"@id\":\"https:\/\/creston.com.mx\/index.php\/02\/ayuntamiento-exige-a-jiapaz-asumir-responsabilidad-en-quebradilla\/estado\/2026\/\"},\"wordCount\":423,\"commentCount\":0,\"publisher\":{\"@id\":\"https:\/\/creston.com.mx\/#organization\"},\"image\":{\"@id\":\"https:\/\/creston.com.mx\/index.php\/02\/ayuntamiento-exige-a-jiapaz-asumir-responsabilidad-en-quebradilla\/estado\/2026\/#primaryimage\"},\"thumbnailUrl\":\"https:\/\/creston.com.mx\/wp-content\/uploads\/2026\/02\/IMG-20260224-WA0020-e1772134113119.jpg\",\"articleSection\":[\"Estado\"],\"inLanguage\":\"es\",\"potentialAction\":[{\"@type\":\"CommentAction\",\"name\":\"Comment\",\"target\":[\"https:\/\/creston.com.mx\/index.php\/02\/ayuntamiento-exige-a-jiapaz-asumir-responsabilidad-en-quebradilla\/estado\/2026\/#respond\"]}]},{\"@type\":\"WebPage\",\"@id\":\"https:\/\/creston.com.mx\/index.php\/02\/ayuntamiento-exige-a-jiapaz-asumir-responsabilidad-en-quebradilla\/estado\/2026\/\",\"url\":\"https:\/\/creston.com.mx\/index.php\/02\/ayuntamiento-exige-a-jiapaz-asumir-responsabilidad-en-quebradilla\/estado\/2026\/\",\"name\":\"Ayuntamiento exige a Jiapaz asumir responsabilidad en Quebradilla - Peri\u00f3dico Digital de Zacatecas\",\"isPartOf\":{\"@id\":\"https:\/\/creston.com.mx\/#website\"},\"primaryImageOfPage\":{\"@id\":\"https:\/\/creston.com.mx\/index.php\/02\/ayuntamiento-exige-a-jiapaz-asumir-responsabilidad-en-quebradilla\/estado\/2026\/#primaryimage\"},\"image\":{\"@id\":\"https:\/\/creston.com.mx\/index.php\/02\/ayuntamiento-exige-a-jiapaz-asumir-responsabilidad-en-quebradilla\/estado\/2026\/#primaryimage\"},\"thumbnailUrl\":\"https:\/\/creston.com.mx\/wp-content\/uploads\/2026\/02\/IMG-20260224-WA0020-e1772134113119.jpg\",\"datePublished\":\"2026-02-26T02:12:00+00:00\",\"dateModified\":\"2026-02-26T19:29:19+00:00\",\"breadcrumb\":{\"@id\":\"https:\/\/creston.com.mx\/index.php\/02\/ayuntamiento-exige-a-jiapaz-asumir-responsabilidad-en-quebradilla\/estado\/2026\/#breadcrumb\"},\"inLanguage\":\"es\",\"potentialAction\":[{\"@type\":\"ReadAction\",\"target\":[\"https:\/\/creston.com.mx\/index.php\/02\/ayuntamiento-exige-a-jiapaz-asumir-responsabilidad-en-quebradilla\/estado\/2026\/\"]}]},{\"@type\":\"ImageObject\",\"inLanguage\":\"es\",\"@id\":\"https:\/\/creston.com.mx\/index.php\/02\/ayuntamiento-exige-a-jiapaz-asumir-responsabilidad-en-quebradilla\/estado\/2026\/#primaryimage\",\"url\":\"https:\/\/creston.com.mx\/wp-content\/uploads\/2026\/02\/IMG-20260224-WA0020-e1772134113119.jpg\",\"contentUrl\":\"https:\/\/creston.com.mx\/wp-content\/uploads\/2026\/02\/IMG-20260224-WA0020-e1772134113119.jpg\",\"width\":1237,\"height\":850},{\"@type\":\"BreadcrumbList\",\"@id\":\"https:\/\/creston.com.mx\/index.php\/02\/ayuntamiento-exige-a-jiapaz-asumir-responsabilidad-en-quebradilla\/estado\/2026\/#breadcrumb\",\"itemListElement\":[{\"@type\":\"ListItem\",\"position\":1,\"name\":\"Portada\",\"item\":\"https:\/\/creston.com.mx\/\"},{\"@type\":\"ListItem\",\"position\":2,\"name\":\"Ayuntamiento exige a Jiapaz asumir responsabilidad en Quebradilla\"}]},{\"@type\":\"WebSite\",\"@id\":\"https:\/\/creston.com.mx\/#website\",\"url\":\"https:\/\/creston.com.mx\/\",\"name\":\"Peri\u00f3dico Digital de Zacatecas\",\"description\":\"\",\"publisher\":{\"@id\":\"https:\/\/creston.com.mx\/#organization\"},\"potentialAction\":[{\"@type\":\"SearchAction\",\"target\":{\"@type\":\"EntryPoint\",\"urlTemplate\":\"https:\/\/creston.com.mx\/?s={search_term_string}\"},\"query-input\":{\"@type\":\"PropertyValueSpecification\",\"valueRequired\":true,\"valueName\":\"search_term_string\"}}],\"inLanguage\":\"es\"},{\"@type\":\"Organization\",\"@id\":\"https:\/\/creston.com.mx\/#organization\",\"name\":\"Peri\u00f3dico Digital de Zacatecas\",\"url\":\"https:\/\/creston.com.mx\/\",\"logo\":{\"@type\":\"ImageObject\",\"inLanguage\":\"es\",\"@id\":\"https:\/\/creston.com.mx\/#\/schema\/logo\/image\/\",\"url\":\"https:\/\/creston.com.mx\/wp-content\/uploads\/2026\/02\/cropped-Logo-Creston2.jpg\",\"contentUrl\":\"https:\/\/creston.com.mx\/wp-content\/uploads\/2026\/02\/cropped-Logo-Creston2.jpg\",\"width\":503,\"height\":194,\"caption\":\"Peri\u00f3dico Digital  de Zacatecas\"},\"image\":{\"@id\":\"https:\/\/creston.com.mx\/#\/schema\/logo\/image\/\"}},{\"@type\":\"Person\",\"@id\":\"https:\/\/creston.com.mx\/#\/schema\/person\/01f2ce9e289bc5300c759925ef768c1d\",\"name\":\"Periodico Creston\",\"image\":{\"@type\":\"ImageObject\",\"inLanguage\":\"es\",\"@id\":\"https:\/\/creston.com.mx\/#\/schema\/person\/image\/\",\"url\":\"https:\/\/secure.gravatar.com\/avatar\/c91eac1cf0d45897b6d294d474aa7713a194d460be0aaf72157553d050cda1c1?s=96&d=mm&r=g\",\"contentUrl\":\"https:\/\/secure.gravatar.com\/avatar\/c91eac1cf0d45897b6d294d474aa7713a194d460be0aaf72157553d050cda1c1?s=96&d=mm&r=g\",\"caption\":\"Periodico Creston\"},\"sameAs\":[\"https:\/\/creston.com.mx\"],\"url\":\"https:\/\/creston.com.mx\/index.php\/author\/cstnalja96\/\"}]}<\/script>\n<!-- \/ Yoast SEO plugin. -->","yoast_head_json":{"title":"Ayuntamiento exige a Jiapaz asumir responsabilidad en Quebradilla - Peri\u00f3dico Digital de Zacatecas","robots":{"index":"index","follow":"follow","max-snippet":"max-snippet:-1","max-image-preview":"max-image-preview:large","max-video-preview":"max-video-preview:-1"},"canonical":"https:\/\/creston.com.mx\/index.php\/02\/ayuntamiento-exige-a-jiapaz-asumir-responsabilidad-en-quebradilla\/estado\/2026\/","og_locale":"es_ES","og_type":"article","og_title":"Ayuntamiento exige a Jiapaz asumir responsabilidad en Quebradilla - Peri\u00f3dico Digital de Zacatecas","og_description":". Piden se actu\u00e9 de inmediato y se cierra la vialidad ante la evidencia del riesgo estructural. . El Ayuntamiento de Zacatecas determin\u00f3 el cierre inmediato de la circulaci\u00f3n vehicular&hellip;","og_url":"https:\/\/creston.com.mx\/index.php\/02\/ayuntamiento-exige-a-jiapaz-asumir-responsabilidad-en-quebradilla\/estado\/2026\/","og_site_name":"Peri\u00f3dico Digital de Zacatecas","article_published_time":"2026-02-26T02:12:00+00:00","article_modified_time":"2026-02-26T19:29:19+00:00","og_image":[{"width":1237,"height":850,"url":"https:\/\/creston.com.mx\/wp-content\/uploads\/2026\/02\/IMG-20260224-WA0020-e1772134113119.jpg","type":"image\/jpeg"}],"author":"Periodico Creston","twitter_card":"summary_large_image","twitter_misc":{"Escrito por":"Periodico Creston","Tiempo de lectura":"3 minutos"},"schema":{"@context":"https:\/\/schema.org","@graph":[{"@type":"Article","@id":"https:\/\/creston.com.mx\/index.php\/02\/ayuntamiento-exige-a-jiapaz-asumir-responsabilidad-en-quebradilla\/estado\/2026\/#article","isPartOf":{"@id":"https:\/\/creston.com.mx\/index.php\/02\/ayuntamiento-exige-a-jiapaz-asumir-responsabilidad-en-quebradilla\/estado\/2026\/"},"author":{"name":"Periodico Creston","@id":"https:\/\/creston.com.mx\/#\/schema\/person\/01f2ce9e289bc5300c759925ef768c1d"},"headline":"Ayuntamiento exige a Jiapaz asumir responsabilidad en Quebradilla","datePublished":"2026-02-26T02:12:00+00:00","dateModified":"2026-02-26T19:29:19+00:00","mainEntityOfPage":{"@id":"https:\/\/creston.com.mx\/index.php\/02\/ayuntamiento-exige-a-jiapaz-asumir-responsabilidad-en-quebradilla\/estado\/2026\/"},"wordCount":423,"commentCount":0,"publisher":{"@id":"https:\/\/creston.com.mx\/#organization"},"image":{"@id":"https:\/\/creston.com.mx\/index.php\/02\/ayuntamiento-exige-a-jiapaz-asumir-responsabilidad-en-quebradilla\/estado\/2026\/#primaryimage"},"thumbnailUrl":"https:\/\/creston.com.mx\/wp-content\/uploads\/2026\/02\/IMG-20260224-WA0020-e1772134113119.jpg","articleSection":["Estado"],"inLanguage":"es","potentialAction":[{"@type":"CommentAction","name":"Comment","target":["https:\/\/creston.com.mx\/index.php\/02\/ayuntamiento-exige-a-jiapaz-asumir-responsabilidad-en-quebradilla\/estado\/2026\/#respond"]}]},{"@type":"WebPage","@id":"https:\/\/creston.com.mx\/index.php\/02\/ayuntamiento-exige-a-jiapaz-asumir-responsabilidad-en-quebradilla\/estado\/2026\/","url":"https:\/\/creston.com.mx\/index.php\/02\/ayuntamiento-exige-a-jiapaz-asumir-responsabilidad-en-quebradilla\/estado\/2026\/","name":"Ayuntamiento exige a Jiapaz asumir responsabilidad en Quebradilla - Peri\u00f3dico Digital de Zacatecas","isPartOf":{"@id":"https:\/\/creston.com.mx\/#website"},"primaryImageOfPage":{"@id":"https:\/\/creston.com.mx\/index.php\/02\/ayuntamiento-exige-a-jiapaz-asumir-responsabilidad-en-quebradilla\/estado\/2026\/#primaryimage"},"image":{"@id":"https:\/\/creston.com.mx\/index.php\/02\/ayuntamiento-exige-a-jiapaz-asumir-responsabilidad-en-quebradilla\/estado\/2026\/#primaryimage"},"thumbnailUrl":"https:\/\/creston.com.mx\/wp-content\/uploads\/2026\/02\/IMG-20260224-WA0020-e1772134113119.jpg","datePublished":"2026-02-26T02:12:00+00:00","dateModified":"2026-02-26T19:29:19+00:00","breadcrumb":{"@id":"https:\/\/creston.com.mx\/index.php\/02\/ayuntamiento-exige-a-jiapaz-asumir-responsabilidad-en-quebradilla\/estado\/2026\/#breadcrumb"},"inLanguage":"es","potentialAction":[{"@type":"ReadAction","target":["https:\/\/creston.com.mx\/index.php\/02\/ayuntamiento-exige-a-jiapaz-asumir-responsabilidad-en-quebradilla\/estado\/2026\/"]}]},{"@type":"ImageObject","inLanguage":"es","@id":"https:\/\/creston.com.mx\/index.php\/02\/ayuntamiento-exige-a-jiapaz-asumir-responsabilidad-en-quebradilla\/estado\/2026\/#primaryimage","url":"https:\/\/creston.com.mx\/wp-content\/uploads\/2026\/02\/IMG-20260224-WA0020-e1772134113119.jpg","contentUrl":"https:\/\/creston.com.mx\/wp-content\/uploads\/2026\/02\/IMG-20260224-WA0020-e1772134113119.jpg","width":1237,"height":850},{"@type":"BreadcrumbList","@id":"https:\/\/creston.com.mx\/index.php\/02\/ayuntamiento-exige-a-jiapaz-asumir-responsabilidad-en-quebradilla\/estado\/2026\/#breadcrumb","itemListElement":[{"@type":"ListItem","position":1,"name":"Portada","item":"https:\/\/creston.com.mx\/"},{"@type":"ListItem","position":2,"name":"Ayuntamiento exige a Jiapaz asumir responsabilidad en Quebradilla"}]},{"@type":"WebSite","@id":"https:\/\/creston.com.mx\/#website","url":"https:\/\/creston.com.mx\/","name":"Peri\u00f3dico Digital de Zacatecas","description":"","publisher":{"@id":"https:\/\/creston.com.mx\/#organization"},"potentialAction":[{"@type":"SearchAction","target":{"@type":"EntryPoint","urlTemplate":"https:\/\/creston.com.mx\/?s={search_term_string}"},"query-input":{"@type":"PropertyValueSpecification","valueRequired":true,"valueName":"search_term_string"}}],"inLanguage":"es"},{"@type":"Organization","@id":"https:\/\/creston.com.mx\/#organization","name":"Peri\u00f3dico Digital de Zacatecas","url":"https:\/\/creston.com.mx\/","logo":{"@type":"ImageObject","inLanguage":"es","@id":"https:\/\/creston.com.mx\/#\/schema\/logo\/image\/","url":"https:\/\/creston.com.mx\/wp-content\/uploads\/2026\/02\/cropped-Logo-Creston2.jpg","contentUrl":"https:\/\/creston.com.mx\/wp-content\/uploads\/2026\/02\/cropped-Logo-Creston2.jpg","width":503,"height":194,"caption":"Peri\u00f3dico Digital  de Zacatecas"},"image":{"@id":"https:\/\/creston.com.mx\/#\/schema\/logo\/image\/"}},{"@type":"Person","@id":"https:\/\/creston.com.mx\/#\/schema\/person\/01f2ce9e289bc5300c759925ef768c1d","name":"Periodico Creston","image":{"@type":"ImageObject","inLanguage":"es","@id":"https:\/\/creston.com.mx\/#\/schema\/person\/image\/","url":"https:\/\/secure.gravatar.com\/avatar\/c91eac1cf0d45897b6d294d474aa7713a194d460be0aaf72157553d050cda1c1?s=96&d=mm&r=g","contentUrl":"https:\/\/secure.gravatar.com\/avatar\/c91eac1cf0d45897b6d294d474aa7713a194d460be0aaf72157553d050cda1c1?s=96&d=mm&r=g","caption":"Periodico Creston"},"sameAs":["https:\/\/creston.com.mx"],"url":"https:\/\/creston.com.mx\/index.php\/author\/cstnalja96\/"}]}},"jetpack_sharing_enabled":true,"jetpack_featured_media_url":"https:\/\/creston.com.mx\/wp-content\/uploads\/2026\/02\/IMG-20260224-WA0020-e1772134113119.jpg","_links":{"self":[{"href":"https:\/\/creston.com.mx\/index.php\/wp-json\/wp\/v2\/posts\/2613","targetHints":{"allow":["GET"]}}],"collection":[{"href":"https:\/\/creston.com.mx\/index.php\/wp-json\/wp\/v2\/posts"}],"about":[{"href":"https:\/\/creston.com.mx\/index.php\/wp-json\/wp\/v2\/types\/post"}],"author":[{"embeddable":true,"href":"https:\/\/creston.com.mx\/index.php\/wp-json\/wp\/v2\/users\/1"}],"replies":[{"embeddable":true,"href":"https:\/\/creston.com.mx\/index.php\/wp-json\/wp\/v2\/comments?post=2613"}],"version-history":[{"count":1,"href":"https:\/\/creston.com.mx\/index.php\/wp-json\/wp\/v2\/posts\/2613\/revisions"}],"predecessor-version":[{"id":2616,"href":"https:\/\/creston.com.mx\/index.php\/wp-json\/wp\/v2\/posts\/2613\/revisions\/2616"}],"wp:featuredmedia":[{"embeddable":true,"href":"https:\/\/creston.com.mx\/index.php\/wp-json\/wp\/v2\/media\/2614"}],"wp:attachment":[{"href":"https:\/\/creston.com.mx\/index.php\/wp-json\/wp\/v2\/media?parent=2613"}],"wp:term":[{"taxonomy":"category","embeddable":true,"href":"https:\/\/creston.com.mx\/index.php\/wp-json\/wp\/v2\/categories?post=2613"},{"taxonomy":"post_tag","embeddable":true,"href":"https:\/\/creston.com.mx\/index.php\/wp-json\/wp\/v2\/tags?post=2613"}],"curies":[{"name":"wp","href":"https:\/\/api.w.org\/{rel}","templated":true}]}}