{"id":2576,"date":"2026-02-23T20:10:00","date_gmt":"2026-02-24T02:10:00","guid":{"rendered":"https:\/\/creston.com.mx\/?p=2576"},"modified":"2026-02-25T20:25:14","modified_gmt":"2026-02-26T02:25:14","slug":"inicia-ayuntamiento-rehabilitacion-del-jardin-de-la-madre","status":"publish","type":"post","link":"https:\/\/creston.com.mx\/index.php\/02\/inicia-ayuntamiento-rehabilitacion-del-jardin-de-la-madre\/estado\/2026\/","title":{"rendered":"Inicia Ayuntamiento rehabilitaci\u00f3n del Jard\u00edn de la Madre"},"content":{"rendered":"\n<p>.<\/p>\n\n\n\n<p class=\"has-medium-font-size\"><strong><em>Reparan la zona donde se registr\u00f3 la ca\u00edda de un \u00e1rbol, lo que provoc\u00f3 afectaciones en la balaustrada, seguir\u00e1n con el portal principal y la barda perimetral.<\/em><\/strong><\/p>\n\n\n\n<p>.<\/p>\n\n\n\n<p>Dieron inicio los trabajos de rehabilitaci\u00f3n del Jard\u00edn Morelos, conocido como Jard\u00edn de la Madre, con el objetivo de recuperar este espacio p\u00fablico emblem\u00e1tico del Centro Hist\u00f3rico y reforzar las condiciones de seguridad para peatones y visitantes.<\/p>\n\n\n\n<p>La directora general de Calidad de Vida y Servicios P\u00fablicos, Lupita Flores, inform\u00f3 que el Ayuntamiento de Zacatecas, encabezado por el presidente municipal Miguel Varela, comenz\u00f3 las labores en la zona donde previamente se registr\u00f3 la ca\u00edda de un \u00e1rbol, lo que provoc\u00f3 afectaciones en la balaustrada y parte de la infraestructura del jard\u00edn.<\/p>\n\n\n\n<p>Explic\u00f3 que la intervenci\u00f3n se realiz\u00f3 tras concluir la dictaminaci\u00f3n del seguro que protege los monumentos y zonas hist\u00f3ricas de la ciudad, lo que permiti\u00f3 liberar los recursos correspondientes para iniciar la rehabilitaci\u00f3n.<\/p>\n\n\n<div class=\"wp-block-image\">\n<figure class=\"alignright size-large is-resized\"><img fetchpriority=\"high\" decoding=\"async\" width=\"768\" height=\"1024\" src=\"https:\/\/creston.com.mx\/wp-content\/uploads\/2026\/02\/IMG-20260223-WA0002-768x1024.jpg\" alt=\"\" class=\"wp-image-2578\" style=\"width:424px;height:auto\" srcset=\"https:\/\/creston.com.mx\/wp-content\/uploads\/2026\/02\/IMG-20260223-WA0002-768x1024.jpg 768w, https:\/\/creston.com.mx\/wp-content\/uploads\/2026\/02\/IMG-20260223-WA0002-225x300.jpg 225w, https:\/\/creston.com.mx\/wp-content\/uploads\/2026\/02\/IMG-20260223-WA0002.jpg 780w\" sizes=\"(max-width: 768px) 100vw, 768px\" \/><\/figure>\n<\/div>\n\n\n<p>En las pr\u00f3ximas semanas se iniciar\u00e1n trabajos adicionales para rehabilitar el portal principal y la barda perimetral, estructuras que tambi\u00e9n resultaron da\u00f1adas por percances viales. Detall\u00f3 que la restauraci\u00f3n se ejecuta mediante una empresa privada contratada por la aseguradora responsable, proceso que requiere tiempo debido a los procedimientos t\u00e9cnicos y administrativos necesarios para validar los da\u00f1os y autorizar la intervenci\u00f3n.<\/p>\n\n\n\n<p>Asimismo, se\u00f1al\u00f3 que el municipio trabaja en coordinaci\u00f3n con el Instituto Nacional de Antropolog\u00eda e Historia (INAH) para garantizar que las obras respeten el valor hist\u00f3rico del espacio y permitan recuperar integralmente el jard\u00edn. A\u00f1adi\u00f3 que las otras \u00e1reas afectadas contin\u00faan en revisi\u00f3n con autoridades y personas involucradas en los percances, a fin de lograr acuerdos que faciliten su restauraci\u00f3n.<\/p>\n\n\n\n<p>Como medida preventiva, se colocaron bolardos en el tramo m\u00e1s impactado, ubicado en la salida hacia la Alameda, con el prop\u00f3sito de resguardar la vida de las personas, ordenar la circulaci\u00f3n y evitar futuros accidentes que puedan afectar este patrimonio urbano.<\/p>\n\n\n\n<p>\u201cQueremos pedirle a todas y todos que salgan a divertirse, pero con responsabilidad; que si toman no manejen, para que cuiden su vida, la de los dem\u00e1s y los elementos emblem\u00e1ticos de nuestra capital\u201d, remat\u00f3.<\/p>\n\n\n\n<p>.<\/p>\n\n\n\n\n\n<p>.<\/p>\n\n\n<div class=\"wp-block-image\">\n<figure class=\"aligncenter size-large is-resized\"><img decoding=\"async\" width=\"819\" height=\"1024\" src=\"https:\/\/creston.com.mx\/wp-content\/uploads\/2026\/02\/IMG-20260218-WA0018-819x1024.jpg\" alt=\"\" class=\"wp-image-2528\" style=\"width:577px;height:auto\" srcset=\"https:\/\/creston.com.mx\/wp-content\/uploads\/2026\/02\/IMG-20260218-WA0018-819x1024.jpg 819w, https:\/\/creston.com.mx\/wp-content\/uploads\/2026\/02\/IMG-20260218-WA0018-240x300.jpg 240w, https:\/\/creston.com.mx\/wp-content\/uploads\/2026\/02\/IMG-20260218-WA0018-768x960.jpg 768w, https:\/\/creston.com.mx\/wp-content\/uploads\/2026\/02\/IMG-20260218-WA0018-1229x1536.jpg 1229w, https:\/\/creston.com.mx\/wp-content\/uploads\/2026\/02\/IMG-20260218-WA0018.jpg 1280w\" sizes=\"(max-width: 819px) 100vw, 819px\" \/><\/figure>\n<\/div>","protected":false},"excerpt":{"rendered":"<p>. Reparan la zona donde se registr\u00f3 la ca\u00edda de un \u00e1rbol, lo que provoc\u00f3 afectaciones en la balaustrada, seguir\u00e1n con el portal principal y la barda perimetral. . Dieron&hellip; <\/p>\n","protected":false},"author":1,"featured_media":2577,"comment_status":"open","ping_status":"closed","sticky":false,"template":"","format":"standard","meta":{"_jetpack_memberships_contains_paid_content":false,"footnotes":""},"categories":[1],"tags":[],"class_list":["post-2576","post","type-post","status-publish","format-standard","has-post-thumbnail","hentry","category-estado"],"yoast_head":"<!-- This site is optimized with the Yoast SEO plugin v24.2 - https:\/\/yoast.com\/wordpress\/plugins\/seo\/ -->\n<title>Inicia Ayuntamiento rehabilitaci\u00f3n del Jard\u00edn de la Madre - Peri\u00f3dico Digital de Zacatecas<\/title>\n<meta name=\"robots\" content=\"index, follow, max-snippet:-1, max-image-preview:large, max-video-preview:-1\" \/>\n<link rel=\"canonical\" href=\"https:\/\/creston.com.mx\/index.php\/02\/inicia-ayuntamiento-rehabilitacion-del-jardin-de-la-madre\/estado\/2026\/\" \/>\n<meta property=\"og:locale\" content=\"es_ES\" \/>\n<meta property=\"og:type\" content=\"article\" \/>\n<meta property=\"og:title\" content=\"Inicia Ayuntamiento rehabilitaci\u00f3n del Jard\u00edn de la Madre - Peri\u00f3dico Digital de Zacatecas\" \/>\n<meta property=\"og:description\" content=\". Reparan la zona donde se registr\u00f3 la ca\u00edda de un \u00e1rbol, lo que provoc\u00f3 afectaciones en la balaustrada, seguir\u00e1n con el portal principal y la barda perimetral. . Dieron&hellip;\" \/>\n<meta property=\"og:url\" content=\"https:\/\/creston.com.mx\/index.php\/02\/inicia-ayuntamiento-rehabilitacion-del-jardin-de-la-madre\/estado\/2026\/\" \/>\n<meta property=\"og:site_name\" content=\"Peri\u00f3dico Digital de Zacatecas\" \/>\n<meta property=\"article:published_time\" content=\"2026-02-24T02:10:00+00:00\" \/>\n<meta property=\"article:modified_time\" content=\"2026-02-26T02:25:14+00:00\" \/>\n<meta property=\"og:image\" content=\"https:\/\/creston.com.mx\/wp-content\/uploads\/2026\/02\/IMG-20260223-WA0004.jpg\" \/>\n\t<meta property=\"og:image:width\" content=\"960\" \/>\n\t<meta property=\"og:image:height\" content=\"1280\" \/>\n\t<meta property=\"og:image:type\" content=\"image\/jpeg\" \/>\n<meta name=\"author\" content=\"Periodico Creston\" \/>\n<meta name=\"twitter:card\" content=\"summary_large_image\" \/>\n<meta name=\"twitter:label1\" content=\"Escrito por\" \/>\n\t<meta name=\"twitter:data1\" content=\"Periodico Creston\" \/>\n\t<meta name=\"twitter:label2\" content=\"Tiempo de lectura\" \/>\n\t<meta name=\"twitter:data2\" content=\"3 minutos\" \/>\n<script type=\"application\/ld+json\" class=\"yoast-schema-graph\">{\"@context\":\"https:\/\/schema.org\",\"@graph\":[{\"@type\":\"Article\",\"@id\":\"https:\/\/creston.com.mx\/index.php\/02\/inicia-ayuntamiento-rehabilitacion-del-jardin-de-la-madre\/estado\/2026\/#article\",\"isPartOf\":{\"@id\":\"https:\/\/creston.com.mx\/index.php\/02\/inicia-ayuntamiento-rehabilitacion-del-jardin-de-la-madre\/estado\/2026\/\"},\"author\":{\"name\":\"Periodico Creston\",\"@id\":\"https:\/\/creston.com.mx\/#\/schema\/person\/01f2ce9e289bc5300c759925ef768c1d\"},\"headline\":\"Inicia Ayuntamiento rehabilitaci\u00f3n del Jard\u00edn de la Madre\",\"datePublished\":\"2026-02-24T02:10:00+00:00\",\"dateModified\":\"2026-02-26T02:25:14+00:00\",\"mainEntityOfPage\":{\"@id\":\"https:\/\/creston.com.mx\/index.php\/02\/inicia-ayuntamiento-rehabilitacion-del-jardin-de-la-madre\/estado\/2026\/\"},\"wordCount\":394,\"commentCount\":0,\"publisher\":{\"@id\":\"https:\/\/creston.com.mx\/#organization\"},\"image\":{\"@id\":\"https:\/\/creston.com.mx\/index.php\/02\/inicia-ayuntamiento-rehabilitacion-del-jardin-de-la-madre\/estado\/2026\/#primaryimage\"},\"thumbnailUrl\":\"https:\/\/creston.com.mx\/wp-content\/uploads\/2026\/02\/IMG-20260223-WA0004.jpg\",\"articleSection\":[\"Estado\"],\"inLanguage\":\"es\",\"potentialAction\":[{\"@type\":\"CommentAction\",\"name\":\"Comment\",\"target\":[\"https:\/\/creston.com.mx\/index.php\/02\/inicia-ayuntamiento-rehabilitacion-del-jardin-de-la-madre\/estado\/2026\/#respond\"]}]},{\"@type\":\"WebPage\",\"@id\":\"https:\/\/creston.com.mx\/index.php\/02\/inicia-ayuntamiento-rehabilitacion-del-jardin-de-la-madre\/estado\/2026\/\",\"url\":\"https:\/\/creston.com.mx\/index.php\/02\/inicia-ayuntamiento-rehabilitacion-del-jardin-de-la-madre\/estado\/2026\/\",\"name\":\"Inicia Ayuntamiento rehabilitaci\u00f3n del Jard\u00edn de la Madre - Peri\u00f3dico Digital de Zacatecas\",\"isPartOf\":{\"@id\":\"https:\/\/creston.com.mx\/#website\"},\"primaryImageOfPage\":{\"@id\":\"https:\/\/creston.com.mx\/index.php\/02\/inicia-ayuntamiento-rehabilitacion-del-jardin-de-la-madre\/estado\/2026\/#primaryimage\"},\"image\":{\"@id\":\"https:\/\/creston.com.mx\/index.php\/02\/inicia-ayuntamiento-rehabilitacion-del-jardin-de-la-madre\/estado\/2026\/#primaryimage\"},\"thumbnailUrl\":\"https:\/\/creston.com.mx\/wp-content\/uploads\/2026\/02\/IMG-20260223-WA0004.jpg\",\"datePublished\":\"2026-02-24T02:10:00+00:00\",\"dateModified\":\"2026-02-26T02:25:14+00:00\",\"breadcrumb\":{\"@id\":\"https:\/\/creston.com.mx\/index.php\/02\/inicia-ayuntamiento-rehabilitacion-del-jardin-de-la-madre\/estado\/2026\/#breadcrumb\"},\"inLanguage\":\"es\",\"potentialAction\":[{\"@type\":\"ReadAction\",\"target\":[\"https:\/\/creston.com.mx\/index.php\/02\/inicia-ayuntamiento-rehabilitacion-del-jardin-de-la-madre\/estado\/2026\/\"]}]},{\"@type\":\"ImageObject\",\"inLanguage\":\"es\",\"@id\":\"https:\/\/creston.com.mx\/index.php\/02\/inicia-ayuntamiento-rehabilitacion-del-jardin-de-la-madre\/estado\/2026\/#primaryimage\",\"url\":\"https:\/\/creston.com.mx\/wp-content\/uploads\/2026\/02\/IMG-20260223-WA0004.jpg\",\"contentUrl\":\"https:\/\/creston.com.mx\/wp-content\/uploads\/2026\/02\/IMG-20260223-WA0004.jpg\",\"width\":960,\"height\":1280},{\"@type\":\"BreadcrumbList\",\"@id\":\"https:\/\/creston.com.mx\/index.php\/02\/inicia-ayuntamiento-rehabilitacion-del-jardin-de-la-madre\/estado\/2026\/#breadcrumb\",\"itemListElement\":[{\"@type\":\"ListItem\",\"position\":1,\"name\":\"Portada\",\"item\":\"https:\/\/creston.com.mx\/\"},{\"@type\":\"ListItem\",\"position\":2,\"name\":\"Inicia Ayuntamiento rehabilitaci\u00f3n del Jard\u00edn de la Madre\"}]},{\"@type\":\"WebSite\",\"@id\":\"https:\/\/creston.com.mx\/#website\",\"url\":\"https:\/\/creston.com.mx\/\",\"name\":\"Peri\u00f3dico Digital de Zacatecas\",\"description\":\"\",\"publisher\":{\"@id\":\"https:\/\/creston.com.mx\/#organization\"},\"potentialAction\":[{\"@type\":\"SearchAction\",\"target\":{\"@type\":\"EntryPoint\",\"urlTemplate\":\"https:\/\/creston.com.mx\/?s={search_term_string}\"},\"query-input\":{\"@type\":\"PropertyValueSpecification\",\"valueRequired\":true,\"valueName\":\"search_term_string\"}}],\"inLanguage\":\"es\"},{\"@type\":\"Organization\",\"@id\":\"https:\/\/creston.com.mx\/#organization\",\"name\":\"Peri\u00f3dico Digital de Zacatecas\",\"url\":\"https:\/\/creston.com.mx\/\",\"logo\":{\"@type\":\"ImageObject\",\"inLanguage\":\"es\",\"@id\":\"https:\/\/creston.com.mx\/#\/schema\/logo\/image\/\",\"url\":\"https:\/\/creston.com.mx\/wp-content\/uploads\/2026\/02\/cropped-Logo-Creston2.jpg\",\"contentUrl\":\"https:\/\/creston.com.mx\/wp-content\/uploads\/2026\/02\/cropped-Logo-Creston2.jpg\",\"width\":503,\"height\":194,\"caption\":\"Peri\u00f3dico Digital  de Zacatecas\"},\"image\":{\"@id\":\"https:\/\/creston.com.mx\/#\/schema\/logo\/image\/\"}},{\"@type\":\"Person\",\"@id\":\"https:\/\/creston.com.mx\/#\/schema\/person\/01f2ce9e289bc5300c759925ef768c1d\",\"name\":\"Periodico Creston\",\"image\":{\"@type\":\"ImageObject\",\"inLanguage\":\"es\",\"@id\":\"https:\/\/creston.com.mx\/#\/schema\/person\/image\/\",\"url\":\"https:\/\/secure.gravatar.com\/avatar\/c91eac1cf0d45897b6d294d474aa7713a194d460be0aaf72157553d050cda1c1?s=96&d=mm&r=g\",\"contentUrl\":\"https:\/\/secure.gravatar.com\/avatar\/c91eac1cf0d45897b6d294d474aa7713a194d460be0aaf72157553d050cda1c1?s=96&d=mm&r=g\",\"caption\":\"Periodico Creston\"},\"sameAs\":[\"https:\/\/creston.com.mx\"],\"url\":\"https:\/\/creston.com.mx\/index.php\/author\/cstnalja96\/\"}]}<\/script>\n<!-- \/ Yoast SEO plugin. -->","yoast_head_json":{"title":"Inicia Ayuntamiento rehabilitaci\u00f3n del Jard\u00edn de la Madre - Peri\u00f3dico Digital de Zacatecas","robots":{"index":"index","follow":"follow","max-snippet":"max-snippet:-1","max-image-preview":"max-image-preview:large","max-video-preview":"max-video-preview:-1"},"canonical":"https:\/\/creston.com.mx\/index.php\/02\/inicia-ayuntamiento-rehabilitacion-del-jardin-de-la-madre\/estado\/2026\/","og_locale":"es_ES","og_type":"article","og_title":"Inicia Ayuntamiento rehabilitaci\u00f3n del Jard\u00edn de la Madre - Peri\u00f3dico Digital de Zacatecas","og_description":". Reparan la zona donde se registr\u00f3 la ca\u00edda de un \u00e1rbol, lo que provoc\u00f3 afectaciones en la balaustrada, seguir\u00e1n con el portal principal y la barda perimetral. . Dieron&hellip;","og_url":"https:\/\/creston.com.mx\/index.php\/02\/inicia-ayuntamiento-rehabilitacion-del-jardin-de-la-madre\/estado\/2026\/","og_site_name":"Peri\u00f3dico Digital de Zacatecas","article_published_time":"2026-02-24T02:10:00+00:00","article_modified_time":"2026-02-26T02:25:14+00:00","og_image":[{"width":960,"height":1280,"url":"https:\/\/creston.com.mx\/wp-content\/uploads\/2026\/02\/IMG-20260223-WA0004.jpg","type":"image\/jpeg"}],"author":"Periodico Creston","twitter_card":"summary_large_image","twitter_misc":{"Escrito por":"Periodico Creston","Tiempo de lectura":"3 minutos"},"schema":{"@context":"https:\/\/schema.org","@graph":[{"@type":"Article","@id":"https:\/\/creston.com.mx\/index.php\/02\/inicia-ayuntamiento-rehabilitacion-del-jardin-de-la-madre\/estado\/2026\/#article","isPartOf":{"@id":"https:\/\/creston.com.mx\/index.php\/02\/inicia-ayuntamiento-rehabilitacion-del-jardin-de-la-madre\/estado\/2026\/"},"author":{"name":"Periodico Creston","@id":"https:\/\/creston.com.mx\/#\/schema\/person\/01f2ce9e289bc5300c759925ef768c1d"},"headline":"Inicia Ayuntamiento rehabilitaci\u00f3n del Jard\u00edn de la Madre","datePublished":"2026-02-24T02:10:00+00:00","dateModified":"2026-02-26T02:25:14+00:00","mainEntityOfPage":{"@id":"https:\/\/creston.com.mx\/index.php\/02\/inicia-ayuntamiento-rehabilitacion-del-jardin-de-la-madre\/estado\/2026\/"},"wordCount":394,"commentCount":0,"publisher":{"@id":"https:\/\/creston.com.mx\/#organization"},"image":{"@id":"https:\/\/creston.com.mx\/index.php\/02\/inicia-ayuntamiento-rehabilitacion-del-jardin-de-la-madre\/estado\/2026\/#primaryimage"},"thumbnailUrl":"https:\/\/creston.com.mx\/wp-content\/uploads\/2026\/02\/IMG-20260223-WA0004.jpg","articleSection":["Estado"],"inLanguage":"es","potentialAction":[{"@type":"CommentAction","name":"Comment","target":["https:\/\/creston.com.mx\/index.php\/02\/inicia-ayuntamiento-rehabilitacion-del-jardin-de-la-madre\/estado\/2026\/#respond"]}]},{"@type":"WebPage","@id":"https:\/\/creston.com.mx\/index.php\/02\/inicia-ayuntamiento-rehabilitacion-del-jardin-de-la-madre\/estado\/2026\/","url":"https:\/\/creston.com.mx\/index.php\/02\/inicia-ayuntamiento-rehabilitacion-del-jardin-de-la-madre\/estado\/2026\/","name":"Inicia Ayuntamiento rehabilitaci\u00f3n del Jard\u00edn de la Madre - Peri\u00f3dico Digital de Zacatecas","isPartOf":{"@id":"https:\/\/creston.com.mx\/#website"},"primaryImageOfPage":{"@id":"https:\/\/creston.com.mx\/index.php\/02\/inicia-ayuntamiento-rehabilitacion-del-jardin-de-la-madre\/estado\/2026\/#primaryimage"},"image":{"@id":"https:\/\/creston.com.mx\/index.php\/02\/inicia-ayuntamiento-rehabilitacion-del-jardin-de-la-madre\/estado\/2026\/#primaryimage"},"thumbnailUrl":"https:\/\/creston.com.mx\/wp-content\/uploads\/2026\/02\/IMG-20260223-WA0004.jpg","datePublished":"2026-02-24T02:10:00+00:00","dateModified":"2026-02-26T02:25:14+00:00","breadcrumb":{"@id":"https:\/\/creston.com.mx\/index.php\/02\/inicia-ayuntamiento-rehabilitacion-del-jardin-de-la-madre\/estado\/2026\/#breadcrumb"},"inLanguage":"es","potentialAction":[{"@type":"ReadAction","target":["https:\/\/creston.com.mx\/index.php\/02\/inicia-ayuntamiento-rehabilitacion-del-jardin-de-la-madre\/estado\/2026\/"]}]},{"@type":"ImageObject","inLanguage":"es","@id":"https:\/\/creston.com.mx\/index.php\/02\/inicia-ayuntamiento-rehabilitacion-del-jardin-de-la-madre\/estado\/2026\/#primaryimage","url":"https:\/\/creston.com.mx\/wp-content\/uploads\/2026\/02\/IMG-20260223-WA0004.jpg","contentUrl":"https:\/\/creston.com.mx\/wp-content\/uploads\/2026\/02\/IMG-20260223-WA0004.jpg","width":960,"height":1280},{"@type":"BreadcrumbList","@id":"https:\/\/creston.com.mx\/index.php\/02\/inicia-ayuntamiento-rehabilitacion-del-jardin-de-la-madre\/estado\/2026\/#breadcrumb","itemListElement":[{"@type":"ListItem","position":1,"name":"Portada","item":"https:\/\/creston.com.mx\/"},{"@type":"ListItem","position":2,"name":"Inicia Ayuntamiento rehabilitaci\u00f3n del Jard\u00edn de la Madre"}]},{"@type":"WebSite","@id":"https:\/\/creston.com.mx\/#website","url":"https:\/\/creston.com.mx\/","name":"Peri\u00f3dico Digital de Zacatecas","description":"","publisher":{"@id":"https:\/\/creston.com.mx\/#organization"},"potentialAction":[{"@type":"SearchAction","target":{"@type":"EntryPoint","urlTemplate":"https:\/\/creston.com.mx\/?s={search_term_string}"},"query-input":{"@type":"PropertyValueSpecification","valueRequired":true,"valueName":"search_term_string"}}],"inLanguage":"es"},{"@type":"Organization","@id":"https:\/\/creston.com.mx\/#organization","name":"Peri\u00f3dico Digital de Zacatecas","url":"https:\/\/creston.com.mx\/","logo":{"@type":"ImageObject","inLanguage":"es","@id":"https:\/\/creston.com.mx\/#\/schema\/logo\/image\/","url":"https:\/\/creston.com.mx\/wp-content\/uploads\/2026\/02\/cropped-Logo-Creston2.jpg","contentUrl":"https:\/\/creston.com.mx\/wp-content\/uploads\/2026\/02\/cropped-Logo-Creston2.jpg","width":503,"height":194,"caption":"Peri\u00f3dico Digital  de Zacatecas"},"image":{"@id":"https:\/\/creston.com.mx\/#\/schema\/logo\/image\/"}},{"@type":"Person","@id":"https:\/\/creston.com.mx\/#\/schema\/person\/01f2ce9e289bc5300c759925ef768c1d","name":"Periodico Creston","image":{"@type":"ImageObject","inLanguage":"es","@id":"https:\/\/creston.com.mx\/#\/schema\/person\/image\/","url":"https:\/\/secure.gravatar.com\/avatar\/c91eac1cf0d45897b6d294d474aa7713a194d460be0aaf72157553d050cda1c1?s=96&d=mm&r=g","contentUrl":"https:\/\/secure.gravatar.com\/avatar\/c91eac1cf0d45897b6d294d474aa7713a194d460be0aaf72157553d050cda1c1?s=96&d=mm&r=g","caption":"Periodico Creston"},"sameAs":["https:\/\/creston.com.mx"],"url":"https:\/\/creston.com.mx\/index.php\/author\/cstnalja96\/"}]}},"jetpack_sharing_enabled":true,"jetpack_featured_media_url":"https:\/\/creston.com.mx\/wp-content\/uploads\/2026\/02\/IMG-20260223-WA0004.jpg","_links":{"self":[{"href":"https:\/\/creston.com.mx\/index.php\/wp-json\/wp\/v2\/posts\/2576","targetHints":{"allow":["GET"]}}],"collection":[{"href":"https:\/\/creston.com.mx\/index.php\/wp-json\/wp\/v2\/posts"}],"about":[{"href":"https:\/\/creston.com.mx\/index.php\/wp-json\/wp\/v2\/types\/post"}],"author":[{"embeddable":true,"href":"https:\/\/creston.com.mx\/index.php\/wp-json\/wp\/v2\/users\/1"}],"replies":[{"embeddable":true,"href":"https:\/\/creston.com.mx\/index.php\/wp-json\/wp\/v2\/comments?post=2576"}],"version-history":[{"count":1,"href":"https:\/\/creston.com.mx\/index.php\/wp-json\/wp\/v2\/posts\/2576\/revisions"}],"predecessor-version":[{"id":2579,"href":"https:\/\/creston.com.mx\/index.php\/wp-json\/wp\/v2\/posts\/2576\/revisions\/2579"}],"wp:featuredmedia":[{"embeddable":true,"href":"https:\/\/creston.com.mx\/index.php\/wp-json\/wp\/v2\/media\/2577"}],"wp:attachment":[{"href":"https:\/\/creston.com.mx\/index.php\/wp-json\/wp\/v2\/media?parent=2576"}],"wp:term":[{"taxonomy":"category","embeddable":true,"href":"https:\/\/creston.com.mx\/index.php\/wp-json\/wp\/v2\/categories?post=2576"},{"taxonomy":"post_tag","embeddable":true,"href":"https:\/\/creston.com.mx\/index.php\/wp-json\/wp\/v2\/tags?post=2576"}],"curies":[{"name":"wp","href":"https:\/\/api.w.org\/{rel}","templated":true}]}}