{"id":2573,"date":"2026-02-23T20:19:23","date_gmt":"2026-02-24T02:19:23","guid":{"rendered":"https:\/\/creston.com.mx\/?p=2573"},"modified":"2026-02-25T20:21:40","modified_gmt":"2026-02-26T02:21:40","slug":"coordinan-acciones-previo-a-la-marcha-del-8m","status":"publish","type":"post","link":"https:\/\/creston.com.mx\/index.php\/02\/coordinan-acciones-previo-a-la-marcha-del-8m\/informacion-general\/2026\/","title":{"rendered":"Coordinan acciones previo a la marcha del 8M"},"content":{"rendered":"\n<p>.<\/p>\n\n\n\n<p class=\"has-medium-font-size\"><strong><em>La CDHEZ y Colectivos Feministas implementar\u00e1n labores de observancia durante la marcha del D\u00eda Internacional de la Mujer.<\/em><\/strong><\/p>\n\n\n\n<p>.<\/p>\n\n\n\n<p>La Comisi\u00f3n de Derechos Humanos del Estado de Zacatecas (CDHEZ) y Colectivos Feministas realizaron una reuni\u00f3n de trabajo para coordinar las acciones de observancia que implementar\u00e1 el Organismo Defensor de los Derechos Humanos durante la marcha del 8 de marzo de 2026, en el marco del D\u00eda Internacional de la Mujer, con la finalidad de garantizar el derecho de las mujeres y ni\u00f1as a la libre manifestaci\u00f3n p\u00fablica.<\/p>\n\n\n\n<p>En una reuni\u00f3n h\u00edbrida, la Dra. Maricela Dimas Reveles, Presidenta de la CDHEZ, reconoci\u00f3 la importancia de la organizaci\u00f3n y participaci\u00f3n de los colectivos feministas, y expres\u00f3 que la Comisi\u00f3n trabajar\u00e1 de manera preventiva, durante y posterior a la marcha, mediante la participaci\u00f3n de personal femenino que fungir\u00e1 como observadoras de derechos humanos.<\/p>\n\n\n\n<p>Durante el encuentro, la Presidenta explic\u00f3 a las representantes de los colectivos las funciones y el papel que desempe\u00f1ar\u00e1n las observadoras, quienes tendr\u00e1n la responsabilidad de documentar el desarrollo de la manifestaci\u00f3n, brindar acompa\u00f1amiento y ofrecer asesor\u00eda en caso de que alguna participante lo requiera.<\/p>\n\n\n\n<p>Asimismo, se present\u00f3 la campa\u00f1a de difusi\u00f3n de las Observadoras de Derechos Humanos, la cual ser\u00e1 difundida con el objetivo de que la sociedad en general conozca el papel que desempe\u00f1an, as\u00ed como la manera de identificarlas durante la marcha.<\/p>\n\n\n\n<p>Finalmente, la Dra. Maricela Dimas Reveles reiter\u00f3 la disposici\u00f3n de la CDHEZ para mantener un di\u00e1logo abierto y permanente con las colectivas, a fin de trabajar de manera coordinada y contribuir a que este 8M se garantice una libre manifestaci\u00f3n, en ejercicio pleno del derecho a la protesta y a la libertad de expresi\u00f3n de las mujeres en Zacatecas.<\/p>\n\n\n\n<p>Durante la reuni\u00f3n, se cont\u00f3 con la presencia de representantes Asociaciones Civiles como Igualdad A.C., Coordinaci\u00f3n Feminista Olimpia de Gouges A.C., Polesis A.C., Ciahtl de Jerez A.C., Natzin A.C., Mirada de F\u00e9nix, Coordinadora 10 de Abril, 50+1 Cap\u00edtulo Zacatecas, Movimiento Amplio de Mujeres Feministas, Red Plural de Mujeres e Igualdad S.C., entre otras asociaci\u00f3n y sindicatos.<\/p>\n\n\n\n<p>.<\/p>\n\n\n\n\n\n<p>.<\/p>\n\n\n<div class=\"wp-block-image\">\n<figure class=\"aligncenter size-large is-resized\"><img fetchpriority=\"high\" decoding=\"async\" width=\"870\" height=\"1024\" src=\"https:\/\/creston.com.mx\/wp-content\/uploads\/2025\/06\/Anuncio-salon-eventos-870x1024.jpg\" alt=\"\" class=\"wp-image-966\" style=\"aspect-ratio:0.8496112270054997;width:582px;height:auto\" srcset=\"https:\/\/creston.com.mx\/wp-content\/uploads\/2025\/06\/Anuncio-salon-eventos-870x1024.jpg 870w, https:\/\/creston.com.mx\/wp-content\/uploads\/2025\/06\/Anuncio-salon-eventos-255x300.jpg 255w, https:\/\/creston.com.mx\/wp-content\/uploads\/2025\/06\/Anuncio-salon-eventos-768x904.jpg 768w, https:\/\/creston.com.mx\/wp-content\/uploads\/2025\/06\/Anuncio-salon-eventos.jpg 1275w\" sizes=\"(max-width: 870px) 100vw, 870px\" \/><\/figure>\n<\/div>","protected":false},"excerpt":{"rendered":"<p>. La CDHEZ y Colectivos Feministas implementar\u00e1n labores de observancia durante la marcha del D\u00eda Internacional de la Mujer. . La Comisi\u00f3n de Derechos Humanos del Estado de Zacatecas (CDHEZ)&hellip; <\/p>\n","protected":false},"author":1,"featured_media":2574,"comment_status":"open","ping_status":"closed","sticky":false,"template":"","format":"standard","meta":{"_jetpack_memberships_contains_paid_content":false,"footnotes":""},"categories":[4],"tags":[],"class_list":["post-2573","post","type-post","status-publish","format-standard","has-post-thumbnail","hentry","category-informacion-general"],"yoast_head":"<!-- This site is optimized with the Yoast SEO plugin v24.2 - https:\/\/yoast.com\/wordpress\/plugins\/seo\/ -->\n<title>Coordinan acciones previo a la marcha del 8M - Peri\u00f3dico Digital de Zacatecas<\/title>\n<meta name=\"robots\" content=\"index, follow, max-snippet:-1, max-image-preview:large, max-video-preview:-1\" \/>\n<link rel=\"canonical\" href=\"https:\/\/creston.com.mx\/index.php\/02\/coordinan-acciones-previo-a-la-marcha-del-8m\/informacion-general\/2026\/\" \/>\n<meta property=\"og:locale\" content=\"es_ES\" \/>\n<meta property=\"og:type\" content=\"article\" \/>\n<meta property=\"og:title\" content=\"Coordinan acciones previo a la marcha del 8M - Peri\u00f3dico Digital de Zacatecas\" \/>\n<meta property=\"og:description\" content=\". La CDHEZ y Colectivos Feministas implementar\u00e1n labores de observancia durante la marcha del D\u00eda Internacional de la Mujer. . La Comisi\u00f3n de Derechos Humanos del Estado de Zacatecas (CDHEZ)&hellip;\" \/>\n<meta property=\"og:url\" content=\"https:\/\/creston.com.mx\/index.php\/02\/coordinan-acciones-previo-a-la-marcha-del-8m\/informacion-general\/2026\/\" \/>\n<meta property=\"og:site_name\" content=\"Peri\u00f3dico Digital de Zacatecas\" \/>\n<meta property=\"article:published_time\" content=\"2026-02-24T02:19:23+00:00\" \/>\n<meta property=\"article:modified_time\" content=\"2026-02-26T02:21:40+00:00\" \/>\n<meta property=\"og:image\" content=\"https:\/\/creston.com.mx\/wp-content\/uploads\/2026\/02\/IMG-20260223-WA0027.jpg\" \/>\n\t<meta property=\"og:image:width\" content=\"1600\" \/>\n\t<meta property=\"og:image:height\" content=\"1066\" \/>\n\t<meta property=\"og:image:type\" content=\"image\/jpeg\" \/>\n<meta name=\"author\" content=\"Periodico Creston\" \/>\n<meta name=\"twitter:card\" content=\"summary_large_image\" \/>\n<meta name=\"twitter:label1\" content=\"Escrito por\" \/>\n\t<meta name=\"twitter:data1\" content=\"Periodico Creston\" \/>\n\t<meta name=\"twitter:label2\" content=\"Tiempo de lectura\" \/>\n\t<meta name=\"twitter:data2\" content=\"2 minutos\" \/>\n<script type=\"application\/ld+json\" class=\"yoast-schema-graph\">{\"@context\":\"https:\/\/schema.org\",\"@graph\":[{\"@type\":\"Article\",\"@id\":\"https:\/\/creston.com.mx\/index.php\/02\/coordinan-acciones-previo-a-la-marcha-del-8m\/informacion-general\/2026\/#article\",\"isPartOf\":{\"@id\":\"https:\/\/creston.com.mx\/index.php\/02\/coordinan-acciones-previo-a-la-marcha-del-8m\/informacion-general\/2026\/\"},\"author\":{\"name\":\"Periodico Creston\",\"@id\":\"https:\/\/creston.com.mx\/#\/schema\/person\/01f2ce9e289bc5300c759925ef768c1d\"},\"headline\":\"Coordinan acciones previo a la marcha del 8M\",\"datePublished\":\"2026-02-24T02:19:23+00:00\",\"dateModified\":\"2026-02-26T02:21:40+00:00\",\"mainEntityOfPage\":{\"@id\":\"https:\/\/creston.com.mx\/index.php\/02\/coordinan-acciones-previo-a-la-marcha-del-8m\/informacion-general\/2026\/\"},\"wordCount\":381,\"commentCount\":0,\"publisher\":{\"@id\":\"https:\/\/creston.com.mx\/#organization\"},\"image\":{\"@id\":\"https:\/\/creston.com.mx\/index.php\/02\/coordinan-acciones-previo-a-la-marcha-del-8m\/informacion-general\/2026\/#primaryimage\"},\"thumbnailUrl\":\"https:\/\/creston.com.mx\/wp-content\/uploads\/2026\/02\/IMG-20260223-WA0027.jpg\",\"articleSection\":[\"Informaci\u00f3n General\"],\"inLanguage\":\"es\",\"potentialAction\":[{\"@type\":\"CommentAction\",\"name\":\"Comment\",\"target\":[\"https:\/\/creston.com.mx\/index.php\/02\/coordinan-acciones-previo-a-la-marcha-del-8m\/informacion-general\/2026\/#respond\"]}]},{\"@type\":\"WebPage\",\"@id\":\"https:\/\/creston.com.mx\/index.php\/02\/coordinan-acciones-previo-a-la-marcha-del-8m\/informacion-general\/2026\/\",\"url\":\"https:\/\/creston.com.mx\/index.php\/02\/coordinan-acciones-previo-a-la-marcha-del-8m\/informacion-general\/2026\/\",\"name\":\"Coordinan acciones previo a la marcha del 8M - Peri\u00f3dico Digital de Zacatecas\",\"isPartOf\":{\"@id\":\"https:\/\/creston.com.mx\/#website\"},\"primaryImageOfPage\":{\"@id\":\"https:\/\/creston.com.mx\/index.php\/02\/coordinan-acciones-previo-a-la-marcha-del-8m\/informacion-general\/2026\/#primaryimage\"},\"image\":{\"@id\":\"https:\/\/creston.com.mx\/index.php\/02\/coordinan-acciones-previo-a-la-marcha-del-8m\/informacion-general\/2026\/#primaryimage\"},\"thumbnailUrl\":\"https:\/\/creston.com.mx\/wp-content\/uploads\/2026\/02\/IMG-20260223-WA0027.jpg\",\"datePublished\":\"2026-02-24T02:19:23+00:00\",\"dateModified\":\"2026-02-26T02:21:40+00:00\",\"breadcrumb\":{\"@id\":\"https:\/\/creston.com.mx\/index.php\/02\/coordinan-acciones-previo-a-la-marcha-del-8m\/informacion-general\/2026\/#breadcrumb\"},\"inLanguage\":\"es\",\"potentialAction\":[{\"@type\":\"ReadAction\",\"target\":[\"https:\/\/creston.com.mx\/index.php\/02\/coordinan-acciones-previo-a-la-marcha-del-8m\/informacion-general\/2026\/\"]}]},{\"@type\":\"ImageObject\",\"inLanguage\":\"es\",\"@id\":\"https:\/\/creston.com.mx\/index.php\/02\/coordinan-acciones-previo-a-la-marcha-del-8m\/informacion-general\/2026\/#primaryimage\",\"url\":\"https:\/\/creston.com.mx\/wp-content\/uploads\/2026\/02\/IMG-20260223-WA0027.jpg\",\"contentUrl\":\"https:\/\/creston.com.mx\/wp-content\/uploads\/2026\/02\/IMG-20260223-WA0027.jpg\",\"width\":1600,\"height\":1066},{\"@type\":\"BreadcrumbList\",\"@id\":\"https:\/\/creston.com.mx\/index.php\/02\/coordinan-acciones-previo-a-la-marcha-del-8m\/informacion-general\/2026\/#breadcrumb\",\"itemListElement\":[{\"@type\":\"ListItem\",\"position\":1,\"name\":\"Portada\",\"item\":\"https:\/\/creston.com.mx\/\"},{\"@type\":\"ListItem\",\"position\":2,\"name\":\"Coordinan acciones previo a la marcha del 8M\"}]},{\"@type\":\"WebSite\",\"@id\":\"https:\/\/creston.com.mx\/#website\",\"url\":\"https:\/\/creston.com.mx\/\",\"name\":\"Peri\u00f3dico Digital de Zacatecas\",\"description\":\"\",\"publisher\":{\"@id\":\"https:\/\/creston.com.mx\/#organization\"},\"potentialAction\":[{\"@type\":\"SearchAction\",\"target\":{\"@type\":\"EntryPoint\",\"urlTemplate\":\"https:\/\/creston.com.mx\/?s={search_term_string}\"},\"query-input\":{\"@type\":\"PropertyValueSpecification\",\"valueRequired\":true,\"valueName\":\"search_term_string\"}}],\"inLanguage\":\"es\"},{\"@type\":\"Organization\",\"@id\":\"https:\/\/creston.com.mx\/#organization\",\"name\":\"Peri\u00f3dico Digital de Zacatecas\",\"url\":\"https:\/\/creston.com.mx\/\",\"logo\":{\"@type\":\"ImageObject\",\"inLanguage\":\"es\",\"@id\":\"https:\/\/creston.com.mx\/#\/schema\/logo\/image\/\",\"url\":\"https:\/\/creston.com.mx\/wp-content\/uploads\/2026\/02\/cropped-Logo-Creston2.jpg\",\"contentUrl\":\"https:\/\/creston.com.mx\/wp-content\/uploads\/2026\/02\/cropped-Logo-Creston2.jpg\",\"width\":503,\"height\":194,\"caption\":\"Peri\u00f3dico Digital  de Zacatecas\"},\"image\":{\"@id\":\"https:\/\/creston.com.mx\/#\/schema\/logo\/image\/\"}},{\"@type\":\"Person\",\"@id\":\"https:\/\/creston.com.mx\/#\/schema\/person\/01f2ce9e289bc5300c759925ef768c1d\",\"name\":\"Periodico Creston\",\"image\":{\"@type\":\"ImageObject\",\"inLanguage\":\"es\",\"@id\":\"https:\/\/creston.com.mx\/#\/schema\/person\/image\/\",\"url\":\"https:\/\/secure.gravatar.com\/avatar\/c91eac1cf0d45897b6d294d474aa7713a194d460be0aaf72157553d050cda1c1?s=96&d=mm&r=g\",\"contentUrl\":\"https:\/\/secure.gravatar.com\/avatar\/c91eac1cf0d45897b6d294d474aa7713a194d460be0aaf72157553d050cda1c1?s=96&d=mm&r=g\",\"caption\":\"Periodico Creston\"},\"sameAs\":[\"https:\/\/creston.com.mx\"],\"url\":\"https:\/\/creston.com.mx\/index.php\/author\/cstnalja96\/\"}]}<\/script>\n<!-- \/ Yoast SEO plugin. -->","yoast_head_json":{"title":"Coordinan acciones previo a la marcha del 8M - Peri\u00f3dico Digital de Zacatecas","robots":{"index":"index","follow":"follow","max-snippet":"max-snippet:-1","max-image-preview":"max-image-preview:large","max-video-preview":"max-video-preview:-1"},"canonical":"https:\/\/creston.com.mx\/index.php\/02\/coordinan-acciones-previo-a-la-marcha-del-8m\/informacion-general\/2026\/","og_locale":"es_ES","og_type":"article","og_title":"Coordinan acciones previo a la marcha del 8M - Peri\u00f3dico Digital de Zacatecas","og_description":". La CDHEZ y Colectivos Feministas implementar\u00e1n labores de observancia durante la marcha del D\u00eda Internacional de la Mujer. . La Comisi\u00f3n de Derechos Humanos del Estado de Zacatecas (CDHEZ)&hellip;","og_url":"https:\/\/creston.com.mx\/index.php\/02\/coordinan-acciones-previo-a-la-marcha-del-8m\/informacion-general\/2026\/","og_site_name":"Peri\u00f3dico Digital de Zacatecas","article_published_time":"2026-02-24T02:19:23+00:00","article_modified_time":"2026-02-26T02:21:40+00:00","og_image":[{"width":1600,"height":1066,"url":"https:\/\/creston.com.mx\/wp-content\/uploads\/2026\/02\/IMG-20260223-WA0027.jpg","type":"image\/jpeg"}],"author":"Periodico Creston","twitter_card":"summary_large_image","twitter_misc":{"Escrito por":"Periodico Creston","Tiempo de lectura":"2 minutos"},"schema":{"@context":"https:\/\/schema.org","@graph":[{"@type":"Article","@id":"https:\/\/creston.com.mx\/index.php\/02\/coordinan-acciones-previo-a-la-marcha-del-8m\/informacion-general\/2026\/#article","isPartOf":{"@id":"https:\/\/creston.com.mx\/index.php\/02\/coordinan-acciones-previo-a-la-marcha-del-8m\/informacion-general\/2026\/"},"author":{"name":"Periodico Creston","@id":"https:\/\/creston.com.mx\/#\/schema\/person\/01f2ce9e289bc5300c759925ef768c1d"},"headline":"Coordinan acciones previo a la marcha del 8M","datePublished":"2026-02-24T02:19:23+00:00","dateModified":"2026-02-26T02:21:40+00:00","mainEntityOfPage":{"@id":"https:\/\/creston.com.mx\/index.php\/02\/coordinan-acciones-previo-a-la-marcha-del-8m\/informacion-general\/2026\/"},"wordCount":381,"commentCount":0,"publisher":{"@id":"https:\/\/creston.com.mx\/#organization"},"image":{"@id":"https:\/\/creston.com.mx\/index.php\/02\/coordinan-acciones-previo-a-la-marcha-del-8m\/informacion-general\/2026\/#primaryimage"},"thumbnailUrl":"https:\/\/creston.com.mx\/wp-content\/uploads\/2026\/02\/IMG-20260223-WA0027.jpg","articleSection":["Informaci\u00f3n General"],"inLanguage":"es","potentialAction":[{"@type":"CommentAction","name":"Comment","target":["https:\/\/creston.com.mx\/index.php\/02\/coordinan-acciones-previo-a-la-marcha-del-8m\/informacion-general\/2026\/#respond"]}]},{"@type":"WebPage","@id":"https:\/\/creston.com.mx\/index.php\/02\/coordinan-acciones-previo-a-la-marcha-del-8m\/informacion-general\/2026\/","url":"https:\/\/creston.com.mx\/index.php\/02\/coordinan-acciones-previo-a-la-marcha-del-8m\/informacion-general\/2026\/","name":"Coordinan acciones previo a la marcha del 8M - Peri\u00f3dico Digital de Zacatecas","isPartOf":{"@id":"https:\/\/creston.com.mx\/#website"},"primaryImageOfPage":{"@id":"https:\/\/creston.com.mx\/index.php\/02\/coordinan-acciones-previo-a-la-marcha-del-8m\/informacion-general\/2026\/#primaryimage"},"image":{"@id":"https:\/\/creston.com.mx\/index.php\/02\/coordinan-acciones-previo-a-la-marcha-del-8m\/informacion-general\/2026\/#primaryimage"},"thumbnailUrl":"https:\/\/creston.com.mx\/wp-content\/uploads\/2026\/02\/IMG-20260223-WA0027.jpg","datePublished":"2026-02-24T02:19:23+00:00","dateModified":"2026-02-26T02:21:40+00:00","breadcrumb":{"@id":"https:\/\/creston.com.mx\/index.php\/02\/coordinan-acciones-previo-a-la-marcha-del-8m\/informacion-general\/2026\/#breadcrumb"},"inLanguage":"es","potentialAction":[{"@type":"ReadAction","target":["https:\/\/creston.com.mx\/index.php\/02\/coordinan-acciones-previo-a-la-marcha-del-8m\/informacion-general\/2026\/"]}]},{"@type":"ImageObject","inLanguage":"es","@id":"https:\/\/creston.com.mx\/index.php\/02\/coordinan-acciones-previo-a-la-marcha-del-8m\/informacion-general\/2026\/#primaryimage","url":"https:\/\/creston.com.mx\/wp-content\/uploads\/2026\/02\/IMG-20260223-WA0027.jpg","contentUrl":"https:\/\/creston.com.mx\/wp-content\/uploads\/2026\/02\/IMG-20260223-WA0027.jpg","width":1600,"height":1066},{"@type":"BreadcrumbList","@id":"https:\/\/creston.com.mx\/index.php\/02\/coordinan-acciones-previo-a-la-marcha-del-8m\/informacion-general\/2026\/#breadcrumb","itemListElement":[{"@type":"ListItem","position":1,"name":"Portada","item":"https:\/\/creston.com.mx\/"},{"@type":"ListItem","position":2,"name":"Coordinan acciones previo a la marcha del 8M"}]},{"@type":"WebSite","@id":"https:\/\/creston.com.mx\/#website","url":"https:\/\/creston.com.mx\/","name":"Peri\u00f3dico Digital de Zacatecas","description":"","publisher":{"@id":"https:\/\/creston.com.mx\/#organization"},"potentialAction":[{"@type":"SearchAction","target":{"@type":"EntryPoint","urlTemplate":"https:\/\/creston.com.mx\/?s={search_term_string}"},"query-input":{"@type":"PropertyValueSpecification","valueRequired":true,"valueName":"search_term_string"}}],"inLanguage":"es"},{"@type":"Organization","@id":"https:\/\/creston.com.mx\/#organization","name":"Peri\u00f3dico Digital de Zacatecas","url":"https:\/\/creston.com.mx\/","logo":{"@type":"ImageObject","inLanguage":"es","@id":"https:\/\/creston.com.mx\/#\/schema\/logo\/image\/","url":"https:\/\/creston.com.mx\/wp-content\/uploads\/2026\/02\/cropped-Logo-Creston2.jpg","contentUrl":"https:\/\/creston.com.mx\/wp-content\/uploads\/2026\/02\/cropped-Logo-Creston2.jpg","width":503,"height":194,"caption":"Peri\u00f3dico Digital  de Zacatecas"},"image":{"@id":"https:\/\/creston.com.mx\/#\/schema\/logo\/image\/"}},{"@type":"Person","@id":"https:\/\/creston.com.mx\/#\/schema\/person\/01f2ce9e289bc5300c759925ef768c1d","name":"Periodico Creston","image":{"@type":"ImageObject","inLanguage":"es","@id":"https:\/\/creston.com.mx\/#\/schema\/person\/image\/","url":"https:\/\/secure.gravatar.com\/avatar\/c91eac1cf0d45897b6d294d474aa7713a194d460be0aaf72157553d050cda1c1?s=96&d=mm&r=g","contentUrl":"https:\/\/secure.gravatar.com\/avatar\/c91eac1cf0d45897b6d294d474aa7713a194d460be0aaf72157553d050cda1c1?s=96&d=mm&r=g","caption":"Periodico Creston"},"sameAs":["https:\/\/creston.com.mx"],"url":"https:\/\/creston.com.mx\/index.php\/author\/cstnalja96\/"}]}},"jetpack_sharing_enabled":true,"jetpack_featured_media_url":"https:\/\/creston.com.mx\/wp-content\/uploads\/2026\/02\/IMG-20260223-WA0027.jpg","_links":{"self":[{"href":"https:\/\/creston.com.mx\/index.php\/wp-json\/wp\/v2\/posts\/2573","targetHints":{"allow":["GET"]}}],"collection":[{"href":"https:\/\/creston.com.mx\/index.php\/wp-json\/wp\/v2\/posts"}],"about":[{"href":"https:\/\/creston.com.mx\/index.php\/wp-json\/wp\/v2\/types\/post"}],"author":[{"embeddable":true,"href":"https:\/\/creston.com.mx\/index.php\/wp-json\/wp\/v2\/users\/1"}],"replies":[{"embeddable":true,"href":"https:\/\/creston.com.mx\/index.php\/wp-json\/wp\/v2\/comments?post=2573"}],"version-history":[{"count":1,"href":"https:\/\/creston.com.mx\/index.php\/wp-json\/wp\/v2\/posts\/2573\/revisions"}],"predecessor-version":[{"id":2575,"href":"https:\/\/creston.com.mx\/index.php\/wp-json\/wp\/v2\/posts\/2573\/revisions\/2575"}],"wp:featuredmedia":[{"embeddable":true,"href":"https:\/\/creston.com.mx\/index.php\/wp-json\/wp\/v2\/media\/2574"}],"wp:attachment":[{"href":"https:\/\/creston.com.mx\/index.php\/wp-json\/wp\/v2\/media?parent=2573"}],"wp:term":[{"taxonomy":"category","embeddable":true,"href":"https:\/\/creston.com.mx\/index.php\/wp-json\/wp\/v2\/categories?post=2573"},{"taxonomy":"post_tag","embeddable":true,"href":"https:\/\/creston.com.mx\/index.php\/wp-json\/wp\/v2\/tags?post=2573"}],"curies":[{"name":"wp","href":"https:\/\/api.w.org\/{rel}","templated":true}]}}