{"id":2553,"date":"2026-02-22T20:15:00","date_gmt":"2026-02-23T02:15:00","guid":{"rendered":"https:\/\/creston.com.mx\/?p=2553"},"modified":"2026-02-25T12:20:18","modified_gmt":"2026-02-25T18:20:18","slug":"suman-esfuerzos-para-rehabilitacion-de-fachadas-en-la-capital","status":"publish","type":"post","link":"https:\/\/creston.com.mx\/index.php\/02\/suman-esfuerzos-para-rehabilitacion-de-fachadas-en-la-capital\/estado\/2026\/","title":{"rendered":"Suman esfuerzos para rehabilitaci\u00f3n de fachadas en la Capital"},"content":{"rendered":"\n<p>.<\/p>\n\n\n\n<p class=\"has-medium-font-size\"><strong><em>Miguel Varela ha destacado que la protecci\u00f3n de la riqueza hist\u00f3rica es una responsabilidad compartida entre los tres niveles de gobierno.<\/em><\/strong><\/p>\n\n\n\n<p>.<\/p>\n\n\n\n<p>El Ayuntamiento de Zacatecas, encabezado por el alcalde Miguel Varela, participa activamente en las mesas de trabajo estrat\u00e9gicas que se han dado en agenda permanente de colaboraci\u00f3n con el Gobierno del Estado y la Federaci\u00f3n.<\/p>\n\n\n\n<p>Esta sinergia tiene como objetivo principal el inicio de los trabajos de rehabilitaci\u00f3n de fachadas en el primer cuadro de la ciudad, asegurando que la distinci\u00f3n de Patrimonio Mundial que ostenta nuestra capital se traduzca en una imagen urbana digna y preservada para las futuras generaciones.<\/p>\n\n\n\n<p>En estos ejercicios de planeaci\u00f3n operativa, Carlos Emilio Ram\u00edrez, titular de Desarrollo Urbano, y Luis Maldonado, de Infraestructura y Obras P\u00fablicas, sumaron la capacidad t\u00e9cnica del municipio a la experiencia del Centro INAH Zacatecas, representado por su director, el arquitecto Ra\u00fal Pacheco P\u00e9rez.<\/p>\n\n\n\n<p>Asimismo, la Secretar\u00eda de Obras P\u00fablicas del Estado aport\u00f3 la estructura de sus \u00e1reas clave a trav\u00e9s de la arquitecta Paola Zapata, la doctora Silvia S\u00e1nchez y la maestra Paola Palacios.<\/p>\n\n\n\n<p>Al mantener estas reuniones de seguimiento, las autoridades de los tres niveles de gobierno garantizan que cada intervenci\u00f3n en las fincas hist\u00f3ricas cuente con el rigor t\u00e9cnico y el respaldo jur\u00eddico necesario para proteger la esencia arquitect\u00f3nica de la capital.<\/p>\n\n\n\n<p>La visi\u00f3n del alcalde Miguel Varela ha sido parte fundamental de este esfuerzo conjunto, pues desde el primer d\u00eda de su administraci\u00f3n ha mantenido la firme convicci\u00f3n de colaborar activamente con todas las instancias gubernamentales para sumar en beneficio de las familias zacatecanas.<\/p>\n\n\n\n<p>Varela ha destacado que la protecci\u00f3n de nuestra riqueza hist\u00f3rica es una responsabilidad compartida que requiere de una voluntad pol\u00edtica de los tres niveles.<\/p>\n\n\n\n<p>Al participar en estas acciones de rescate y conservaci\u00f3n, el Ayuntamiento de Zacatecas se posiciona como un facilitador del desarrollo, demostrando que el trabajo en unidad es la herramienta m\u00e1s eficaz para fortalecer el orgullo de vivir en una ciudad que es herencia de la humanidad.<\/p>\n\n\n\n<p>.<\/p>\n\n\n\n\n\n<p>.<\/p>\n\n\n<div class=\"wp-block-image\">\n<figure class=\"aligncenter size-large is-resized\"><img fetchpriority=\"high\" decoding=\"async\" width=\"819\" height=\"1024\" src=\"https:\/\/creston.com.mx\/wp-content\/uploads\/2026\/02\/IMG-20260218-WA0018-819x1024.jpg\" alt=\"\" class=\"wp-image-2528\" style=\"width:567px;height:auto\" srcset=\"https:\/\/creston.com.mx\/wp-content\/uploads\/2026\/02\/IMG-20260218-WA0018-819x1024.jpg 819w, https:\/\/creston.com.mx\/wp-content\/uploads\/2026\/02\/IMG-20260218-WA0018-240x300.jpg 240w, https:\/\/creston.com.mx\/wp-content\/uploads\/2026\/02\/IMG-20260218-WA0018-768x960.jpg 768w, https:\/\/creston.com.mx\/wp-content\/uploads\/2026\/02\/IMG-20260218-WA0018-1229x1536.jpg 1229w, https:\/\/creston.com.mx\/wp-content\/uploads\/2026\/02\/IMG-20260218-WA0018.jpg 1280w\" sizes=\"(max-width: 819px) 100vw, 819px\" \/><\/figure>\n<\/div>","protected":false},"excerpt":{"rendered":"<p>. Miguel Varela ha destacado que la protecci\u00f3n de la riqueza hist\u00f3rica es una responsabilidad compartida entre los tres niveles de gobierno. . El Ayuntamiento de Zacatecas, encabezado por el&hellip; <\/p>\n","protected":false},"author":1,"featured_media":2554,"comment_status":"open","ping_status":"closed","sticky":false,"template":"","format":"standard","meta":{"_jetpack_memberships_contains_paid_content":false,"footnotes":""},"categories":[1],"tags":[],"class_list":["post-2553","post","type-post","status-publish","format-standard","has-post-thumbnail","hentry","category-estado"],"yoast_head":"<!-- This site is optimized with the Yoast SEO plugin v24.2 - https:\/\/yoast.com\/wordpress\/plugins\/seo\/ -->\n<title>Suman esfuerzos para rehabilitaci\u00f3n de fachadas en la Capital - Peri\u00f3dico Digital de Zacatecas<\/title>\n<meta name=\"robots\" content=\"index, follow, max-snippet:-1, max-image-preview:large, max-video-preview:-1\" \/>\n<link rel=\"canonical\" href=\"https:\/\/creston.com.mx\/index.php\/02\/suman-esfuerzos-para-rehabilitacion-de-fachadas-en-la-capital\/estado\/2026\/\" \/>\n<meta property=\"og:locale\" content=\"es_ES\" \/>\n<meta property=\"og:type\" content=\"article\" \/>\n<meta property=\"og:title\" content=\"Suman esfuerzos para rehabilitaci\u00f3n de fachadas en la Capital - Peri\u00f3dico Digital de Zacatecas\" \/>\n<meta property=\"og:description\" content=\". Miguel Varela ha destacado que la protecci\u00f3n de la riqueza hist\u00f3rica es una responsabilidad compartida entre los tres niveles de gobierno. . El Ayuntamiento de Zacatecas, encabezado por el&hellip;\" \/>\n<meta property=\"og:url\" content=\"https:\/\/creston.com.mx\/index.php\/02\/suman-esfuerzos-para-rehabilitacion-de-fachadas-en-la-capital\/estado\/2026\/\" \/>\n<meta property=\"og:site_name\" content=\"Peri\u00f3dico Digital de Zacatecas\" \/>\n<meta property=\"article:published_time\" content=\"2026-02-23T02:15:00+00:00\" \/>\n<meta property=\"article:modified_time\" content=\"2026-02-25T18:20:18+00:00\" \/>\n<meta property=\"og:image\" content=\"https:\/\/creston.com.mx\/wp-content\/uploads\/2026\/02\/IMG-20260222-WA0023.jpg\" \/>\n\t<meta property=\"og:image:width\" content=\"1600\" \/>\n\t<meta property=\"og:image:height\" content=\"1200\" \/>\n\t<meta property=\"og:image:type\" content=\"image\/jpeg\" \/>\n<meta name=\"author\" content=\"Periodico Creston\" \/>\n<meta name=\"twitter:card\" content=\"summary_large_image\" \/>\n<meta name=\"twitter:label1\" content=\"Escrito por\" \/>\n\t<meta name=\"twitter:data1\" content=\"Periodico Creston\" \/>\n\t<meta name=\"twitter:label2\" content=\"Tiempo de lectura\" \/>\n\t<meta name=\"twitter:data2\" content=\"2 minutos\" \/>\n<script type=\"application\/ld+json\" class=\"yoast-schema-graph\">{\"@context\":\"https:\/\/schema.org\",\"@graph\":[{\"@type\":\"Article\",\"@id\":\"https:\/\/creston.com.mx\/index.php\/02\/suman-esfuerzos-para-rehabilitacion-de-fachadas-en-la-capital\/estado\/2026\/#article\",\"isPartOf\":{\"@id\":\"https:\/\/creston.com.mx\/index.php\/02\/suman-esfuerzos-para-rehabilitacion-de-fachadas-en-la-capital\/estado\/2026\/\"},\"author\":{\"name\":\"Periodico Creston\",\"@id\":\"https:\/\/creston.com.mx\/#\/schema\/person\/01f2ce9e289bc5300c759925ef768c1d\"},\"headline\":\"Suman esfuerzos para rehabilitaci\u00f3n de fachadas en la Capital\",\"datePublished\":\"2026-02-23T02:15:00+00:00\",\"dateModified\":\"2026-02-25T18:20:18+00:00\",\"mainEntityOfPage\":{\"@id\":\"https:\/\/creston.com.mx\/index.php\/02\/suman-esfuerzos-para-rehabilitacion-de-fachadas-en-la-capital\/estado\/2026\/\"},\"wordCount\":370,\"commentCount\":0,\"publisher\":{\"@id\":\"https:\/\/creston.com.mx\/#organization\"},\"image\":{\"@id\":\"https:\/\/creston.com.mx\/index.php\/02\/suman-esfuerzos-para-rehabilitacion-de-fachadas-en-la-capital\/estado\/2026\/#primaryimage\"},\"thumbnailUrl\":\"https:\/\/creston.com.mx\/wp-content\/uploads\/2026\/02\/IMG-20260222-WA0023.jpg\",\"articleSection\":[\"Estado\"],\"inLanguage\":\"es\",\"potentialAction\":[{\"@type\":\"CommentAction\",\"name\":\"Comment\",\"target\":[\"https:\/\/creston.com.mx\/index.php\/02\/suman-esfuerzos-para-rehabilitacion-de-fachadas-en-la-capital\/estado\/2026\/#respond\"]}]},{\"@type\":\"WebPage\",\"@id\":\"https:\/\/creston.com.mx\/index.php\/02\/suman-esfuerzos-para-rehabilitacion-de-fachadas-en-la-capital\/estado\/2026\/\",\"url\":\"https:\/\/creston.com.mx\/index.php\/02\/suman-esfuerzos-para-rehabilitacion-de-fachadas-en-la-capital\/estado\/2026\/\",\"name\":\"Suman esfuerzos para rehabilitaci\u00f3n de fachadas en la Capital - Peri\u00f3dico Digital de Zacatecas\",\"isPartOf\":{\"@id\":\"https:\/\/creston.com.mx\/#website\"},\"primaryImageOfPage\":{\"@id\":\"https:\/\/creston.com.mx\/index.php\/02\/suman-esfuerzos-para-rehabilitacion-de-fachadas-en-la-capital\/estado\/2026\/#primaryimage\"},\"image\":{\"@id\":\"https:\/\/creston.com.mx\/index.php\/02\/suman-esfuerzos-para-rehabilitacion-de-fachadas-en-la-capital\/estado\/2026\/#primaryimage\"},\"thumbnailUrl\":\"https:\/\/creston.com.mx\/wp-content\/uploads\/2026\/02\/IMG-20260222-WA0023.jpg\",\"datePublished\":\"2026-02-23T02:15:00+00:00\",\"dateModified\":\"2026-02-25T18:20:18+00:00\",\"breadcrumb\":{\"@id\":\"https:\/\/creston.com.mx\/index.php\/02\/suman-esfuerzos-para-rehabilitacion-de-fachadas-en-la-capital\/estado\/2026\/#breadcrumb\"},\"inLanguage\":\"es\",\"potentialAction\":[{\"@type\":\"ReadAction\",\"target\":[\"https:\/\/creston.com.mx\/index.php\/02\/suman-esfuerzos-para-rehabilitacion-de-fachadas-en-la-capital\/estado\/2026\/\"]}]},{\"@type\":\"ImageObject\",\"inLanguage\":\"es\",\"@id\":\"https:\/\/creston.com.mx\/index.php\/02\/suman-esfuerzos-para-rehabilitacion-de-fachadas-en-la-capital\/estado\/2026\/#primaryimage\",\"url\":\"https:\/\/creston.com.mx\/wp-content\/uploads\/2026\/02\/IMG-20260222-WA0023.jpg\",\"contentUrl\":\"https:\/\/creston.com.mx\/wp-content\/uploads\/2026\/02\/IMG-20260222-WA0023.jpg\",\"width\":1600,\"height\":1200},{\"@type\":\"BreadcrumbList\",\"@id\":\"https:\/\/creston.com.mx\/index.php\/02\/suman-esfuerzos-para-rehabilitacion-de-fachadas-en-la-capital\/estado\/2026\/#breadcrumb\",\"itemListElement\":[{\"@type\":\"ListItem\",\"position\":1,\"name\":\"Portada\",\"item\":\"https:\/\/creston.com.mx\/\"},{\"@type\":\"ListItem\",\"position\":2,\"name\":\"Suman esfuerzos para rehabilitaci\u00f3n de fachadas en la Capital\"}]},{\"@type\":\"WebSite\",\"@id\":\"https:\/\/creston.com.mx\/#website\",\"url\":\"https:\/\/creston.com.mx\/\",\"name\":\"Peri\u00f3dico Digital de Zacatecas\",\"description\":\"\",\"publisher\":{\"@id\":\"https:\/\/creston.com.mx\/#organization\"},\"potentialAction\":[{\"@type\":\"SearchAction\",\"target\":{\"@type\":\"EntryPoint\",\"urlTemplate\":\"https:\/\/creston.com.mx\/?s={search_term_string}\"},\"query-input\":{\"@type\":\"PropertyValueSpecification\",\"valueRequired\":true,\"valueName\":\"search_term_string\"}}],\"inLanguage\":\"es\"},{\"@type\":\"Organization\",\"@id\":\"https:\/\/creston.com.mx\/#organization\",\"name\":\"Peri\u00f3dico Digital de Zacatecas\",\"url\":\"https:\/\/creston.com.mx\/\",\"logo\":{\"@type\":\"ImageObject\",\"inLanguage\":\"es\",\"@id\":\"https:\/\/creston.com.mx\/#\/schema\/logo\/image\/\",\"url\":\"https:\/\/creston.com.mx\/wp-content\/uploads\/2026\/02\/cropped-Logo-Creston2.jpg\",\"contentUrl\":\"https:\/\/creston.com.mx\/wp-content\/uploads\/2026\/02\/cropped-Logo-Creston2.jpg\",\"width\":503,\"height\":194,\"caption\":\"Peri\u00f3dico Digital  de Zacatecas\"},\"image\":{\"@id\":\"https:\/\/creston.com.mx\/#\/schema\/logo\/image\/\"}},{\"@type\":\"Person\",\"@id\":\"https:\/\/creston.com.mx\/#\/schema\/person\/01f2ce9e289bc5300c759925ef768c1d\",\"name\":\"Periodico Creston\",\"image\":{\"@type\":\"ImageObject\",\"inLanguage\":\"es\",\"@id\":\"https:\/\/creston.com.mx\/#\/schema\/person\/image\/\",\"url\":\"https:\/\/secure.gravatar.com\/avatar\/c91eac1cf0d45897b6d294d474aa7713a194d460be0aaf72157553d050cda1c1?s=96&d=mm&r=g\",\"contentUrl\":\"https:\/\/secure.gravatar.com\/avatar\/c91eac1cf0d45897b6d294d474aa7713a194d460be0aaf72157553d050cda1c1?s=96&d=mm&r=g\",\"caption\":\"Periodico Creston\"},\"sameAs\":[\"https:\/\/creston.com.mx\"],\"url\":\"https:\/\/creston.com.mx\/index.php\/author\/cstnalja96\/\"}]}<\/script>\n<!-- \/ Yoast SEO plugin. -->","yoast_head_json":{"title":"Suman esfuerzos para rehabilitaci\u00f3n de fachadas en la Capital - Peri\u00f3dico Digital de Zacatecas","robots":{"index":"index","follow":"follow","max-snippet":"max-snippet:-1","max-image-preview":"max-image-preview:large","max-video-preview":"max-video-preview:-1"},"canonical":"https:\/\/creston.com.mx\/index.php\/02\/suman-esfuerzos-para-rehabilitacion-de-fachadas-en-la-capital\/estado\/2026\/","og_locale":"es_ES","og_type":"article","og_title":"Suman esfuerzos para rehabilitaci\u00f3n de fachadas en la Capital - Peri\u00f3dico Digital de Zacatecas","og_description":". Miguel Varela ha destacado que la protecci\u00f3n de la riqueza hist\u00f3rica es una responsabilidad compartida entre los tres niveles de gobierno. . El Ayuntamiento de Zacatecas, encabezado por el&hellip;","og_url":"https:\/\/creston.com.mx\/index.php\/02\/suman-esfuerzos-para-rehabilitacion-de-fachadas-en-la-capital\/estado\/2026\/","og_site_name":"Peri\u00f3dico Digital de Zacatecas","article_published_time":"2026-02-23T02:15:00+00:00","article_modified_time":"2026-02-25T18:20:18+00:00","og_image":[{"width":1600,"height":1200,"url":"https:\/\/creston.com.mx\/wp-content\/uploads\/2026\/02\/IMG-20260222-WA0023.jpg","type":"image\/jpeg"}],"author":"Periodico Creston","twitter_card":"summary_large_image","twitter_misc":{"Escrito por":"Periodico Creston","Tiempo de lectura":"2 minutos"},"schema":{"@context":"https:\/\/schema.org","@graph":[{"@type":"Article","@id":"https:\/\/creston.com.mx\/index.php\/02\/suman-esfuerzos-para-rehabilitacion-de-fachadas-en-la-capital\/estado\/2026\/#article","isPartOf":{"@id":"https:\/\/creston.com.mx\/index.php\/02\/suman-esfuerzos-para-rehabilitacion-de-fachadas-en-la-capital\/estado\/2026\/"},"author":{"name":"Periodico Creston","@id":"https:\/\/creston.com.mx\/#\/schema\/person\/01f2ce9e289bc5300c759925ef768c1d"},"headline":"Suman esfuerzos para rehabilitaci\u00f3n de fachadas en la Capital","datePublished":"2026-02-23T02:15:00+00:00","dateModified":"2026-02-25T18:20:18+00:00","mainEntityOfPage":{"@id":"https:\/\/creston.com.mx\/index.php\/02\/suman-esfuerzos-para-rehabilitacion-de-fachadas-en-la-capital\/estado\/2026\/"},"wordCount":370,"commentCount":0,"publisher":{"@id":"https:\/\/creston.com.mx\/#organization"},"image":{"@id":"https:\/\/creston.com.mx\/index.php\/02\/suman-esfuerzos-para-rehabilitacion-de-fachadas-en-la-capital\/estado\/2026\/#primaryimage"},"thumbnailUrl":"https:\/\/creston.com.mx\/wp-content\/uploads\/2026\/02\/IMG-20260222-WA0023.jpg","articleSection":["Estado"],"inLanguage":"es","potentialAction":[{"@type":"CommentAction","name":"Comment","target":["https:\/\/creston.com.mx\/index.php\/02\/suman-esfuerzos-para-rehabilitacion-de-fachadas-en-la-capital\/estado\/2026\/#respond"]}]},{"@type":"WebPage","@id":"https:\/\/creston.com.mx\/index.php\/02\/suman-esfuerzos-para-rehabilitacion-de-fachadas-en-la-capital\/estado\/2026\/","url":"https:\/\/creston.com.mx\/index.php\/02\/suman-esfuerzos-para-rehabilitacion-de-fachadas-en-la-capital\/estado\/2026\/","name":"Suman esfuerzos para rehabilitaci\u00f3n de fachadas en la Capital - Peri\u00f3dico Digital de Zacatecas","isPartOf":{"@id":"https:\/\/creston.com.mx\/#website"},"primaryImageOfPage":{"@id":"https:\/\/creston.com.mx\/index.php\/02\/suman-esfuerzos-para-rehabilitacion-de-fachadas-en-la-capital\/estado\/2026\/#primaryimage"},"image":{"@id":"https:\/\/creston.com.mx\/index.php\/02\/suman-esfuerzos-para-rehabilitacion-de-fachadas-en-la-capital\/estado\/2026\/#primaryimage"},"thumbnailUrl":"https:\/\/creston.com.mx\/wp-content\/uploads\/2026\/02\/IMG-20260222-WA0023.jpg","datePublished":"2026-02-23T02:15:00+00:00","dateModified":"2026-02-25T18:20:18+00:00","breadcrumb":{"@id":"https:\/\/creston.com.mx\/index.php\/02\/suman-esfuerzos-para-rehabilitacion-de-fachadas-en-la-capital\/estado\/2026\/#breadcrumb"},"inLanguage":"es","potentialAction":[{"@type":"ReadAction","target":["https:\/\/creston.com.mx\/index.php\/02\/suman-esfuerzos-para-rehabilitacion-de-fachadas-en-la-capital\/estado\/2026\/"]}]},{"@type":"ImageObject","inLanguage":"es","@id":"https:\/\/creston.com.mx\/index.php\/02\/suman-esfuerzos-para-rehabilitacion-de-fachadas-en-la-capital\/estado\/2026\/#primaryimage","url":"https:\/\/creston.com.mx\/wp-content\/uploads\/2026\/02\/IMG-20260222-WA0023.jpg","contentUrl":"https:\/\/creston.com.mx\/wp-content\/uploads\/2026\/02\/IMG-20260222-WA0023.jpg","width":1600,"height":1200},{"@type":"BreadcrumbList","@id":"https:\/\/creston.com.mx\/index.php\/02\/suman-esfuerzos-para-rehabilitacion-de-fachadas-en-la-capital\/estado\/2026\/#breadcrumb","itemListElement":[{"@type":"ListItem","position":1,"name":"Portada","item":"https:\/\/creston.com.mx\/"},{"@type":"ListItem","position":2,"name":"Suman esfuerzos para rehabilitaci\u00f3n de fachadas en la Capital"}]},{"@type":"WebSite","@id":"https:\/\/creston.com.mx\/#website","url":"https:\/\/creston.com.mx\/","name":"Peri\u00f3dico Digital de Zacatecas","description":"","publisher":{"@id":"https:\/\/creston.com.mx\/#organization"},"potentialAction":[{"@type":"SearchAction","target":{"@type":"EntryPoint","urlTemplate":"https:\/\/creston.com.mx\/?s={search_term_string}"},"query-input":{"@type":"PropertyValueSpecification","valueRequired":true,"valueName":"search_term_string"}}],"inLanguage":"es"},{"@type":"Organization","@id":"https:\/\/creston.com.mx\/#organization","name":"Peri\u00f3dico Digital de Zacatecas","url":"https:\/\/creston.com.mx\/","logo":{"@type":"ImageObject","inLanguage":"es","@id":"https:\/\/creston.com.mx\/#\/schema\/logo\/image\/","url":"https:\/\/creston.com.mx\/wp-content\/uploads\/2026\/02\/cropped-Logo-Creston2.jpg","contentUrl":"https:\/\/creston.com.mx\/wp-content\/uploads\/2026\/02\/cropped-Logo-Creston2.jpg","width":503,"height":194,"caption":"Peri\u00f3dico Digital  de Zacatecas"},"image":{"@id":"https:\/\/creston.com.mx\/#\/schema\/logo\/image\/"}},{"@type":"Person","@id":"https:\/\/creston.com.mx\/#\/schema\/person\/01f2ce9e289bc5300c759925ef768c1d","name":"Periodico Creston","image":{"@type":"ImageObject","inLanguage":"es","@id":"https:\/\/creston.com.mx\/#\/schema\/person\/image\/","url":"https:\/\/secure.gravatar.com\/avatar\/c91eac1cf0d45897b6d294d474aa7713a194d460be0aaf72157553d050cda1c1?s=96&d=mm&r=g","contentUrl":"https:\/\/secure.gravatar.com\/avatar\/c91eac1cf0d45897b6d294d474aa7713a194d460be0aaf72157553d050cda1c1?s=96&d=mm&r=g","caption":"Periodico Creston"},"sameAs":["https:\/\/creston.com.mx"],"url":"https:\/\/creston.com.mx\/index.php\/author\/cstnalja96\/"}]}},"jetpack_sharing_enabled":true,"jetpack_featured_media_url":"https:\/\/creston.com.mx\/wp-content\/uploads\/2026\/02\/IMG-20260222-WA0023.jpg","_links":{"self":[{"href":"https:\/\/creston.com.mx\/index.php\/wp-json\/wp\/v2\/posts\/2553","targetHints":{"allow":["GET"]}}],"collection":[{"href":"https:\/\/creston.com.mx\/index.php\/wp-json\/wp\/v2\/posts"}],"about":[{"href":"https:\/\/creston.com.mx\/index.php\/wp-json\/wp\/v2\/types\/post"}],"author":[{"embeddable":true,"href":"https:\/\/creston.com.mx\/index.php\/wp-json\/wp\/v2\/users\/1"}],"replies":[{"embeddable":true,"href":"https:\/\/creston.com.mx\/index.php\/wp-json\/wp\/v2\/comments?post=2553"}],"version-history":[{"count":1,"href":"https:\/\/creston.com.mx\/index.php\/wp-json\/wp\/v2\/posts\/2553\/revisions"}],"predecessor-version":[{"id":2555,"href":"https:\/\/creston.com.mx\/index.php\/wp-json\/wp\/v2\/posts\/2553\/revisions\/2555"}],"wp:featuredmedia":[{"embeddable":true,"href":"https:\/\/creston.com.mx\/index.php\/wp-json\/wp\/v2\/media\/2554"}],"wp:attachment":[{"href":"https:\/\/creston.com.mx\/index.php\/wp-json\/wp\/v2\/media?parent=2553"}],"wp:term":[{"taxonomy":"category","embeddable":true,"href":"https:\/\/creston.com.mx\/index.php\/wp-json\/wp\/v2\/categories?post=2553"},{"taxonomy":"post_tag","embeddable":true,"href":"https:\/\/creston.com.mx\/index.php\/wp-json\/wp\/v2\/tags?post=2553"}],"curies":[{"name":"wp","href":"https:\/\/api.w.org\/{rel}","templated":true}]}}