{"id":2548,"date":"2026-02-20T20:05:00","date_gmt":"2026-02-21T02:05:00","guid":{"rendered":"https:\/\/creston.com.mx\/?p=2548"},"modified":"2026-02-25T12:08:31","modified_gmt":"2026-02-25T18:08:31","slug":"en-marcha-nuevo-complejo-judicial-de-fresnillo","status":"publish","type":"post","link":"https:\/\/creston.com.mx\/index.php\/02\/en-marcha-nuevo-complejo-judicial-de-fresnillo\/informacion-general\/2026\/","title":{"rendered":"En marcha nuevo complejo judicial de Fresnillo"},"content":{"rendered":"\n<p>.<\/p>\n\n\n\n<p><strong><em>Anuncian la dignificaci\u00f3n de los 18 distritos judiciales, mejoras salariales y renovaci\u00f3n de parque vehicular.<\/em><\/strong><\/p>\n\n\n\n<p>.<\/p>\n\n\n\n<p>El Poder Judicial present\u00f3 el \u201cComplejo Judicial del Distrito de Fresnillo\u201d, un espacio que, gracias a las finanzas sanas, transparencia y un plan de austeridad que deriv\u00f3 de la reciente Reforma Judicial, permiti\u00f3 poner en marcha este nuevo Complejo.<\/p>\n\n\n\n<p>La Consejera Presidenta del \u00d3rgano de Administraci\u00f3n, Norma Esparza Castro, explic\u00f3 que este inmueble fue construido en el a\u00f1o 2023 y ha sido rescatado del abandono, gracias a una colaboraci\u00f3n interinstitucional que permiti\u00f3 un arduo trabajo de rehabilitaci\u00f3n y equipamiento, albergando ahora 2 juzgados civiles, 2 juzgados familiares, 2 juzgados mercantiles, una oficial\u00eda de partes y un \u00e1rea de pensiones, con la visi\u00f3n de progreso, para marcar un antes y un despu\u00e9s en esta regi\u00f3n.<\/p>\n\n\n<div class=\"wp-block-image\">\n<figure class=\"alignright size-large is-resized\"><img fetchpriority=\"high\" decoding=\"async\" width=\"1024\" height=\"612\" src=\"https:\/\/creston.com.mx\/wp-content\/uploads\/2026\/02\/IMG-20260221-WA0010-1024x612.jpg\" alt=\"\" class=\"wp-image-2549\" style=\"aspect-ratio:1.6732292229890906;width:530px;height:auto\" srcset=\"https:\/\/creston.com.mx\/wp-content\/uploads\/2026\/02\/IMG-20260221-WA0010-1024x612.jpg 1024w, https:\/\/creston.com.mx\/wp-content\/uploads\/2026\/02\/IMG-20260221-WA0010-300x179.jpg 300w, https:\/\/creston.com.mx\/wp-content\/uploads\/2026\/02\/IMG-20260221-WA0010-768x459.jpg 768w, https:\/\/creston.com.mx\/wp-content\/uploads\/2026\/02\/IMG-20260221-WA0010-1536x918.jpg 1536w, https:\/\/creston.com.mx\/wp-content\/uploads\/2026\/02\/IMG-20260221-WA0010.jpg 1600w\" sizes=\"(max-width: 1024px) 100vw, 1024px\" \/><\/figure>\n<\/div>\n\n\n<p>Detall\u00f3 que con una inversi\u00f3n de m\u00e1s de 5 millones de pesos se fortaleci\u00f3 la operatividad, con la adquisici\u00f3n de 45 equipos de c\u00f3mputo, 3 veh\u00edculos nuevos , un sistema de circuito cerrado, la adecuaci\u00f3n total de estas instalaciones y el encarpetamiento para ofrecer 500 lugares de estacionamiento.<\/p>\n\n\n\n<p>Por su parte, el Magistrado Carlos Villegas M\u00e1rquez, Presidente del Tribunal Superior de Justicia, puntualiz\u00f3 que este evento va m\u00e1s all\u00e1 de la infraestructura, pues se trata de hacer vigente un derecho de la ciudadan\u00eda a una justicia m\u00e1s accesible, pronta y expedita.<\/p>\n\n\n\n<p>Esta obra se evitar\u00e1 que la gente se traslade de un lugar a otro mientras enfrentan su conflictiva en diferentes materias, es as\u00ed que gracias a muchas voluntades, se materializa el acceso a la justicia en espacios dignos a quienes demandan justicia.<\/p>\n\n\n<div class=\"wp-block-image\">\n<figure class=\"alignright size-large is-resized\"><img decoding=\"async\" width=\"1024\" height=\"682\" src=\"https:\/\/creston.com.mx\/wp-content\/uploads\/2026\/02\/IMG-20260221-WA0013-1024x682.jpg\" alt=\"\" class=\"wp-image-2550\" style=\"aspect-ratio:1.5014984159602707;width:495px;height:auto\" srcset=\"https:\/\/creston.com.mx\/wp-content\/uploads\/2026\/02\/IMG-20260221-WA0013-1024x682.jpg 1024w, https:\/\/creston.com.mx\/wp-content\/uploads\/2026\/02\/IMG-20260221-WA0013-300x200.jpg 300w, https:\/\/creston.com.mx\/wp-content\/uploads\/2026\/02\/IMG-20260221-WA0013-768x512.jpg 768w, https:\/\/creston.com.mx\/wp-content\/uploads\/2026\/02\/IMG-20260221-WA0013-1536x1023.jpg 1536w, https:\/\/creston.com.mx\/wp-content\/uploads\/2026\/02\/IMG-20260221-WA0013.jpg 1600w\" sizes=\"(max-width: 1024px) 100vw, 1024px\" \/><\/figure>\n<\/div>\n\n\n<p>El titular del poder ejecutivo dijo que el Poder Judicial, uno de los m\u00e1s confiables a nivel nacional dignifique su infraestructura y se modernice en sus 18 distritos judiciales; asegur\u00f3 que este Complejo Judicial en Fresnillo es la primera obra de las 18 en que converger\u00e1n ambas autoridades, adem\u00e1s anunci\u00f3 que se realizar\u00e1 un estudio detallado en las percepciones salariales para una mejora, empezando, por supuesto desde quienes ganan menos.<\/p>\n\n\n\n<p>Sobre el parque vehicular del Poder Judicial se requiere una renovaci\u00f3n funcional, pues 50 veh\u00edculos de 100 corresponden a modelos anteriores al a\u00f1o 2015 y su mantenimiento genera un alto costo de mantenimiento, por ello, en este a\u00f1o se implementar\u00e1 un plan de renovaci\u00f3n para que se realicen las notificaciones y diligencias necesarias en los distritos.<\/p>\n\n\n\n<p>.<\/p>\n\n\n\n\n\n<p>.<\/p>\n\n\n<div class=\"wp-block-image\">\n<figure class=\"aligncenter size-large is-resized\"><img decoding=\"async\" width=\"870\" height=\"1024\" src=\"https:\/\/creston.com.mx\/wp-content\/uploads\/2025\/06\/Anuncio-salon-eventos-870x1024.jpg\" alt=\"\" class=\"wp-image-966\" style=\"aspect-ratio:0.8496112270054997;width:600px;height:auto\" srcset=\"https:\/\/creston.com.mx\/wp-content\/uploads\/2025\/06\/Anuncio-salon-eventos-870x1024.jpg 870w, https:\/\/creston.com.mx\/wp-content\/uploads\/2025\/06\/Anuncio-salon-eventos-255x300.jpg 255w, https:\/\/creston.com.mx\/wp-content\/uploads\/2025\/06\/Anuncio-salon-eventos-768x904.jpg 768w, https:\/\/creston.com.mx\/wp-content\/uploads\/2025\/06\/Anuncio-salon-eventos.jpg 1275w\" sizes=\"(max-width: 870px) 100vw, 870px\" \/><\/figure>\n<\/div>","protected":false},"excerpt":{"rendered":"<p>. Anuncian la dignificaci\u00f3n de los 18 distritos judiciales, mejoras salariales y renovaci\u00f3n de parque vehicular. . El Poder Judicial present\u00f3 el \u201cComplejo Judicial del Distrito de Fresnillo\u201d, un espacio&hellip; <\/p>\n","protected":false},"author":1,"featured_media":2551,"comment_status":"open","ping_status":"closed","sticky":false,"template":"","format":"standard","meta":{"_jetpack_memberships_contains_paid_content":false,"footnotes":""},"categories":[4],"tags":[],"class_list":["post-2548","post","type-post","status-publish","format-standard","has-post-thumbnail","hentry","category-informacion-general"],"yoast_head":"<!-- This site is optimized with the Yoast SEO plugin v24.2 - https:\/\/yoast.com\/wordpress\/plugins\/seo\/ -->\n<title>En marcha nuevo complejo judicial de Fresnillo - Peri\u00f3dico Digital de Zacatecas<\/title>\n<meta name=\"robots\" content=\"index, follow, max-snippet:-1, max-image-preview:large, max-video-preview:-1\" \/>\n<link rel=\"canonical\" href=\"https:\/\/creston.com.mx\/index.php\/02\/en-marcha-nuevo-complejo-judicial-de-fresnillo\/informacion-general\/2026\/\" \/>\n<meta property=\"og:locale\" content=\"es_ES\" \/>\n<meta property=\"og:type\" content=\"article\" \/>\n<meta property=\"og:title\" content=\"En marcha nuevo complejo judicial de Fresnillo - Peri\u00f3dico Digital de Zacatecas\" \/>\n<meta property=\"og:description\" content=\". Anuncian la dignificaci\u00f3n de los 18 distritos judiciales, mejoras salariales y renovaci\u00f3n de parque vehicular. . El Poder Judicial present\u00f3 el \u201cComplejo Judicial del Distrito de Fresnillo\u201d, un espacio&hellip;\" \/>\n<meta property=\"og:url\" content=\"https:\/\/creston.com.mx\/index.php\/02\/en-marcha-nuevo-complejo-judicial-de-fresnillo\/informacion-general\/2026\/\" \/>\n<meta property=\"og:site_name\" content=\"Peri\u00f3dico Digital de Zacatecas\" \/>\n<meta property=\"article:published_time\" content=\"2026-02-21T02:05:00+00:00\" \/>\n<meta property=\"article:modified_time\" content=\"2026-02-25T18:08:31+00:00\" \/>\n<meta property=\"og:image\" content=\"https:\/\/creston.com.mx\/wp-content\/uploads\/2026\/02\/IMG-20260221-WA0008.jpg\" \/>\n\t<meta property=\"og:image:width\" content=\"1600\" \/>\n\t<meta property=\"og:image:height\" content=\"1052\" \/>\n\t<meta property=\"og:image:type\" content=\"image\/jpeg\" \/>\n<meta name=\"author\" content=\"Periodico Creston\" \/>\n<meta name=\"twitter:card\" content=\"summary_large_image\" \/>\n<meta name=\"twitter:label1\" content=\"Escrito por\" \/>\n\t<meta name=\"twitter:data1\" content=\"Periodico Creston\" \/>\n\t<meta name=\"twitter:label2\" content=\"Tiempo de lectura\" \/>\n\t<meta name=\"twitter:data2\" content=\"3 minutos\" \/>\n<script type=\"application\/ld+json\" class=\"yoast-schema-graph\">{\"@context\":\"https:\/\/schema.org\",\"@graph\":[{\"@type\":\"Article\",\"@id\":\"https:\/\/creston.com.mx\/index.php\/02\/en-marcha-nuevo-complejo-judicial-de-fresnillo\/informacion-general\/2026\/#article\",\"isPartOf\":{\"@id\":\"https:\/\/creston.com.mx\/index.php\/02\/en-marcha-nuevo-complejo-judicial-de-fresnillo\/informacion-general\/2026\/\"},\"author\":{\"name\":\"Periodico Creston\",\"@id\":\"https:\/\/creston.com.mx\/#\/schema\/person\/01f2ce9e289bc5300c759925ef768c1d\"},\"headline\":\"En marcha nuevo complejo judicial de Fresnillo\",\"datePublished\":\"2026-02-21T02:05:00+00:00\",\"dateModified\":\"2026-02-25T18:08:31+00:00\",\"mainEntityOfPage\":{\"@id\":\"https:\/\/creston.com.mx\/index.php\/02\/en-marcha-nuevo-complejo-judicial-de-fresnillo\/informacion-general\/2026\/\"},\"wordCount\":408,\"commentCount\":0,\"publisher\":{\"@id\":\"https:\/\/creston.com.mx\/#organization\"},\"image\":{\"@id\":\"https:\/\/creston.com.mx\/index.php\/02\/en-marcha-nuevo-complejo-judicial-de-fresnillo\/informacion-general\/2026\/#primaryimage\"},\"thumbnailUrl\":\"https:\/\/creston.com.mx\/wp-content\/uploads\/2026\/02\/IMG-20260221-WA0008.jpg\",\"articleSection\":[\"Informaci\u00f3n General\"],\"inLanguage\":\"es\",\"potentialAction\":[{\"@type\":\"CommentAction\",\"name\":\"Comment\",\"target\":[\"https:\/\/creston.com.mx\/index.php\/02\/en-marcha-nuevo-complejo-judicial-de-fresnillo\/informacion-general\/2026\/#respond\"]}]},{\"@type\":\"WebPage\",\"@id\":\"https:\/\/creston.com.mx\/index.php\/02\/en-marcha-nuevo-complejo-judicial-de-fresnillo\/informacion-general\/2026\/\",\"url\":\"https:\/\/creston.com.mx\/index.php\/02\/en-marcha-nuevo-complejo-judicial-de-fresnillo\/informacion-general\/2026\/\",\"name\":\"En marcha nuevo complejo judicial de Fresnillo - Peri\u00f3dico Digital de Zacatecas\",\"isPartOf\":{\"@id\":\"https:\/\/creston.com.mx\/#website\"},\"primaryImageOfPage\":{\"@id\":\"https:\/\/creston.com.mx\/index.php\/02\/en-marcha-nuevo-complejo-judicial-de-fresnillo\/informacion-general\/2026\/#primaryimage\"},\"image\":{\"@id\":\"https:\/\/creston.com.mx\/index.php\/02\/en-marcha-nuevo-complejo-judicial-de-fresnillo\/informacion-general\/2026\/#primaryimage\"},\"thumbnailUrl\":\"https:\/\/creston.com.mx\/wp-content\/uploads\/2026\/02\/IMG-20260221-WA0008.jpg\",\"datePublished\":\"2026-02-21T02:05:00+00:00\",\"dateModified\":\"2026-02-25T18:08:31+00:00\",\"breadcrumb\":{\"@id\":\"https:\/\/creston.com.mx\/index.php\/02\/en-marcha-nuevo-complejo-judicial-de-fresnillo\/informacion-general\/2026\/#breadcrumb\"},\"inLanguage\":\"es\",\"potentialAction\":[{\"@type\":\"ReadAction\",\"target\":[\"https:\/\/creston.com.mx\/index.php\/02\/en-marcha-nuevo-complejo-judicial-de-fresnillo\/informacion-general\/2026\/\"]}]},{\"@type\":\"ImageObject\",\"inLanguage\":\"es\",\"@id\":\"https:\/\/creston.com.mx\/index.php\/02\/en-marcha-nuevo-complejo-judicial-de-fresnillo\/informacion-general\/2026\/#primaryimage\",\"url\":\"https:\/\/creston.com.mx\/wp-content\/uploads\/2026\/02\/IMG-20260221-WA0008.jpg\",\"contentUrl\":\"https:\/\/creston.com.mx\/wp-content\/uploads\/2026\/02\/IMG-20260221-WA0008.jpg\",\"width\":1600,\"height\":1052},{\"@type\":\"BreadcrumbList\",\"@id\":\"https:\/\/creston.com.mx\/index.php\/02\/en-marcha-nuevo-complejo-judicial-de-fresnillo\/informacion-general\/2026\/#breadcrumb\",\"itemListElement\":[{\"@type\":\"ListItem\",\"position\":1,\"name\":\"Portada\",\"item\":\"https:\/\/creston.com.mx\/\"},{\"@type\":\"ListItem\",\"position\":2,\"name\":\"En marcha nuevo complejo judicial de Fresnillo\"}]},{\"@type\":\"WebSite\",\"@id\":\"https:\/\/creston.com.mx\/#website\",\"url\":\"https:\/\/creston.com.mx\/\",\"name\":\"Peri\u00f3dico Digital de Zacatecas\",\"description\":\"\",\"publisher\":{\"@id\":\"https:\/\/creston.com.mx\/#organization\"},\"potentialAction\":[{\"@type\":\"SearchAction\",\"target\":{\"@type\":\"EntryPoint\",\"urlTemplate\":\"https:\/\/creston.com.mx\/?s={search_term_string}\"},\"query-input\":{\"@type\":\"PropertyValueSpecification\",\"valueRequired\":true,\"valueName\":\"search_term_string\"}}],\"inLanguage\":\"es\"},{\"@type\":\"Organization\",\"@id\":\"https:\/\/creston.com.mx\/#organization\",\"name\":\"Peri\u00f3dico Digital de Zacatecas\",\"url\":\"https:\/\/creston.com.mx\/\",\"logo\":{\"@type\":\"ImageObject\",\"inLanguage\":\"es\",\"@id\":\"https:\/\/creston.com.mx\/#\/schema\/logo\/image\/\",\"url\":\"https:\/\/creston.com.mx\/wp-content\/uploads\/2026\/02\/cropped-Logo-Creston2.jpg\",\"contentUrl\":\"https:\/\/creston.com.mx\/wp-content\/uploads\/2026\/02\/cropped-Logo-Creston2.jpg\",\"width\":503,\"height\":194,\"caption\":\"Peri\u00f3dico Digital  de Zacatecas\"},\"image\":{\"@id\":\"https:\/\/creston.com.mx\/#\/schema\/logo\/image\/\"}},{\"@type\":\"Person\",\"@id\":\"https:\/\/creston.com.mx\/#\/schema\/person\/01f2ce9e289bc5300c759925ef768c1d\",\"name\":\"Periodico Creston\",\"image\":{\"@type\":\"ImageObject\",\"inLanguage\":\"es\",\"@id\":\"https:\/\/creston.com.mx\/#\/schema\/person\/image\/\",\"url\":\"https:\/\/secure.gravatar.com\/avatar\/c91eac1cf0d45897b6d294d474aa7713a194d460be0aaf72157553d050cda1c1?s=96&d=mm&r=g\",\"contentUrl\":\"https:\/\/secure.gravatar.com\/avatar\/c91eac1cf0d45897b6d294d474aa7713a194d460be0aaf72157553d050cda1c1?s=96&d=mm&r=g\",\"caption\":\"Periodico Creston\"},\"sameAs\":[\"https:\/\/creston.com.mx\"],\"url\":\"https:\/\/creston.com.mx\/index.php\/author\/cstnalja96\/\"}]}<\/script>\n<!-- \/ Yoast SEO plugin. -->","yoast_head_json":{"title":"En marcha nuevo complejo judicial de Fresnillo - Peri\u00f3dico Digital de Zacatecas","robots":{"index":"index","follow":"follow","max-snippet":"max-snippet:-1","max-image-preview":"max-image-preview:large","max-video-preview":"max-video-preview:-1"},"canonical":"https:\/\/creston.com.mx\/index.php\/02\/en-marcha-nuevo-complejo-judicial-de-fresnillo\/informacion-general\/2026\/","og_locale":"es_ES","og_type":"article","og_title":"En marcha nuevo complejo judicial de Fresnillo - Peri\u00f3dico Digital de Zacatecas","og_description":". Anuncian la dignificaci\u00f3n de los 18 distritos judiciales, mejoras salariales y renovaci\u00f3n de parque vehicular. . El Poder Judicial present\u00f3 el \u201cComplejo Judicial del Distrito de Fresnillo\u201d, un espacio&hellip;","og_url":"https:\/\/creston.com.mx\/index.php\/02\/en-marcha-nuevo-complejo-judicial-de-fresnillo\/informacion-general\/2026\/","og_site_name":"Peri\u00f3dico Digital de Zacatecas","article_published_time":"2026-02-21T02:05:00+00:00","article_modified_time":"2026-02-25T18:08:31+00:00","og_image":[{"width":1600,"height":1052,"url":"https:\/\/creston.com.mx\/wp-content\/uploads\/2026\/02\/IMG-20260221-WA0008.jpg","type":"image\/jpeg"}],"author":"Periodico Creston","twitter_card":"summary_large_image","twitter_misc":{"Escrito por":"Periodico Creston","Tiempo de lectura":"3 minutos"},"schema":{"@context":"https:\/\/schema.org","@graph":[{"@type":"Article","@id":"https:\/\/creston.com.mx\/index.php\/02\/en-marcha-nuevo-complejo-judicial-de-fresnillo\/informacion-general\/2026\/#article","isPartOf":{"@id":"https:\/\/creston.com.mx\/index.php\/02\/en-marcha-nuevo-complejo-judicial-de-fresnillo\/informacion-general\/2026\/"},"author":{"name":"Periodico Creston","@id":"https:\/\/creston.com.mx\/#\/schema\/person\/01f2ce9e289bc5300c759925ef768c1d"},"headline":"En marcha nuevo complejo judicial de Fresnillo","datePublished":"2026-02-21T02:05:00+00:00","dateModified":"2026-02-25T18:08:31+00:00","mainEntityOfPage":{"@id":"https:\/\/creston.com.mx\/index.php\/02\/en-marcha-nuevo-complejo-judicial-de-fresnillo\/informacion-general\/2026\/"},"wordCount":408,"commentCount":0,"publisher":{"@id":"https:\/\/creston.com.mx\/#organization"},"image":{"@id":"https:\/\/creston.com.mx\/index.php\/02\/en-marcha-nuevo-complejo-judicial-de-fresnillo\/informacion-general\/2026\/#primaryimage"},"thumbnailUrl":"https:\/\/creston.com.mx\/wp-content\/uploads\/2026\/02\/IMG-20260221-WA0008.jpg","articleSection":["Informaci\u00f3n General"],"inLanguage":"es","potentialAction":[{"@type":"CommentAction","name":"Comment","target":["https:\/\/creston.com.mx\/index.php\/02\/en-marcha-nuevo-complejo-judicial-de-fresnillo\/informacion-general\/2026\/#respond"]}]},{"@type":"WebPage","@id":"https:\/\/creston.com.mx\/index.php\/02\/en-marcha-nuevo-complejo-judicial-de-fresnillo\/informacion-general\/2026\/","url":"https:\/\/creston.com.mx\/index.php\/02\/en-marcha-nuevo-complejo-judicial-de-fresnillo\/informacion-general\/2026\/","name":"En marcha nuevo complejo judicial de Fresnillo - Peri\u00f3dico Digital de Zacatecas","isPartOf":{"@id":"https:\/\/creston.com.mx\/#website"},"primaryImageOfPage":{"@id":"https:\/\/creston.com.mx\/index.php\/02\/en-marcha-nuevo-complejo-judicial-de-fresnillo\/informacion-general\/2026\/#primaryimage"},"image":{"@id":"https:\/\/creston.com.mx\/index.php\/02\/en-marcha-nuevo-complejo-judicial-de-fresnillo\/informacion-general\/2026\/#primaryimage"},"thumbnailUrl":"https:\/\/creston.com.mx\/wp-content\/uploads\/2026\/02\/IMG-20260221-WA0008.jpg","datePublished":"2026-02-21T02:05:00+00:00","dateModified":"2026-02-25T18:08:31+00:00","breadcrumb":{"@id":"https:\/\/creston.com.mx\/index.php\/02\/en-marcha-nuevo-complejo-judicial-de-fresnillo\/informacion-general\/2026\/#breadcrumb"},"inLanguage":"es","potentialAction":[{"@type":"ReadAction","target":["https:\/\/creston.com.mx\/index.php\/02\/en-marcha-nuevo-complejo-judicial-de-fresnillo\/informacion-general\/2026\/"]}]},{"@type":"ImageObject","inLanguage":"es","@id":"https:\/\/creston.com.mx\/index.php\/02\/en-marcha-nuevo-complejo-judicial-de-fresnillo\/informacion-general\/2026\/#primaryimage","url":"https:\/\/creston.com.mx\/wp-content\/uploads\/2026\/02\/IMG-20260221-WA0008.jpg","contentUrl":"https:\/\/creston.com.mx\/wp-content\/uploads\/2026\/02\/IMG-20260221-WA0008.jpg","width":1600,"height":1052},{"@type":"BreadcrumbList","@id":"https:\/\/creston.com.mx\/index.php\/02\/en-marcha-nuevo-complejo-judicial-de-fresnillo\/informacion-general\/2026\/#breadcrumb","itemListElement":[{"@type":"ListItem","position":1,"name":"Portada","item":"https:\/\/creston.com.mx\/"},{"@type":"ListItem","position":2,"name":"En marcha nuevo complejo judicial de Fresnillo"}]},{"@type":"WebSite","@id":"https:\/\/creston.com.mx\/#website","url":"https:\/\/creston.com.mx\/","name":"Peri\u00f3dico Digital de Zacatecas","description":"","publisher":{"@id":"https:\/\/creston.com.mx\/#organization"},"potentialAction":[{"@type":"SearchAction","target":{"@type":"EntryPoint","urlTemplate":"https:\/\/creston.com.mx\/?s={search_term_string}"},"query-input":{"@type":"PropertyValueSpecification","valueRequired":true,"valueName":"search_term_string"}}],"inLanguage":"es"},{"@type":"Organization","@id":"https:\/\/creston.com.mx\/#organization","name":"Peri\u00f3dico Digital de Zacatecas","url":"https:\/\/creston.com.mx\/","logo":{"@type":"ImageObject","inLanguage":"es","@id":"https:\/\/creston.com.mx\/#\/schema\/logo\/image\/","url":"https:\/\/creston.com.mx\/wp-content\/uploads\/2026\/02\/cropped-Logo-Creston2.jpg","contentUrl":"https:\/\/creston.com.mx\/wp-content\/uploads\/2026\/02\/cropped-Logo-Creston2.jpg","width":503,"height":194,"caption":"Peri\u00f3dico Digital  de Zacatecas"},"image":{"@id":"https:\/\/creston.com.mx\/#\/schema\/logo\/image\/"}},{"@type":"Person","@id":"https:\/\/creston.com.mx\/#\/schema\/person\/01f2ce9e289bc5300c759925ef768c1d","name":"Periodico Creston","image":{"@type":"ImageObject","inLanguage":"es","@id":"https:\/\/creston.com.mx\/#\/schema\/person\/image\/","url":"https:\/\/secure.gravatar.com\/avatar\/c91eac1cf0d45897b6d294d474aa7713a194d460be0aaf72157553d050cda1c1?s=96&d=mm&r=g","contentUrl":"https:\/\/secure.gravatar.com\/avatar\/c91eac1cf0d45897b6d294d474aa7713a194d460be0aaf72157553d050cda1c1?s=96&d=mm&r=g","caption":"Periodico Creston"},"sameAs":["https:\/\/creston.com.mx"],"url":"https:\/\/creston.com.mx\/index.php\/author\/cstnalja96\/"}]}},"jetpack_sharing_enabled":true,"jetpack_featured_media_url":"https:\/\/creston.com.mx\/wp-content\/uploads\/2026\/02\/IMG-20260221-WA0008.jpg","_links":{"self":[{"href":"https:\/\/creston.com.mx\/index.php\/wp-json\/wp\/v2\/posts\/2548","targetHints":{"allow":["GET"]}}],"collection":[{"href":"https:\/\/creston.com.mx\/index.php\/wp-json\/wp\/v2\/posts"}],"about":[{"href":"https:\/\/creston.com.mx\/index.php\/wp-json\/wp\/v2\/types\/post"}],"author":[{"embeddable":true,"href":"https:\/\/creston.com.mx\/index.php\/wp-json\/wp\/v2\/users\/1"}],"replies":[{"embeddable":true,"href":"https:\/\/creston.com.mx\/index.php\/wp-json\/wp\/v2\/comments?post=2548"}],"version-history":[{"count":1,"href":"https:\/\/creston.com.mx\/index.php\/wp-json\/wp\/v2\/posts\/2548\/revisions"}],"predecessor-version":[{"id":2552,"href":"https:\/\/creston.com.mx\/index.php\/wp-json\/wp\/v2\/posts\/2548\/revisions\/2552"}],"wp:featuredmedia":[{"embeddable":true,"href":"https:\/\/creston.com.mx\/index.php\/wp-json\/wp\/v2\/media\/2551"}],"wp:attachment":[{"href":"https:\/\/creston.com.mx\/index.php\/wp-json\/wp\/v2\/media?parent=2548"}],"wp:term":[{"taxonomy":"category","embeddable":true,"href":"https:\/\/creston.com.mx\/index.php\/wp-json\/wp\/v2\/categories?post=2548"},{"taxonomy":"post_tag","embeddable":true,"href":"https:\/\/creston.com.mx\/index.php\/wp-json\/wp\/v2\/tags?post=2548"}],"curies":[{"name":"wp","href":"https:\/\/api.w.org\/{rel}","templated":true}]}}