{"id":2541,"date":"2026-02-20T19:59:00","date_gmt":"2026-02-21T01:59:00","guid":{"rendered":"https:\/\/creston.com.mx\/?p=2541"},"modified":"2026-02-25T12:02:57","modified_gmt":"2026-02-25T18:02:57","slug":"regresa-la-musica-a-la-plazuela-goitia","status":"publish","type":"post","link":"https:\/\/creston.com.mx\/index.php\/02\/regresa-la-musica-a-la-plazuela-goitia\/estado\/2026\/","title":{"rendered":"Regresa la m\u00fasica a la Plazuela Goitia"},"content":{"rendered":"\n<p>.<\/p>\n\n\n\n<p class=\"has-medium-font-size\"><strong><em>Se presenta la Banda Sinf\u00f3nica Municipal y se reafirma la vocaci\u00f3n cultural de la Capital.<\/em><\/strong><\/p>\n\n\n\n<p>.<\/p>\n\n\n\n<p>Con una destacada respuesta ciudadana y un ambiente familiar, el Ayuntamiento de Zacatecas, encabezado por el presidente municipal Miguel Varela, llev\u00f3 a cabo el concierto de la Banda Sinf\u00f3nica del Municipio en la Plazuela Goitia, marcando el regreso de la m\u00fasica a este emblem\u00e1tico espacio p\u00fablico y reafirmando el compromiso institucional con la promoci\u00f3n cultural y el fortalecimiento de las tradiciones que dan identidad a la capital.<\/p>\n\n\n\n<p>El evento se realiz\u00f3 la tarde de este jueves 19 de febrero, cuando decenas de familias, j\u00f3venes y visitantes se reunieron para disfrutar de un repertorio musical cuidadosamente seleccionado.<\/p>\n\n\n<div class=\"wp-block-image\">\n<figure class=\"alignright size-large is-resized\"><img fetchpriority=\"high\" decoding=\"async\" width=\"1024\" height=\"683\" src=\"https:\/\/creston.com.mx\/wp-content\/uploads\/2026\/02\/IMG-20260220-WA0008-1024x683.jpg\" alt=\"\" class=\"wp-image-2544\" style=\"aspect-ratio:1.4992732765254069;width:549px;height:auto\" srcset=\"https:\/\/creston.com.mx\/wp-content\/uploads\/2026\/02\/IMG-20260220-WA0008-1024x683.jpg 1024w, https:\/\/creston.com.mx\/wp-content\/uploads\/2026\/02\/IMG-20260220-WA0008-300x200.jpg 300w, https:\/\/creston.com.mx\/wp-content\/uploads\/2026\/02\/IMG-20260220-WA0008-768x512.jpg 768w, https:\/\/creston.com.mx\/wp-content\/uploads\/2026\/02\/IMG-20260220-WA0008-1536x1025.jpg 1536w, https:\/\/creston.com.mx\/wp-content\/uploads\/2026\/02\/IMG-20260220-WA0008-2048x1366.jpg 2048w\" sizes=\"(max-width: 1024px) 100vw, 1024px\" \/><\/figure>\n<\/div>\n\n\n<p>Durante su mensaje, el alcalde celebr\u00f3 esta nueva etapa de la Banda Sinf\u00f3nica Municipal, destacando que la presentaci\u00f3n devuelve a la plazuela su vocaci\u00f3n como punto de encuentro cultural y consolida a la agrupaci\u00f3n como uno de los referentes art\u00edsticos del municipio.<\/p>\n\n\n\n<p>El edil expres\u00f3 su reconocimiento a la Banda Sinf\u00f3nica del Estado y al maestro Salvador Garc\u00eda por los a\u00f1os de presentaciones memorables ofrecidas en este espacio. Asimismo, se\u00f1al\u00f3 que ahora el director de la Banda Sinf\u00f3nica Municipal, Emilio \u00c1vila, asume la responsabilidad de mantener viva esta tradici\u00f3n musical y llenar de alegr\u00eda la plazuela cada semana.<\/p>\n\n\n\n<p>Durante el concierto, las y los m\u00fasicos ofrecieron interpretaciones que fueron ampliamente reconocidas por el p\u00fablico, que respondi\u00f3 con aplausos y entusiasmo en cada intervenci\u00f3n. La calidad art\u00edstica del ensamble, as\u00ed como su disciplina y entrega, confirmaron el talento local y el valor de mantener abiertos los espacios de expresi\u00f3n cultural para toda la ciudadan\u00eda.<\/p>\n\n\n<div class=\"wp-block-image\">\n<figure class=\"alignright size-large is-resized\"><img decoding=\"async\" width=\"1024\" height=\"683\" src=\"https:\/\/creston.com.mx\/wp-content\/uploads\/2026\/02\/IMG-20260220-WA0009-1024x683.jpg\" alt=\"\" class=\"wp-image-2542\" style=\"aspect-ratio:1.4992888417882142;width:478px;height:auto\" srcset=\"https:\/\/creston.com.mx\/wp-content\/uploads\/2026\/02\/IMG-20260220-WA0009-1024x683.jpg 1024w, https:\/\/creston.com.mx\/wp-content\/uploads\/2026\/02\/IMG-20260220-WA0009-300x200.jpg 300w, https:\/\/creston.com.mx\/wp-content\/uploads\/2026\/02\/IMG-20260220-WA0009-768x512.jpg 768w, https:\/\/creston.com.mx\/wp-content\/uploads\/2026\/02\/IMG-20260220-WA0009-1536x1025.jpg 1536w, https:\/\/creston.com.mx\/wp-content\/uploads\/2026\/02\/IMG-20260220-WA0009-2048x1366.jpg 2048w\" sizes=\"(max-width: 1024px) 100vw, 1024px\" \/><\/figure>\n<\/div>\n\n\n<p>El alcalde destac\u00f3 que este tipo de actividades contribuyen a recuperar los espacios p\u00fablicos y devolverles su funci\u00f3n social, al tiempo que fomentan la convivencia y acercan el arte a todas las personas. Subray\u00f3 que el regreso de la m\u00fasica a la Plazuela Goitia representa tambi\u00e9n un paso importante para revitalizar el centro hist\u00f3rico mediante actividades culturales permanentes.<\/p>\n\n\n\n<p>Con esta presentaci\u00f3n, el gobierno municipal reiter\u00f3 su intenci\u00f3n de mantener una agenda cultural activa que permita que la m\u00fasica, el arte y las tradiciones sigan ocupando los espacios p\u00fablicos, fortaleciendo la identidad local, la convivencia social y el orgullo de vivir en Zacatecas.<\/p>\n\n\n\n<p>.<\/p>\n\n\n\n\n\n<p>.<\/p>\n\n\n<div class=\"wp-block-image\">\n<figure class=\"aligncenter size-large is-resized\"><img decoding=\"async\" width=\"819\" height=\"1024\" src=\"https:\/\/creston.com.mx\/wp-content\/uploads\/2026\/02\/IMG-20260218-WA0018-819x1024.jpg\" alt=\"\" class=\"wp-image-2528\" style=\"width:581px;height:auto\" srcset=\"https:\/\/creston.com.mx\/wp-content\/uploads\/2026\/02\/IMG-20260218-WA0018-819x1024.jpg 819w, https:\/\/creston.com.mx\/wp-content\/uploads\/2026\/02\/IMG-20260218-WA0018-240x300.jpg 240w, https:\/\/creston.com.mx\/wp-content\/uploads\/2026\/02\/IMG-20260218-WA0018-768x960.jpg 768w, https:\/\/creston.com.mx\/wp-content\/uploads\/2026\/02\/IMG-20260218-WA0018-1229x1536.jpg 1229w, https:\/\/creston.com.mx\/wp-content\/uploads\/2026\/02\/IMG-20260218-WA0018.jpg 1280w\" sizes=\"(max-width: 819px) 100vw, 819px\" \/><\/figure>\n<\/div>","protected":false},"excerpt":{"rendered":"<p>. Se presenta la Banda Sinf\u00f3nica Municipal y se reafirma la vocaci\u00f3n cultural de la Capital. . Con una destacada respuesta ciudadana y un ambiente familiar, el Ayuntamiento de Zacatecas,&hellip; <\/p>\n","protected":false},"author":1,"featured_media":2543,"comment_status":"open","ping_status":"closed","sticky":false,"template":"","format":"standard","meta":{"_jetpack_memberships_contains_paid_content":false,"footnotes":""},"categories":[1],"tags":[],"class_list":["post-2541","post","type-post","status-publish","format-standard","has-post-thumbnail","hentry","category-estado"],"yoast_head":"<!-- This site is optimized with the Yoast SEO plugin v24.2 - https:\/\/yoast.com\/wordpress\/plugins\/seo\/ -->\n<title>Regresa la m\u00fasica a la Plazuela Goitia - Peri\u00f3dico Digital de Zacatecas<\/title>\n<meta name=\"robots\" content=\"index, follow, max-snippet:-1, max-image-preview:large, max-video-preview:-1\" \/>\n<link rel=\"canonical\" href=\"https:\/\/creston.com.mx\/index.php\/02\/regresa-la-musica-a-la-plazuela-goitia\/estado\/2026\/\" \/>\n<meta property=\"og:locale\" content=\"es_ES\" \/>\n<meta property=\"og:type\" content=\"article\" \/>\n<meta property=\"og:title\" content=\"Regresa la m\u00fasica a la Plazuela Goitia - Peri\u00f3dico Digital de Zacatecas\" \/>\n<meta property=\"og:description\" content=\". Se presenta la Banda Sinf\u00f3nica Municipal y se reafirma la vocaci\u00f3n cultural de la Capital. . Con una destacada respuesta ciudadana y un ambiente familiar, el Ayuntamiento de Zacatecas,&hellip;\" \/>\n<meta property=\"og:url\" content=\"https:\/\/creston.com.mx\/index.php\/02\/regresa-la-musica-a-la-plazuela-goitia\/estado\/2026\/\" \/>\n<meta property=\"og:site_name\" content=\"Peri\u00f3dico Digital de Zacatecas\" \/>\n<meta property=\"article:published_time\" content=\"2026-02-21T01:59:00+00:00\" \/>\n<meta property=\"article:modified_time\" content=\"2026-02-25T18:02:57+00:00\" \/>\n<meta property=\"og:image\" content=\"https:\/\/creston.com.mx\/wp-content\/uploads\/2026\/02\/IMG-20260220-WA0014-scaled.jpg\" \/>\n\t<meta property=\"og:image:width\" content=\"2560\" \/>\n\t<meta property=\"og:image:height\" content=\"1708\" \/>\n\t<meta property=\"og:image:type\" content=\"image\/jpeg\" \/>\n<meta name=\"author\" content=\"Periodico Creston\" \/>\n<meta name=\"twitter:card\" content=\"summary_large_image\" \/>\n<meta name=\"twitter:label1\" content=\"Escrito por\" \/>\n\t<meta name=\"twitter:data1\" content=\"Periodico Creston\" \/>\n\t<meta name=\"twitter:label2\" content=\"Tiempo de lectura\" \/>\n\t<meta name=\"twitter:data2\" content=\"3 minutos\" \/>\n<script type=\"application\/ld+json\" class=\"yoast-schema-graph\">{\"@context\":\"https:\/\/schema.org\",\"@graph\":[{\"@type\":\"Article\",\"@id\":\"https:\/\/creston.com.mx\/index.php\/02\/regresa-la-musica-a-la-plazuela-goitia\/estado\/2026\/#article\",\"isPartOf\":{\"@id\":\"https:\/\/creston.com.mx\/index.php\/02\/regresa-la-musica-a-la-plazuela-goitia\/estado\/2026\/\"},\"author\":{\"name\":\"Periodico Creston\",\"@id\":\"https:\/\/creston.com.mx\/#\/schema\/person\/01f2ce9e289bc5300c759925ef768c1d\"},\"headline\":\"Regresa la m\u00fasica a la Plazuela Goitia\",\"datePublished\":\"2026-02-21T01:59:00+00:00\",\"dateModified\":\"2026-02-25T18:02:57+00:00\",\"mainEntityOfPage\":{\"@id\":\"https:\/\/creston.com.mx\/index.php\/02\/regresa-la-musica-a-la-plazuela-goitia\/estado\/2026\/\"},\"wordCount\":408,\"commentCount\":0,\"publisher\":{\"@id\":\"https:\/\/creston.com.mx\/#organization\"},\"image\":{\"@id\":\"https:\/\/creston.com.mx\/index.php\/02\/regresa-la-musica-a-la-plazuela-goitia\/estado\/2026\/#primaryimage\"},\"thumbnailUrl\":\"https:\/\/creston.com.mx\/wp-content\/uploads\/2026\/02\/IMG-20260220-WA0014-scaled.jpg\",\"articleSection\":[\"Estado\"],\"inLanguage\":\"es\",\"potentialAction\":[{\"@type\":\"CommentAction\",\"name\":\"Comment\",\"target\":[\"https:\/\/creston.com.mx\/index.php\/02\/regresa-la-musica-a-la-plazuela-goitia\/estado\/2026\/#respond\"]}]},{\"@type\":\"WebPage\",\"@id\":\"https:\/\/creston.com.mx\/index.php\/02\/regresa-la-musica-a-la-plazuela-goitia\/estado\/2026\/\",\"url\":\"https:\/\/creston.com.mx\/index.php\/02\/regresa-la-musica-a-la-plazuela-goitia\/estado\/2026\/\",\"name\":\"Regresa la m\u00fasica a la Plazuela Goitia - Peri\u00f3dico Digital de Zacatecas\",\"isPartOf\":{\"@id\":\"https:\/\/creston.com.mx\/#website\"},\"primaryImageOfPage\":{\"@id\":\"https:\/\/creston.com.mx\/index.php\/02\/regresa-la-musica-a-la-plazuela-goitia\/estado\/2026\/#primaryimage\"},\"image\":{\"@id\":\"https:\/\/creston.com.mx\/index.php\/02\/regresa-la-musica-a-la-plazuela-goitia\/estado\/2026\/#primaryimage\"},\"thumbnailUrl\":\"https:\/\/creston.com.mx\/wp-content\/uploads\/2026\/02\/IMG-20260220-WA0014-scaled.jpg\",\"datePublished\":\"2026-02-21T01:59:00+00:00\",\"dateModified\":\"2026-02-25T18:02:57+00:00\",\"breadcrumb\":{\"@id\":\"https:\/\/creston.com.mx\/index.php\/02\/regresa-la-musica-a-la-plazuela-goitia\/estado\/2026\/#breadcrumb\"},\"inLanguage\":\"es\",\"potentialAction\":[{\"@type\":\"ReadAction\",\"target\":[\"https:\/\/creston.com.mx\/index.php\/02\/regresa-la-musica-a-la-plazuela-goitia\/estado\/2026\/\"]}]},{\"@type\":\"ImageObject\",\"inLanguage\":\"es\",\"@id\":\"https:\/\/creston.com.mx\/index.php\/02\/regresa-la-musica-a-la-plazuela-goitia\/estado\/2026\/#primaryimage\",\"url\":\"https:\/\/creston.com.mx\/wp-content\/uploads\/2026\/02\/IMG-20260220-WA0014-scaled.jpg\",\"contentUrl\":\"https:\/\/creston.com.mx\/wp-content\/uploads\/2026\/02\/IMG-20260220-WA0014-scaled.jpg\",\"width\":2560,\"height\":1708},{\"@type\":\"BreadcrumbList\",\"@id\":\"https:\/\/creston.com.mx\/index.php\/02\/regresa-la-musica-a-la-plazuela-goitia\/estado\/2026\/#breadcrumb\",\"itemListElement\":[{\"@type\":\"ListItem\",\"position\":1,\"name\":\"Portada\",\"item\":\"https:\/\/creston.com.mx\/\"},{\"@type\":\"ListItem\",\"position\":2,\"name\":\"Regresa la m\u00fasica a la Plazuela Goitia\"}]},{\"@type\":\"WebSite\",\"@id\":\"https:\/\/creston.com.mx\/#website\",\"url\":\"https:\/\/creston.com.mx\/\",\"name\":\"Peri\u00f3dico Digital de Zacatecas\",\"description\":\"\",\"publisher\":{\"@id\":\"https:\/\/creston.com.mx\/#organization\"},\"potentialAction\":[{\"@type\":\"SearchAction\",\"target\":{\"@type\":\"EntryPoint\",\"urlTemplate\":\"https:\/\/creston.com.mx\/?s={search_term_string}\"},\"query-input\":{\"@type\":\"PropertyValueSpecification\",\"valueRequired\":true,\"valueName\":\"search_term_string\"}}],\"inLanguage\":\"es\"},{\"@type\":\"Organization\",\"@id\":\"https:\/\/creston.com.mx\/#organization\",\"name\":\"Peri\u00f3dico Digital de Zacatecas\",\"url\":\"https:\/\/creston.com.mx\/\",\"logo\":{\"@type\":\"ImageObject\",\"inLanguage\":\"es\",\"@id\":\"https:\/\/creston.com.mx\/#\/schema\/logo\/image\/\",\"url\":\"https:\/\/creston.com.mx\/wp-content\/uploads\/2026\/02\/cropped-Logo-Creston2.jpg\",\"contentUrl\":\"https:\/\/creston.com.mx\/wp-content\/uploads\/2026\/02\/cropped-Logo-Creston2.jpg\",\"width\":503,\"height\":194,\"caption\":\"Peri\u00f3dico Digital  de Zacatecas\"},\"image\":{\"@id\":\"https:\/\/creston.com.mx\/#\/schema\/logo\/image\/\"}},{\"@type\":\"Person\",\"@id\":\"https:\/\/creston.com.mx\/#\/schema\/person\/01f2ce9e289bc5300c759925ef768c1d\",\"name\":\"Periodico Creston\",\"image\":{\"@type\":\"ImageObject\",\"inLanguage\":\"es\",\"@id\":\"https:\/\/creston.com.mx\/#\/schema\/person\/image\/\",\"url\":\"https:\/\/secure.gravatar.com\/avatar\/c91eac1cf0d45897b6d294d474aa7713a194d460be0aaf72157553d050cda1c1?s=96&d=mm&r=g\",\"contentUrl\":\"https:\/\/secure.gravatar.com\/avatar\/c91eac1cf0d45897b6d294d474aa7713a194d460be0aaf72157553d050cda1c1?s=96&d=mm&r=g\",\"caption\":\"Periodico Creston\"},\"sameAs\":[\"https:\/\/creston.com.mx\"],\"url\":\"https:\/\/creston.com.mx\/index.php\/author\/cstnalja96\/\"}]}<\/script>\n<!-- \/ Yoast SEO plugin. -->","yoast_head_json":{"title":"Regresa la m\u00fasica a la Plazuela Goitia - Peri\u00f3dico Digital de Zacatecas","robots":{"index":"index","follow":"follow","max-snippet":"max-snippet:-1","max-image-preview":"max-image-preview:large","max-video-preview":"max-video-preview:-1"},"canonical":"https:\/\/creston.com.mx\/index.php\/02\/regresa-la-musica-a-la-plazuela-goitia\/estado\/2026\/","og_locale":"es_ES","og_type":"article","og_title":"Regresa la m\u00fasica a la Plazuela Goitia - Peri\u00f3dico Digital de Zacatecas","og_description":". Se presenta la Banda Sinf\u00f3nica Municipal y se reafirma la vocaci\u00f3n cultural de la Capital. . Con una destacada respuesta ciudadana y un ambiente familiar, el Ayuntamiento de Zacatecas,&hellip;","og_url":"https:\/\/creston.com.mx\/index.php\/02\/regresa-la-musica-a-la-plazuela-goitia\/estado\/2026\/","og_site_name":"Peri\u00f3dico Digital de Zacatecas","article_published_time":"2026-02-21T01:59:00+00:00","article_modified_time":"2026-02-25T18:02:57+00:00","og_image":[{"width":2560,"height":1708,"url":"https:\/\/creston.com.mx\/wp-content\/uploads\/2026\/02\/IMG-20260220-WA0014-scaled.jpg","type":"image\/jpeg"}],"author":"Periodico Creston","twitter_card":"summary_large_image","twitter_misc":{"Escrito por":"Periodico Creston","Tiempo de lectura":"3 minutos"},"schema":{"@context":"https:\/\/schema.org","@graph":[{"@type":"Article","@id":"https:\/\/creston.com.mx\/index.php\/02\/regresa-la-musica-a-la-plazuela-goitia\/estado\/2026\/#article","isPartOf":{"@id":"https:\/\/creston.com.mx\/index.php\/02\/regresa-la-musica-a-la-plazuela-goitia\/estado\/2026\/"},"author":{"name":"Periodico Creston","@id":"https:\/\/creston.com.mx\/#\/schema\/person\/01f2ce9e289bc5300c759925ef768c1d"},"headline":"Regresa la m\u00fasica a la Plazuela Goitia","datePublished":"2026-02-21T01:59:00+00:00","dateModified":"2026-02-25T18:02:57+00:00","mainEntityOfPage":{"@id":"https:\/\/creston.com.mx\/index.php\/02\/regresa-la-musica-a-la-plazuela-goitia\/estado\/2026\/"},"wordCount":408,"commentCount":0,"publisher":{"@id":"https:\/\/creston.com.mx\/#organization"},"image":{"@id":"https:\/\/creston.com.mx\/index.php\/02\/regresa-la-musica-a-la-plazuela-goitia\/estado\/2026\/#primaryimage"},"thumbnailUrl":"https:\/\/creston.com.mx\/wp-content\/uploads\/2026\/02\/IMG-20260220-WA0014-scaled.jpg","articleSection":["Estado"],"inLanguage":"es","potentialAction":[{"@type":"CommentAction","name":"Comment","target":["https:\/\/creston.com.mx\/index.php\/02\/regresa-la-musica-a-la-plazuela-goitia\/estado\/2026\/#respond"]}]},{"@type":"WebPage","@id":"https:\/\/creston.com.mx\/index.php\/02\/regresa-la-musica-a-la-plazuela-goitia\/estado\/2026\/","url":"https:\/\/creston.com.mx\/index.php\/02\/regresa-la-musica-a-la-plazuela-goitia\/estado\/2026\/","name":"Regresa la m\u00fasica a la Plazuela Goitia - Peri\u00f3dico Digital de Zacatecas","isPartOf":{"@id":"https:\/\/creston.com.mx\/#website"},"primaryImageOfPage":{"@id":"https:\/\/creston.com.mx\/index.php\/02\/regresa-la-musica-a-la-plazuela-goitia\/estado\/2026\/#primaryimage"},"image":{"@id":"https:\/\/creston.com.mx\/index.php\/02\/regresa-la-musica-a-la-plazuela-goitia\/estado\/2026\/#primaryimage"},"thumbnailUrl":"https:\/\/creston.com.mx\/wp-content\/uploads\/2026\/02\/IMG-20260220-WA0014-scaled.jpg","datePublished":"2026-02-21T01:59:00+00:00","dateModified":"2026-02-25T18:02:57+00:00","breadcrumb":{"@id":"https:\/\/creston.com.mx\/index.php\/02\/regresa-la-musica-a-la-plazuela-goitia\/estado\/2026\/#breadcrumb"},"inLanguage":"es","potentialAction":[{"@type":"ReadAction","target":["https:\/\/creston.com.mx\/index.php\/02\/regresa-la-musica-a-la-plazuela-goitia\/estado\/2026\/"]}]},{"@type":"ImageObject","inLanguage":"es","@id":"https:\/\/creston.com.mx\/index.php\/02\/regresa-la-musica-a-la-plazuela-goitia\/estado\/2026\/#primaryimage","url":"https:\/\/creston.com.mx\/wp-content\/uploads\/2026\/02\/IMG-20260220-WA0014-scaled.jpg","contentUrl":"https:\/\/creston.com.mx\/wp-content\/uploads\/2026\/02\/IMG-20260220-WA0014-scaled.jpg","width":2560,"height":1708},{"@type":"BreadcrumbList","@id":"https:\/\/creston.com.mx\/index.php\/02\/regresa-la-musica-a-la-plazuela-goitia\/estado\/2026\/#breadcrumb","itemListElement":[{"@type":"ListItem","position":1,"name":"Portada","item":"https:\/\/creston.com.mx\/"},{"@type":"ListItem","position":2,"name":"Regresa la m\u00fasica a la Plazuela Goitia"}]},{"@type":"WebSite","@id":"https:\/\/creston.com.mx\/#website","url":"https:\/\/creston.com.mx\/","name":"Peri\u00f3dico Digital de Zacatecas","description":"","publisher":{"@id":"https:\/\/creston.com.mx\/#organization"},"potentialAction":[{"@type":"SearchAction","target":{"@type":"EntryPoint","urlTemplate":"https:\/\/creston.com.mx\/?s={search_term_string}"},"query-input":{"@type":"PropertyValueSpecification","valueRequired":true,"valueName":"search_term_string"}}],"inLanguage":"es"},{"@type":"Organization","@id":"https:\/\/creston.com.mx\/#organization","name":"Peri\u00f3dico Digital de Zacatecas","url":"https:\/\/creston.com.mx\/","logo":{"@type":"ImageObject","inLanguage":"es","@id":"https:\/\/creston.com.mx\/#\/schema\/logo\/image\/","url":"https:\/\/creston.com.mx\/wp-content\/uploads\/2026\/02\/cropped-Logo-Creston2.jpg","contentUrl":"https:\/\/creston.com.mx\/wp-content\/uploads\/2026\/02\/cropped-Logo-Creston2.jpg","width":503,"height":194,"caption":"Peri\u00f3dico Digital  de Zacatecas"},"image":{"@id":"https:\/\/creston.com.mx\/#\/schema\/logo\/image\/"}},{"@type":"Person","@id":"https:\/\/creston.com.mx\/#\/schema\/person\/01f2ce9e289bc5300c759925ef768c1d","name":"Periodico Creston","image":{"@type":"ImageObject","inLanguage":"es","@id":"https:\/\/creston.com.mx\/#\/schema\/person\/image\/","url":"https:\/\/secure.gravatar.com\/avatar\/c91eac1cf0d45897b6d294d474aa7713a194d460be0aaf72157553d050cda1c1?s=96&d=mm&r=g","contentUrl":"https:\/\/secure.gravatar.com\/avatar\/c91eac1cf0d45897b6d294d474aa7713a194d460be0aaf72157553d050cda1c1?s=96&d=mm&r=g","caption":"Periodico Creston"},"sameAs":["https:\/\/creston.com.mx"],"url":"https:\/\/creston.com.mx\/index.php\/author\/cstnalja96\/"}]}},"jetpack_sharing_enabled":true,"jetpack_featured_media_url":"https:\/\/creston.com.mx\/wp-content\/uploads\/2026\/02\/IMG-20260220-WA0014-scaled.jpg","_links":{"self":[{"href":"https:\/\/creston.com.mx\/index.php\/wp-json\/wp\/v2\/posts\/2541","targetHints":{"allow":["GET"]}}],"collection":[{"href":"https:\/\/creston.com.mx\/index.php\/wp-json\/wp\/v2\/posts"}],"about":[{"href":"https:\/\/creston.com.mx\/index.php\/wp-json\/wp\/v2\/types\/post"}],"author":[{"embeddable":true,"href":"https:\/\/creston.com.mx\/index.php\/wp-json\/wp\/v2\/users\/1"}],"replies":[{"embeddable":true,"href":"https:\/\/creston.com.mx\/index.php\/wp-json\/wp\/v2\/comments?post=2541"}],"version-history":[{"count":1,"href":"https:\/\/creston.com.mx\/index.php\/wp-json\/wp\/v2\/posts\/2541\/revisions"}],"predecessor-version":[{"id":2545,"href":"https:\/\/creston.com.mx\/index.php\/wp-json\/wp\/v2\/posts\/2541\/revisions\/2545"}],"wp:featuredmedia":[{"embeddable":true,"href":"https:\/\/creston.com.mx\/index.php\/wp-json\/wp\/v2\/media\/2543"}],"wp:attachment":[{"href":"https:\/\/creston.com.mx\/index.php\/wp-json\/wp\/v2\/media?parent=2541"}],"wp:term":[{"taxonomy":"category","embeddable":true,"href":"https:\/\/creston.com.mx\/index.php\/wp-json\/wp\/v2\/categories?post=2541"},{"taxonomy":"post_tag","embeddable":true,"href":"https:\/\/creston.com.mx\/index.php\/wp-json\/wp\/v2\/tags?post=2541"}],"curies":[{"name":"wp","href":"https:\/\/api.w.org\/{rel}","templated":true}]}}