{"id":2516,"date":"2026-02-17T20:10:00","date_gmt":"2026-02-18T02:10:00","guid":{"rendered":"https:\/\/creston.com.mx\/?p=2516"},"modified":"2026-02-17T23:26:16","modified_gmt":"2026-02-18T05:26:16","slug":"inaugura-miguel-varela-obras-de-rehabilitacion-dif-capital","status":"publish","type":"post","link":"https:\/\/creston.com.mx\/index.php\/02\/inaugura-miguel-varela-obras-de-rehabilitacion-dif-capital\/estado\/2026\/","title":{"rendered":"Inaugura Miguel Varela Obras de rehabilitaci\u00f3n DIF Capital"},"content":{"rendered":"\n<p>.<\/p>\n\n\n\n<p class=\"has-medium-font-size\"><strong><em>Dar\u00e1 beneficio a m\u00e1s de 1 mil 500 personas. Karla Estrada refrenda el compromiso por dignificar las condiciones de trabajo en la actual administraci\u00f3n.<\/em><\/strong><\/p>\n\n\n\n<p>.<\/p>\n\n\n\n<p>El Presidente Municipal de Zacatecas, Miguel Varela, inaugur\u00f3 la rehabilitaci\u00f3n de distintas \u00e1reas de DIF capital, con la finalidad de dignificar sus instalaciones, brindar mejores condiciones a los colaboradores y mejorar la atenci\u00f3n a los usuarios.<\/p>\n\n\n\n<p>Con una inversi\u00f3n de casi un mill\u00f3n 400 mil pesos se llev\u00f3 a cabo la impermeabilizaci\u00f3n y rehabilitaci\u00f3n en \u00e1reas de ba\u00f1os y consultorios, pintura, colocaci\u00f3n de vitropiso, azulejo, espejo y muebles de ba\u00f1o, adem\u00e1s de puertas, domo, luminarias y persianas, entre otros.<\/p>\n\n\n\n<p>Al realizar estos trabajos para el mejoramiento de las instalaciones que por muchos a\u00f1os no se les hab\u00eda brindado alg\u00fan mantenimiento, y que sin duda beneficia tanto a los usuarios de los servicios municipales, como al personal de esta instituci\u00f3n, el alcalde Miguel Varela y su esposa, la Presidenta Honor\u00edfica de DIF capital, Karla Estrada, refrendan el compromiso por dignificar las condiciones de trabajo en la actual administraci\u00f3n.<\/p>\n\n\n\n<p>Miguel Varela destac\u00f3 que \u201ces importante tener un lugar de trabajo digno, porque aqu\u00ed pasamos muchas horas del d\u00eda laborando, y esto adem\u00e1s nos permite ofrecer una mejor calidad en el servicio a la ciudadan\u00eda\u201d.<\/p>\n\n\n\n<p>Por su parte, la Presidenta Honor\u00edfica, Karla Estrada, expres\u00f3 que la inversi\u00f3n en cada una de las \u00e1reas se refleja en cada rinc\u00f3n de estas instalaciones para asegurar que el personal y los ciudadanos cuenten con espacios m\u00e1s seguros y profesionales.<\/p>\n\n\n\n<p>\u201cCon esta obra hemos alcanzado metas importantes, como la impermeabilizaci\u00f3n de 309 metros cuadrados en \u00e1reas cr\u00edticas de ba\u00f1os y consultorios, utilizando tecnolog\u00eda de acrit\u00f3n y un entortado especializado para evitar filtraciones.<\/p>\n\n\n<div class=\"wp-block-image\">\n<figure class=\"alignright size-large is-resized\"><img fetchpriority=\"high\" decoding=\"async\" width=\"1024\" height=\"683\" src=\"https:\/\/creston.com.mx\/wp-content\/uploads\/2026\/02\/IMG-20260217-WA0032-1024x683.jpg\" alt=\"\" class=\"wp-image-2518\" style=\"aspect-ratio:1.4992732765254069;width:557px;height:auto\" srcset=\"https:\/\/creston.com.mx\/wp-content\/uploads\/2026\/02\/IMG-20260217-WA0032-1024x683.jpg 1024w, https:\/\/creston.com.mx\/wp-content\/uploads\/2026\/02\/IMG-20260217-WA0032-300x200.jpg 300w, https:\/\/creston.com.mx\/wp-content\/uploads\/2026\/02\/IMG-20260217-WA0032-768x512.jpg 768w, https:\/\/creston.com.mx\/wp-content\/uploads\/2026\/02\/IMG-20260217-WA0032.jpg 1280w\" sizes=\"(max-width: 1024px) 100vw, 1024px\" \/><\/figure>\n<\/div>\n\n\n<p>Se renov\u00f3 tambi\u00e9n la imagen y funcionalidad con casi 2 mil metros cuadrados de pintura vin\u00edlica y la instalaci\u00f3n de 11 coladeras de hierro en azotea, garantizando que la estructura se mantenga en \u00f3ptimas condiciones por mucho tiempo para el servicio de todos\u201d.<\/p>\n\n\n\n<p>Cabe destacar que la rehabilitaci\u00f3n del \u00e1rea de consultorios ha sido una prioridad para ofrecer privacidad y comodidad; asimismo se instalaron muros de placa de yeso con aislante t\u00e9rmico y puertas de madera de pino de alta calidad, acompa\u00f1adas de una renovaci\u00f3n total del sistema el\u00e9ctrico y luminarias.<\/p>\n\n\n\n<p>Karla Estrada, agradeci\u00f3 al alcalde por confiar en este proyecto que busca ofrecer mejor calidad de servicios a las familias zacatecanas, \u201cmi esposo ha sido un aliado incansable en la misi\u00f3n de rescatar los espacios que pertenecen a las familias de nuestra capital. <\/p>\n\n\n\n<p>Hoy no solo inauguramos infraestructura; hoy estamos abriendo las puertas a una atenci\u00f3n m\u00e1s humana y eficiente para mil 500 beneficiarios que conf\u00edan en nosotros para mejorar su calidad de vida\u201d, concluy\u00f3.<\/p>\n\n\n\n<p>.<\/p>\n\n\n\n\n\n<p>.<\/p>\n\n\n<div class=\"wp-block-image\">\n<figure class=\"aligncenter size-large is-resized\"><img decoding=\"async\" width=\"870\" height=\"1024\" src=\"https:\/\/creston.com.mx\/wp-content\/uploads\/2025\/06\/Anuncio-salon-eventos-870x1024.jpg\" alt=\"\" class=\"wp-image-966\" style=\"aspect-ratio:0.8496112270054997;width:592px;height:auto\" srcset=\"https:\/\/creston.com.mx\/wp-content\/uploads\/2025\/06\/Anuncio-salon-eventos-870x1024.jpg 870w, https:\/\/creston.com.mx\/wp-content\/uploads\/2025\/06\/Anuncio-salon-eventos-255x300.jpg 255w, https:\/\/creston.com.mx\/wp-content\/uploads\/2025\/06\/Anuncio-salon-eventos-768x904.jpg 768w, https:\/\/creston.com.mx\/wp-content\/uploads\/2025\/06\/Anuncio-salon-eventos.jpg 1275w\" sizes=\"(max-width: 870px) 100vw, 870px\" \/><\/figure>\n<\/div>","protected":false},"excerpt":{"rendered":"<p>. Dar\u00e1 beneficio a m\u00e1s de 1 mil 500 personas. Karla Estrada refrenda el compromiso por dignificar las condiciones de trabajo en la actual administraci\u00f3n. . El Presidente Municipal de&hellip; <\/p>\n","protected":false},"author":1,"featured_media":2517,"comment_status":"open","ping_status":"closed","sticky":false,"template":"","format":"standard","meta":{"_jetpack_memberships_contains_paid_content":false,"footnotes":""},"categories":[1,4],"tags":[],"class_list":["post-2516","post","type-post","status-publish","format-standard","has-post-thumbnail","hentry","category-estado","category-informacion-general"],"yoast_head":"<!-- This site is optimized with the Yoast SEO plugin v24.2 - https:\/\/yoast.com\/wordpress\/plugins\/seo\/ -->\n<title>Inaugura Miguel Varela Obras de rehabilitaci\u00f3n DIF Capital - Peri\u00f3dico Digital de Zacatecas<\/title>\n<meta name=\"robots\" content=\"index, follow, max-snippet:-1, max-image-preview:large, max-video-preview:-1\" \/>\n<link rel=\"canonical\" href=\"https:\/\/creston.com.mx\/index.php\/02\/inaugura-miguel-varela-obras-de-rehabilitacion-dif-capital\/estado\/2026\/\" \/>\n<meta property=\"og:locale\" content=\"es_ES\" \/>\n<meta property=\"og:type\" content=\"article\" \/>\n<meta property=\"og:title\" content=\"Inaugura Miguel Varela Obras de rehabilitaci\u00f3n DIF Capital - Peri\u00f3dico Digital de Zacatecas\" \/>\n<meta property=\"og:description\" content=\". Dar\u00e1 beneficio a m\u00e1s de 1 mil 500 personas. Karla Estrada refrenda el compromiso por dignificar las condiciones de trabajo en la actual administraci\u00f3n. . El Presidente Municipal de&hellip;\" \/>\n<meta property=\"og:url\" content=\"https:\/\/creston.com.mx\/index.php\/02\/inaugura-miguel-varela-obras-de-rehabilitacion-dif-capital\/estado\/2026\/\" \/>\n<meta property=\"og:site_name\" content=\"Peri\u00f3dico Digital de Zacatecas\" \/>\n<meta property=\"article:published_time\" content=\"2026-02-18T02:10:00+00:00\" \/>\n<meta property=\"article:modified_time\" content=\"2026-02-18T05:26:16+00:00\" \/>\n<meta property=\"og:image\" content=\"https:\/\/creston.com.mx\/wp-content\/uploads\/2026\/02\/IMG-20260217-WA0028.jpg\" \/>\n\t<meta property=\"og:image:width\" content=\"1600\" \/>\n\t<meta property=\"og:image:height\" content=\"1066\" \/>\n\t<meta property=\"og:image:type\" content=\"image\/jpeg\" \/>\n<meta name=\"author\" content=\"Periodico Creston\" \/>\n<meta name=\"twitter:card\" content=\"summary_large_image\" \/>\n<meta name=\"twitter:label1\" content=\"Escrito por\" \/>\n\t<meta name=\"twitter:data1\" content=\"Periodico Creston\" \/>\n\t<meta name=\"twitter:label2\" content=\"Tiempo de lectura\" \/>\n\t<meta name=\"twitter:data2\" content=\"3 minutos\" \/>\n<script type=\"application\/ld+json\" class=\"yoast-schema-graph\">{\"@context\":\"https:\/\/schema.org\",\"@graph\":[{\"@type\":\"Article\",\"@id\":\"https:\/\/creston.com.mx\/index.php\/02\/inaugura-miguel-varela-obras-de-rehabilitacion-dif-capital\/estado\/2026\/#article\",\"isPartOf\":{\"@id\":\"https:\/\/creston.com.mx\/index.php\/02\/inaugura-miguel-varela-obras-de-rehabilitacion-dif-capital\/estado\/2026\/\"},\"author\":{\"name\":\"Periodico Creston\",\"@id\":\"https:\/\/creston.com.mx\/#\/schema\/person\/01f2ce9e289bc5300c759925ef768c1d\"},\"headline\":\"Inaugura Miguel Varela Obras de rehabilitaci\u00f3n DIF Capital\",\"datePublished\":\"2026-02-18T02:10:00+00:00\",\"dateModified\":\"2026-02-18T05:26:16+00:00\",\"mainEntityOfPage\":{\"@id\":\"https:\/\/creston.com.mx\/index.php\/02\/inaugura-miguel-varela-obras-de-rehabilitacion-dif-capital\/estado\/2026\/\"},\"wordCount\":489,\"commentCount\":0,\"publisher\":{\"@id\":\"https:\/\/creston.com.mx\/#organization\"},\"image\":{\"@id\":\"https:\/\/creston.com.mx\/index.php\/02\/inaugura-miguel-varela-obras-de-rehabilitacion-dif-capital\/estado\/2026\/#primaryimage\"},\"thumbnailUrl\":\"https:\/\/creston.com.mx\/wp-content\/uploads\/2026\/02\/IMG-20260217-WA0028.jpg\",\"articleSection\":[\"Estado\",\"Informaci\u00f3n General\"],\"inLanguage\":\"es\",\"potentialAction\":[{\"@type\":\"CommentAction\",\"name\":\"Comment\",\"target\":[\"https:\/\/creston.com.mx\/index.php\/02\/inaugura-miguel-varela-obras-de-rehabilitacion-dif-capital\/estado\/2026\/#respond\"]}]},{\"@type\":\"WebPage\",\"@id\":\"https:\/\/creston.com.mx\/index.php\/02\/inaugura-miguel-varela-obras-de-rehabilitacion-dif-capital\/estado\/2026\/\",\"url\":\"https:\/\/creston.com.mx\/index.php\/02\/inaugura-miguel-varela-obras-de-rehabilitacion-dif-capital\/estado\/2026\/\",\"name\":\"Inaugura Miguel Varela Obras de rehabilitaci\u00f3n DIF Capital - Peri\u00f3dico Digital de Zacatecas\",\"isPartOf\":{\"@id\":\"https:\/\/creston.com.mx\/#website\"},\"primaryImageOfPage\":{\"@id\":\"https:\/\/creston.com.mx\/index.php\/02\/inaugura-miguel-varela-obras-de-rehabilitacion-dif-capital\/estado\/2026\/#primaryimage\"},\"image\":{\"@id\":\"https:\/\/creston.com.mx\/index.php\/02\/inaugura-miguel-varela-obras-de-rehabilitacion-dif-capital\/estado\/2026\/#primaryimage\"},\"thumbnailUrl\":\"https:\/\/creston.com.mx\/wp-content\/uploads\/2026\/02\/IMG-20260217-WA0028.jpg\",\"datePublished\":\"2026-02-18T02:10:00+00:00\",\"dateModified\":\"2026-02-18T05:26:16+00:00\",\"breadcrumb\":{\"@id\":\"https:\/\/creston.com.mx\/index.php\/02\/inaugura-miguel-varela-obras-de-rehabilitacion-dif-capital\/estado\/2026\/#breadcrumb\"},\"inLanguage\":\"es\",\"potentialAction\":[{\"@type\":\"ReadAction\",\"target\":[\"https:\/\/creston.com.mx\/index.php\/02\/inaugura-miguel-varela-obras-de-rehabilitacion-dif-capital\/estado\/2026\/\"]}]},{\"@type\":\"ImageObject\",\"inLanguage\":\"es\",\"@id\":\"https:\/\/creston.com.mx\/index.php\/02\/inaugura-miguel-varela-obras-de-rehabilitacion-dif-capital\/estado\/2026\/#primaryimage\",\"url\":\"https:\/\/creston.com.mx\/wp-content\/uploads\/2026\/02\/IMG-20260217-WA0028.jpg\",\"contentUrl\":\"https:\/\/creston.com.mx\/wp-content\/uploads\/2026\/02\/IMG-20260217-WA0028.jpg\",\"width\":1600,\"height\":1066},{\"@type\":\"BreadcrumbList\",\"@id\":\"https:\/\/creston.com.mx\/index.php\/02\/inaugura-miguel-varela-obras-de-rehabilitacion-dif-capital\/estado\/2026\/#breadcrumb\",\"itemListElement\":[{\"@type\":\"ListItem\",\"position\":1,\"name\":\"Portada\",\"item\":\"https:\/\/creston.com.mx\/\"},{\"@type\":\"ListItem\",\"position\":2,\"name\":\"Inaugura Miguel Varela Obras de rehabilitaci\u00f3n DIF Capital\"}]},{\"@type\":\"WebSite\",\"@id\":\"https:\/\/creston.com.mx\/#website\",\"url\":\"https:\/\/creston.com.mx\/\",\"name\":\"Peri\u00f3dico Digital de Zacatecas\",\"description\":\"\",\"publisher\":{\"@id\":\"https:\/\/creston.com.mx\/#organization\"},\"potentialAction\":[{\"@type\":\"SearchAction\",\"target\":{\"@type\":\"EntryPoint\",\"urlTemplate\":\"https:\/\/creston.com.mx\/?s={search_term_string}\"},\"query-input\":{\"@type\":\"PropertyValueSpecification\",\"valueRequired\":true,\"valueName\":\"search_term_string\"}}],\"inLanguage\":\"es\"},{\"@type\":\"Organization\",\"@id\":\"https:\/\/creston.com.mx\/#organization\",\"name\":\"Peri\u00f3dico Digital de Zacatecas\",\"url\":\"https:\/\/creston.com.mx\/\",\"logo\":{\"@type\":\"ImageObject\",\"inLanguage\":\"es\",\"@id\":\"https:\/\/creston.com.mx\/#\/schema\/logo\/image\/\",\"url\":\"https:\/\/creston.com.mx\/wp-content\/uploads\/2026\/02\/cropped-Logo-Creston2.jpg\",\"contentUrl\":\"https:\/\/creston.com.mx\/wp-content\/uploads\/2026\/02\/cropped-Logo-Creston2.jpg\",\"width\":503,\"height\":194,\"caption\":\"Peri\u00f3dico Digital  de Zacatecas\"},\"image\":{\"@id\":\"https:\/\/creston.com.mx\/#\/schema\/logo\/image\/\"}},{\"@type\":\"Person\",\"@id\":\"https:\/\/creston.com.mx\/#\/schema\/person\/01f2ce9e289bc5300c759925ef768c1d\",\"name\":\"Periodico Creston\",\"image\":{\"@type\":\"ImageObject\",\"inLanguage\":\"es\",\"@id\":\"https:\/\/creston.com.mx\/#\/schema\/person\/image\/\",\"url\":\"https:\/\/secure.gravatar.com\/avatar\/c91eac1cf0d45897b6d294d474aa7713a194d460be0aaf72157553d050cda1c1?s=96&d=mm&r=g\",\"contentUrl\":\"https:\/\/secure.gravatar.com\/avatar\/c91eac1cf0d45897b6d294d474aa7713a194d460be0aaf72157553d050cda1c1?s=96&d=mm&r=g\",\"caption\":\"Periodico Creston\"},\"sameAs\":[\"https:\/\/creston.com.mx\"],\"url\":\"https:\/\/creston.com.mx\/index.php\/author\/cstnalja96\/\"}]}<\/script>\n<!-- \/ Yoast SEO plugin. -->","yoast_head_json":{"title":"Inaugura Miguel Varela Obras de rehabilitaci\u00f3n DIF Capital - Peri\u00f3dico Digital de Zacatecas","robots":{"index":"index","follow":"follow","max-snippet":"max-snippet:-1","max-image-preview":"max-image-preview:large","max-video-preview":"max-video-preview:-1"},"canonical":"https:\/\/creston.com.mx\/index.php\/02\/inaugura-miguel-varela-obras-de-rehabilitacion-dif-capital\/estado\/2026\/","og_locale":"es_ES","og_type":"article","og_title":"Inaugura Miguel Varela Obras de rehabilitaci\u00f3n DIF Capital - Peri\u00f3dico Digital de Zacatecas","og_description":". Dar\u00e1 beneficio a m\u00e1s de 1 mil 500 personas. Karla Estrada refrenda el compromiso por dignificar las condiciones de trabajo en la actual administraci\u00f3n. . El Presidente Municipal de&hellip;","og_url":"https:\/\/creston.com.mx\/index.php\/02\/inaugura-miguel-varela-obras-de-rehabilitacion-dif-capital\/estado\/2026\/","og_site_name":"Peri\u00f3dico Digital de Zacatecas","article_published_time":"2026-02-18T02:10:00+00:00","article_modified_time":"2026-02-18T05:26:16+00:00","og_image":[{"width":1600,"height":1066,"url":"https:\/\/creston.com.mx\/wp-content\/uploads\/2026\/02\/IMG-20260217-WA0028.jpg","type":"image\/jpeg"}],"author":"Periodico Creston","twitter_card":"summary_large_image","twitter_misc":{"Escrito por":"Periodico Creston","Tiempo de lectura":"3 minutos"},"schema":{"@context":"https:\/\/schema.org","@graph":[{"@type":"Article","@id":"https:\/\/creston.com.mx\/index.php\/02\/inaugura-miguel-varela-obras-de-rehabilitacion-dif-capital\/estado\/2026\/#article","isPartOf":{"@id":"https:\/\/creston.com.mx\/index.php\/02\/inaugura-miguel-varela-obras-de-rehabilitacion-dif-capital\/estado\/2026\/"},"author":{"name":"Periodico Creston","@id":"https:\/\/creston.com.mx\/#\/schema\/person\/01f2ce9e289bc5300c759925ef768c1d"},"headline":"Inaugura Miguel Varela Obras de rehabilitaci\u00f3n DIF Capital","datePublished":"2026-02-18T02:10:00+00:00","dateModified":"2026-02-18T05:26:16+00:00","mainEntityOfPage":{"@id":"https:\/\/creston.com.mx\/index.php\/02\/inaugura-miguel-varela-obras-de-rehabilitacion-dif-capital\/estado\/2026\/"},"wordCount":489,"commentCount":0,"publisher":{"@id":"https:\/\/creston.com.mx\/#organization"},"image":{"@id":"https:\/\/creston.com.mx\/index.php\/02\/inaugura-miguel-varela-obras-de-rehabilitacion-dif-capital\/estado\/2026\/#primaryimage"},"thumbnailUrl":"https:\/\/creston.com.mx\/wp-content\/uploads\/2026\/02\/IMG-20260217-WA0028.jpg","articleSection":["Estado","Informaci\u00f3n General"],"inLanguage":"es","potentialAction":[{"@type":"CommentAction","name":"Comment","target":["https:\/\/creston.com.mx\/index.php\/02\/inaugura-miguel-varela-obras-de-rehabilitacion-dif-capital\/estado\/2026\/#respond"]}]},{"@type":"WebPage","@id":"https:\/\/creston.com.mx\/index.php\/02\/inaugura-miguel-varela-obras-de-rehabilitacion-dif-capital\/estado\/2026\/","url":"https:\/\/creston.com.mx\/index.php\/02\/inaugura-miguel-varela-obras-de-rehabilitacion-dif-capital\/estado\/2026\/","name":"Inaugura Miguel Varela Obras de rehabilitaci\u00f3n DIF Capital - Peri\u00f3dico Digital de Zacatecas","isPartOf":{"@id":"https:\/\/creston.com.mx\/#website"},"primaryImageOfPage":{"@id":"https:\/\/creston.com.mx\/index.php\/02\/inaugura-miguel-varela-obras-de-rehabilitacion-dif-capital\/estado\/2026\/#primaryimage"},"image":{"@id":"https:\/\/creston.com.mx\/index.php\/02\/inaugura-miguel-varela-obras-de-rehabilitacion-dif-capital\/estado\/2026\/#primaryimage"},"thumbnailUrl":"https:\/\/creston.com.mx\/wp-content\/uploads\/2026\/02\/IMG-20260217-WA0028.jpg","datePublished":"2026-02-18T02:10:00+00:00","dateModified":"2026-02-18T05:26:16+00:00","breadcrumb":{"@id":"https:\/\/creston.com.mx\/index.php\/02\/inaugura-miguel-varela-obras-de-rehabilitacion-dif-capital\/estado\/2026\/#breadcrumb"},"inLanguage":"es","potentialAction":[{"@type":"ReadAction","target":["https:\/\/creston.com.mx\/index.php\/02\/inaugura-miguel-varela-obras-de-rehabilitacion-dif-capital\/estado\/2026\/"]}]},{"@type":"ImageObject","inLanguage":"es","@id":"https:\/\/creston.com.mx\/index.php\/02\/inaugura-miguel-varela-obras-de-rehabilitacion-dif-capital\/estado\/2026\/#primaryimage","url":"https:\/\/creston.com.mx\/wp-content\/uploads\/2026\/02\/IMG-20260217-WA0028.jpg","contentUrl":"https:\/\/creston.com.mx\/wp-content\/uploads\/2026\/02\/IMG-20260217-WA0028.jpg","width":1600,"height":1066},{"@type":"BreadcrumbList","@id":"https:\/\/creston.com.mx\/index.php\/02\/inaugura-miguel-varela-obras-de-rehabilitacion-dif-capital\/estado\/2026\/#breadcrumb","itemListElement":[{"@type":"ListItem","position":1,"name":"Portada","item":"https:\/\/creston.com.mx\/"},{"@type":"ListItem","position":2,"name":"Inaugura Miguel Varela Obras de rehabilitaci\u00f3n DIF Capital"}]},{"@type":"WebSite","@id":"https:\/\/creston.com.mx\/#website","url":"https:\/\/creston.com.mx\/","name":"Peri\u00f3dico Digital de Zacatecas","description":"","publisher":{"@id":"https:\/\/creston.com.mx\/#organization"},"potentialAction":[{"@type":"SearchAction","target":{"@type":"EntryPoint","urlTemplate":"https:\/\/creston.com.mx\/?s={search_term_string}"},"query-input":{"@type":"PropertyValueSpecification","valueRequired":true,"valueName":"search_term_string"}}],"inLanguage":"es"},{"@type":"Organization","@id":"https:\/\/creston.com.mx\/#organization","name":"Peri\u00f3dico Digital de Zacatecas","url":"https:\/\/creston.com.mx\/","logo":{"@type":"ImageObject","inLanguage":"es","@id":"https:\/\/creston.com.mx\/#\/schema\/logo\/image\/","url":"https:\/\/creston.com.mx\/wp-content\/uploads\/2026\/02\/cropped-Logo-Creston2.jpg","contentUrl":"https:\/\/creston.com.mx\/wp-content\/uploads\/2026\/02\/cropped-Logo-Creston2.jpg","width":503,"height":194,"caption":"Peri\u00f3dico Digital  de Zacatecas"},"image":{"@id":"https:\/\/creston.com.mx\/#\/schema\/logo\/image\/"}},{"@type":"Person","@id":"https:\/\/creston.com.mx\/#\/schema\/person\/01f2ce9e289bc5300c759925ef768c1d","name":"Periodico Creston","image":{"@type":"ImageObject","inLanguage":"es","@id":"https:\/\/creston.com.mx\/#\/schema\/person\/image\/","url":"https:\/\/secure.gravatar.com\/avatar\/c91eac1cf0d45897b6d294d474aa7713a194d460be0aaf72157553d050cda1c1?s=96&d=mm&r=g","contentUrl":"https:\/\/secure.gravatar.com\/avatar\/c91eac1cf0d45897b6d294d474aa7713a194d460be0aaf72157553d050cda1c1?s=96&d=mm&r=g","caption":"Periodico Creston"},"sameAs":["https:\/\/creston.com.mx"],"url":"https:\/\/creston.com.mx\/index.php\/author\/cstnalja96\/"}]}},"jetpack_sharing_enabled":true,"jetpack_featured_media_url":"https:\/\/creston.com.mx\/wp-content\/uploads\/2026\/02\/IMG-20260217-WA0028.jpg","_links":{"self":[{"href":"https:\/\/creston.com.mx\/index.php\/wp-json\/wp\/v2\/posts\/2516","targetHints":{"allow":["GET"]}}],"collection":[{"href":"https:\/\/creston.com.mx\/index.php\/wp-json\/wp\/v2\/posts"}],"about":[{"href":"https:\/\/creston.com.mx\/index.php\/wp-json\/wp\/v2\/types\/post"}],"author":[{"embeddable":true,"href":"https:\/\/creston.com.mx\/index.php\/wp-json\/wp\/v2\/users\/1"}],"replies":[{"embeddable":true,"href":"https:\/\/creston.com.mx\/index.php\/wp-json\/wp\/v2\/comments?post=2516"}],"version-history":[{"count":1,"href":"https:\/\/creston.com.mx\/index.php\/wp-json\/wp\/v2\/posts\/2516\/revisions"}],"predecessor-version":[{"id":2519,"href":"https:\/\/creston.com.mx\/index.php\/wp-json\/wp\/v2\/posts\/2516\/revisions\/2519"}],"wp:featuredmedia":[{"embeddable":true,"href":"https:\/\/creston.com.mx\/index.php\/wp-json\/wp\/v2\/media\/2517"}],"wp:attachment":[{"href":"https:\/\/creston.com.mx\/index.php\/wp-json\/wp\/v2\/media?parent=2516"}],"wp:term":[{"taxonomy":"category","embeddable":true,"href":"https:\/\/creston.com.mx\/index.php\/wp-json\/wp\/v2\/categories?post=2516"},{"taxonomy":"post_tag","embeddable":true,"href":"https:\/\/creston.com.mx\/index.php\/wp-json\/wp\/v2\/tags?post=2516"}],"curies":[{"name":"wp","href":"https:\/\/api.w.org\/{rel}","templated":true}]}}