{"id":2508,"date":"2026-02-17T20:14:00","date_gmt":"2026-02-18T02:14:00","guid":{"rendered":"https:\/\/creston.com.mx\/?p=2508"},"modified":"2026-02-17T23:14:48","modified_gmt":"2026-02-18T05:14:48","slug":"reforma-laboral-busca-fortalecer-la-productividad-salud-fisica-y-mental-umh","status":"publish","type":"post","link":"https:\/\/creston.com.mx\/index.php\/02\/reforma-laboral-busca-fortalecer-la-productividad-salud-fisica-y-mental-umh\/informacion-general\/2026\/","title":{"rendered":"Reforma laboral busca fortalecer la productividad, salud f\u00edsica y mental: UMH"},"content":{"rendered":"\n<p>.<\/p>\n\n\n\n<p><strong><em>El Diputado federal, Ulises Mej\u00eda detall\u00f3 al sector empresarial la reforma de las 40 horas semanales.<\/em><\/strong><\/p>\n\n\n\n<p>.<\/p>\n\n\n\n<p>El diputado federal Ulises Mej\u00eda Haro sostuvo un encuentro de di\u00e1logo con integrantes de la C\u00e1mara de Comercio, Turismo y Servicios de Zacatecas, con el objetivo de socializar la reforma constitucional que propone la reducci\u00f3n gradual de la jornada laboral a 40 horas semanales, iniciativa que esta semana ser\u00e1 discutida en la C\u00e1mara de Diputados.<\/p>\n\n\n\n<p>Durante su intervenci\u00f3n, Ulises Mej\u00eda explic\u00f3 que esta reforma forma parte del Plan Nacional de Desarrollo 2025\u20132030, impulsado por la presidenta Claudia Sheinbaum, bajo el eje de Econom\u00eda Moral y Trabajo, colocando al trabajo digno y al bienestar de las personas trabajadoras como prioridad del desarrollo nacional.<\/p>\n\n\n\n<p>Detall\u00f3 que la propuesta establece una reducci\u00f3n paulatina de la jornada laboral entre los a\u00f1os 2026 y 2030, pasando de 48 a 40 horas semanales, sin que en ning\u00fan caso esto implique una disminuci\u00f3n en salarios, prestaciones o derechos laborales adquiridos. Subray\u00f3 que el enfoque de la reforma busca mejorar la salud f\u00edsica y mental de las y los trabajadores, fortalecer la productividad y favorecer la conciliaci\u00f3n entre la vida laboral y familiar, manteniendo condiciones de gradualidad que permitan a las empresas adaptarse de manera responsable.<\/p>\n\n\n\n<p>En el mismo espacio de di\u00e1logo, el diputado por Zacatecas inform\u00f3 que tambi\u00e9n se socializaron diversas iniciativas que ha presentado para fortalecer a las micro, peque\u00f1as y medianas empresas, las cuales generan alrededor del 80 por ciento de los empleos empresariales tanto en el pa\u00eds como en Zacatecas.<\/p>\n\n\n<div class=\"wp-block-image\">\n<figure class=\"alignright size-large is-resized\"><img fetchpriority=\"high\" decoding=\"async\" width=\"1024\" height=\"528\" src=\"https:\/\/creston.com.mx\/wp-content\/uploads\/2026\/02\/IMG-20260217-WA0008-e1771391664807-1024x528.jpg\" alt=\"\" class=\"wp-image-2509\" style=\"width:579px;height:auto\" srcset=\"https:\/\/creston.com.mx\/wp-content\/uploads\/2026\/02\/IMG-20260217-WA0008-e1771391664807-1024x528.jpg 1024w, https:\/\/creston.com.mx\/wp-content\/uploads\/2026\/02\/IMG-20260217-WA0008-e1771391664807-300x155.jpg 300w, https:\/\/creston.com.mx\/wp-content\/uploads\/2026\/02\/IMG-20260217-WA0008-e1771391664807-768x396.jpg 768w, https:\/\/creston.com.mx\/wp-content\/uploads\/2026\/02\/IMG-20260217-WA0008-e1771391664807.jpg 1280w\" sizes=\"(max-width: 1024px) 100vw, 1024px\" \/><\/figure>\n<\/div>\n\n\n<p>Enfatiz\u00f3 que es fundamental incentivar una cultura del emprendimiento, acompa\u00f1ada de fondos econ\u00f3micos revolventes que faciliten la inversi\u00f3n de las peque\u00f1as empresas, as\u00ed como de programas de capacitaci\u00f3n, mentor\u00eda y acompa\u00f1amiento permanente, orientados a la mejora continua y al crecimiento sostenido de los negocios.<\/p>\n\n\n\n<p>Asimismo, se plante\u00f3 la posibilidad de explorar una reducci\u00f3n en la aportaci\u00f3n de la cuota patronal de los peque\u00f1os negocios ante el IMSS, as\u00ed como incentivos para impulsar la cultura emprendedora mediante mentor\u00edas, capacitaci\u00f3n y asistencia t\u00e9cnica, con el objetivo de fortalecer la competitividad de las MiPyMEs y generar condiciones m\u00e1s favorables para la formalizaci\u00f3n y el crecimiento del empleo.<\/p>\n\n\n\n<p>Ulises Mej\u00eda agreg\u00f3 que uno de los objetivos centrales es incrementar la formalidad de las MiPyMEs, ya que actualmente cerca del 60 por ciento opera en condiciones de informalidad, lo que limita su acceso a financiamiento, programas de apoyo y mejores condiciones para sus trabajadoras y trabajadores. Se\u00f1al\u00f3 que avanzar en la formalizaci\u00f3n permite fortalecer la econom\u00eda, ampliar derechos laborales y dar mayor estabilidad a quienes generan empleo.<\/p>\n\n\n\n<p>De igual forma, se plante\u00f3 la necesidad de abrir y fortalecer canales de venta para las MiPyMEs, as\u00ed como atender de manera estrat\u00e9gica el mercado nostalgia, conformado por cerca de 40 millones de paisanas y paisanos radicados en Estados Unidos, como una gran oportunidad para que los productos zacatecanos y mexicanos accedan a nuevos mercados y generen mayor valor para quienes producen y generan empleo. <\/p>\n\n\n\n<p>Finalmente, el legislador agradeci\u00f3 la apertura y la recepci\u00f3n de Jes\u00fas L\u00f3pez del Bosque, presidente de la CANACOZAC SERVYTUR y vicepresidente nacional de Turismo de la CONCANACO SERVYTUR, as\u00ed como a las y los afiliados de la C\u00e1mara, reiterando la importancia de mantener un di\u00e1logo permanente con los sectores productivos para construir reformas equilibradas que impulsen la justicia laboral, el emprendimiento y el desarrollo econ\u00f3mico.<\/p>\n\n\n\n<p>.<\/p>\n\n\n\n\n\n<p>.<\/p>\n\n\n<div class=\"wp-block-image\">\n<figure class=\"aligncenter size-large is-resized\"><img decoding=\"async\" width=\"870\" height=\"1024\" src=\"https:\/\/creston.com.mx\/wp-content\/uploads\/2025\/06\/Anuncio-salon-eventos-870x1024.jpg\" alt=\"\" class=\"wp-image-966\" style=\"aspect-ratio:0.8496112270054997;width:598px;height:auto\" srcset=\"https:\/\/creston.com.mx\/wp-content\/uploads\/2025\/06\/Anuncio-salon-eventos-870x1024.jpg 870w, https:\/\/creston.com.mx\/wp-content\/uploads\/2025\/06\/Anuncio-salon-eventos-255x300.jpg 255w, https:\/\/creston.com.mx\/wp-content\/uploads\/2025\/06\/Anuncio-salon-eventos-768x904.jpg 768w, https:\/\/creston.com.mx\/wp-content\/uploads\/2025\/06\/Anuncio-salon-eventos.jpg 1275w\" sizes=\"(max-width: 870px) 100vw, 870px\" \/><\/figure>\n<\/div>","protected":false},"excerpt":{"rendered":"<p>. El Diputado federal, Ulises Mej\u00eda detall\u00f3 al sector empresarial la reforma de las 40 horas semanales. . El diputado federal Ulises Mej\u00eda Haro sostuvo un encuentro de di\u00e1logo con&hellip; <\/p>\n","protected":false},"author":1,"featured_media":2510,"comment_status":"open","ping_status":"closed","sticky":false,"template":"","format":"standard","meta":{"_jetpack_memberships_contains_paid_content":false,"footnotes":""},"categories":[4],"tags":[],"class_list":["post-2508","post","type-post","status-publish","format-standard","has-post-thumbnail","hentry","category-informacion-general"],"yoast_head":"<!-- This site is optimized with the Yoast SEO plugin v24.2 - https:\/\/yoast.com\/wordpress\/plugins\/seo\/ -->\n<title>Reforma laboral busca fortalecer la productividad, salud f\u00edsica y mental: UMH - Peri\u00f3dico Digital de Zacatecas<\/title>\n<meta name=\"robots\" content=\"index, follow, max-snippet:-1, max-image-preview:large, max-video-preview:-1\" \/>\n<link rel=\"canonical\" href=\"https:\/\/creston.com.mx\/index.php\/02\/reforma-laboral-busca-fortalecer-la-productividad-salud-fisica-y-mental-umh\/informacion-general\/2026\/\" \/>\n<meta property=\"og:locale\" content=\"es_ES\" \/>\n<meta property=\"og:type\" content=\"article\" \/>\n<meta property=\"og:title\" content=\"Reforma laboral busca fortalecer la productividad, salud f\u00edsica y mental: UMH - Peri\u00f3dico Digital de Zacatecas\" \/>\n<meta property=\"og:description\" content=\". El Diputado federal, Ulises Mej\u00eda detall\u00f3 al sector empresarial la reforma de las 40 horas semanales. . El diputado federal Ulises Mej\u00eda Haro sostuvo un encuentro de di\u00e1logo con&hellip;\" \/>\n<meta property=\"og:url\" content=\"https:\/\/creston.com.mx\/index.php\/02\/reforma-laboral-busca-fortalecer-la-productividad-salud-fisica-y-mental-umh\/informacion-general\/2026\/\" \/>\n<meta property=\"og:site_name\" content=\"Peri\u00f3dico Digital de Zacatecas\" \/>\n<meta property=\"article:published_time\" content=\"2026-02-18T02:14:00+00:00\" \/>\n<meta property=\"article:modified_time\" content=\"2026-02-18T05:14:48+00:00\" \/>\n<meta property=\"og:image\" content=\"https:\/\/creston.com.mx\/wp-content\/uploads\/2026\/02\/IMG-20260217-WA0010.jpg\" \/>\n\t<meta property=\"og:image:width\" content=\"1280\" \/>\n\t<meta property=\"og:image:height\" content=\"825\" \/>\n\t<meta property=\"og:image:type\" content=\"image\/jpeg\" \/>\n<meta name=\"author\" content=\"Periodico Creston\" \/>\n<meta name=\"twitter:card\" content=\"summary_large_image\" \/>\n<meta name=\"twitter:label1\" content=\"Escrito por\" \/>\n\t<meta name=\"twitter:data1\" content=\"Periodico Creston\" \/>\n\t<meta name=\"twitter:label2\" content=\"Tiempo de lectura\" \/>\n\t<meta name=\"twitter:data2\" content=\"4 minutos\" \/>\n<script type=\"application\/ld+json\" class=\"yoast-schema-graph\">{\"@context\":\"https:\/\/schema.org\",\"@graph\":[{\"@type\":\"Article\",\"@id\":\"https:\/\/creston.com.mx\/index.php\/02\/reforma-laboral-busca-fortalecer-la-productividad-salud-fisica-y-mental-umh\/informacion-general\/2026\/#article\",\"isPartOf\":{\"@id\":\"https:\/\/creston.com.mx\/index.php\/02\/reforma-laboral-busca-fortalecer-la-productividad-salud-fisica-y-mental-umh\/informacion-general\/2026\/\"},\"author\":{\"name\":\"Periodico Creston\",\"@id\":\"https:\/\/creston.com.mx\/#\/schema\/person\/01f2ce9e289bc5300c759925ef768c1d\"},\"headline\":\"Reforma laboral busca fortalecer la productividad, salud f\u00edsica y mental: UMH\",\"datePublished\":\"2026-02-18T02:14:00+00:00\",\"dateModified\":\"2026-02-18T05:14:48+00:00\",\"mainEntityOfPage\":{\"@id\":\"https:\/\/creston.com.mx\/index.php\/02\/reforma-laboral-busca-fortalecer-la-productividad-salud-fisica-y-mental-umh\/informacion-general\/2026\/\"},\"wordCount\":601,\"commentCount\":0,\"publisher\":{\"@id\":\"https:\/\/creston.com.mx\/#organization\"},\"image\":{\"@id\":\"https:\/\/creston.com.mx\/index.php\/02\/reforma-laboral-busca-fortalecer-la-productividad-salud-fisica-y-mental-umh\/informacion-general\/2026\/#primaryimage\"},\"thumbnailUrl\":\"https:\/\/creston.com.mx\/wp-content\/uploads\/2026\/02\/IMG-20260217-WA0010.jpg\",\"articleSection\":[\"Informaci\u00f3n General\"],\"inLanguage\":\"es\",\"potentialAction\":[{\"@type\":\"CommentAction\",\"name\":\"Comment\",\"target\":[\"https:\/\/creston.com.mx\/index.php\/02\/reforma-laboral-busca-fortalecer-la-productividad-salud-fisica-y-mental-umh\/informacion-general\/2026\/#respond\"]}]},{\"@type\":\"WebPage\",\"@id\":\"https:\/\/creston.com.mx\/index.php\/02\/reforma-laboral-busca-fortalecer-la-productividad-salud-fisica-y-mental-umh\/informacion-general\/2026\/\",\"url\":\"https:\/\/creston.com.mx\/index.php\/02\/reforma-laboral-busca-fortalecer-la-productividad-salud-fisica-y-mental-umh\/informacion-general\/2026\/\",\"name\":\"Reforma laboral busca fortalecer la productividad, salud f\u00edsica y mental: UMH - Peri\u00f3dico Digital de Zacatecas\",\"isPartOf\":{\"@id\":\"https:\/\/creston.com.mx\/#website\"},\"primaryImageOfPage\":{\"@id\":\"https:\/\/creston.com.mx\/index.php\/02\/reforma-laboral-busca-fortalecer-la-productividad-salud-fisica-y-mental-umh\/informacion-general\/2026\/#primaryimage\"},\"image\":{\"@id\":\"https:\/\/creston.com.mx\/index.php\/02\/reforma-laboral-busca-fortalecer-la-productividad-salud-fisica-y-mental-umh\/informacion-general\/2026\/#primaryimage\"},\"thumbnailUrl\":\"https:\/\/creston.com.mx\/wp-content\/uploads\/2026\/02\/IMG-20260217-WA0010.jpg\",\"datePublished\":\"2026-02-18T02:14:00+00:00\",\"dateModified\":\"2026-02-18T05:14:48+00:00\",\"breadcrumb\":{\"@id\":\"https:\/\/creston.com.mx\/index.php\/02\/reforma-laboral-busca-fortalecer-la-productividad-salud-fisica-y-mental-umh\/informacion-general\/2026\/#breadcrumb\"},\"inLanguage\":\"es\",\"potentialAction\":[{\"@type\":\"ReadAction\",\"target\":[\"https:\/\/creston.com.mx\/index.php\/02\/reforma-laboral-busca-fortalecer-la-productividad-salud-fisica-y-mental-umh\/informacion-general\/2026\/\"]}]},{\"@type\":\"ImageObject\",\"inLanguage\":\"es\",\"@id\":\"https:\/\/creston.com.mx\/index.php\/02\/reforma-laboral-busca-fortalecer-la-productividad-salud-fisica-y-mental-umh\/informacion-general\/2026\/#primaryimage\",\"url\":\"https:\/\/creston.com.mx\/wp-content\/uploads\/2026\/02\/IMG-20260217-WA0010.jpg\",\"contentUrl\":\"https:\/\/creston.com.mx\/wp-content\/uploads\/2026\/02\/IMG-20260217-WA0010.jpg\",\"width\":1280,\"height\":825},{\"@type\":\"BreadcrumbList\",\"@id\":\"https:\/\/creston.com.mx\/index.php\/02\/reforma-laboral-busca-fortalecer-la-productividad-salud-fisica-y-mental-umh\/informacion-general\/2026\/#breadcrumb\",\"itemListElement\":[{\"@type\":\"ListItem\",\"position\":1,\"name\":\"Portada\",\"item\":\"https:\/\/creston.com.mx\/\"},{\"@type\":\"ListItem\",\"position\":2,\"name\":\"Reforma laboral busca fortalecer la productividad, salud f\u00edsica y mental: UMH\"}]},{\"@type\":\"WebSite\",\"@id\":\"https:\/\/creston.com.mx\/#website\",\"url\":\"https:\/\/creston.com.mx\/\",\"name\":\"Peri\u00f3dico Digital de Zacatecas\",\"description\":\"\",\"publisher\":{\"@id\":\"https:\/\/creston.com.mx\/#organization\"},\"potentialAction\":[{\"@type\":\"SearchAction\",\"target\":{\"@type\":\"EntryPoint\",\"urlTemplate\":\"https:\/\/creston.com.mx\/?s={search_term_string}\"},\"query-input\":{\"@type\":\"PropertyValueSpecification\",\"valueRequired\":true,\"valueName\":\"search_term_string\"}}],\"inLanguage\":\"es\"},{\"@type\":\"Organization\",\"@id\":\"https:\/\/creston.com.mx\/#organization\",\"name\":\"Peri\u00f3dico Digital de Zacatecas\",\"url\":\"https:\/\/creston.com.mx\/\",\"logo\":{\"@type\":\"ImageObject\",\"inLanguage\":\"es\",\"@id\":\"https:\/\/creston.com.mx\/#\/schema\/logo\/image\/\",\"url\":\"https:\/\/creston.com.mx\/wp-content\/uploads\/2026\/02\/cropped-Logo-Creston2.jpg\",\"contentUrl\":\"https:\/\/creston.com.mx\/wp-content\/uploads\/2026\/02\/cropped-Logo-Creston2.jpg\",\"width\":503,\"height\":194,\"caption\":\"Peri\u00f3dico Digital  de Zacatecas\"},\"image\":{\"@id\":\"https:\/\/creston.com.mx\/#\/schema\/logo\/image\/\"}},{\"@type\":\"Person\",\"@id\":\"https:\/\/creston.com.mx\/#\/schema\/person\/01f2ce9e289bc5300c759925ef768c1d\",\"name\":\"Periodico Creston\",\"image\":{\"@type\":\"ImageObject\",\"inLanguage\":\"es\",\"@id\":\"https:\/\/creston.com.mx\/#\/schema\/person\/image\/\",\"url\":\"https:\/\/secure.gravatar.com\/avatar\/c91eac1cf0d45897b6d294d474aa7713a194d460be0aaf72157553d050cda1c1?s=96&d=mm&r=g\",\"contentUrl\":\"https:\/\/secure.gravatar.com\/avatar\/c91eac1cf0d45897b6d294d474aa7713a194d460be0aaf72157553d050cda1c1?s=96&d=mm&r=g\",\"caption\":\"Periodico Creston\"},\"sameAs\":[\"https:\/\/creston.com.mx\"],\"url\":\"https:\/\/creston.com.mx\/index.php\/author\/cstnalja96\/\"}]}<\/script>\n<!-- \/ Yoast SEO plugin. -->","yoast_head_json":{"title":"Reforma laboral busca fortalecer la productividad, salud f\u00edsica y mental: UMH - Peri\u00f3dico Digital de Zacatecas","robots":{"index":"index","follow":"follow","max-snippet":"max-snippet:-1","max-image-preview":"max-image-preview:large","max-video-preview":"max-video-preview:-1"},"canonical":"https:\/\/creston.com.mx\/index.php\/02\/reforma-laboral-busca-fortalecer-la-productividad-salud-fisica-y-mental-umh\/informacion-general\/2026\/","og_locale":"es_ES","og_type":"article","og_title":"Reforma laboral busca fortalecer la productividad, salud f\u00edsica y mental: UMH - Peri\u00f3dico Digital de Zacatecas","og_description":". El Diputado federal, Ulises Mej\u00eda detall\u00f3 al sector empresarial la reforma de las 40 horas semanales. . El diputado federal Ulises Mej\u00eda Haro sostuvo un encuentro de di\u00e1logo con&hellip;","og_url":"https:\/\/creston.com.mx\/index.php\/02\/reforma-laboral-busca-fortalecer-la-productividad-salud-fisica-y-mental-umh\/informacion-general\/2026\/","og_site_name":"Peri\u00f3dico Digital de Zacatecas","article_published_time":"2026-02-18T02:14:00+00:00","article_modified_time":"2026-02-18T05:14:48+00:00","og_image":[{"width":1280,"height":825,"url":"https:\/\/creston.com.mx\/wp-content\/uploads\/2026\/02\/IMG-20260217-WA0010.jpg","type":"image\/jpeg"}],"author":"Periodico Creston","twitter_card":"summary_large_image","twitter_misc":{"Escrito por":"Periodico Creston","Tiempo de lectura":"4 minutos"},"schema":{"@context":"https:\/\/schema.org","@graph":[{"@type":"Article","@id":"https:\/\/creston.com.mx\/index.php\/02\/reforma-laboral-busca-fortalecer-la-productividad-salud-fisica-y-mental-umh\/informacion-general\/2026\/#article","isPartOf":{"@id":"https:\/\/creston.com.mx\/index.php\/02\/reforma-laboral-busca-fortalecer-la-productividad-salud-fisica-y-mental-umh\/informacion-general\/2026\/"},"author":{"name":"Periodico Creston","@id":"https:\/\/creston.com.mx\/#\/schema\/person\/01f2ce9e289bc5300c759925ef768c1d"},"headline":"Reforma laboral busca fortalecer la productividad, salud f\u00edsica y mental: UMH","datePublished":"2026-02-18T02:14:00+00:00","dateModified":"2026-02-18T05:14:48+00:00","mainEntityOfPage":{"@id":"https:\/\/creston.com.mx\/index.php\/02\/reforma-laboral-busca-fortalecer-la-productividad-salud-fisica-y-mental-umh\/informacion-general\/2026\/"},"wordCount":601,"commentCount":0,"publisher":{"@id":"https:\/\/creston.com.mx\/#organization"},"image":{"@id":"https:\/\/creston.com.mx\/index.php\/02\/reforma-laboral-busca-fortalecer-la-productividad-salud-fisica-y-mental-umh\/informacion-general\/2026\/#primaryimage"},"thumbnailUrl":"https:\/\/creston.com.mx\/wp-content\/uploads\/2026\/02\/IMG-20260217-WA0010.jpg","articleSection":["Informaci\u00f3n General"],"inLanguage":"es","potentialAction":[{"@type":"CommentAction","name":"Comment","target":["https:\/\/creston.com.mx\/index.php\/02\/reforma-laboral-busca-fortalecer-la-productividad-salud-fisica-y-mental-umh\/informacion-general\/2026\/#respond"]}]},{"@type":"WebPage","@id":"https:\/\/creston.com.mx\/index.php\/02\/reforma-laboral-busca-fortalecer-la-productividad-salud-fisica-y-mental-umh\/informacion-general\/2026\/","url":"https:\/\/creston.com.mx\/index.php\/02\/reforma-laboral-busca-fortalecer-la-productividad-salud-fisica-y-mental-umh\/informacion-general\/2026\/","name":"Reforma laboral busca fortalecer la productividad, salud f\u00edsica y mental: UMH - Peri\u00f3dico Digital de Zacatecas","isPartOf":{"@id":"https:\/\/creston.com.mx\/#website"},"primaryImageOfPage":{"@id":"https:\/\/creston.com.mx\/index.php\/02\/reforma-laboral-busca-fortalecer-la-productividad-salud-fisica-y-mental-umh\/informacion-general\/2026\/#primaryimage"},"image":{"@id":"https:\/\/creston.com.mx\/index.php\/02\/reforma-laboral-busca-fortalecer-la-productividad-salud-fisica-y-mental-umh\/informacion-general\/2026\/#primaryimage"},"thumbnailUrl":"https:\/\/creston.com.mx\/wp-content\/uploads\/2026\/02\/IMG-20260217-WA0010.jpg","datePublished":"2026-02-18T02:14:00+00:00","dateModified":"2026-02-18T05:14:48+00:00","breadcrumb":{"@id":"https:\/\/creston.com.mx\/index.php\/02\/reforma-laboral-busca-fortalecer-la-productividad-salud-fisica-y-mental-umh\/informacion-general\/2026\/#breadcrumb"},"inLanguage":"es","potentialAction":[{"@type":"ReadAction","target":["https:\/\/creston.com.mx\/index.php\/02\/reforma-laboral-busca-fortalecer-la-productividad-salud-fisica-y-mental-umh\/informacion-general\/2026\/"]}]},{"@type":"ImageObject","inLanguage":"es","@id":"https:\/\/creston.com.mx\/index.php\/02\/reforma-laboral-busca-fortalecer-la-productividad-salud-fisica-y-mental-umh\/informacion-general\/2026\/#primaryimage","url":"https:\/\/creston.com.mx\/wp-content\/uploads\/2026\/02\/IMG-20260217-WA0010.jpg","contentUrl":"https:\/\/creston.com.mx\/wp-content\/uploads\/2026\/02\/IMG-20260217-WA0010.jpg","width":1280,"height":825},{"@type":"BreadcrumbList","@id":"https:\/\/creston.com.mx\/index.php\/02\/reforma-laboral-busca-fortalecer-la-productividad-salud-fisica-y-mental-umh\/informacion-general\/2026\/#breadcrumb","itemListElement":[{"@type":"ListItem","position":1,"name":"Portada","item":"https:\/\/creston.com.mx\/"},{"@type":"ListItem","position":2,"name":"Reforma laboral busca fortalecer la productividad, salud f\u00edsica y mental: UMH"}]},{"@type":"WebSite","@id":"https:\/\/creston.com.mx\/#website","url":"https:\/\/creston.com.mx\/","name":"Peri\u00f3dico Digital de Zacatecas","description":"","publisher":{"@id":"https:\/\/creston.com.mx\/#organization"},"potentialAction":[{"@type":"SearchAction","target":{"@type":"EntryPoint","urlTemplate":"https:\/\/creston.com.mx\/?s={search_term_string}"},"query-input":{"@type":"PropertyValueSpecification","valueRequired":true,"valueName":"search_term_string"}}],"inLanguage":"es"},{"@type":"Organization","@id":"https:\/\/creston.com.mx\/#organization","name":"Peri\u00f3dico Digital de Zacatecas","url":"https:\/\/creston.com.mx\/","logo":{"@type":"ImageObject","inLanguage":"es","@id":"https:\/\/creston.com.mx\/#\/schema\/logo\/image\/","url":"https:\/\/creston.com.mx\/wp-content\/uploads\/2026\/02\/cropped-Logo-Creston2.jpg","contentUrl":"https:\/\/creston.com.mx\/wp-content\/uploads\/2026\/02\/cropped-Logo-Creston2.jpg","width":503,"height":194,"caption":"Peri\u00f3dico Digital  de Zacatecas"},"image":{"@id":"https:\/\/creston.com.mx\/#\/schema\/logo\/image\/"}},{"@type":"Person","@id":"https:\/\/creston.com.mx\/#\/schema\/person\/01f2ce9e289bc5300c759925ef768c1d","name":"Periodico Creston","image":{"@type":"ImageObject","inLanguage":"es","@id":"https:\/\/creston.com.mx\/#\/schema\/person\/image\/","url":"https:\/\/secure.gravatar.com\/avatar\/c91eac1cf0d45897b6d294d474aa7713a194d460be0aaf72157553d050cda1c1?s=96&d=mm&r=g","contentUrl":"https:\/\/secure.gravatar.com\/avatar\/c91eac1cf0d45897b6d294d474aa7713a194d460be0aaf72157553d050cda1c1?s=96&d=mm&r=g","caption":"Periodico Creston"},"sameAs":["https:\/\/creston.com.mx"],"url":"https:\/\/creston.com.mx\/index.php\/author\/cstnalja96\/"}]}},"jetpack_sharing_enabled":true,"jetpack_featured_media_url":"https:\/\/creston.com.mx\/wp-content\/uploads\/2026\/02\/IMG-20260217-WA0010.jpg","_links":{"self":[{"href":"https:\/\/creston.com.mx\/index.php\/wp-json\/wp\/v2\/posts\/2508","targetHints":{"allow":["GET"]}}],"collection":[{"href":"https:\/\/creston.com.mx\/index.php\/wp-json\/wp\/v2\/posts"}],"about":[{"href":"https:\/\/creston.com.mx\/index.php\/wp-json\/wp\/v2\/types\/post"}],"author":[{"embeddable":true,"href":"https:\/\/creston.com.mx\/index.php\/wp-json\/wp\/v2\/users\/1"}],"replies":[{"embeddable":true,"href":"https:\/\/creston.com.mx\/index.php\/wp-json\/wp\/v2\/comments?post=2508"}],"version-history":[{"count":1,"href":"https:\/\/creston.com.mx\/index.php\/wp-json\/wp\/v2\/posts\/2508\/revisions"}],"predecessor-version":[{"id":2511,"href":"https:\/\/creston.com.mx\/index.php\/wp-json\/wp\/v2\/posts\/2508\/revisions\/2511"}],"wp:featuredmedia":[{"embeddable":true,"href":"https:\/\/creston.com.mx\/index.php\/wp-json\/wp\/v2\/media\/2510"}],"wp:attachment":[{"href":"https:\/\/creston.com.mx\/index.php\/wp-json\/wp\/v2\/media?parent=2508"}],"wp:term":[{"taxonomy":"category","embeddable":true,"href":"https:\/\/creston.com.mx\/index.php\/wp-json\/wp\/v2\/categories?post=2508"},{"taxonomy":"post_tag","embeddable":true,"href":"https:\/\/creston.com.mx\/index.php\/wp-json\/wp\/v2\/tags?post=2508"}],"curies":[{"name":"wp","href":"https:\/\/api.w.org\/{rel}","templated":true}]}}