{"id":2478,"date":"2026-02-15T20:16:00","date_gmt":"2026-02-16T02:16:00","guid":{"rendered":"https:\/\/creston.com.mx\/?p=2478"},"modified":"2026-02-16T22:20:37","modified_gmt":"2026-02-17T04:20:37","slug":"la-prioridad-del-verde-son-dos-dias-de-descanso-y-las-40-horas-laborales-carlos-puente","status":"publish","type":"post","link":"https:\/\/creston.com.mx\/index.php\/02\/la-prioridad-del-verde-son-dos-dias-de-descanso-y-las-40-horas-laborales-carlos-puente\/politica\/2026\/","title":{"rendered":"La prioridad del verde son dos d\u00edas de descanso y las 40 horas laborales: Carlos Puente"},"content":{"rendered":"\n<p>.<\/p>\n\n\n\n<p class=\"has-medium-font-size\"><strong><em>Traz\u00f3 la ruta de an\u00e1lisis de la reforma laboral en la C\u00e1mara de Diputados. El legislador reconoci\u00f3 el trabajo de Jorge Miranda en la generaci\u00f3n de empleos para Zacatecas.<\/em><\/strong><\/p>\n\n\n\n<p>.<\/p>\n\n\n\n<p>Carlos Puente Salas asegur\u00f3 que para la bancada Verde en la C\u00e1mara de Diputados es una prioridad que se garantice en la reforma laboral el establecimiento de una jornada de 40 horas de trabajo semanales y que de manera gradual se concreten tambi\u00e9n los dos d\u00edas de descanso, lo cual de la mano con el incremento hist\u00f3rico al salario m\u00ednimo que se ha venido dando, impactar\u00e1 positivamente en el desarrollo de nuestro pa\u00eds.<\/p>\n\n\n\n<p>El legislador se\u00f1al\u00f3 que la reforma se ha estado trabajando de la mano de los sectores empresariales e industriales a fin de que no haya un impacto econ\u00f3mico negativo, por ello es que se ha determinado que la disminuci\u00f3n de la jornada de trabajo se d\u00e9 paulatinamente hasta llegar a las 40 horas en 2030 y sin afectar el bolsillo de los trabajadores. <\/p>\n\n\n\n<p>\u201cSe privilegia el fortalecimiento de la convivencia familiar equilibrando el trabajo y el tiempo libre\u201d. Carlos Puente Salas detall\u00f3 ante los medios de comunicaci\u00f3n la ruta que habr\u00e1 de seguir el an\u00e1lisis de esta reforma laboral hasta que llegue al pleno de la C\u00e1mara de Diputados para su discusi\u00f3n a finales de febrero.<\/p>\n\n\n\n<p>Por otra parte, Puente Salas reconoci\u00f3 al secretario de Econom\u00eda del estado, Jorge Miranda, por la labor que ha venido realizando al fortalecer la inversi\u00f3n en Zacatecas. Muestra de ello fue la inauguraci\u00f3n de la nave industrial de Elastomer Solutions que en una primera etapa generar\u00e1 150 empleos y en las subsecuentes permitir\u00e1 alcanzar un total de 3 mil. \u201cCelebramos que desde la Secretar\u00eda de Econom\u00eda un compa\u00f1ero de nuestro instituto pol\u00edtico dinamice la atracci\u00f3n de inversiones\u2026que se traduce en empleos bien remunerados\u201d.<\/p>\n\n\n\n<p>Carlos Puente destac\u00f3 que Jorge Miranda ha tenido un gran trabajo de acompa\u00f1amiento con el sector minero, promoviendo a la par la proveedur\u00eda local a este sector; esa labor se traduce en indicadores econ\u00f3micos que hoy permiten que Zacatecas ocupe un segundo lugar en crecimiento nacional.<\/p>\n\n\n\n<p>\u201cLe tendemos la mano al gobierno de Zacatecas para hacer equipo y aprovechar las inversiones que llegan para que potencien la generaci\u00f3n de riqueza para el pueblo zacatecano\u201d, concluy\u00f3 el l\u00edder de la bancada ecologista.<\/p>\n\n\n\n<p>.<\/p>\n\n\n\n\n\n<p>.<\/p>\n\n\n<div class=\"wp-block-image\">\n<figure class=\"aligncenter size-large is-resized\"><img fetchpriority=\"high\" decoding=\"async\" width=\"870\" height=\"1024\" src=\"https:\/\/creston.com.mx\/wp-content\/uploads\/2025\/06\/Anuncio-salon-eventos-870x1024.jpg\" alt=\"\" class=\"wp-image-966\" style=\"aspect-ratio:0.8496112270054997;width:592px;height:auto\" srcset=\"https:\/\/creston.com.mx\/wp-content\/uploads\/2025\/06\/Anuncio-salon-eventos-870x1024.jpg 870w, https:\/\/creston.com.mx\/wp-content\/uploads\/2025\/06\/Anuncio-salon-eventos-255x300.jpg 255w, https:\/\/creston.com.mx\/wp-content\/uploads\/2025\/06\/Anuncio-salon-eventos-768x904.jpg 768w, https:\/\/creston.com.mx\/wp-content\/uploads\/2025\/06\/Anuncio-salon-eventos.jpg 1275w\" sizes=\"(max-width: 870px) 100vw, 870px\" \/><\/figure>\n<\/div>","protected":false},"excerpt":{"rendered":"<p>. Traz\u00f3 la ruta de an\u00e1lisis de la reforma laboral en la C\u00e1mara de Diputados. El legislador reconoci\u00f3 el trabajo de Jorge Miranda en la generaci\u00f3n de empleos para Zacatecas.&hellip; <\/p>\n","protected":false},"author":1,"featured_media":2479,"comment_status":"open","ping_status":"closed","sticky":false,"template":"","format":"standard","meta":{"_jetpack_memberships_contains_paid_content":false,"footnotes":""},"categories":[2],"tags":[],"class_list":["post-2478","post","type-post","status-publish","format-standard","has-post-thumbnail","hentry","category-politica"],"yoast_head":"<!-- This site is optimized with the Yoast SEO plugin v24.2 - https:\/\/yoast.com\/wordpress\/plugins\/seo\/ -->\n<title>La prioridad del verde son dos d\u00edas de descanso y las 40 horas laborales: Carlos Puente - Peri\u00f3dico Digital de Zacatecas<\/title>\n<meta name=\"robots\" content=\"index, follow, max-snippet:-1, max-image-preview:large, max-video-preview:-1\" \/>\n<link rel=\"canonical\" href=\"https:\/\/creston.com.mx\/index.php\/02\/la-prioridad-del-verde-son-dos-dias-de-descanso-y-las-40-horas-laborales-carlos-puente\/politica\/2026\/\" \/>\n<meta property=\"og:locale\" content=\"es_ES\" \/>\n<meta property=\"og:type\" content=\"article\" \/>\n<meta property=\"og:title\" content=\"La prioridad del verde son dos d\u00edas de descanso y las 40 horas laborales: Carlos Puente - Peri\u00f3dico Digital de Zacatecas\" \/>\n<meta property=\"og:description\" content=\". Traz\u00f3 la ruta de an\u00e1lisis de la reforma laboral en la C\u00e1mara de Diputados. El legislador reconoci\u00f3 el trabajo de Jorge Miranda en la generaci\u00f3n de empleos para Zacatecas.&hellip;\" \/>\n<meta property=\"og:url\" content=\"https:\/\/creston.com.mx\/index.php\/02\/la-prioridad-del-verde-son-dos-dias-de-descanso-y-las-40-horas-laborales-carlos-puente\/politica\/2026\/\" \/>\n<meta property=\"og:site_name\" content=\"Peri\u00f3dico Digital de Zacatecas\" \/>\n<meta property=\"article:published_time\" content=\"2026-02-16T02:16:00+00:00\" \/>\n<meta property=\"article:modified_time\" content=\"2026-02-17T04:20:37+00:00\" \/>\n<meta property=\"og:image\" content=\"https:\/\/creston.com.mx\/wp-content\/uploads\/2026\/02\/Confer-refor-lab-Puente-3.jpeg\" \/>\n\t<meta property=\"og:image:width\" content=\"1600\" \/>\n\t<meta property=\"og:image:height\" content=\"900\" \/>\n\t<meta property=\"og:image:type\" content=\"image\/jpeg\" \/>\n<meta name=\"author\" content=\"Periodico Creston\" \/>\n<meta name=\"twitter:card\" content=\"summary_large_image\" \/>\n<meta name=\"twitter:label1\" content=\"Escrito por\" \/>\n\t<meta name=\"twitter:data1\" content=\"Periodico Creston\" \/>\n\t<meta name=\"twitter:label2\" content=\"Tiempo de lectura\" \/>\n\t<meta name=\"twitter:data2\" content=\"3 minutos\" \/>\n<script type=\"application\/ld+json\" class=\"yoast-schema-graph\">{\"@context\":\"https:\/\/schema.org\",\"@graph\":[{\"@type\":\"Article\",\"@id\":\"https:\/\/creston.com.mx\/index.php\/02\/la-prioridad-del-verde-son-dos-dias-de-descanso-y-las-40-horas-laborales-carlos-puente\/politica\/2026\/#article\",\"isPartOf\":{\"@id\":\"https:\/\/creston.com.mx\/index.php\/02\/la-prioridad-del-verde-son-dos-dias-de-descanso-y-las-40-horas-laborales-carlos-puente\/politica\/2026\/\"},\"author\":{\"name\":\"Periodico Creston\",\"@id\":\"https:\/\/creston.com.mx\/#\/schema\/person\/01f2ce9e289bc5300c759925ef768c1d\"},\"headline\":\"La prioridad del verde son dos d\u00edas de descanso y las 40 horas laborales: Carlos Puente\",\"datePublished\":\"2026-02-16T02:16:00+00:00\",\"dateModified\":\"2026-02-17T04:20:37+00:00\",\"mainEntityOfPage\":{\"@id\":\"https:\/\/creston.com.mx\/index.php\/02\/la-prioridad-del-verde-son-dos-dias-de-descanso-y-las-40-horas-laborales-carlos-puente\/politica\/2026\/\"},\"wordCount\":423,\"commentCount\":0,\"publisher\":{\"@id\":\"https:\/\/creston.com.mx\/#organization\"},\"image\":{\"@id\":\"https:\/\/creston.com.mx\/index.php\/02\/la-prioridad-del-verde-son-dos-dias-de-descanso-y-las-40-horas-laborales-carlos-puente\/politica\/2026\/#primaryimage\"},\"thumbnailUrl\":\"https:\/\/creston.com.mx\/wp-content\/uploads\/2026\/02\/Confer-refor-lab-Puente-3.jpeg\",\"articleSection\":[\"Pol\u00edtica\"],\"inLanguage\":\"es\",\"potentialAction\":[{\"@type\":\"CommentAction\",\"name\":\"Comment\",\"target\":[\"https:\/\/creston.com.mx\/index.php\/02\/la-prioridad-del-verde-son-dos-dias-de-descanso-y-las-40-horas-laborales-carlos-puente\/politica\/2026\/#respond\"]}]},{\"@type\":\"WebPage\",\"@id\":\"https:\/\/creston.com.mx\/index.php\/02\/la-prioridad-del-verde-son-dos-dias-de-descanso-y-las-40-horas-laborales-carlos-puente\/politica\/2026\/\",\"url\":\"https:\/\/creston.com.mx\/index.php\/02\/la-prioridad-del-verde-son-dos-dias-de-descanso-y-las-40-horas-laborales-carlos-puente\/politica\/2026\/\",\"name\":\"La prioridad del verde son dos d\u00edas de descanso y las 40 horas laborales: Carlos Puente - Peri\u00f3dico Digital de Zacatecas\",\"isPartOf\":{\"@id\":\"https:\/\/creston.com.mx\/#website\"},\"primaryImageOfPage\":{\"@id\":\"https:\/\/creston.com.mx\/index.php\/02\/la-prioridad-del-verde-son-dos-dias-de-descanso-y-las-40-horas-laborales-carlos-puente\/politica\/2026\/#primaryimage\"},\"image\":{\"@id\":\"https:\/\/creston.com.mx\/index.php\/02\/la-prioridad-del-verde-son-dos-dias-de-descanso-y-las-40-horas-laborales-carlos-puente\/politica\/2026\/#primaryimage\"},\"thumbnailUrl\":\"https:\/\/creston.com.mx\/wp-content\/uploads\/2026\/02\/Confer-refor-lab-Puente-3.jpeg\",\"datePublished\":\"2026-02-16T02:16:00+00:00\",\"dateModified\":\"2026-02-17T04:20:37+00:00\",\"breadcrumb\":{\"@id\":\"https:\/\/creston.com.mx\/index.php\/02\/la-prioridad-del-verde-son-dos-dias-de-descanso-y-las-40-horas-laborales-carlos-puente\/politica\/2026\/#breadcrumb\"},\"inLanguage\":\"es\",\"potentialAction\":[{\"@type\":\"ReadAction\",\"target\":[\"https:\/\/creston.com.mx\/index.php\/02\/la-prioridad-del-verde-son-dos-dias-de-descanso-y-las-40-horas-laborales-carlos-puente\/politica\/2026\/\"]}]},{\"@type\":\"ImageObject\",\"inLanguage\":\"es\",\"@id\":\"https:\/\/creston.com.mx\/index.php\/02\/la-prioridad-del-verde-son-dos-dias-de-descanso-y-las-40-horas-laborales-carlos-puente\/politica\/2026\/#primaryimage\",\"url\":\"https:\/\/creston.com.mx\/wp-content\/uploads\/2026\/02\/Confer-refor-lab-Puente-3.jpeg\",\"contentUrl\":\"https:\/\/creston.com.mx\/wp-content\/uploads\/2026\/02\/Confer-refor-lab-Puente-3.jpeg\",\"width\":1600,\"height\":900},{\"@type\":\"BreadcrumbList\",\"@id\":\"https:\/\/creston.com.mx\/index.php\/02\/la-prioridad-del-verde-son-dos-dias-de-descanso-y-las-40-horas-laborales-carlos-puente\/politica\/2026\/#breadcrumb\",\"itemListElement\":[{\"@type\":\"ListItem\",\"position\":1,\"name\":\"Portada\",\"item\":\"https:\/\/creston.com.mx\/\"},{\"@type\":\"ListItem\",\"position\":2,\"name\":\"La prioridad del verde son dos d\u00edas de descanso y las 40 horas laborales: Carlos Puente\"}]},{\"@type\":\"WebSite\",\"@id\":\"https:\/\/creston.com.mx\/#website\",\"url\":\"https:\/\/creston.com.mx\/\",\"name\":\"Peri\u00f3dico Digital de Zacatecas\",\"description\":\"\",\"publisher\":{\"@id\":\"https:\/\/creston.com.mx\/#organization\"},\"potentialAction\":[{\"@type\":\"SearchAction\",\"target\":{\"@type\":\"EntryPoint\",\"urlTemplate\":\"https:\/\/creston.com.mx\/?s={search_term_string}\"},\"query-input\":{\"@type\":\"PropertyValueSpecification\",\"valueRequired\":true,\"valueName\":\"search_term_string\"}}],\"inLanguage\":\"es\"},{\"@type\":\"Organization\",\"@id\":\"https:\/\/creston.com.mx\/#organization\",\"name\":\"Peri\u00f3dico Digital de Zacatecas\",\"url\":\"https:\/\/creston.com.mx\/\",\"logo\":{\"@type\":\"ImageObject\",\"inLanguage\":\"es\",\"@id\":\"https:\/\/creston.com.mx\/#\/schema\/logo\/image\/\",\"url\":\"https:\/\/creston.com.mx\/wp-content\/uploads\/2026\/02\/cropped-Logo-Creston2.jpg\",\"contentUrl\":\"https:\/\/creston.com.mx\/wp-content\/uploads\/2026\/02\/cropped-Logo-Creston2.jpg\",\"width\":503,\"height\":194,\"caption\":\"Peri\u00f3dico Digital  de Zacatecas\"},\"image\":{\"@id\":\"https:\/\/creston.com.mx\/#\/schema\/logo\/image\/\"}},{\"@type\":\"Person\",\"@id\":\"https:\/\/creston.com.mx\/#\/schema\/person\/01f2ce9e289bc5300c759925ef768c1d\",\"name\":\"Periodico Creston\",\"image\":{\"@type\":\"ImageObject\",\"inLanguage\":\"es\",\"@id\":\"https:\/\/creston.com.mx\/#\/schema\/person\/image\/\",\"url\":\"https:\/\/secure.gravatar.com\/avatar\/c91eac1cf0d45897b6d294d474aa7713a194d460be0aaf72157553d050cda1c1?s=96&d=mm&r=g\",\"contentUrl\":\"https:\/\/secure.gravatar.com\/avatar\/c91eac1cf0d45897b6d294d474aa7713a194d460be0aaf72157553d050cda1c1?s=96&d=mm&r=g\",\"caption\":\"Periodico Creston\"},\"sameAs\":[\"https:\/\/creston.com.mx\"],\"url\":\"https:\/\/creston.com.mx\/index.php\/author\/cstnalja96\/\"}]}<\/script>\n<!-- \/ Yoast SEO plugin. -->","yoast_head_json":{"title":"La prioridad del verde son dos d\u00edas de descanso y las 40 horas laborales: Carlos Puente - Peri\u00f3dico Digital de Zacatecas","robots":{"index":"index","follow":"follow","max-snippet":"max-snippet:-1","max-image-preview":"max-image-preview:large","max-video-preview":"max-video-preview:-1"},"canonical":"https:\/\/creston.com.mx\/index.php\/02\/la-prioridad-del-verde-son-dos-dias-de-descanso-y-las-40-horas-laborales-carlos-puente\/politica\/2026\/","og_locale":"es_ES","og_type":"article","og_title":"La prioridad del verde son dos d\u00edas de descanso y las 40 horas laborales: Carlos Puente - Peri\u00f3dico Digital de Zacatecas","og_description":". Traz\u00f3 la ruta de an\u00e1lisis de la reforma laboral en la C\u00e1mara de Diputados. El legislador reconoci\u00f3 el trabajo de Jorge Miranda en la generaci\u00f3n de empleos para Zacatecas.&hellip;","og_url":"https:\/\/creston.com.mx\/index.php\/02\/la-prioridad-del-verde-son-dos-dias-de-descanso-y-las-40-horas-laborales-carlos-puente\/politica\/2026\/","og_site_name":"Peri\u00f3dico Digital de Zacatecas","article_published_time":"2026-02-16T02:16:00+00:00","article_modified_time":"2026-02-17T04:20:37+00:00","og_image":[{"width":1600,"height":900,"url":"https:\/\/creston.com.mx\/wp-content\/uploads\/2026\/02\/Confer-refor-lab-Puente-3.jpeg","type":"image\/jpeg"}],"author":"Periodico Creston","twitter_card":"summary_large_image","twitter_misc":{"Escrito por":"Periodico Creston","Tiempo de lectura":"3 minutos"},"schema":{"@context":"https:\/\/schema.org","@graph":[{"@type":"Article","@id":"https:\/\/creston.com.mx\/index.php\/02\/la-prioridad-del-verde-son-dos-dias-de-descanso-y-las-40-horas-laborales-carlos-puente\/politica\/2026\/#article","isPartOf":{"@id":"https:\/\/creston.com.mx\/index.php\/02\/la-prioridad-del-verde-son-dos-dias-de-descanso-y-las-40-horas-laborales-carlos-puente\/politica\/2026\/"},"author":{"name":"Periodico Creston","@id":"https:\/\/creston.com.mx\/#\/schema\/person\/01f2ce9e289bc5300c759925ef768c1d"},"headline":"La prioridad del verde son dos d\u00edas de descanso y las 40 horas laborales: Carlos Puente","datePublished":"2026-02-16T02:16:00+00:00","dateModified":"2026-02-17T04:20:37+00:00","mainEntityOfPage":{"@id":"https:\/\/creston.com.mx\/index.php\/02\/la-prioridad-del-verde-son-dos-dias-de-descanso-y-las-40-horas-laborales-carlos-puente\/politica\/2026\/"},"wordCount":423,"commentCount":0,"publisher":{"@id":"https:\/\/creston.com.mx\/#organization"},"image":{"@id":"https:\/\/creston.com.mx\/index.php\/02\/la-prioridad-del-verde-son-dos-dias-de-descanso-y-las-40-horas-laborales-carlos-puente\/politica\/2026\/#primaryimage"},"thumbnailUrl":"https:\/\/creston.com.mx\/wp-content\/uploads\/2026\/02\/Confer-refor-lab-Puente-3.jpeg","articleSection":["Pol\u00edtica"],"inLanguage":"es","potentialAction":[{"@type":"CommentAction","name":"Comment","target":["https:\/\/creston.com.mx\/index.php\/02\/la-prioridad-del-verde-son-dos-dias-de-descanso-y-las-40-horas-laborales-carlos-puente\/politica\/2026\/#respond"]}]},{"@type":"WebPage","@id":"https:\/\/creston.com.mx\/index.php\/02\/la-prioridad-del-verde-son-dos-dias-de-descanso-y-las-40-horas-laborales-carlos-puente\/politica\/2026\/","url":"https:\/\/creston.com.mx\/index.php\/02\/la-prioridad-del-verde-son-dos-dias-de-descanso-y-las-40-horas-laborales-carlos-puente\/politica\/2026\/","name":"La prioridad del verde son dos d\u00edas de descanso y las 40 horas laborales: Carlos Puente - Peri\u00f3dico Digital de Zacatecas","isPartOf":{"@id":"https:\/\/creston.com.mx\/#website"},"primaryImageOfPage":{"@id":"https:\/\/creston.com.mx\/index.php\/02\/la-prioridad-del-verde-son-dos-dias-de-descanso-y-las-40-horas-laborales-carlos-puente\/politica\/2026\/#primaryimage"},"image":{"@id":"https:\/\/creston.com.mx\/index.php\/02\/la-prioridad-del-verde-son-dos-dias-de-descanso-y-las-40-horas-laborales-carlos-puente\/politica\/2026\/#primaryimage"},"thumbnailUrl":"https:\/\/creston.com.mx\/wp-content\/uploads\/2026\/02\/Confer-refor-lab-Puente-3.jpeg","datePublished":"2026-02-16T02:16:00+00:00","dateModified":"2026-02-17T04:20:37+00:00","breadcrumb":{"@id":"https:\/\/creston.com.mx\/index.php\/02\/la-prioridad-del-verde-son-dos-dias-de-descanso-y-las-40-horas-laborales-carlos-puente\/politica\/2026\/#breadcrumb"},"inLanguage":"es","potentialAction":[{"@type":"ReadAction","target":["https:\/\/creston.com.mx\/index.php\/02\/la-prioridad-del-verde-son-dos-dias-de-descanso-y-las-40-horas-laborales-carlos-puente\/politica\/2026\/"]}]},{"@type":"ImageObject","inLanguage":"es","@id":"https:\/\/creston.com.mx\/index.php\/02\/la-prioridad-del-verde-son-dos-dias-de-descanso-y-las-40-horas-laborales-carlos-puente\/politica\/2026\/#primaryimage","url":"https:\/\/creston.com.mx\/wp-content\/uploads\/2026\/02\/Confer-refor-lab-Puente-3.jpeg","contentUrl":"https:\/\/creston.com.mx\/wp-content\/uploads\/2026\/02\/Confer-refor-lab-Puente-3.jpeg","width":1600,"height":900},{"@type":"BreadcrumbList","@id":"https:\/\/creston.com.mx\/index.php\/02\/la-prioridad-del-verde-son-dos-dias-de-descanso-y-las-40-horas-laborales-carlos-puente\/politica\/2026\/#breadcrumb","itemListElement":[{"@type":"ListItem","position":1,"name":"Portada","item":"https:\/\/creston.com.mx\/"},{"@type":"ListItem","position":2,"name":"La prioridad del verde son dos d\u00edas de descanso y las 40 horas laborales: Carlos Puente"}]},{"@type":"WebSite","@id":"https:\/\/creston.com.mx\/#website","url":"https:\/\/creston.com.mx\/","name":"Peri\u00f3dico Digital de Zacatecas","description":"","publisher":{"@id":"https:\/\/creston.com.mx\/#organization"},"potentialAction":[{"@type":"SearchAction","target":{"@type":"EntryPoint","urlTemplate":"https:\/\/creston.com.mx\/?s={search_term_string}"},"query-input":{"@type":"PropertyValueSpecification","valueRequired":true,"valueName":"search_term_string"}}],"inLanguage":"es"},{"@type":"Organization","@id":"https:\/\/creston.com.mx\/#organization","name":"Peri\u00f3dico Digital de Zacatecas","url":"https:\/\/creston.com.mx\/","logo":{"@type":"ImageObject","inLanguage":"es","@id":"https:\/\/creston.com.mx\/#\/schema\/logo\/image\/","url":"https:\/\/creston.com.mx\/wp-content\/uploads\/2026\/02\/cropped-Logo-Creston2.jpg","contentUrl":"https:\/\/creston.com.mx\/wp-content\/uploads\/2026\/02\/cropped-Logo-Creston2.jpg","width":503,"height":194,"caption":"Peri\u00f3dico Digital  de Zacatecas"},"image":{"@id":"https:\/\/creston.com.mx\/#\/schema\/logo\/image\/"}},{"@type":"Person","@id":"https:\/\/creston.com.mx\/#\/schema\/person\/01f2ce9e289bc5300c759925ef768c1d","name":"Periodico Creston","image":{"@type":"ImageObject","inLanguage":"es","@id":"https:\/\/creston.com.mx\/#\/schema\/person\/image\/","url":"https:\/\/secure.gravatar.com\/avatar\/c91eac1cf0d45897b6d294d474aa7713a194d460be0aaf72157553d050cda1c1?s=96&d=mm&r=g","contentUrl":"https:\/\/secure.gravatar.com\/avatar\/c91eac1cf0d45897b6d294d474aa7713a194d460be0aaf72157553d050cda1c1?s=96&d=mm&r=g","caption":"Periodico Creston"},"sameAs":["https:\/\/creston.com.mx"],"url":"https:\/\/creston.com.mx\/index.php\/author\/cstnalja96\/"}]}},"jetpack_sharing_enabled":true,"jetpack_featured_media_url":"https:\/\/creston.com.mx\/wp-content\/uploads\/2026\/02\/Confer-refor-lab-Puente-3.jpeg","_links":{"self":[{"href":"https:\/\/creston.com.mx\/index.php\/wp-json\/wp\/v2\/posts\/2478","targetHints":{"allow":["GET"]}}],"collection":[{"href":"https:\/\/creston.com.mx\/index.php\/wp-json\/wp\/v2\/posts"}],"about":[{"href":"https:\/\/creston.com.mx\/index.php\/wp-json\/wp\/v2\/types\/post"}],"author":[{"embeddable":true,"href":"https:\/\/creston.com.mx\/index.php\/wp-json\/wp\/v2\/users\/1"}],"replies":[{"embeddable":true,"href":"https:\/\/creston.com.mx\/index.php\/wp-json\/wp\/v2\/comments?post=2478"}],"version-history":[{"count":1,"href":"https:\/\/creston.com.mx\/index.php\/wp-json\/wp\/v2\/posts\/2478\/revisions"}],"predecessor-version":[{"id":2480,"href":"https:\/\/creston.com.mx\/index.php\/wp-json\/wp\/v2\/posts\/2478\/revisions\/2480"}],"wp:featuredmedia":[{"embeddable":true,"href":"https:\/\/creston.com.mx\/index.php\/wp-json\/wp\/v2\/media\/2479"}],"wp:attachment":[{"href":"https:\/\/creston.com.mx\/index.php\/wp-json\/wp\/v2\/media?parent=2478"}],"wp:term":[{"taxonomy":"category","embeddable":true,"href":"https:\/\/creston.com.mx\/index.php\/wp-json\/wp\/v2\/categories?post=2478"},{"taxonomy":"post_tag","embeddable":true,"href":"https:\/\/creston.com.mx\/index.php\/wp-json\/wp\/v2\/tags?post=2478"}],"curies":[{"name":"wp","href":"https:\/\/api.w.org\/{rel}","templated":true}]}}