{"id":2475,"date":"2026-02-15T20:12:00","date_gmt":"2026-02-16T02:12:00","guid":{"rendered":"https:\/\/creston.com.mx\/?p=2475"},"modified":"2026-02-16T22:44:49","modified_gmt":"2026-02-17T04:44:49","slug":"es-correcto-posponer-la-eleccion-de-jueces-y-magistrados-hay-errores-arc","status":"publish","type":"post","link":"https:\/\/creston.com.mx\/index.php\/02\/es-correcto-posponer-la-eleccion-de-jueces-y-magistrados-hay-errores-arc\/politica\/2026\/","title":{"rendered":"\u201cEs correcto posponer la elecci\u00f3n de jueces y magistrados, hay errores\u201d: ARC"},"content":{"rendered":"\n<p>.<\/p>\n\n\n\n<p class=\"has-medium-font-size\"><strong><em>Es urgente ajustar la elecci\u00f3n judicial para incrementar el nivel de idoneidad de las personas candidatas, sin perder su vocaci\u00f3n democr\u00e1tica.<\/em><\/strong><\/p>\n\n\n\n<p>.<\/p>\n\n\n\n<p>El diputado federal Alfonso Ram\u00edrez Cu\u00e9llar afirm\u00f3 que la pasada reforma judicial represent\u00f3 un cambio de paradigma para la impartici\u00f3n de la justicia en M\u00e9xico, buscando mayor inclusi\u00f3n y acercamiento a la ciudadan\u00eda.<\/p>\n\n\n\n<p>Sin embargo, su implementaci\u00f3n ha presentado diversos retos que muestran la necesidad de hacer adecuaciones al marco jur\u00eddico, tanto a nivel constitucional, como en la legislaci\u00f3n secundaria.<\/p>\n\n\n\n<p>\u201cEs un gran logro democr\u00e1tico el hecho de que ahora podamos elegir a las personas juzgadoras. Debemos mantener el voto universal, libre y secreto. Pero al mismo tiempo se requiere asegurar que las candidaturas cumplan con los par\u00e1metros de idoneidad necesarios para llevar a cabo con esta importante labor\u201d, mencion\u00f3.<\/p>\n\n\n\n<p>Agreg\u00f3 que \u201cactualmente, hay muchos jueces y juezas muy capaces y honestos. Pero en todos los casos se debe garantizar que se cuenta con experiencia y conocimientos necesarios en sus materias, Adem\u00e1s, es indispensable asegurar la independencia judicial, tanto de corrientes pol\u00edticas como de intereses econ\u00f3micos\u201d.<\/p>\n\n\n\n<p>Dentro de los principales cambios propuestos por el legislador, destacan:<\/p>\n\n\n\n<p>1.&nbsp;&nbsp;&nbsp;&nbsp;&nbsp;&nbsp;&nbsp;&nbsp; Realizar la siguiente elecci\u00f3n judicial hasta el primer domingo de junio de 2028, considerando que este ejercicio democr\u00e1tico debe ser independiente de la las votaciones para los puestos de representaci\u00f3n popular.<\/p>\n\n\n\n<p>Lo anterior, tambi\u00e9n disminuir\u00eda el riesgo de asociar las candidaturas judiciales a determinados partidos pol\u00edticos.&nbsp; Dada la premura de tiempo, este cambio de fecha se incluir\u00eda en la reforma electoral que ser\u00e1 presentada los pr\u00f3ximos d\u00edas al Congreso de la Uni\u00f3n.<\/p>\n\n\n\n<p>2.&nbsp;&nbsp;&nbsp;&nbsp;&nbsp;&nbsp;&nbsp;&nbsp; Desaparecer los comit\u00e9s de evaluaci\u00f3n de los tres Poderes de la Uni\u00f3n, tomando en cuenta que en la pasada elecci\u00f3n se evidenciaron muchas dificultades en su organizaci\u00f3n, como distintos criterios para definir las listas que ser\u00edan remitidas para la elecci\u00f3n.<\/p>\n\n\n\n<p>3.&nbsp;&nbsp;&nbsp;&nbsp;&nbsp;&nbsp;&nbsp;&nbsp; Fortalecer el papel de la Escuela Nacional de Formaci\u00f3n Judicial para que realice los procesos de certificaci\u00f3n de competencias necesarias y, con ello, asegurar un est\u00e1ndar de actuaci\u00f3n entre las personas candidatas que brinde certeza jur\u00eddica, independientemente de quien obtenga el triunfo en cada puesto. Lo anterior sustituir\u00eda el requisito de revisar las calificaciones escolares para poder participar en los procesos.<\/p>\n\n\n\n<p>4.&nbsp;&nbsp;&nbsp;&nbsp;&nbsp;&nbsp;&nbsp;&nbsp; Reducir el n\u00famero de candidaturas para cada puesto, considerando las enormes dificultades log\u00edsticas que van desde la organizaci\u00f3n de las elecciones hasta el conteo de los votos y la inversi\u00f3n de tiempo de la ciudadan\u00eda en cada proceso, lo que desincentiva la participaci\u00f3n.<\/p>\n\n\n\n<p>5.&nbsp;&nbsp;&nbsp;&nbsp;&nbsp;&nbsp;&nbsp;&nbsp; Revisar algunos aspectos del funcionamiento cotidiano del Poder Judicial, como la existencia de las salas en la Suprema Corte de Justicia de la Naci\u00f3n y la elecci\u00f3n de las presidencias de los \u00f3rganos judiciales, considerando que el actual esquema de trabajo resulta poco \u00e1gil y pone en entredicho la estabilidad de criterios y organizaci\u00f3n.<\/p>\n\n\n\n<p>Finalmente, el legislador manifest\u00f3 que estas adecuaciones podr\u00edan contribuir a fortalecer el Estado de Derecho en M\u00e9xico: \u201cUna mayor confianza en las instituciones juzgadoras genera un ambiente propicio para la protecci\u00f3n de los derechos de la ciudadan\u00eda, la reducci\u00f3n de los conflictos sociales y, eventualmente, el incremento de los niveles de inversi\u00f3n. Un mejor M\u00e9xico implica un mejor sistema judicial\u201d, concluy\u00f3.<\/p>\n\n\n\n<p>.<\/p>\n\n\n\n\n\n<p>.<\/p>\n\n\n<div class=\"wp-block-image\">\n<figure class=\"aligncenter size-large is-resized\"><img fetchpriority=\"high\" decoding=\"async\" width=\"870\" height=\"1024\" src=\"https:\/\/creston.com.mx\/wp-content\/uploads\/2025\/06\/Anuncio-salon-eventos-870x1024.jpg\" alt=\"\" class=\"wp-image-966\" style=\"aspect-ratio:0.8496112270054997;width:608px;height:auto\" srcset=\"https:\/\/creston.com.mx\/wp-content\/uploads\/2025\/06\/Anuncio-salon-eventos-870x1024.jpg 870w, https:\/\/creston.com.mx\/wp-content\/uploads\/2025\/06\/Anuncio-salon-eventos-255x300.jpg 255w, https:\/\/creston.com.mx\/wp-content\/uploads\/2025\/06\/Anuncio-salon-eventos-768x904.jpg 768w, https:\/\/creston.com.mx\/wp-content\/uploads\/2025\/06\/Anuncio-salon-eventos.jpg 1275w\" sizes=\"(max-width: 870px) 100vw, 870px\" \/><\/figure>\n<\/div>","protected":false},"excerpt":{"rendered":"<p>. Es urgente ajustar la elecci\u00f3n judicial para incrementar el nivel de idoneidad de las personas candidatas, sin perder su vocaci\u00f3n democr\u00e1tica. . El diputado federal Alfonso Ram\u00edrez Cu\u00e9llar afirm\u00f3&hellip; <\/p>\n","protected":false},"author":1,"featured_media":2476,"comment_status":"open","ping_status":"closed","sticky":false,"template":"","format":"standard","meta":{"_jetpack_memberships_contains_paid_content":false,"footnotes":""},"categories":[2],"tags":[],"class_list":["post-2475","post","type-post","status-publish","format-standard","has-post-thumbnail","hentry","category-politica"],"yoast_head":"<!-- This site is optimized with the Yoast SEO plugin v24.2 - https:\/\/yoast.com\/wordpress\/plugins\/seo\/ -->\n<title>\u201cEs correcto posponer la elecci\u00f3n de jueces y magistrados, hay errores\u201d: ARC - Peri\u00f3dico Digital de Zacatecas<\/title>\n<meta name=\"robots\" content=\"index, follow, max-snippet:-1, max-image-preview:large, max-video-preview:-1\" \/>\n<link rel=\"canonical\" href=\"https:\/\/creston.com.mx\/index.php\/02\/es-correcto-posponer-la-eleccion-de-jueces-y-magistrados-hay-errores-arc\/politica\/2026\/\" \/>\n<meta property=\"og:locale\" content=\"es_ES\" \/>\n<meta property=\"og:type\" content=\"article\" \/>\n<meta property=\"og:title\" content=\"\u201cEs correcto posponer la elecci\u00f3n de jueces y magistrados, hay errores\u201d: ARC - Peri\u00f3dico Digital de Zacatecas\" \/>\n<meta property=\"og:description\" content=\". Es urgente ajustar la elecci\u00f3n judicial para incrementar el nivel de idoneidad de las personas candidatas, sin perder su vocaci\u00f3n democr\u00e1tica. . El diputado federal Alfonso Ram\u00edrez Cu\u00e9llar afirm\u00f3&hellip;\" \/>\n<meta property=\"og:url\" content=\"https:\/\/creston.com.mx\/index.php\/02\/es-correcto-posponer-la-eleccion-de-jueces-y-magistrados-hay-errores-arc\/politica\/2026\/\" \/>\n<meta property=\"og:site_name\" content=\"Peri\u00f3dico Digital de Zacatecas\" \/>\n<meta property=\"article:published_time\" content=\"2026-02-16T02:12:00+00:00\" \/>\n<meta property=\"article:modified_time\" content=\"2026-02-17T04:44:49+00:00\" \/>\n<meta property=\"og:image\" content=\"https:\/\/creston.com.mx\/wp-content\/uploads\/2026\/02\/Dip-Alfonso-Rmz-e1771303462947.jpeg\" \/>\n\t<meta property=\"og:image:width\" content=\"225\" \/>\n\t<meta property=\"og:image:height\" content=\"169\" \/>\n\t<meta property=\"og:image:type\" content=\"image\/jpeg\" \/>\n<meta name=\"author\" content=\"Periodico Creston\" \/>\n<meta name=\"twitter:card\" content=\"summary_large_image\" \/>\n<meta name=\"twitter:label1\" content=\"Escrito por\" \/>\n\t<meta name=\"twitter:data1\" content=\"Periodico Creston\" \/>\n\t<meta name=\"twitter:label2\" content=\"Tiempo de lectura\" \/>\n\t<meta name=\"twitter:data2\" content=\"3 minutos\" \/>\n<script type=\"application\/ld+json\" class=\"yoast-schema-graph\">{\"@context\":\"https:\/\/schema.org\",\"@graph\":[{\"@type\":\"Article\",\"@id\":\"https:\/\/creston.com.mx\/index.php\/02\/es-correcto-posponer-la-eleccion-de-jueces-y-magistrados-hay-errores-arc\/politica\/2026\/#article\",\"isPartOf\":{\"@id\":\"https:\/\/creston.com.mx\/index.php\/02\/es-correcto-posponer-la-eleccion-de-jueces-y-magistrados-hay-errores-arc\/politica\/2026\/\"},\"author\":{\"name\":\"Periodico Creston\",\"@id\":\"https:\/\/creston.com.mx\/#\/schema\/person\/01f2ce9e289bc5300c759925ef768c1d\"},\"headline\":\"\u201cEs correcto posponer la elecci\u00f3n de jueces y magistrados, hay errores\u201d: ARC\",\"datePublished\":\"2026-02-16T02:12:00+00:00\",\"dateModified\":\"2026-02-17T04:44:49+00:00\",\"mainEntityOfPage\":{\"@id\":\"https:\/\/creston.com.mx\/index.php\/02\/es-correcto-posponer-la-eleccion-de-jueces-y-magistrados-hay-errores-arc\/politica\/2026\/\"},\"wordCount\":627,\"commentCount\":0,\"publisher\":{\"@id\":\"https:\/\/creston.com.mx\/#organization\"},\"image\":{\"@id\":\"https:\/\/creston.com.mx\/index.php\/02\/es-correcto-posponer-la-eleccion-de-jueces-y-magistrados-hay-errores-arc\/politica\/2026\/#primaryimage\"},\"thumbnailUrl\":\"https:\/\/creston.com.mx\/wp-content\/uploads\/2026\/02\/Dip-Alfonso-Rmz-e1771303462947.jpeg\",\"articleSection\":[\"Pol\u00edtica\"],\"inLanguage\":\"es\",\"potentialAction\":[{\"@type\":\"CommentAction\",\"name\":\"Comment\",\"target\":[\"https:\/\/creston.com.mx\/index.php\/02\/es-correcto-posponer-la-eleccion-de-jueces-y-magistrados-hay-errores-arc\/politica\/2026\/#respond\"]}]},{\"@type\":\"WebPage\",\"@id\":\"https:\/\/creston.com.mx\/index.php\/02\/es-correcto-posponer-la-eleccion-de-jueces-y-magistrados-hay-errores-arc\/politica\/2026\/\",\"url\":\"https:\/\/creston.com.mx\/index.php\/02\/es-correcto-posponer-la-eleccion-de-jueces-y-magistrados-hay-errores-arc\/politica\/2026\/\",\"name\":\"\u201cEs correcto posponer la elecci\u00f3n de jueces y magistrados, hay errores\u201d: ARC - Peri\u00f3dico Digital de Zacatecas\",\"isPartOf\":{\"@id\":\"https:\/\/creston.com.mx\/#website\"},\"primaryImageOfPage\":{\"@id\":\"https:\/\/creston.com.mx\/index.php\/02\/es-correcto-posponer-la-eleccion-de-jueces-y-magistrados-hay-errores-arc\/politica\/2026\/#primaryimage\"},\"image\":{\"@id\":\"https:\/\/creston.com.mx\/index.php\/02\/es-correcto-posponer-la-eleccion-de-jueces-y-magistrados-hay-errores-arc\/politica\/2026\/#primaryimage\"},\"thumbnailUrl\":\"https:\/\/creston.com.mx\/wp-content\/uploads\/2026\/02\/Dip-Alfonso-Rmz-e1771303462947.jpeg\",\"datePublished\":\"2026-02-16T02:12:00+00:00\",\"dateModified\":\"2026-02-17T04:44:49+00:00\",\"breadcrumb\":{\"@id\":\"https:\/\/creston.com.mx\/index.php\/02\/es-correcto-posponer-la-eleccion-de-jueces-y-magistrados-hay-errores-arc\/politica\/2026\/#breadcrumb\"},\"inLanguage\":\"es\",\"potentialAction\":[{\"@type\":\"ReadAction\",\"target\":[\"https:\/\/creston.com.mx\/index.php\/02\/es-correcto-posponer-la-eleccion-de-jueces-y-magistrados-hay-errores-arc\/politica\/2026\/\"]}]},{\"@type\":\"ImageObject\",\"inLanguage\":\"es\",\"@id\":\"https:\/\/creston.com.mx\/index.php\/02\/es-correcto-posponer-la-eleccion-de-jueces-y-magistrados-hay-errores-arc\/politica\/2026\/#primaryimage\",\"url\":\"https:\/\/creston.com.mx\/wp-content\/uploads\/2026\/02\/Dip-Alfonso-Rmz-e1771303462947.jpeg\",\"contentUrl\":\"https:\/\/creston.com.mx\/wp-content\/uploads\/2026\/02\/Dip-Alfonso-Rmz-e1771303462947.jpeg\",\"width\":225,\"height\":169},{\"@type\":\"BreadcrumbList\",\"@id\":\"https:\/\/creston.com.mx\/index.php\/02\/es-correcto-posponer-la-eleccion-de-jueces-y-magistrados-hay-errores-arc\/politica\/2026\/#breadcrumb\",\"itemListElement\":[{\"@type\":\"ListItem\",\"position\":1,\"name\":\"Portada\",\"item\":\"https:\/\/creston.com.mx\/\"},{\"@type\":\"ListItem\",\"position\":2,\"name\":\"\u201cEs correcto posponer la elecci\u00f3n de jueces y magistrados, hay errores\u201d: ARC\"}]},{\"@type\":\"WebSite\",\"@id\":\"https:\/\/creston.com.mx\/#website\",\"url\":\"https:\/\/creston.com.mx\/\",\"name\":\"Peri\u00f3dico Digital de Zacatecas\",\"description\":\"\",\"publisher\":{\"@id\":\"https:\/\/creston.com.mx\/#organization\"},\"potentialAction\":[{\"@type\":\"SearchAction\",\"target\":{\"@type\":\"EntryPoint\",\"urlTemplate\":\"https:\/\/creston.com.mx\/?s={search_term_string}\"},\"query-input\":{\"@type\":\"PropertyValueSpecification\",\"valueRequired\":true,\"valueName\":\"search_term_string\"}}],\"inLanguage\":\"es\"},{\"@type\":\"Organization\",\"@id\":\"https:\/\/creston.com.mx\/#organization\",\"name\":\"Peri\u00f3dico Digital de Zacatecas\",\"url\":\"https:\/\/creston.com.mx\/\",\"logo\":{\"@type\":\"ImageObject\",\"inLanguage\":\"es\",\"@id\":\"https:\/\/creston.com.mx\/#\/schema\/logo\/image\/\",\"url\":\"https:\/\/creston.com.mx\/wp-content\/uploads\/2026\/02\/cropped-Logo-Creston2.jpg\",\"contentUrl\":\"https:\/\/creston.com.mx\/wp-content\/uploads\/2026\/02\/cropped-Logo-Creston2.jpg\",\"width\":503,\"height\":194,\"caption\":\"Peri\u00f3dico Digital  de Zacatecas\"},\"image\":{\"@id\":\"https:\/\/creston.com.mx\/#\/schema\/logo\/image\/\"}},{\"@type\":\"Person\",\"@id\":\"https:\/\/creston.com.mx\/#\/schema\/person\/01f2ce9e289bc5300c759925ef768c1d\",\"name\":\"Periodico Creston\",\"image\":{\"@type\":\"ImageObject\",\"inLanguage\":\"es\",\"@id\":\"https:\/\/creston.com.mx\/#\/schema\/person\/image\/\",\"url\":\"https:\/\/secure.gravatar.com\/avatar\/c91eac1cf0d45897b6d294d474aa7713a194d460be0aaf72157553d050cda1c1?s=96&d=mm&r=g\",\"contentUrl\":\"https:\/\/secure.gravatar.com\/avatar\/c91eac1cf0d45897b6d294d474aa7713a194d460be0aaf72157553d050cda1c1?s=96&d=mm&r=g\",\"caption\":\"Periodico Creston\"},\"sameAs\":[\"https:\/\/creston.com.mx\"],\"url\":\"https:\/\/creston.com.mx\/index.php\/author\/cstnalja96\/\"}]}<\/script>\n<!-- \/ Yoast SEO plugin. -->","yoast_head_json":{"title":"\u201cEs correcto posponer la elecci\u00f3n de jueces y magistrados, hay errores\u201d: ARC - Peri\u00f3dico Digital de Zacatecas","robots":{"index":"index","follow":"follow","max-snippet":"max-snippet:-1","max-image-preview":"max-image-preview:large","max-video-preview":"max-video-preview:-1"},"canonical":"https:\/\/creston.com.mx\/index.php\/02\/es-correcto-posponer-la-eleccion-de-jueces-y-magistrados-hay-errores-arc\/politica\/2026\/","og_locale":"es_ES","og_type":"article","og_title":"\u201cEs correcto posponer la elecci\u00f3n de jueces y magistrados, hay errores\u201d: ARC - Peri\u00f3dico Digital de Zacatecas","og_description":". Es urgente ajustar la elecci\u00f3n judicial para incrementar el nivel de idoneidad de las personas candidatas, sin perder su vocaci\u00f3n democr\u00e1tica. . El diputado federal Alfonso Ram\u00edrez Cu\u00e9llar afirm\u00f3&hellip;","og_url":"https:\/\/creston.com.mx\/index.php\/02\/es-correcto-posponer-la-eleccion-de-jueces-y-magistrados-hay-errores-arc\/politica\/2026\/","og_site_name":"Peri\u00f3dico Digital de Zacatecas","article_published_time":"2026-02-16T02:12:00+00:00","article_modified_time":"2026-02-17T04:44:49+00:00","og_image":[{"width":225,"height":169,"url":"https:\/\/creston.com.mx\/wp-content\/uploads\/2026\/02\/Dip-Alfonso-Rmz-e1771303462947.jpeg","type":"image\/jpeg"}],"author":"Periodico Creston","twitter_card":"summary_large_image","twitter_misc":{"Escrito por":"Periodico Creston","Tiempo de lectura":"3 minutos"},"schema":{"@context":"https:\/\/schema.org","@graph":[{"@type":"Article","@id":"https:\/\/creston.com.mx\/index.php\/02\/es-correcto-posponer-la-eleccion-de-jueces-y-magistrados-hay-errores-arc\/politica\/2026\/#article","isPartOf":{"@id":"https:\/\/creston.com.mx\/index.php\/02\/es-correcto-posponer-la-eleccion-de-jueces-y-magistrados-hay-errores-arc\/politica\/2026\/"},"author":{"name":"Periodico Creston","@id":"https:\/\/creston.com.mx\/#\/schema\/person\/01f2ce9e289bc5300c759925ef768c1d"},"headline":"\u201cEs correcto posponer la elecci\u00f3n de jueces y magistrados, hay errores\u201d: ARC","datePublished":"2026-02-16T02:12:00+00:00","dateModified":"2026-02-17T04:44:49+00:00","mainEntityOfPage":{"@id":"https:\/\/creston.com.mx\/index.php\/02\/es-correcto-posponer-la-eleccion-de-jueces-y-magistrados-hay-errores-arc\/politica\/2026\/"},"wordCount":627,"commentCount":0,"publisher":{"@id":"https:\/\/creston.com.mx\/#organization"},"image":{"@id":"https:\/\/creston.com.mx\/index.php\/02\/es-correcto-posponer-la-eleccion-de-jueces-y-magistrados-hay-errores-arc\/politica\/2026\/#primaryimage"},"thumbnailUrl":"https:\/\/creston.com.mx\/wp-content\/uploads\/2026\/02\/Dip-Alfonso-Rmz-e1771303462947.jpeg","articleSection":["Pol\u00edtica"],"inLanguage":"es","potentialAction":[{"@type":"CommentAction","name":"Comment","target":["https:\/\/creston.com.mx\/index.php\/02\/es-correcto-posponer-la-eleccion-de-jueces-y-magistrados-hay-errores-arc\/politica\/2026\/#respond"]}]},{"@type":"WebPage","@id":"https:\/\/creston.com.mx\/index.php\/02\/es-correcto-posponer-la-eleccion-de-jueces-y-magistrados-hay-errores-arc\/politica\/2026\/","url":"https:\/\/creston.com.mx\/index.php\/02\/es-correcto-posponer-la-eleccion-de-jueces-y-magistrados-hay-errores-arc\/politica\/2026\/","name":"\u201cEs correcto posponer la elecci\u00f3n de jueces y magistrados, hay errores\u201d: ARC - Peri\u00f3dico Digital de Zacatecas","isPartOf":{"@id":"https:\/\/creston.com.mx\/#website"},"primaryImageOfPage":{"@id":"https:\/\/creston.com.mx\/index.php\/02\/es-correcto-posponer-la-eleccion-de-jueces-y-magistrados-hay-errores-arc\/politica\/2026\/#primaryimage"},"image":{"@id":"https:\/\/creston.com.mx\/index.php\/02\/es-correcto-posponer-la-eleccion-de-jueces-y-magistrados-hay-errores-arc\/politica\/2026\/#primaryimage"},"thumbnailUrl":"https:\/\/creston.com.mx\/wp-content\/uploads\/2026\/02\/Dip-Alfonso-Rmz-e1771303462947.jpeg","datePublished":"2026-02-16T02:12:00+00:00","dateModified":"2026-02-17T04:44:49+00:00","breadcrumb":{"@id":"https:\/\/creston.com.mx\/index.php\/02\/es-correcto-posponer-la-eleccion-de-jueces-y-magistrados-hay-errores-arc\/politica\/2026\/#breadcrumb"},"inLanguage":"es","potentialAction":[{"@type":"ReadAction","target":["https:\/\/creston.com.mx\/index.php\/02\/es-correcto-posponer-la-eleccion-de-jueces-y-magistrados-hay-errores-arc\/politica\/2026\/"]}]},{"@type":"ImageObject","inLanguage":"es","@id":"https:\/\/creston.com.mx\/index.php\/02\/es-correcto-posponer-la-eleccion-de-jueces-y-magistrados-hay-errores-arc\/politica\/2026\/#primaryimage","url":"https:\/\/creston.com.mx\/wp-content\/uploads\/2026\/02\/Dip-Alfonso-Rmz-e1771303462947.jpeg","contentUrl":"https:\/\/creston.com.mx\/wp-content\/uploads\/2026\/02\/Dip-Alfonso-Rmz-e1771303462947.jpeg","width":225,"height":169},{"@type":"BreadcrumbList","@id":"https:\/\/creston.com.mx\/index.php\/02\/es-correcto-posponer-la-eleccion-de-jueces-y-magistrados-hay-errores-arc\/politica\/2026\/#breadcrumb","itemListElement":[{"@type":"ListItem","position":1,"name":"Portada","item":"https:\/\/creston.com.mx\/"},{"@type":"ListItem","position":2,"name":"\u201cEs correcto posponer la elecci\u00f3n de jueces y magistrados, hay errores\u201d: ARC"}]},{"@type":"WebSite","@id":"https:\/\/creston.com.mx\/#website","url":"https:\/\/creston.com.mx\/","name":"Peri\u00f3dico Digital de Zacatecas","description":"","publisher":{"@id":"https:\/\/creston.com.mx\/#organization"},"potentialAction":[{"@type":"SearchAction","target":{"@type":"EntryPoint","urlTemplate":"https:\/\/creston.com.mx\/?s={search_term_string}"},"query-input":{"@type":"PropertyValueSpecification","valueRequired":true,"valueName":"search_term_string"}}],"inLanguage":"es"},{"@type":"Organization","@id":"https:\/\/creston.com.mx\/#organization","name":"Peri\u00f3dico Digital de Zacatecas","url":"https:\/\/creston.com.mx\/","logo":{"@type":"ImageObject","inLanguage":"es","@id":"https:\/\/creston.com.mx\/#\/schema\/logo\/image\/","url":"https:\/\/creston.com.mx\/wp-content\/uploads\/2026\/02\/cropped-Logo-Creston2.jpg","contentUrl":"https:\/\/creston.com.mx\/wp-content\/uploads\/2026\/02\/cropped-Logo-Creston2.jpg","width":503,"height":194,"caption":"Peri\u00f3dico Digital  de Zacatecas"},"image":{"@id":"https:\/\/creston.com.mx\/#\/schema\/logo\/image\/"}},{"@type":"Person","@id":"https:\/\/creston.com.mx\/#\/schema\/person\/01f2ce9e289bc5300c759925ef768c1d","name":"Periodico Creston","image":{"@type":"ImageObject","inLanguage":"es","@id":"https:\/\/creston.com.mx\/#\/schema\/person\/image\/","url":"https:\/\/secure.gravatar.com\/avatar\/c91eac1cf0d45897b6d294d474aa7713a194d460be0aaf72157553d050cda1c1?s=96&d=mm&r=g","contentUrl":"https:\/\/secure.gravatar.com\/avatar\/c91eac1cf0d45897b6d294d474aa7713a194d460be0aaf72157553d050cda1c1?s=96&d=mm&r=g","caption":"Periodico Creston"},"sameAs":["https:\/\/creston.com.mx"],"url":"https:\/\/creston.com.mx\/index.php\/author\/cstnalja96\/"}]}},"jetpack_sharing_enabled":true,"jetpack_featured_media_url":"https:\/\/creston.com.mx\/wp-content\/uploads\/2026\/02\/Dip-Alfonso-Rmz-e1771303462947.jpeg","_links":{"self":[{"href":"https:\/\/creston.com.mx\/index.php\/wp-json\/wp\/v2\/posts\/2475","targetHints":{"allow":["GET"]}}],"collection":[{"href":"https:\/\/creston.com.mx\/index.php\/wp-json\/wp\/v2\/posts"}],"about":[{"href":"https:\/\/creston.com.mx\/index.php\/wp-json\/wp\/v2\/types\/post"}],"author":[{"embeddable":true,"href":"https:\/\/creston.com.mx\/index.php\/wp-json\/wp\/v2\/users\/1"}],"replies":[{"embeddable":true,"href":"https:\/\/creston.com.mx\/index.php\/wp-json\/wp\/v2\/comments?post=2475"}],"version-history":[{"count":1,"href":"https:\/\/creston.com.mx\/index.php\/wp-json\/wp\/v2\/posts\/2475\/revisions"}],"predecessor-version":[{"id":2477,"href":"https:\/\/creston.com.mx\/index.php\/wp-json\/wp\/v2\/posts\/2475\/revisions\/2477"}],"wp:featuredmedia":[{"embeddable":true,"href":"https:\/\/creston.com.mx\/index.php\/wp-json\/wp\/v2\/media\/2476"}],"wp:attachment":[{"href":"https:\/\/creston.com.mx\/index.php\/wp-json\/wp\/v2\/media?parent=2475"}],"wp:term":[{"taxonomy":"category","embeddable":true,"href":"https:\/\/creston.com.mx\/index.php\/wp-json\/wp\/v2\/categories?post=2475"},{"taxonomy":"post_tag","embeddable":true,"href":"https:\/\/creston.com.mx\/index.php\/wp-json\/wp\/v2\/tags?post=2475"}],"curies":[{"name":"wp","href":"https:\/\/api.w.org\/{rel}","templated":true}]}}