{"id":2441,"date":"2026-02-10T20:25:00","date_gmt":"2026-02-11T02:25:00","guid":{"rendered":"https:\/\/creston.com.mx\/?p=2441"},"modified":"2026-02-11T21:26:08","modified_gmt":"2026-02-12T03:26:08","slug":"en-picones-inauguran-obras-para-fortalecer-la-movilidad-y-el-entorno-urbano","status":"publish","type":"post","link":"https:\/\/creston.com.mx\/index.php\/02\/en-picones-inauguran-obras-para-fortalecer-la-movilidad-y-el-entorno-urbano\/estado\/2026\/","title":{"rendered":"En Picones inauguran obras para fortalecer la movilidad y el entorno urbano"},"content":{"rendered":"\n<p>.<\/p>\n\n\n\n<p class=\"has-medium-font-size\"><strong><em>Se llev\u00f3 a cabo la ampliaci\u00f3n de la red de drenaje en diversas calles, con una inversi\u00f3n de m\u00e1s de 1 mill\u00f3n de pesos<\/em>.<\/strong><\/p>\n\n\n\n<p>.<\/p>\n\n\n\n<p>Miguel Varela, presidente municipal del Ayuntamiento de Zacatecas, contin\u00faa impulsando obras de infraestructura social orientadas a mejorar las condiciones de colonias y comunidades del municipio.<\/p>\n\n\n\n<p>En la comunidad de Picones, se llev\u00f3 a cabo la ampliaci\u00f3n de la red de drenaje en diversas calles, con una inversi\u00f3n aproximada de 1 mill\u00f3n 663 mil 430 pesos. <\/p>\n\n\n\n<p>Este proyecto representa un avance significativo en materia de salud p\u00fablica, al optimizar el manejo de aguas residuales, reducir riesgos sanitarios y generar entornos m\u00e1s limpios y seguros para las familias. <\/p>\n\n\n<div class=\"wp-block-image\">\n<figure class=\"alignright size-large is-resized\"><img fetchpriority=\"high\" decoding=\"async\" width=\"1024\" height=\"683\" src=\"https:\/\/creston.com.mx\/wp-content\/uploads\/2026\/02\/IMG-20260211-WA0040-1024x683.jpg\" alt=\"\" class=\"wp-image-2444\" style=\"aspect-ratio:1.4992732765254069;width:529px;height:auto\" srcset=\"https:\/\/creston.com.mx\/wp-content\/uploads\/2026\/02\/IMG-20260211-WA0040-1024x683.jpg 1024w, https:\/\/creston.com.mx\/wp-content\/uploads\/2026\/02\/IMG-20260211-WA0040-300x200.jpg 300w, https:\/\/creston.com.mx\/wp-content\/uploads\/2026\/02\/IMG-20260211-WA0040-768x512.jpg 768w, https:\/\/creston.com.mx\/wp-content\/uploads\/2026\/02\/IMG-20260211-WA0040-1536x1025.jpg 1536w, https:\/\/creston.com.mx\/wp-content\/uploads\/2026\/02\/IMG-20260211-WA0040-2048x1366.jpg 2048w\" sizes=\"(max-width: 1024px) 100vw, 1024px\" \/><\/figure>\n<\/div>\n\n\n<p>La mejora de este servicio b\u00e1sico incide directamente en la prevenci\u00f3n de enfermedades y en la dignificaci\u00f3n de los espacios comunitarios.<\/p>\n\n\n\n<p>Durante el desarrollo de la obra se atendieron reportes ciudadanos relacionados con la conformaci\u00f3n de calles tras el relleno de zanjas y la disposici\u00f3n del material producto de la excavaci\u00f3n. En respuesta, se realizaron acciones de limpieza, ordenamiento y revisi\u00f3n t\u00e9cnica de los registros de descarga domiciliaria, con el objetivo de garantizar el correcto funcionamiento de la red sanitaria y prevenir afectaciones futuras.<\/p>\n\n\n\n<p>Por otra parte, en la colonia Mec\u00e1nicos se ejecut\u00f3 la construcci\u00f3n de 450.65 metros cuadrados de banqueta y 528.30 metros lineales de guarnici\u00f3n, obras que fortalecen la movilidad peatonal y brindan mayor seguridad a quienes transitan diariamente por la zona, especialmente estudiantes, personas adultas mayores y trabajadores.<\/p>\n\n\n\n<p>Asimismo, este mi\u00e9rcoles, en la colonia Luis Donaldo Colosio se llevar\u00e1 a cabo la inauguraci\u00f3n de la pavimentaci\u00f3n con concreto hidr\u00e1ulico, obra ejecutada a trav\u00e9s del Fondo FRAVUPE, con una inversi\u00f3n aproximada de 5 millones 831 mil 657 pesos, en beneficio de 4 mil personas. <\/p>\n\n\n\n<p>Los trabajos incluyeron 3,653 metros cuadrados de concreto armado, 1,976 metros c\u00fabicos de base hidr\u00e1ulica, 681 metros lineales de guarnici\u00f3n, 694 metros cuadrados de banqueta, as\u00ed como la instalaci\u00f3n de tuber\u00eda pluvial y sanitaria, cinco pozos de visita, 33 registros sanitarios, 36 descargas y 46 tomas domiciliarias, fortaleciendo la infraestructura vial y de servicios b\u00e1sicos en la zona.<\/p>\n\n\n<div class=\"wp-block-image\">\n<figure class=\"alignright size-large is-resized\"><img decoding=\"async\" width=\"1024\" height=\"683\" src=\"https:\/\/creston.com.mx\/wp-content\/uploads\/2026\/02\/IMG-20260211-WA0037-1024x683.jpg\" alt=\"\" class=\"wp-image-2443\" style=\"aspect-ratio:1.4992732765254069;width:510px;height:auto\" srcset=\"https:\/\/creston.com.mx\/wp-content\/uploads\/2026\/02\/IMG-20260211-WA0037-1024x683.jpg 1024w, https:\/\/creston.com.mx\/wp-content\/uploads\/2026\/02\/IMG-20260211-WA0037-300x200.jpg 300w, https:\/\/creston.com.mx\/wp-content\/uploads\/2026\/02\/IMG-20260211-WA0037-768x512.jpg 768w, https:\/\/creston.com.mx\/wp-content\/uploads\/2026\/02\/IMG-20260211-WA0037.jpg 1040w\" sizes=\"(max-width: 1024px) 100vw, 1024px\" \/><\/figure>\n<\/div>\n\n\n<p>El presidente municipal Miguel Varela reiter\u00f3 que estas obras reflejan una forma de trabajar cercana a la gente, donde la infraestructura no solo transforma calles, sino tambi\u00e9n la din\u00e1mica diaria de las comunidades. <\/p>\n\n\n\n<p>Se\u00f1al\u00f3 que el gobierno municipal continuar\u00e1 priorizando proyectos que atiendan servicios b\u00e1sicos, mejoren la movilidad y eleven las condiciones de los espacios p\u00fablicos, escuchando a la ciudadan\u00eda y dando respuesta a necesidades que por a\u00f1os hab\u00edan sido postergadas.<\/p>\n\n\n\n<p>.<\/p>\n\n\n\n\n\n<p>.<\/p>\n\n\n<div class=\"wp-block-image\">\n<figure class=\"aligncenter size-large is-resized\"><img decoding=\"async\" width=\"870\" height=\"1024\" src=\"https:\/\/creston.com.mx\/wp-content\/uploads\/2025\/06\/Anuncio-salon-eventos-870x1024.jpg\" alt=\"\" class=\"wp-image-966\" style=\"width:561px;height:auto\" srcset=\"https:\/\/creston.com.mx\/wp-content\/uploads\/2025\/06\/Anuncio-salon-eventos-870x1024.jpg 870w, https:\/\/creston.com.mx\/wp-content\/uploads\/2025\/06\/Anuncio-salon-eventos-255x300.jpg 255w, https:\/\/creston.com.mx\/wp-content\/uploads\/2025\/06\/Anuncio-salon-eventos-768x904.jpg 768w, https:\/\/creston.com.mx\/wp-content\/uploads\/2025\/06\/Anuncio-salon-eventos.jpg 1275w\" sizes=\"(max-width: 870px) 100vw, 870px\" \/><\/figure>\n<\/div>","protected":false},"excerpt":{"rendered":"<p>. Se llev\u00f3 a cabo la ampliaci\u00f3n de la red de drenaje en diversas calles, con una inversi\u00f3n de m\u00e1s de 1 mill\u00f3n de pesos. . Miguel Varela, presidente municipal&hellip; <\/p>\n","protected":false},"author":1,"featured_media":2442,"comment_status":"open","ping_status":"closed","sticky":false,"template":"","format":"standard","meta":{"_jetpack_memberships_contains_paid_content":false,"footnotes":""},"categories":[1],"tags":[],"class_list":["post-2441","post","type-post","status-publish","format-standard","has-post-thumbnail","hentry","category-estado"],"yoast_head":"<!-- This site is optimized with the Yoast SEO plugin v24.2 - https:\/\/yoast.com\/wordpress\/plugins\/seo\/ -->\n<title>En Picones inauguran obras para fortalecer la movilidad y el entorno urbano - Peri\u00f3dico Digital de Zacatecas<\/title>\n<meta name=\"robots\" content=\"index, follow, max-snippet:-1, max-image-preview:large, max-video-preview:-1\" \/>\n<link rel=\"canonical\" href=\"https:\/\/creston.com.mx\/index.php\/02\/en-picones-inauguran-obras-para-fortalecer-la-movilidad-y-el-entorno-urbano\/estado\/2026\/\" \/>\n<meta property=\"og:locale\" content=\"es_ES\" \/>\n<meta property=\"og:type\" content=\"article\" \/>\n<meta property=\"og:title\" content=\"En Picones inauguran obras para fortalecer la movilidad y el entorno urbano - Peri\u00f3dico Digital de Zacatecas\" \/>\n<meta property=\"og:description\" content=\". Se llev\u00f3 a cabo la ampliaci\u00f3n de la red de drenaje en diversas calles, con una inversi\u00f3n de m\u00e1s de 1 mill\u00f3n de pesos. . Miguel Varela, presidente municipal&hellip;\" \/>\n<meta property=\"og:url\" content=\"https:\/\/creston.com.mx\/index.php\/02\/en-picones-inauguran-obras-para-fortalecer-la-movilidad-y-el-entorno-urbano\/estado\/2026\/\" \/>\n<meta property=\"og:site_name\" content=\"Peri\u00f3dico Digital de Zacatecas\" \/>\n<meta property=\"article:published_time\" content=\"2026-02-11T02:25:00+00:00\" \/>\n<meta property=\"article:modified_time\" content=\"2026-02-12T03:26:08+00:00\" \/>\n<meta property=\"og:image\" content=\"https:\/\/creston.com.mx\/wp-content\/uploads\/2026\/02\/IMG-20260211-WA0036.jpg\" \/>\n\t<meta property=\"og:image:width\" content=\"1040\" \/>\n\t<meta property=\"og:image:height\" content=\"694\" \/>\n\t<meta property=\"og:image:type\" content=\"image\/jpeg\" \/>\n<meta name=\"author\" content=\"Periodico Creston\" \/>\n<meta name=\"twitter:card\" content=\"summary_large_image\" \/>\n<meta name=\"twitter:label1\" content=\"Escrito por\" \/>\n\t<meta name=\"twitter:data1\" content=\"Periodico Creston\" \/>\n\t<meta name=\"twitter:label2\" content=\"Tiempo de lectura\" \/>\n\t<meta name=\"twitter:data2\" content=\"3 minutos\" \/>\n<script type=\"application\/ld+json\" class=\"yoast-schema-graph\">{\"@context\":\"https:\/\/schema.org\",\"@graph\":[{\"@type\":\"Article\",\"@id\":\"https:\/\/creston.com.mx\/index.php\/02\/en-picones-inauguran-obras-para-fortalecer-la-movilidad-y-el-entorno-urbano\/estado\/2026\/#article\",\"isPartOf\":{\"@id\":\"https:\/\/creston.com.mx\/index.php\/02\/en-picones-inauguran-obras-para-fortalecer-la-movilidad-y-el-entorno-urbano\/estado\/2026\/\"},\"author\":{\"name\":\"Periodico Creston\",\"@id\":\"https:\/\/creston.com.mx\/#\/schema\/person\/01f2ce9e289bc5300c759925ef768c1d\"},\"headline\":\"En Picones inauguran obras para fortalecer la movilidad y el entorno urbano\",\"datePublished\":\"2026-02-11T02:25:00+00:00\",\"dateModified\":\"2026-02-12T03:26:08+00:00\",\"mainEntityOfPage\":{\"@id\":\"https:\/\/creston.com.mx\/index.php\/02\/en-picones-inauguran-obras-para-fortalecer-la-movilidad-y-el-entorno-urbano\/estado\/2026\/\"},\"wordCount\":451,\"commentCount\":0,\"publisher\":{\"@id\":\"https:\/\/creston.com.mx\/#organization\"},\"image\":{\"@id\":\"https:\/\/creston.com.mx\/index.php\/02\/en-picones-inauguran-obras-para-fortalecer-la-movilidad-y-el-entorno-urbano\/estado\/2026\/#primaryimage\"},\"thumbnailUrl\":\"https:\/\/creston.com.mx\/wp-content\/uploads\/2026\/02\/IMG-20260211-WA0036.jpg\",\"articleSection\":[\"Estado\"],\"inLanguage\":\"es\",\"potentialAction\":[{\"@type\":\"CommentAction\",\"name\":\"Comment\",\"target\":[\"https:\/\/creston.com.mx\/index.php\/02\/en-picones-inauguran-obras-para-fortalecer-la-movilidad-y-el-entorno-urbano\/estado\/2026\/#respond\"]}]},{\"@type\":\"WebPage\",\"@id\":\"https:\/\/creston.com.mx\/index.php\/02\/en-picones-inauguran-obras-para-fortalecer-la-movilidad-y-el-entorno-urbano\/estado\/2026\/\",\"url\":\"https:\/\/creston.com.mx\/index.php\/02\/en-picones-inauguran-obras-para-fortalecer-la-movilidad-y-el-entorno-urbano\/estado\/2026\/\",\"name\":\"En Picones inauguran obras para fortalecer la movilidad y el entorno urbano - Peri\u00f3dico Digital de Zacatecas\",\"isPartOf\":{\"@id\":\"https:\/\/creston.com.mx\/#website\"},\"primaryImageOfPage\":{\"@id\":\"https:\/\/creston.com.mx\/index.php\/02\/en-picones-inauguran-obras-para-fortalecer-la-movilidad-y-el-entorno-urbano\/estado\/2026\/#primaryimage\"},\"image\":{\"@id\":\"https:\/\/creston.com.mx\/index.php\/02\/en-picones-inauguran-obras-para-fortalecer-la-movilidad-y-el-entorno-urbano\/estado\/2026\/#primaryimage\"},\"thumbnailUrl\":\"https:\/\/creston.com.mx\/wp-content\/uploads\/2026\/02\/IMG-20260211-WA0036.jpg\",\"datePublished\":\"2026-02-11T02:25:00+00:00\",\"dateModified\":\"2026-02-12T03:26:08+00:00\",\"breadcrumb\":{\"@id\":\"https:\/\/creston.com.mx\/index.php\/02\/en-picones-inauguran-obras-para-fortalecer-la-movilidad-y-el-entorno-urbano\/estado\/2026\/#breadcrumb\"},\"inLanguage\":\"es\",\"potentialAction\":[{\"@type\":\"ReadAction\",\"target\":[\"https:\/\/creston.com.mx\/index.php\/02\/en-picones-inauguran-obras-para-fortalecer-la-movilidad-y-el-entorno-urbano\/estado\/2026\/\"]}]},{\"@type\":\"ImageObject\",\"inLanguage\":\"es\",\"@id\":\"https:\/\/creston.com.mx\/index.php\/02\/en-picones-inauguran-obras-para-fortalecer-la-movilidad-y-el-entorno-urbano\/estado\/2026\/#primaryimage\",\"url\":\"https:\/\/creston.com.mx\/wp-content\/uploads\/2026\/02\/IMG-20260211-WA0036.jpg\",\"contentUrl\":\"https:\/\/creston.com.mx\/wp-content\/uploads\/2026\/02\/IMG-20260211-WA0036.jpg\",\"width\":1040,\"height\":694},{\"@type\":\"BreadcrumbList\",\"@id\":\"https:\/\/creston.com.mx\/index.php\/02\/en-picones-inauguran-obras-para-fortalecer-la-movilidad-y-el-entorno-urbano\/estado\/2026\/#breadcrumb\",\"itemListElement\":[{\"@type\":\"ListItem\",\"position\":1,\"name\":\"Portada\",\"item\":\"https:\/\/creston.com.mx\/\"},{\"@type\":\"ListItem\",\"position\":2,\"name\":\"En Picones inauguran obras para fortalecer la movilidad y el entorno urbano\"}]},{\"@type\":\"WebSite\",\"@id\":\"https:\/\/creston.com.mx\/#website\",\"url\":\"https:\/\/creston.com.mx\/\",\"name\":\"Peri\u00f3dico Digital de Zacatecas\",\"description\":\"\",\"publisher\":{\"@id\":\"https:\/\/creston.com.mx\/#organization\"},\"potentialAction\":[{\"@type\":\"SearchAction\",\"target\":{\"@type\":\"EntryPoint\",\"urlTemplate\":\"https:\/\/creston.com.mx\/?s={search_term_string}\"},\"query-input\":{\"@type\":\"PropertyValueSpecification\",\"valueRequired\":true,\"valueName\":\"search_term_string\"}}],\"inLanguage\":\"es\"},{\"@type\":\"Organization\",\"@id\":\"https:\/\/creston.com.mx\/#organization\",\"name\":\"Peri\u00f3dico Digital de Zacatecas\",\"url\":\"https:\/\/creston.com.mx\/\",\"logo\":{\"@type\":\"ImageObject\",\"inLanguage\":\"es\",\"@id\":\"https:\/\/creston.com.mx\/#\/schema\/logo\/image\/\",\"url\":\"https:\/\/creston.com.mx\/wp-content\/uploads\/2026\/02\/cropped-Logo-Creston2.jpg\",\"contentUrl\":\"https:\/\/creston.com.mx\/wp-content\/uploads\/2026\/02\/cropped-Logo-Creston2.jpg\",\"width\":503,\"height\":194,\"caption\":\"Peri\u00f3dico Digital  de Zacatecas\"},\"image\":{\"@id\":\"https:\/\/creston.com.mx\/#\/schema\/logo\/image\/\"}},{\"@type\":\"Person\",\"@id\":\"https:\/\/creston.com.mx\/#\/schema\/person\/01f2ce9e289bc5300c759925ef768c1d\",\"name\":\"Periodico Creston\",\"image\":{\"@type\":\"ImageObject\",\"inLanguage\":\"es\",\"@id\":\"https:\/\/creston.com.mx\/#\/schema\/person\/image\/\",\"url\":\"https:\/\/secure.gravatar.com\/avatar\/c91eac1cf0d45897b6d294d474aa7713a194d460be0aaf72157553d050cda1c1?s=96&d=mm&r=g\",\"contentUrl\":\"https:\/\/secure.gravatar.com\/avatar\/c91eac1cf0d45897b6d294d474aa7713a194d460be0aaf72157553d050cda1c1?s=96&d=mm&r=g\",\"caption\":\"Periodico Creston\"},\"sameAs\":[\"https:\/\/creston.com.mx\"],\"url\":\"https:\/\/creston.com.mx\/index.php\/author\/cstnalja96\/\"}]}<\/script>\n<!-- \/ Yoast SEO plugin. -->","yoast_head_json":{"title":"En Picones inauguran obras para fortalecer la movilidad y el entorno urbano - Peri\u00f3dico Digital de Zacatecas","robots":{"index":"index","follow":"follow","max-snippet":"max-snippet:-1","max-image-preview":"max-image-preview:large","max-video-preview":"max-video-preview:-1"},"canonical":"https:\/\/creston.com.mx\/index.php\/02\/en-picones-inauguran-obras-para-fortalecer-la-movilidad-y-el-entorno-urbano\/estado\/2026\/","og_locale":"es_ES","og_type":"article","og_title":"En Picones inauguran obras para fortalecer la movilidad y el entorno urbano - Peri\u00f3dico Digital de Zacatecas","og_description":". Se llev\u00f3 a cabo la ampliaci\u00f3n de la red de drenaje en diversas calles, con una inversi\u00f3n de m\u00e1s de 1 mill\u00f3n de pesos. . Miguel Varela, presidente municipal&hellip;","og_url":"https:\/\/creston.com.mx\/index.php\/02\/en-picones-inauguran-obras-para-fortalecer-la-movilidad-y-el-entorno-urbano\/estado\/2026\/","og_site_name":"Peri\u00f3dico Digital de Zacatecas","article_published_time":"2026-02-11T02:25:00+00:00","article_modified_time":"2026-02-12T03:26:08+00:00","og_image":[{"width":1040,"height":694,"url":"https:\/\/creston.com.mx\/wp-content\/uploads\/2026\/02\/IMG-20260211-WA0036.jpg","type":"image\/jpeg"}],"author":"Periodico Creston","twitter_card":"summary_large_image","twitter_misc":{"Escrito por":"Periodico Creston","Tiempo de lectura":"3 minutos"},"schema":{"@context":"https:\/\/schema.org","@graph":[{"@type":"Article","@id":"https:\/\/creston.com.mx\/index.php\/02\/en-picones-inauguran-obras-para-fortalecer-la-movilidad-y-el-entorno-urbano\/estado\/2026\/#article","isPartOf":{"@id":"https:\/\/creston.com.mx\/index.php\/02\/en-picones-inauguran-obras-para-fortalecer-la-movilidad-y-el-entorno-urbano\/estado\/2026\/"},"author":{"name":"Periodico Creston","@id":"https:\/\/creston.com.mx\/#\/schema\/person\/01f2ce9e289bc5300c759925ef768c1d"},"headline":"En Picones inauguran obras para fortalecer la movilidad y el entorno urbano","datePublished":"2026-02-11T02:25:00+00:00","dateModified":"2026-02-12T03:26:08+00:00","mainEntityOfPage":{"@id":"https:\/\/creston.com.mx\/index.php\/02\/en-picones-inauguran-obras-para-fortalecer-la-movilidad-y-el-entorno-urbano\/estado\/2026\/"},"wordCount":451,"commentCount":0,"publisher":{"@id":"https:\/\/creston.com.mx\/#organization"},"image":{"@id":"https:\/\/creston.com.mx\/index.php\/02\/en-picones-inauguran-obras-para-fortalecer-la-movilidad-y-el-entorno-urbano\/estado\/2026\/#primaryimage"},"thumbnailUrl":"https:\/\/creston.com.mx\/wp-content\/uploads\/2026\/02\/IMG-20260211-WA0036.jpg","articleSection":["Estado"],"inLanguage":"es","potentialAction":[{"@type":"CommentAction","name":"Comment","target":["https:\/\/creston.com.mx\/index.php\/02\/en-picones-inauguran-obras-para-fortalecer-la-movilidad-y-el-entorno-urbano\/estado\/2026\/#respond"]}]},{"@type":"WebPage","@id":"https:\/\/creston.com.mx\/index.php\/02\/en-picones-inauguran-obras-para-fortalecer-la-movilidad-y-el-entorno-urbano\/estado\/2026\/","url":"https:\/\/creston.com.mx\/index.php\/02\/en-picones-inauguran-obras-para-fortalecer-la-movilidad-y-el-entorno-urbano\/estado\/2026\/","name":"En Picones inauguran obras para fortalecer la movilidad y el entorno urbano - Peri\u00f3dico Digital de Zacatecas","isPartOf":{"@id":"https:\/\/creston.com.mx\/#website"},"primaryImageOfPage":{"@id":"https:\/\/creston.com.mx\/index.php\/02\/en-picones-inauguran-obras-para-fortalecer-la-movilidad-y-el-entorno-urbano\/estado\/2026\/#primaryimage"},"image":{"@id":"https:\/\/creston.com.mx\/index.php\/02\/en-picones-inauguran-obras-para-fortalecer-la-movilidad-y-el-entorno-urbano\/estado\/2026\/#primaryimage"},"thumbnailUrl":"https:\/\/creston.com.mx\/wp-content\/uploads\/2026\/02\/IMG-20260211-WA0036.jpg","datePublished":"2026-02-11T02:25:00+00:00","dateModified":"2026-02-12T03:26:08+00:00","breadcrumb":{"@id":"https:\/\/creston.com.mx\/index.php\/02\/en-picones-inauguran-obras-para-fortalecer-la-movilidad-y-el-entorno-urbano\/estado\/2026\/#breadcrumb"},"inLanguage":"es","potentialAction":[{"@type":"ReadAction","target":["https:\/\/creston.com.mx\/index.php\/02\/en-picones-inauguran-obras-para-fortalecer-la-movilidad-y-el-entorno-urbano\/estado\/2026\/"]}]},{"@type":"ImageObject","inLanguage":"es","@id":"https:\/\/creston.com.mx\/index.php\/02\/en-picones-inauguran-obras-para-fortalecer-la-movilidad-y-el-entorno-urbano\/estado\/2026\/#primaryimage","url":"https:\/\/creston.com.mx\/wp-content\/uploads\/2026\/02\/IMG-20260211-WA0036.jpg","contentUrl":"https:\/\/creston.com.mx\/wp-content\/uploads\/2026\/02\/IMG-20260211-WA0036.jpg","width":1040,"height":694},{"@type":"BreadcrumbList","@id":"https:\/\/creston.com.mx\/index.php\/02\/en-picones-inauguran-obras-para-fortalecer-la-movilidad-y-el-entorno-urbano\/estado\/2026\/#breadcrumb","itemListElement":[{"@type":"ListItem","position":1,"name":"Portada","item":"https:\/\/creston.com.mx\/"},{"@type":"ListItem","position":2,"name":"En Picones inauguran obras para fortalecer la movilidad y el entorno urbano"}]},{"@type":"WebSite","@id":"https:\/\/creston.com.mx\/#website","url":"https:\/\/creston.com.mx\/","name":"Peri\u00f3dico Digital de Zacatecas","description":"","publisher":{"@id":"https:\/\/creston.com.mx\/#organization"},"potentialAction":[{"@type":"SearchAction","target":{"@type":"EntryPoint","urlTemplate":"https:\/\/creston.com.mx\/?s={search_term_string}"},"query-input":{"@type":"PropertyValueSpecification","valueRequired":true,"valueName":"search_term_string"}}],"inLanguage":"es"},{"@type":"Organization","@id":"https:\/\/creston.com.mx\/#organization","name":"Peri\u00f3dico Digital de Zacatecas","url":"https:\/\/creston.com.mx\/","logo":{"@type":"ImageObject","inLanguage":"es","@id":"https:\/\/creston.com.mx\/#\/schema\/logo\/image\/","url":"https:\/\/creston.com.mx\/wp-content\/uploads\/2026\/02\/cropped-Logo-Creston2.jpg","contentUrl":"https:\/\/creston.com.mx\/wp-content\/uploads\/2026\/02\/cropped-Logo-Creston2.jpg","width":503,"height":194,"caption":"Peri\u00f3dico Digital  de Zacatecas"},"image":{"@id":"https:\/\/creston.com.mx\/#\/schema\/logo\/image\/"}},{"@type":"Person","@id":"https:\/\/creston.com.mx\/#\/schema\/person\/01f2ce9e289bc5300c759925ef768c1d","name":"Periodico Creston","image":{"@type":"ImageObject","inLanguage":"es","@id":"https:\/\/creston.com.mx\/#\/schema\/person\/image\/","url":"https:\/\/secure.gravatar.com\/avatar\/c91eac1cf0d45897b6d294d474aa7713a194d460be0aaf72157553d050cda1c1?s=96&d=mm&r=g","contentUrl":"https:\/\/secure.gravatar.com\/avatar\/c91eac1cf0d45897b6d294d474aa7713a194d460be0aaf72157553d050cda1c1?s=96&d=mm&r=g","caption":"Periodico Creston"},"sameAs":["https:\/\/creston.com.mx"],"url":"https:\/\/creston.com.mx\/index.php\/author\/cstnalja96\/"}]}},"jetpack_sharing_enabled":true,"jetpack_featured_media_url":"https:\/\/creston.com.mx\/wp-content\/uploads\/2026\/02\/IMG-20260211-WA0036.jpg","_links":{"self":[{"href":"https:\/\/creston.com.mx\/index.php\/wp-json\/wp\/v2\/posts\/2441","targetHints":{"allow":["GET"]}}],"collection":[{"href":"https:\/\/creston.com.mx\/index.php\/wp-json\/wp\/v2\/posts"}],"about":[{"href":"https:\/\/creston.com.mx\/index.php\/wp-json\/wp\/v2\/types\/post"}],"author":[{"embeddable":true,"href":"https:\/\/creston.com.mx\/index.php\/wp-json\/wp\/v2\/users\/1"}],"replies":[{"embeddable":true,"href":"https:\/\/creston.com.mx\/index.php\/wp-json\/wp\/v2\/comments?post=2441"}],"version-history":[{"count":2,"href":"https:\/\/creston.com.mx\/index.php\/wp-json\/wp\/v2\/posts\/2441\/revisions"}],"predecessor-version":[{"id":2453,"href":"https:\/\/creston.com.mx\/index.php\/wp-json\/wp\/v2\/posts\/2441\/revisions\/2453"}],"wp:featuredmedia":[{"embeddable":true,"href":"https:\/\/creston.com.mx\/index.php\/wp-json\/wp\/v2\/media\/2442"}],"wp:attachment":[{"href":"https:\/\/creston.com.mx\/index.php\/wp-json\/wp\/v2\/media?parent=2441"}],"wp:term":[{"taxonomy":"category","embeddable":true,"href":"https:\/\/creston.com.mx\/index.php\/wp-json\/wp\/v2\/categories?post=2441"},{"taxonomy":"post_tag","embeddable":true,"href":"https:\/\/creston.com.mx\/index.php\/wp-json\/wp\/v2\/tags?post=2441"}],"curies":[{"name":"wp","href":"https:\/\/api.w.org\/{rel}","templated":true}]}}